{"id":125262,"date":"2025-10-26T08:15:01","date_gmt":"2025-10-26T13:15:01","guid":{"rendered":"https:\/\/futbolhoy.co\/?p=125262"},"modified":"2025-10-26T20:33:31","modified_gmt":"2025-10-27T01:33:31","slug":"union-magdalena-regresa-a-la-b-tras-derrota-con-once-caldas","status":"publish","type":"post","link":"https:\/\/futbolhoy.co\/index.php\/2025\/10\/26\/union-magdalena-regresa-a-la-b-tras-derrota-con-once-caldas\/","title":{"rendered":"Uni\u00f3n Magdalena regresa a la B tras derrota con Once Caldas"},"content":{"rendered":"<p style=\"text-align: justify;\"><span style=\"font-family: helvetica, arial, sans-serif;\">Se defini\u00f3 al segundo equipo que descender\u00e1 para 2026 en la Liga BetPlay. La victoria de <strong>Once Caldas 1-0 sobre Uni\u00f3n Magdalena<\/strong> en el desarrollo en la fecha 17 del Todos Contra Todos dej\u00f3 al 'Cicl\u00f3n' sin posibilidades de permanecer en la m\u00e1xima divisi\u00f3n del f\u00fatbol colombiano.<\/span><\/p>\n<p style=\"text-align: justify;\"><span style=\"font-family: helvetica, arial, sans-serif;\">Junto a <strong>Envigado<\/strong>, son los clubes que jugar\u00e1n en la B desde 2026, y Uni\u00f3n complet\u00f3 su quinto descenso en la historia (1999, 2005, 2019, 2023 y 2025).<\/span><\/p>\n<p style=\"text-align: justify;\"><span style=\"font-family: helvetica, arial, sans-serif;\">Por su parte, 'La Cantera de H\u00e9roes' tambi\u00e9n regresa al <strong>Torneo BetPlay<\/strong> despu\u00e9s de 18 a\u00f1os, ya que desde 2008 que el equipo conforma la m\u00e1xima divisi\u00f3n del FPC.<\/span><\/p>\n<h3 style=\"text-align: justify;\"><span style=\"font-family: helvetica, arial, sans-serif;\">Once Caldas respir\u00f3 y enfrenta a Millonarios<\/span><\/h3>\n<p style=\"text-align: justify;\"><span style=\"font-family: helvetica, arial, sans-serif;\">Gracias al gol de <strong>Dayro Moreno<\/strong>, 'El Blanco Blanco' qued\u00f3 en la casilla 12 con 22 puntos, a 2 de \u00c1guilas Doradas, que es octavo.<\/span><\/p>\n<p style=\"text-align: justify;\"><span style=\"font-family: helvetica, arial, sans-serif;\">En la fecha 18 enfrenta a <strong>Millonarios<\/strong>, que se impuso ag\u00f3nicamente el cl\u00e1sico ante Independiente Santa Fe, 0-1 con el tanto de <strong>Cristi\u00e1n Ca\u00f1ozales<\/strong>.<\/span><\/p>\n<h3 style=\"text-align: justify;\"><span style=\"font-family: helvetica, arial, sans-serif;\">Tabla de posiciones<\/span><\/h3>\n<p><img fetchpriority=\"high\" decoding=\"async\" class=\"alignnone size-full wp-image-125263\" src=\"https:\/\/futbolhoy.co\/wp-content\/uploads\/2025\/10\/WhatsApp-Image-2025-10-25-at-9.55.18-PM-1-1.jpeg\" alt=\"\" width=\"746\" height=\"1066\" srcset=\"https:\/\/futbolhoy.co\/wp-content\/uploads\/2025\/10\/WhatsApp-Image-2025-10-25-at-9.55.18-PM-1-1.jpeg 746w, https:\/\/futbolhoy.co\/wp-content\/uploads\/2025\/10\/WhatsApp-Image-2025-10-25-at-9.55.18-PM-1-1-210x300.jpeg 210w, https:\/\/futbolhoy.co\/wp-content\/uploads\/2025\/10\/WhatsApp-Image-2025-10-25-at-9.55.18-PM-1-1-717x1024.jpeg 717w, https:\/\/futbolhoy.co\/wp-content\/uploads\/2025\/10\/WhatsApp-Image-2025-10-25-at-9.55.18-PM-1-1-696x995.jpeg 696w, https:\/\/futbolhoy.co\/wp-content\/uploads\/2025\/10\/WhatsApp-Image-2025-10-25-at-9.55.18-PM-1-1-90x128.jpeg 90w, https:\/\/futbolhoy.co\/wp-content\/uploads\/2025\/10\/WhatsApp-Image-2025-10-25-at-9.55.18-PM-1-1-22x32.jpeg 22w\" sizes=\"(max-width: 746px) 100vw, 746px\" \/><\/p>\n<p style=\"text-align: justify;\"><span style=\"font-family: helvetica, arial, sans-serif;\">Despu\u00e9s del compromiso, programado para el <strong>mi\u00e9rcoles 29 de octubre a partir de las 8:20 pm<\/strong>, <strong>Millonarios u Once Caldas<\/strong> quedar\u00e1n sin oportunidades de acceder a los cuadrangulares finales, y el otro, permanecer\u00e1 vivo en la competencia.<\/span><\/p>\n<p style=\"text-align: justify;\"><span style=\"font-family: helvetica, arial, sans-serif;\">Solo en 2025, ambos conjuntos se enfrentaron en 4 oportunidades, dejando un saldo favorable para el conjunto caldense con <strong>1 triunfo y 3 empates<\/strong>.\u00a0<\/span><\/p>\n","protected":false},"excerpt":{"rendered":"<p>Se defini\u00f3 al segundo equipo que descender\u00e1 para 2026 en la Liga BetPlay. La victoria de Once Caldas 1-0 sobre Uni\u00f3n Magdalena en el desarrollo en la fecha 17 del Todos Contra Todos dej\u00f3 al 'Cicl\u00f3n' sin posibilidades de permanecer en la m\u00e1xima divisi\u00f3n del f\u00fatbol colombiano. Junto a Envigado, son los clubes que jugar\u00e1n [&hellip;]<\/p>\n","protected":false},"author":4,"featured_media":125264,"comment_status":"open","ping_status":"open","sticky":false,"template":"","format":"standard","meta":{"_acf_changed":false,"footnotes":""},"categories":[7],"tags":[],"class_list":{"0":"post-125262","1":"post","2":"type-post","3":"status-publish","4":"format-standard","5":"has-post-thumbnail","7":"category-liga-betplay"},"acf":[],"yoast_head":"<!-- This site is optimized with the Yoast SEO plugin v26.8 - https:\/\/yoast.com\/product\/yoast-seo-wordpress\/ -->\n<title>Uni\u00f3n Magdalena regresa a la B tras derrota con Once Caldas -<\/title>\n<meta name=\"robots\" content=\"index, follow, max-snippet:-1, max-image-preview:large, max-video-preview:-1\" \/>\n<link rel=\"canonical\" href=\"https:\/\/futbolhoy.co\/index.php\/2025\/10\/26\/union-magdalena-regresa-a-la-b-tras-derrota-con-once-caldas\/\" \/>\n<meta property=\"og:locale\" content=\"es_ES\" \/>\n<meta property=\"og:type\" content=\"article\" \/>\n<meta property=\"og:title\" content=\"Uni\u00f3n Magdalena regresa a la B tras derrota con Once Caldas -\" \/>\n<meta property=\"og:description\" content=\"Se defini\u00f3 al segundo equipo que descender\u00e1 para 2026 en la Liga BetPlay. La victoria de Once Caldas 1-0 sobre Uni\u00f3n Magdalena en el desarrollo en la fecha 17 del Todos Contra Todos dej\u00f3 al &#039;Cicl\u00f3n&#039; sin posibilidades de permanecer en la m\u00e1xima divisi\u00f3n del f\u00fatbol colombiano. Junto a Envigado, son los clubes que jugar\u00e1n [&hellip;]\" \/>\n<meta property=\"og:url\" content=\"https:\/\/futbolhoy.co\/index.php\/2025\/10\/26\/union-magdalena-regresa-a-la-b-tras-derrota-con-once-caldas\/\" \/>\n<meta property=\"article:publisher\" content=\"https:\/\/www.facebook.com\/FutbolHoyCol\/\" \/>\n<meta property=\"article:published_time\" content=\"2025-10-26T13:15:01+00:00\" \/>\n<meta property=\"article:modified_time\" content=\"2025-10-27T01:33:31+00:00\" \/>\n<meta property=\"og:image\" content=\"https:\/\/futbolhoy.co\/wp-content\/uploads\/2025\/10\/WhatsApp-Image-2025-10-26-at-8.09.44-AM.jpeg\" \/>\n\t<meta property=\"og:image:width\" content=\"828\" \/>\n\t<meta property=\"og:image:height\" content=\"560\" \/>\n\t<meta property=\"og:image:type\" content=\"image\/jpeg\" \/>\n<meta name=\"author\" content=\"contenido\" \/>\n<meta name=\"twitter:card\" content=\"summary_large_image\" \/>\n<meta name=\"twitter:creator\" content=\"@FutbolHoyCol\" \/>\n<meta name=\"twitter:site\" content=\"@FutbolHoyCol\" \/>\n<meta name=\"twitter:label1\" content=\"Escrito por\" \/>\n\t<meta name=\"twitter:data1\" content=\"contenido\" \/>\n\t<meta name=\"twitter:label2\" content=\"Tiempo de lectura\" \/>\n\t<meta name=\"twitter:data2\" content=\"1 minuto\" \/>\n<script type=\"application\/ld+json\" class=\"yoast-schema-graph\">{\"@context\":\"https:\/\/schema.org\",\"@graph\":[{\"@type\":\"Article\",\"@id\":\"https:\/\/futbolhoy.co\/index.php\/2025\/10\/26\/union-magdalena-regresa-a-la-b-tras-derrota-con-once-caldas\/#article\",\"isPartOf\":{\"@id\":\"https:\/\/futbolhoy.co\/index.php\/2025\/10\/26\/union-magdalena-regresa-a-la-b-tras-derrota-con-once-caldas\/\"},\"author\":{\"name\":\"contenido\",\"@id\":\"https:\/\/futbolhoy.co\/#\/schema\/person\/1721b69355b6623eaff15ac7b92d4cc3\"},\"headline\":\"Uni\u00f3n Magdalena regresa a la B tras derrota con Once Caldas\",\"datePublished\":\"2025-10-26T13:15:01+00:00\",\"dateModified\":\"2025-10-27T01:33:31+00:00\",\"mainEntityOfPage\":{\"@id\":\"https:\/\/futbolhoy.co\/index.php\/2025\/10\/26\/union-magdalena-regresa-a-la-b-tras-derrota-con-once-caldas\/\"},\"wordCount\":236,\"commentCount\":0,\"publisher\":{\"@id\":\"https:\/\/futbolhoy.co\/#organization\"},\"image\":{\"@id\":\"https:\/\/futbolhoy.co\/index.php\/2025\/10\/26\/union-magdalena-regresa-a-la-b-tras-derrota-con-once-caldas\/#primaryimage\"},\"thumbnailUrl\":\"https:\/\/futbolhoy.co\/wp-content\/uploads\/2025\/10\/WhatsApp-Image-2025-10-26-at-8.09.44-AM.jpeg\",\"articleSection\":[\"Liga BetPlay\"],\"inLanguage\":\"es\",\"potentialAction\":[{\"@type\":\"CommentAction\",\"name\":\"Comment\",\"target\":[\"https:\/\/futbolhoy.co\/index.php\/2025\/10\/26\/union-magdalena-regresa-a-la-b-tras-derrota-con-once-caldas\/#respond\"]}]},{\"@type\":\"WebPage\",\"@id\":\"https:\/\/futbolhoy.co\/index.php\/2025\/10\/26\/union-magdalena-regresa-a-la-b-tras-derrota-con-once-caldas\/\",\"url\":\"https:\/\/futbolhoy.co\/index.php\/2025\/10\/26\/union-magdalena-regresa-a-la-b-tras-derrota-con-once-caldas\/\",\"name\":\"Uni\u00f3n Magdalena regresa a la B tras derrota con Once Caldas -\",\"isPartOf\":{\"@id\":\"https:\/\/futbolhoy.co\/#website\"},\"primaryImageOfPage\":{\"@id\":\"https:\/\/futbolhoy.co\/index.php\/2025\/10\/26\/union-magdalena-regresa-a-la-b-tras-derrota-con-once-caldas\/#primaryimage\"},\"image\":{\"@id\":\"https:\/\/futbolhoy.co\/index.php\/2025\/10\/26\/union-magdalena-regresa-a-la-b-tras-derrota-con-once-caldas\/#primaryimage\"},\"thumbnailUrl\":\"https:\/\/futbolhoy.co\/wp-content\/uploads\/2025\/10\/WhatsApp-Image-2025-10-26-at-8.09.44-AM.jpeg\",\"datePublished\":\"2025-10-26T13:15:01+00:00\",\"dateModified\":\"2025-10-27T01:33:31+00:00\",\"breadcrumb\":{\"@id\":\"https:\/\/futbolhoy.co\/index.php\/2025\/10\/26\/union-magdalena-regresa-a-la-b-tras-derrota-con-once-caldas\/#breadcrumb\"},\"inLanguage\":\"es\",\"potentialAction\":[{\"@type\":\"ReadAction\",\"target\":[\"https:\/\/futbolhoy.co\/index.php\/2025\/10\/26\/union-magdalena-regresa-a-la-b-tras-derrota-con-once-caldas\/\"]}]},{\"@type\":\"ImageObject\",\"inLanguage\":\"es\",\"@id\":\"https:\/\/futbolhoy.co\/index.php\/2025\/10\/26\/union-magdalena-regresa-a-la-b-tras-derrota-con-once-caldas\/#primaryimage\",\"url\":\"https:\/\/futbolhoy.co\/wp-content\/uploads\/2025\/10\/WhatsApp-Image-2025-10-26-at-8.09.44-AM.jpeg\",\"contentUrl\":\"https:\/\/futbolhoy.co\/wp-content\/uploads\/2025\/10\/WhatsApp-Image-2025-10-26-at-8.09.44-AM.jpeg\",\"width\":828,\"height\":560},{\"@type\":\"BreadcrumbList\",\"@id\":\"https:\/\/futbolhoy.co\/index.php\/2025\/10\/26\/union-magdalena-regresa-a-la-b-tras-derrota-con-once-caldas\/#breadcrumb\",\"itemListElement\":[{\"@type\":\"ListItem\",\"position\":1,\"name\":\"Portada\",\"item\":\"https:\/\/futbolhoy.co\/\"},{\"@type\":\"ListItem\",\"position\":2,\"name\":\"Uni\u00f3n Magdalena regresa a la B tras derrota con Once Caldas\"}]},{\"@type\":\"WebSite\",\"@id\":\"https:\/\/futbolhoy.co\/#website\",\"url\":\"https:\/\/futbolhoy.co\/\",\"name\":\"FutbolHoy\",\"description\":\"\",\"publisher\":{\"@id\":\"https:\/\/futbolhoy.co\/#organization\"},\"potentialAction\":[{\"@type\":\"SearchAction\",\"target\":{\"@type\":\"EntryPoint\",\"urlTemplate\":\"https:\/\/futbolhoy.co\/?s={search_term_string}\"},\"query-input\":{\"@type\":\"PropertyValueSpecification\",\"valueRequired\":true,\"valueName\":\"search_term_string\"}}],\"inLanguage\":\"es\"},{\"@type\":\"Organization\",\"@id\":\"https:\/\/futbolhoy.co\/#organization\",\"name\":\"Futbolhoy.co\",\"url\":\"https:\/\/futbolhoy.co\/\",\"logo\":{\"@type\":\"ImageObject\",\"inLanguage\":\"es\",\"@id\":\"https:\/\/futbolhoy.co\/#\/schema\/logo\/image\/\",\"url\":\"https:\/\/futbolhoy.co\/wp-content\/uploads\/2018\/08\/17426380_1906371736249227_6326180412931521141_n.jpg\",\"contentUrl\":\"https:\/\/futbolhoy.co\/wp-content\/uploads\/2018\/08\/17426380_1906371736249227_6326180412931521141_n.jpg\",\"width\":960,\"height\":960,\"caption\":\"Futbolhoy.co\"},\"image\":{\"@id\":\"https:\/\/futbolhoy.co\/#\/schema\/logo\/image\/\"},\"sameAs\":[\"https:\/\/www.facebook.com\/FutbolHoyCol\/\",\"https:\/\/x.com\/FutbolHoyCol\",\"https:\/\/www.instagram.com\/futbolhoycol\/\"]},{\"@type\":\"Person\",\"@id\":\"https:\/\/futbolhoy.co\/#\/schema\/person\/1721b69355b6623eaff15ac7b92d4cc3\",\"name\":\"contenido\",\"image\":{\"@type\":\"ImageObject\",\"inLanguage\":\"es\",\"@id\":\"https:\/\/futbolhoy.co\/#\/schema\/person\/image\/\",\"url\":\"https:\/\/secure.gravatar.com\/avatar\/4f656d3256f5134f466206e7c3941518?s=96&d=mm&r=g\",\"contentUrl\":\"https:\/\/secure.gravatar.com\/avatar\/4f656d3256f5134f466206e7c3941518?s=96&d=mm&r=g\",\"caption\":\"contenido\"}}]}<\/script>\n<!-- \/ Yoast SEO plugin. -->","yoast_head_json":{"title":"Uni\u00f3n Magdalena regresa a la B tras derrota con Once Caldas -","robots":{"index":"index","follow":"follow","max-snippet":"max-snippet:-1","max-image-preview":"max-image-preview:large","max-video-preview":"max-video-preview:-1"},"canonical":"https:\/\/futbolhoy.co\/index.php\/2025\/10\/26\/union-magdalena-regresa-a-la-b-tras-derrota-con-once-caldas\/","og_locale":"es_ES","og_type":"article","og_title":"Uni\u00f3n Magdalena regresa a la B tras derrota con Once Caldas -","og_description":"Se defini\u00f3 al segundo equipo que descender\u00e1 para 2026 en la Liga BetPlay. La victoria de Once Caldas 1-0 sobre Uni\u00f3n Magdalena en el desarrollo en la fecha 17 del Todos Contra Todos dej\u00f3 al 'Cicl\u00f3n' sin posibilidades de permanecer en la m\u00e1xima divisi\u00f3n del f\u00fatbol colombiano. Junto a Envigado, son los clubes que jugar\u00e1n [&hellip;]","og_url":"https:\/\/futbolhoy.co\/index.php\/2025\/10\/26\/union-magdalena-regresa-a-la-b-tras-derrota-con-once-caldas\/","article_publisher":"https:\/\/www.facebook.com\/FutbolHoyCol\/","article_published_time":"2025-10-26T13:15:01+00:00","article_modified_time":"2025-10-27T01:33:31+00:00","og_image":[{"width":828,"height":560,"url":"https:\/\/futbolhoy.co\/wp-content\/uploads\/2025\/10\/WhatsApp-Image-2025-10-26-at-8.09.44-AM.jpeg","type":"image\/jpeg"}],"author":"contenido","twitter_card":"summary_large_image","twitter_creator":"@FutbolHoyCol","twitter_site":"@FutbolHoyCol","twitter_misc":{"Escrito por":"contenido","Tiempo de lectura":"1 minuto"},"schema":{"@context":"https:\/\/schema.org","@graph":[{"@type":"Article","@id":"https:\/\/futbolhoy.co\/index.php\/2025\/10\/26\/union-magdalena-regresa-a-la-b-tras-derrota-con-once-caldas\/#article","isPartOf":{"@id":"https:\/\/futbolhoy.co\/index.php\/2025\/10\/26\/union-magdalena-regresa-a-la-b-tras-derrota-con-once-caldas\/"},"author":{"name":"contenido","@id":"https:\/\/futbolhoy.co\/#\/schema\/person\/1721b69355b6623eaff15ac7b92d4cc3"},"headline":"Uni\u00f3n Magdalena regresa a la B tras derrota con Once Caldas","datePublished":"2025-10-26T13:15:01+00:00","dateModified":"2025-10-27T01:33:31+00:00","mainEntityOfPage":{"@id":"https:\/\/futbolhoy.co\/index.php\/2025\/10\/26\/union-magdalena-regresa-a-la-b-tras-derrota-con-once-caldas\/"},"wordCount":236,"commentCount":0,"publisher":{"@id":"https:\/\/futbolhoy.co\/#organization"},"image":{"@id":"https:\/\/futbolhoy.co\/index.php\/2025\/10\/26\/union-magdalena-regresa-a-la-b-tras-derrota-con-once-caldas\/#primaryimage"},"thumbnailUrl":"https:\/\/futbolhoy.co\/wp-content\/uploads\/2025\/10\/WhatsApp-Image-2025-10-26-at-8.09.44-AM.jpeg","articleSection":["Liga BetPlay"],"inLanguage":"es","potentialAction":[{"@type":"CommentAction","name":"Comment","target":["https:\/\/futbolhoy.co\/index.php\/2025\/10\/26\/union-magdalena-regresa-a-la-b-tras-derrota-con-once-caldas\/#respond"]}]},{"@type":"WebPage","@id":"https:\/\/futbolhoy.co\/index.php\/2025\/10\/26\/union-magdalena-regresa-a-la-b-tras-derrota-con-once-caldas\/","url":"https:\/\/futbolhoy.co\/index.php\/2025\/10\/26\/union-magdalena-regresa-a-la-b-tras-derrota-con-once-caldas\/","name":"Uni\u00f3n Magdalena regresa a la B tras derrota con Once Caldas -","isPartOf":{"@id":"https:\/\/futbolhoy.co\/#website"},"primaryImageOfPage":{"@id":"https:\/\/futbolhoy.co\/index.php\/2025\/10\/26\/union-magdalena-regresa-a-la-b-tras-derrota-con-once-caldas\/#primaryimage"},"image":{"@id":"https:\/\/futbolhoy.co\/index.php\/2025\/10\/26\/union-magdalena-regresa-a-la-b-tras-derrota-con-once-caldas\/#primaryimage"},"thumbnailUrl":"https:\/\/futbolhoy.co\/wp-content\/uploads\/2025\/10\/WhatsApp-Image-2025-10-26-at-8.09.44-AM.jpeg","datePublished":"2025-10-26T13:15:01+00:00","dateModified":"2025-10-27T01:33:31+00:00","breadcrumb":{"@id":"https:\/\/futbolhoy.co\/index.php\/2025\/10\/26\/union-magdalena-regresa-a-la-b-tras-derrota-con-once-caldas\/#breadcrumb"},"inLanguage":"es","potentialAction":[{"@type":"ReadAction","target":["https:\/\/futbolhoy.co\/index.php\/2025\/10\/26\/union-magdalena-regresa-a-la-b-tras-derrota-con-once-caldas\/"]}]},{"@type":"ImageObject","inLanguage":"es","@id":"https:\/\/futbolhoy.co\/index.php\/2025\/10\/26\/union-magdalena-regresa-a-la-b-tras-derrota-con-once-caldas\/#primaryimage","url":"https:\/\/futbolhoy.co\/wp-content\/uploads\/2025\/10\/WhatsApp-Image-2025-10-26-at-8.09.44-AM.jpeg","contentUrl":"https:\/\/futbolhoy.co\/wp-content\/uploads\/2025\/10\/WhatsApp-Image-2025-10-26-at-8.09.44-AM.jpeg","width":828,"height":560},{"@type":"BreadcrumbList","@id":"https:\/\/futbolhoy.co\/index.php\/2025\/10\/26\/union-magdalena-regresa-a-la-b-tras-derrota-con-once-caldas\/#breadcrumb","itemListElement":[{"@type":"ListItem","position":1,"name":"Portada","item":"https:\/\/futbolhoy.co\/"},{"@type":"ListItem","position":2,"name":"Uni\u00f3n Magdalena regresa a la B tras derrota con Once Caldas"}]},{"@type":"WebSite","@id":"https:\/\/futbolhoy.co\/#website","url":"https:\/\/futbolhoy.co\/","name":"FutbolHoy","description":"","publisher":{"@id":"https:\/\/futbolhoy.co\/#organization"},"potentialAction":[{"@type":"SearchAction","target":{"@type":"EntryPoint","urlTemplate":"https:\/\/futbolhoy.co\/?s={search_term_string}"},"query-input":{"@type":"PropertyValueSpecification","valueRequired":true,"valueName":"search_term_string"}}],"inLanguage":"es"},{"@type":"Organization","@id":"https:\/\/futbolhoy.co\/#organization","name":"Futbolhoy.co","url":"https:\/\/futbolhoy.co\/","logo":{"@type":"ImageObject","inLanguage":"es","@id":"https:\/\/futbolhoy.co\/#\/schema\/logo\/image\/","url":"https:\/\/futbolhoy.co\/wp-content\/uploads\/2018\/08\/17426380_1906371736249227_6326180412931521141_n.jpg","contentUrl":"https:\/\/futbolhoy.co\/wp-content\/uploads\/2018\/08\/17426380_1906371736249227_6326180412931521141_n.jpg","width":960,"height":960,"caption":"Futbolhoy.co"},"image":{"@id":"https:\/\/futbolhoy.co\/#\/schema\/logo\/image\/"},"sameAs":["https:\/\/www.facebook.com\/FutbolHoyCol\/","https:\/\/x.com\/FutbolHoyCol","https:\/\/www.instagram.com\/futbolhoycol\/"]},{"@type":"Person","@id":"https:\/\/futbolhoy.co\/#\/schema\/person\/1721b69355b6623eaff15ac7b92d4cc3","name":"contenido","image":{"@type":"ImageObject","inLanguage":"es","@id":"https:\/\/futbolhoy.co\/#\/schema\/person\/image\/","url":"https:\/\/secure.gravatar.com\/avatar\/4f656d3256f5134f466206e7c3941518?s=96&d=mm&r=g","contentUrl":"https:\/\/secure.gravatar.com\/avatar\/4f656d3256f5134f466206e7c3941518?s=96&d=mm&r=g","caption":"contenido"}}]}},"publishpress_future_action":{"enabled":false,"date":"2026-05-03 22:24:50","action":"change-status","newStatus":"draft","terms":[],"taxonomy":"category","extraData":[]},"publishpress_future_workflow_manual_trigger":{"enabledWorkflows":[]},"_links":{"self":[{"href":"https:\/\/futbolhoy.co\/index.php\/wp-json\/wp\/v2\/posts\/125262","targetHints":{"allow":["GET"]}}],"collection":[{"href":"https:\/\/futbolhoy.co\/index.php\/wp-json\/wp\/v2\/posts"}],"about":[{"href":"https:\/\/futbolhoy.co\/index.php\/wp-json\/wp\/v2\/types\/post"}],"author":[{"embeddable":true,"href":"https:\/\/futbolhoy.co\/index.php\/wp-json\/wp\/v2\/users\/4"}],"replies":[{"embeddable":true,"href":"https:\/\/futbolhoy.co\/index.php\/wp-json\/wp\/v2\/comments?post=125262"}],"version-history":[{"count":1,"href":"https:\/\/futbolhoy.co\/index.php\/wp-json\/wp\/v2\/posts\/125262\/revisions"}],"predecessor-version":[{"id":125265,"href":"https:\/\/futbolhoy.co\/index.php\/wp-json\/wp\/v2\/posts\/125262\/revisions\/125265"}],"wp:featuredmedia":[{"embeddable":true,"href":"https:\/\/futbolhoy.co\/index.php\/wp-json\/wp\/v2\/media\/125264"}],"wp:attachment":[{"href":"https:\/\/futbolhoy.co\/index.php\/wp-json\/wp\/v2\/media?parent=125262"}],"wp:term":[{"taxonomy":"category","embeddable":true,"href":"https:\/\/futbolhoy.co\/index.php\/wp-json\/wp\/v2\/categories?post=125262"},{"taxonomy":"post_tag","embeddable":true,"href":"https:\/\/futbolhoy.co\/index.php\/wp-json\/wp\/v2\/tags?post=125262"}],"curies":[{"name":"wp","href":"https:\/\/api.w.org\/{rel}","templated":true}]}}