{"id":125266,"date":"2025-10-26T12:23:23","date_gmt":"2025-10-26T17:23:23","guid":{"rendered":"https:\/\/futbolhoy.co\/?p=125266"},"modified":"2025-10-27T06:52:48","modified_gmt":"2025-10-27T11:52:48","slug":"real-madrid-vence-a-barcelona-y-toma-ventaja-en-laliga","status":"publish","type":"post","link":"https:\/\/futbolhoy.co\/index.php\/2025\/10\/26\/real-madrid-vence-a-barcelona-y-toma-ventaja-en-laliga\/","title":{"rendered":"Real Madrid vence a Barcelona y toma ventaja en LaLiga"},"content":{"rendered":"<p style=\"text-align: justify;\"><span style=\"font-family: helvetica, arial, sans-serif;\">Real Madrid conquist\u00f3 el primer cl\u00e1sico de la temporada 2-1 ante Barcelona en el Estadio Santiago Bernab\u00e9u, durante la fecha 10 de LaLiga, con anotaciones de Kylian Mbapp\u00e9 y Jude Bellingham. El descuento lo marc\u00f3 Ferm\u00edn L\u00f3pez.<\/span><\/p>\n<p style=\"text-align: justify;\"><span style=\"font-family: helvetica, arial, sans-serif;\">Los dirigidos por <strong>Xabi Alonso<\/strong> mantuvieron el liderato y lo ampliaron 5 puntos por encima del conjunto catal\u00e1n, que es segundo.\u00a0<\/span><\/p>\n<h3 style=\"text-align: justify;\"><span style=\"font-family: helvetica, arial, sans-serif;\">Resumen y jugadas del cl\u00e1sico Real Madrid 2-1 Barcelona<\/span><\/h3>\n<p style=\"text-align: justify;\"><span style=\"font-family: helvetica, arial, sans-serif;\">Luego de un penalti decretado por el \u00e1rbitro C\u00e9sar Soto (4&#8242;) sobre Vin\u00edcius J\u00fanior, que anul\u00f3 ante la revisi\u00f3n por el llamado VAR, se present\u00f3 una acci\u00f3n (14&#8242;) donde <strong>Kylian Mbapp\u00e9<\/strong> remat\u00f3 de media distancia y anot\u00f3 un golazo.<\/span><\/p>\n<p style=\"text-align: justify;\"><span style=\"font-family: helvetica, arial, sans-serif;\">El tanto fue anulado por fuera de juego del franc\u00e9s, que se encontraba a<strong> escasos mil\u00edmetros<\/strong> por delante de la \u00faltima l\u00ednea defensiva de Barcelona.<\/span><\/p>\n<p style=\"text-align: justify;\"><span style=\"font-family: helvetica, arial, sans-serif;\">Imagen oficial que revel\u00f3 la transmisi\u00f3n oficial de ESPN, en Colombia:<\/span><\/p>\n<p><img fetchpriority=\"high\" decoding=\"async\" class=\"alignnone size-full wp-image-125267\" src=\"https:\/\/futbolhoy.co\/wp-content\/uploads\/2025\/10\/G4Mnc3NWgAAr6_d.jpg\" alt=\"\" width=\"1252\" height=\"864\" srcset=\"https:\/\/futbolhoy.co\/wp-content\/uploads\/2025\/10\/G4Mnc3NWgAAr6_d.jpg 1252w, https:\/\/futbolhoy.co\/wp-content\/uploads\/2025\/10\/G4Mnc3NWgAAr6_d-300x207.jpg 300w, https:\/\/futbolhoy.co\/wp-content\/uploads\/2025\/10\/G4Mnc3NWgAAr6_d-1024x707.jpg 1024w, https:\/\/futbolhoy.co\/wp-content\/uploads\/2025\/10\/G4Mnc3NWgAAr6_d-768x530.jpg 768w, https:\/\/futbolhoy.co\/wp-content\/uploads\/2025\/10\/G4Mnc3NWgAAr6_d-218x150.jpg 218w, https:\/\/futbolhoy.co\/wp-content\/uploads\/2025\/10\/G4Mnc3NWgAAr6_d-696x480.jpg 696w, https:\/\/futbolhoy.co\/wp-content\/uploads\/2025\/10\/G4Mnc3NWgAAr6_d-1068x737.jpg 1068w, https:\/\/futbolhoy.co\/wp-content\/uploads\/2025\/10\/G4Mnc3NWgAAr6_d-128x88.jpg 128w, https:\/\/futbolhoy.co\/wp-content\/uploads\/2025\/10\/G4Mnc3NWgAAr6_d-32x22.jpg 32w\" sizes=\"(max-width: 1252px) 100vw, 1252px\" \/><\/p>\n<p style=\"text-align: justify;\"><span style=\"font-family: helvetica, arial, sans-serif;\">Sin embargo, el Madrid atraves\u00f3 el mejor momento del primer tiempo, y 8 minutos despu\u00e9s <strong>Jude Bellingham habilit\u00f3 a Mbapp\u00e9<\/strong> para que definiese de cara a Wojciech Szcz\u0119sny.<\/span><\/p>\n<p><img decoding=\"async\" class=\"alignnone size-full wp-image-125271\" src=\"https:\/\/futbolhoy.co\/wp-content\/uploads\/2025\/10\/WhatsApp-Image-2025-10-26-at-12.13.55-PM-1.jpeg\" alt=\"\" width=\"960\" height=\"1280\" srcset=\"https:\/\/futbolhoy.co\/wp-content\/uploads\/2025\/10\/WhatsApp-Image-2025-10-26-at-12.13.55-PM-1.jpeg 960w, https:\/\/futbolhoy.co\/wp-content\/uploads\/2025\/10\/WhatsApp-Image-2025-10-26-at-12.13.55-PM-1-225x300.jpeg 225w, https:\/\/futbolhoy.co\/wp-content\/uploads\/2025\/10\/WhatsApp-Image-2025-10-26-at-12.13.55-PM-1-768x1024.jpeg 768w, https:\/\/futbolhoy.co\/wp-content\/uploads\/2025\/10\/WhatsApp-Image-2025-10-26-at-12.13.55-PM-1-696x928.jpeg 696w, https:\/\/futbolhoy.co\/wp-content\/uploads\/2025\/10\/WhatsApp-Image-2025-10-26-at-12.13.55-PM-1-96x128.jpeg 96w, https:\/\/futbolhoy.co\/wp-content\/uploads\/2025\/10\/WhatsApp-Image-2025-10-26-at-12.13.55-PM-1-24x32.jpeg 24w\" sizes=\"(max-width: 960px) 100vw, 960px\" \/><\/p>\n<p style=\"text-align: justify;\"><span style=\"font-family: helvetica, arial, sans-serif;\">Vea el primer gol del partido:<\/span><\/p>\n<blockquote class=\"twitter-tweet\" data-media-max-width=\"560\">\n<p dir=\"ltr\" lang=\"es\">\u00a1QU\u00c9 ASISTENCIA DE BELLINGHAM! Jude y se la sirvi\u00f3 a Mbapp\u00e9, para el 1-0 del Real Madrid sobre Barcelona.<\/p>\n<p>\ud83d\udcfa Mir\u00e1 <a href=\"https:\/\/twitter.com\/hashtag\/LaLiga?src=hash&amp;ref_src=twsrc%5Etfw\">#LaLiga<\/a> por <a href=\"https:\/\/twitter.com\/hashtag\/DisneyPlus?src=hash&amp;ref_src=twsrc%5Etfw\">#DisneyPlus<\/a> Plan Premium <a href=\"https:\/\/t.co\/gD35eUYzun\">pic.twitter.com\/gD35eUYzun<\/a><\/p>\n<p>\u2014 SportsCenter (@SC_ESPN) <a href=\"https:\/\/twitter.com\/SC_ESPN\/status\/1982474236246507994?ref_src=twsrc%5Etfw\">October 26, 2025<\/a><\/p><\/blockquote>\n<p><script async src=\"https:\/\/platform.twitter.com\/widgets.js\" charset=\"utf-8\"><\/script><\/p>\n<h3 style=\"text-align: justify;\"><span style=\"font-family: helvetica, arial, sans-serif;\">Barcelona lo empat\u00f3 en la primera parte<\/span><\/h3>\n<p><img decoding=\"async\" class=\"alignnone size-full wp-image-125269\" src=\"https:\/\/futbolhoy.co\/wp-content\/uploads\/2025\/10\/G4MumfUXcAAmWL7-scaled.jpg\" alt=\"\" width=\"2048\" height=\"2560\" srcset=\"https:\/\/futbolhoy.co\/wp-content\/uploads\/2025\/10\/G4MumfUXcAAmWL7-scaled.jpg 2048w, https:\/\/futbolhoy.co\/wp-content\/uploads\/2025\/10\/G4MumfUXcAAmWL7-240x300.jpg 240w, https:\/\/futbolhoy.co\/wp-content\/uploads\/2025\/10\/G4MumfUXcAAmWL7-819x1024.jpg 819w, https:\/\/futbolhoy.co\/wp-content\/uploads\/2025\/10\/G4MumfUXcAAmWL7-768x960.jpg 768w, https:\/\/futbolhoy.co\/wp-content\/uploads\/2025\/10\/G4MumfUXcAAmWL7-1229x1536.jpg 1229w, https:\/\/futbolhoy.co\/wp-content\/uploads\/2025\/10\/G4MumfUXcAAmWL7-1638x2048.jpg 1638w, https:\/\/futbolhoy.co\/wp-content\/uploads\/2025\/10\/G4MumfUXcAAmWL7-696x870.jpg 696w, https:\/\/futbolhoy.co\/wp-content\/uploads\/2025\/10\/G4MumfUXcAAmWL7-1068x1335.jpg 1068w, https:\/\/futbolhoy.co\/wp-content\/uploads\/2025\/10\/G4MumfUXcAAmWL7-1920x2400.jpg 1920w, https:\/\/futbolhoy.co\/wp-content\/uploads\/2025\/10\/G4MumfUXcAAmWL7-102x128.jpg 102w, https:\/\/futbolhoy.co\/wp-content\/uploads\/2025\/10\/G4MumfUXcAAmWL7-26x32.jpg 26w\" sizes=\"(max-width: 2048px) 100vw, 2048px\" \/><\/p>\n<p style=\"text-align: justify;\"><span style=\"font-family: helvetica, arial, sans-serif;\">El t\u00e9cnico <strong>Hansi Flick<\/strong> no pudo acompa\u00f1ar a su equipo, producto de ser expulsado en la jornada anterior por discutir fuertemente con el \u00e1rbitro en los minutos finales, y desde el palco observ\u00f3 c\u00f3mo su equipo trabaj\u00f3 el empate.<\/span><\/p>\n<p style=\"text-align: justify;\"><span style=\"font-family: helvetica, arial, sans-serif;\">El gol lleg\u00f3 en tras una combinaci\u00f3n entre <strong>Rashford<\/strong> y Balde, donde el ingl\u00e9s asisti\u00f3 a <strong>Ferm\u00edn L\u00f3pez<\/strong>, quien marc\u00f3 el empate.<\/span><\/p>\n<p style=\"text-align: justify;\"><span style=\"font-family: helvetica, arial, sans-serif;\">El espa\u00f1ol de 22 a\u00f1os anot\u00f3 su cuarto gol en los \u00faltimos dos partidos y ratific\u00f3 el buen presente que atraviesa, por medio de la siguiente definici\u00f3n que signific\u00f3 el:<\/span><\/p>\n<blockquote class=\"twitter-tweet\" data-media-max-width=\"560\">\n<p dir=\"ltr\" lang=\"es\">\u00a1QU\u00c9 MOMENTO PARA EL PIBE! \u00a1\u00a1FERM\u00cdN L\u00d3PEZ MARC\u00d3 EL 1-1 DEL BARCELONA EN <a href=\"https:\/\/twitter.com\/hashtag\/ELCL%C3%81SICO?src=hash&amp;ref_src=twsrc%5Etfw\">#ELCL\u00c1SICO<\/a>!!<\/p>\n<p>\ud83d\udcfa Mir\u00e1 <a href=\"https:\/\/twitter.com\/hashtag\/LaLiga?src=hash&amp;ref_src=twsrc%5Etfw\">#LaLiga<\/a> por <a href=\"https:\/\/twitter.com\/hashtag\/DisneyPlus?src=hash&amp;ref_src=twsrc%5Etfw\">#DisneyPlus<\/a> Plan Premium <a href=\"https:\/\/t.co\/Ax5DmY21BT\">pic.twitter.com\/Ax5DmY21BT<\/a><\/p>\n<p>\u2014 SportsCenter (@SC_ESPN) <a href=\"https:\/\/twitter.com\/SC_ESPN\/status\/1982477044316348720?ref_src=twsrc%5Etfw\">October 26, 2025<\/a><\/p><\/blockquote>\n<h3 style=\"text-align: justify;\"><script async src=\"https:\/\/platform.twitter.com\/widgets.js\" charset=\"utf-8\"><\/script><span style=\"font-family: helvetica, arial, sans-serif;\">Real Madrid volvi\u00f3 a colocarse por delante\u00a0<\/span><\/h3>\n<p style=\"text-align: justify;\"><span style=\"font-family: helvetica, arial, sans-serif;\">Sobre el cierre de la primera parte (43&#8242;), un centro pasado de Vin\u00edcius para \u00c9der Milit\u00e3o, deriv\u00f3 en la anotaci\u00f3n de <strong>Jude Bellingham<\/strong>, que lleg\u00f3 en solitario al \u00e1rea chica concret\u00f3 con el arco a su disposici\u00f3n.<\/span><\/p>\n<p style=\"text-align: justify;\"><span style=\"font-family: helvetica, arial, sans-serif;\">As\u00ed fue el segundo gol de Real Madrid:<\/span><\/p>\n<blockquote class=\"twitter-tweet\" data-media-max-width=\"560\">\n<p dir=\"ltr\" lang=\"es\">\u00a1REAL MADRID, OTRA VEZ ARRIBA! \u00a1JUDE BELLINGHAM MARC\u00d3 EL 2-1 EN <a href=\"https:\/\/twitter.com\/hashtag\/ELCL%C3%81SICO?src=hash&amp;ref_src=twsrc%5Etfw\">#ELCL\u00c1SICO<\/a>!<\/p>\n<p>\ud83d\udcfa Mir\u00e1 <a href=\"https:\/\/twitter.com\/hashtag\/LaLiga?src=hash&amp;ref_src=twsrc%5Etfw\">#LaLiga<\/a> por <a href=\"https:\/\/twitter.com\/hashtag\/DisneyPlus?src=hash&amp;ref_src=twsrc%5Etfw\">#DisneyPlus<\/a> Plan Premium <a href=\"https:\/\/t.co\/FAKXJZKHOw\">pic.twitter.com\/FAKXJZKHOw<\/a><\/p>\n<p>\u2014 SportsCenter (@SC_ESPN) <a href=\"https:\/\/twitter.com\/SC_ESPN\/status\/1982478289538084976?ref_src=twsrc%5Etfw\">October 26, 2025<\/a><\/p><\/blockquote>\n<p><script async src=\"https:\/\/platform.twitter.com\/widgets.js\" charset=\"utf-8\"><\/script><\/p>\n<h3 style=\"text-align: justify;\"><span style=\"font-family: helvetica, arial, sans-serif;\">Mbapp\u00e9 fall\u00f3 un penalti<\/span><\/h3>\n<p style=\"text-align: justify;\"><span style=\"font-family: helvetica, arial, sans-serif;\">La jugada de la segunda pol\u00e9mica del cl\u00e1sico del f\u00fatbol mundial, tuvo a <strong>Eric Garc\u00eda<\/strong> como protagonista principal.<\/span><\/p>\n<p style=\"text-align: justify;\"><span style=\"font-family: helvetica, arial, sans-serif;\">Al minuto 50&#8242;, Camavinga habilit\u00f3 a Jude Bellingham, que desbord\u00f3 e intent\u00f3 enviar un centro.<\/span><\/p>\n<p style=\"text-align: justify;\"><span style=\"font-family: helvetica, arial, sans-serif;\">El defensor lo impidi\u00f3 con una plancha que ejecut\u00f3 correctamente, pero despu\u00e9s del rebote en el brit\u00e1nico, el bal\u00f3n toc\u00f3 en su mano izquierda.<\/span><\/p>\n<p style=\"text-align: justify;\"><span style=\"font-family: helvetica, arial, sans-serif;\">As\u00ed fue la acci\u00f3n revelada en la cuenta oficial de<em> Sportcenter<\/em>, en &#8216;X&#8217;:<\/span><\/p>\n<blockquote class=\"twitter-tweet\" data-media-max-width=\"560\">\n<p dir=\"ltr\" lang=\"es\">\u00a1ESTA FUE LA JUGADA DEL PENAL! El \u00e1rbitro revis\u00f3 la jugada en el VAR y cobr\u00f3 mano de Eric Garcia.<\/p>\n<p>\ud83d\udcfa Mir\u00e1 <a href=\"https:\/\/twitter.com\/hashtag\/LaLiga?src=hash&amp;ref_src=twsrc%5Etfw\">#LaLiga<\/a> por <a href=\"https:\/\/twitter.com\/hashtag\/DisneyPlus?src=hash&amp;ref_src=twsrc%5Etfw\">#DisneyPlus<\/a> Plan Premium <a href=\"https:\/\/t.co\/QLmYZHSoFs\">pic.twitter.com\/QLmYZHSoFs<\/a><\/p>\n<p>\u2014 SportsCenter (@SC_ESPN) <a href=\"https:\/\/twitter.com\/SC_ESPN\/status\/1982486815014617213?ref_src=twsrc%5Etfw\">October 26, 2025<\/a><\/p><\/blockquote>\n<p style=\"text-align: justify;\"><script async src=\"https:\/\/platform.twitter.com\/widgets.js\" charset=\"utf-8\"><\/script><\/p>\n<p><img loading=\"lazy\" decoding=\"async\" class=\"alignnone size-full wp-image-125272\" src=\"https:\/\/futbolhoy.co\/wp-content\/uploads\/2025\/10\/G4M513cXkAAGFNc-scaled.jpg\" alt=\"\" width=\"2560\" height=\"1707\" srcset=\"https:\/\/futbolhoy.co\/wp-content\/uploads\/2025\/10\/G4M513cXkAAGFNc-scaled.jpg 2560w, https:\/\/futbolhoy.co\/wp-content\/uploads\/2025\/10\/G4M513cXkAAGFNc-300x200.jpg 300w, https:\/\/futbolhoy.co\/wp-content\/uploads\/2025\/10\/G4M513cXkAAGFNc-1024x683.jpg 1024w, https:\/\/futbolhoy.co\/wp-content\/uploads\/2025\/10\/G4M513cXkAAGFNc-768x512.jpg 768w, https:\/\/futbolhoy.co\/wp-content\/uploads\/2025\/10\/G4M513cXkAAGFNc-1536x1024.jpg 1536w, https:\/\/futbolhoy.co\/wp-content\/uploads\/2025\/10\/G4M513cXkAAGFNc-2048x1365.jpg 2048w, https:\/\/futbolhoy.co\/wp-content\/uploads\/2025\/10\/G4M513cXkAAGFNc-696x464.jpg 696w, https:\/\/futbolhoy.co\/wp-content\/uploads\/2025\/10\/G4M513cXkAAGFNc-1068x712.jpg 1068w, https:\/\/futbolhoy.co\/wp-content\/uploads\/2025\/10\/G4M513cXkAAGFNc-1920x1280.jpg 1920w, https:\/\/futbolhoy.co\/wp-content\/uploads\/2025\/10\/G4M513cXkAAGFNc-128x85.jpg 128w, https:\/\/futbolhoy.co\/wp-content\/uploads\/2025\/10\/G4M513cXkAAGFNc-32x21.jpg 32w\" sizes=\"(max-width: 2560px) 100vw, 2560px\" \/><\/p>\n<p style=\"text-align: justify;\"><span style=\"font-family: helvetica, arial, sans-serif;\">Ante el llamado del VAR, el juez pit\u00f3 pena m\u00e1xima para el equipo de <strong>Xabi Alonso<\/strong>, y <strong>Mbapp\u00e9<\/strong> se hizo cargo.<\/span><\/p>\n<p style=\"text-align: justify;\"><span style=\"font-family: helvetica, arial, sans-serif;\"><strong>Szcz\u0119sny<\/strong> se estir\u00f3 a su palo derecho y adivin\u00f3 el lanzamiento del campe\u00f3n del mundo en 2018, evitando el tercero para Real Madrid.<\/span><\/p>\n<p style=\"text-align: justify;\"><span style=\"font-family: helvetica, arial, sans-serif;\">Vea el penalti que fall\u00f3 Mbapp\u00e9:<\/span><\/p>\n<blockquote class=\"twitter-tweet\" data-media-max-width=\"560\">\n<p dir=\"ltr\" lang=\"ro\">\u00a1\u00a1MONUMENTAL LO DE SZCZESNY CONTRA MBAPP\u00c9 EN <a href=\"https:\/\/twitter.com\/hashtag\/ELCL%C3%81SICO?src=hash&amp;ref_src=twsrc%5Etfw\">#ELCL\u00c1SICO<\/a>!!<\/p>\n<p>\ud83d\udcfa Mir\u00e1 <a href=\"https:\/\/twitter.com\/hashtag\/LaLiga?src=hash&amp;ref_src=twsrc%5Etfw\">#LaLiga<\/a> por <a href=\"https:\/\/twitter.com\/hashtag\/DisneyPlus?src=hash&amp;ref_src=twsrc%5Etfw\">#DisneyPlus<\/a> Plan Premium <a href=\"https:\/\/t.co\/JW3LcVIr0t\">pic.twitter.com\/JW3LcVIr0t<\/a><\/p>\n<p>\u2014 SportsCenter (@SC_ESPN) <a href=\"https:\/\/twitter.com\/SC_ESPN\/status\/1982488262296891766?ref_src=twsrc%5Etfw\">October 26, 2025<\/a><\/p><\/blockquote>\n<h3><script async src=\"https:\/\/platform.twitter.com\/widgets.js\" charset=\"utf-8\"><\/script><\/h3>\n<p style=\"text-align: justify;\"><span style=\"font-family: helvetica, arial, sans-serif;\">Barcelona termin\u00f3 con un jugador menos debido a la <strong>expulsi\u00f3n de Pedri<\/strong> en la \u00faltima jugada del cl\u00e1sico, por doble tarjeta amarilla. El espa\u00f1ol fue amonestado despu\u00e9s de una imprudente infracci\u00f3n sobre Tchouam\u00e9ni cerca a la mitad del campo.<\/span><\/p>\n<h3><span style=\"font-family: helvetica, arial, sans-serif;\">Tabla de posiciones<\/span><\/h3>\n<table style=\"border-collapse: collapse; width: 100%;\">\n<tbody>\n<tr>\n<td style=\"width: 25%; text-align: justify;\"><span style=\"font-family: helvetica, arial, sans-serif;\">Pos\u00a0<\/span><\/td>\n<td style=\"width: 25%; text-align: justify;\"><span style=\"font-family: helvetica, arial, sans-serif;\">Equipo<\/span><\/td>\n<td style=\"width: 25%; text-align: justify;\"><span style=\"font-family: helvetica, arial, sans-serif;\">Puntos<\/span><\/td>\n<td style=\"width: 25%; text-align: justify;\"><span style=\"font-family: helvetica, arial, sans-serif;\">Diferencia del gol<\/span><\/td>\n<\/tr>\n<tr>\n<td style=\"width: 25%; text-align: justify;\"><span style=\"font-family: helvetica, arial, sans-serif;\">1<\/span><\/td>\n<td style=\"width: 25%; text-align: justify;\"><span style=\"font-family: helvetica, arial, sans-serif;\">Real Madrid\u00a0<\/span><\/td>\n<td style=\"width: 25%; text-align: justify;\"><span style=\"font-family: helvetica, arial, sans-serif;\">27<\/span><\/td>\n<td style=\"width: 25%; text-align: justify;\"><span style=\"font-family: helvetica, arial, sans-serif;\">+12<\/span><\/td>\n<\/tr>\n<tr>\n<td style=\"width: 25%; text-align: justify;\"><span style=\"font-family: helvetica, arial, sans-serif;\">2<\/span><\/td>\n<td style=\"width: 25%; text-align: justify;\"><span style=\"font-family: helvetica, arial, sans-serif;\">Barcelona<\/span><\/td>\n<td style=\"width: 25%; text-align: justify;\"><span style=\"font-family: helvetica, arial, sans-serif;\">22<\/span><\/td>\n<td style=\"width: 25%; text-align: justify;\"><span style=\"font-family: helvetica, arial, sans-serif;\">+13<\/span><\/td>\n<\/tr>\n<tr>\n<td style=\"width: 25%; text-align: justify;\"><span style=\"font-family: helvetica, arial, sans-serif;\">3<\/span><\/td>\n<td style=\"width: 25%; text-align: justify;\"><span style=\"font-family: helvetica, arial, sans-serif;\">Villarreal<\/span><\/td>\n<td style=\"width: 25%; text-align: justify;\"><span style=\"font-family: helvetica, arial, sans-serif;\">20<\/span><\/td>\n<td style=\"width: 25%; text-align: justify;\"><span style=\"font-family: helvetica, arial, sans-serif;\">+8<\/span><\/td>\n<\/tr>\n<tr>\n<td style=\"width: 25%; text-align: justify;\"><span style=\"font-family: helvetica, arial, sans-serif;\">4<\/span><\/td>\n<td style=\"width: 25%; text-align: justify;\"><span style=\"font-family: helvetica, arial, sans-serif;\"> Deportivo Espa\u00f1ol <\/span><\/td>\n<td style=\"width: 25%; text-align: justify;\"><span style=\"font-family: helvetica, arial, sans-serif;\">18<\/span><\/td>\n<td style=\"width: 25%; text-align: justify;\"><span style=\"font-family: helvetica, arial, sans-serif;\">+3<\/span><\/td>\n<\/tr>\n<tr>\n<td style=\"width: 25%; text-align: justify;\"><span style=\"font-family: helvetica, arial, sans-serif;\">5<\/span><\/td>\n<td style=\"width: 25%; text-align: justify;\"><span style=\"font-family: helvetica, arial, sans-serif;\">Atl\u00e9tico de Madrid<\/span><\/td>\n<td style=\"width: 25%; text-align: justify;\"><span style=\"font-family: helvetica, arial, sans-serif;\">16<\/span><\/td>\n<td style=\"width: 25%; text-align: justify;\"><span style=\"font-family: helvetica, arial, sans-serif;\">+6<\/span><\/td>\n<\/tr>\n<\/tbody>\n<\/table>\n<p>&nbsp;<\/p>\n<h3><span style=\"font-family: helvetica, arial, sans-serif;\">Historial entre ambos equipos<\/span><\/h3>\n<ul>\n<li><span style=\"font-family: helvetica, arial, sans-serif;\">Real Madrid: 106 triunfos<\/span><\/li>\n<li><span style=\"font-family: helvetica, arial, sans-serif;\">Barcelona: 104 triunfos<\/span><\/li>\n<li><span style=\"font-family: helvetica, arial, sans-serif;\">Empates: 52<\/span><\/li>\n<\/ul>\n","protected":false},"excerpt":{"rendered":"<p>Real Madrid conquist\u00f3 el primer cl\u00e1sico de la temporada 2-1 ante Barcelona en el Estadio Santiago Bernab\u00e9u, durante la fecha 10 de LaLiga, con anotaciones de Kylian Mbapp\u00e9 y Jude Bellingham. El descuento lo marc\u00f3 Ferm\u00edn L\u00f3pez. Los dirigidos por Xabi Alonso mantuvieron el liderato y lo ampliaron 5 puntos por encima del conjunto catal\u00e1n, [&hellip;]<\/p>\n","protected":false},"author":4,"featured_media":125270,"comment_status":"open","ping_status":"closed","sticky":false,"template":"","format":"standard","meta":{"_acf_changed":false,"footnotes":""},"categories":[152],"tags":[],"class_list":{"0":"post-125266","1":"post","2":"type-post","3":"status-publish","4":"format-standard","5":"has-post-thumbnail","7":"category-mundo-futbol"},"acf":[],"_links":{"self":[{"href":"https:\/\/futbolhoy.co\/index.php\/wp-json\/wp\/v2\/posts\/125266","targetHints":{"allow":["GET"]}}],"collection":[{"href":"https:\/\/futbolhoy.co\/index.php\/wp-json\/wp\/v2\/posts"}],"about":[{"href":"https:\/\/futbolhoy.co\/index.php\/wp-json\/wp\/v2\/types\/post"}],"author":[{"embeddable":true,"href":"https:\/\/futbolhoy.co\/index.php\/wp-json\/wp\/v2\/users\/4"}],"replies":[{"embeddable":true,"href":"https:\/\/futbolhoy.co\/index.php\/wp-json\/wp\/v2\/comments?post=125266"}],"version-history":[{"count":4,"href":"https:\/\/futbolhoy.co\/index.php\/wp-json\/wp\/v2\/posts\/125266\/revisions"}],"predecessor-version":[{"id":125278,"href":"https:\/\/futbolhoy.co\/index.php\/wp-json\/wp\/v2\/posts\/125266\/revisions\/125278"}],"wp:featuredmedia":[{"embeddable":true,"href":"https:\/\/futbolhoy.co\/index.php\/wp-json\/wp\/v2\/media\/125270"}],"wp:attachment":[{"href":"https:\/\/futbolhoy.co\/index.php\/wp-json\/wp\/v2\/media?parent=125266"}],"wp:term":[{"taxonomy":"category","embeddable":true,"href":"https:\/\/futbolhoy.co\/index.php\/wp-json\/wp\/v2\/categories?post=125266"},{"taxonomy":"post_tag","embeddable":true,"href":"https:\/\/futbolhoy.co\/index.php\/wp-json\/wp\/v2\/tags?post=125266"}],"curies":[{"name":"wp","href":"https:\/\/api.w.org\/{rel}","templated":true}]}}