{"id":125279,"date":"2025-10-26T13:37:14","date_gmt":"2025-10-26T18:37:14","guid":{"rendered":"https:\/\/futbolhoy.co\/?p=125279"},"modified":"2025-10-27T08:45:20","modified_gmt":"2025-10-27T13:45:20","slug":"luis-suarez-se-reporto-con-golazo-en-sporting","status":"publish","type":"post","link":"https:\/\/futbolhoy.co\/index.php\/2025\/10\/26\/luis-suarez-se-reporto-con-golazo-en-sporting\/","title":{"rendered":"Luis Su\u00e1rez se report\u00f3 con golazo en Sporting"},"content":{"rendered":"<p style=\"text-align: justify;\"><span style=\"font-family: helvetica, arial, sans-serif;\"><strong>Luis Su\u00e1rez<\/strong> contin\u00faa en racha goleadora tras convertir el primer tanto de la victoria 3-0 sobre Tondela durante la fecha 9 de la Liga de Portugal.<\/span><\/p>\n<p style=\"text-align: justify;\"><span style=\"font-family: helvetica, arial, sans-serif;\">Gracias a este triunfo, el equipo ascendi\u00f3 al segundo puesto de la tabla de posiciones con 22 puntos, uno m\u00e1s que <strong>Benfica de Richard R\u00edos<\/strong>, y con los mismos de <strong>Porto<\/strong>, que es l\u00edder debido al criterio de desempate (enfrentamientos directos).<\/span><\/p>\n<h3 style=\"text-align: justify;\"><span style=\"font-family: helvetica, arial, sans-serif;\">Vea el golazo de Luis Su\u00e1rez<\/span><\/h3>\n<blockquote class=\"twitter-tweet\" data-media-max-width=\"560\">\n<p dir=\"ltr\" lang=\"es\">\ud83c\udde8\ud83c\uddf4\u00a1GOOOOOL DE LUIS SU\u00c1REZ EN PORTUGAL!<\/p>\n<p>\u2705El colombiano abri\u00f3 el marcador para el Sporting Club al minuto 18&#8242;<\/p>\n<p>\u26bd\ufe0fEsta es su s\u00e9ptima anotaci\u00f3n en la Liga Portuguesa<\/p>\n<p>\ud83d\udcfb\ud83d\udcf7<a href=\"https:\/\/twitter.com\/hashtag\/CaracolDeportesDomingo?src=hash&amp;ref_src=twsrc%5Etfw\">#CaracolDeportesDomingo<\/a> con TODOS los detalles<a href=\"https:\/\/t.co\/6wJXfhHBvV\">pic.twitter.com\/6wJXfhHBvV<\/a><\/p>\n<p>\u2014 El VBAR CARACOL (@VBarCaracol) <a href=\"https:\/\/twitter.com\/VBarCaracol\/status\/1982515556747256002?ref_src=twsrc%5Etfw\">October 26, 2025<\/a><\/p><\/blockquote>\n<p style=\"text-align: justify;\"><script async src=\"https:\/\/platform.twitter.com\/widgets.js\" charset=\"utf-8\"><\/script><span style=\"font-family: helvetica, arial, sans-serif;\">Este fue el gol n\u00famero 8 de <strong>Luis Su\u00e1rez<\/strong> en la temporada, y el s\u00e9ptimo en la competencia, desde su llegada al club para la temporada en curso, procedente de Almer\u00eda.<\/span><\/p>\n<p style=\"text-align: justify;\"><span style=\"font-family: helvetica, arial, sans-serif;\">Qued\u00f3 en el segundo puesto de la tabla de goleadores de la Liga de Portugal con Pablo (Gil Vicente),<strong> y a una anotaci\u00f3n de Vanelis Pavlidis (Benfica)<\/strong>.<\/span><\/p>\n<p style=\"text-align: justify;\"><span style=\"font-family: helvetica, arial, sans-serif;\">El samario de 27 a\u00f1os no solo busca un cupo en la <strong>Selecci\u00f3n Colombia<\/strong> para el Mundial 2026, sino que hace m\u00e9ritos para ser el delantero centro titular.<\/span><\/p>\n<p style=\"text-align: justify;\"><span style=\"font-family: helvetica, arial, sans-serif;\">Dos asistencias acompa\u00f1an la temporada de Luis Javier en <strong>14 participaciones<\/strong>.\u00a0<\/span><\/p>\n","protected":false},"excerpt":{"rendered":"<p>Luis Su\u00e1rez contin\u00faa en racha goleadora tras convertir el primer tanto de la victoria 3-0 sobre Tondela durante la fecha 9 de la Liga de Portugal. Gracias a este triunfo, el equipo ascendi\u00f3 al segundo puesto de la tabla de posiciones con 22 puntos, uno m\u00e1s que Benfica de Richard R\u00edos, y con los mismos [&hellip;]<\/p>\n","protected":false},"author":4,"featured_media":125280,"comment_status":"open","ping_status":"closed","sticky":false,"template":"","format":"standard","meta":{"_acf_changed":false,"footnotes":""},"categories":[418],"tags":[],"class_list":{"0":"post-125279","1":"post","2":"type-post","3":"status-publish","4":"format-standard","5":"has-post-thumbnail","7":"category-colombia"},"acf":[],"_links":{"self":[{"href":"https:\/\/futbolhoy.co\/index.php\/wp-json\/wp\/v2\/posts\/125279","targetHints":{"allow":["GET"]}}],"collection":[{"href":"https:\/\/futbolhoy.co\/index.php\/wp-json\/wp\/v2\/posts"}],"about":[{"href":"https:\/\/futbolhoy.co\/index.php\/wp-json\/wp\/v2\/types\/post"}],"author":[{"embeddable":true,"href":"https:\/\/futbolhoy.co\/index.php\/wp-json\/wp\/v2\/users\/4"}],"replies":[{"embeddable":true,"href":"https:\/\/futbolhoy.co\/index.php\/wp-json\/wp\/v2\/comments?post=125279"}],"version-history":[{"count":8,"href":"https:\/\/futbolhoy.co\/index.php\/wp-json\/wp\/v2\/posts\/125279\/revisions"}],"predecessor-version":[{"id":125288,"href":"https:\/\/futbolhoy.co\/index.php\/wp-json\/wp\/v2\/posts\/125279\/revisions\/125288"}],"wp:featuredmedia":[{"embeddable":true,"href":"https:\/\/futbolhoy.co\/index.php\/wp-json\/wp\/v2\/media\/125280"}],"wp:attachment":[{"href":"https:\/\/futbolhoy.co\/index.php\/wp-json\/wp\/v2\/media?parent=125279"}],"wp:term":[{"taxonomy":"category","embeddable":true,"href":"https:\/\/futbolhoy.co\/index.php\/wp-json\/wp\/v2\/categories?post=125279"},{"taxonomy":"post_tag","embeddable":true,"href":"https:\/\/futbolhoy.co\/index.php\/wp-json\/wp\/v2\/tags?post=125279"}],"curies":[{"name":"wp","href":"https:\/\/api.w.org\/{rel}","templated":true}]}}