{"id":12551,"date":"2018-01-24T18:47:21","date_gmt":"2018-01-24T23:47:21","guid":{"rendered":"http:\/\/futbolhoy.co\/?p=12551"},"modified":"2018-01-24T18:56:25","modified_gmt":"2018-01-24T23:56:25","slug":"real-madrid-eliminado-de-la-copa-del-rey","status":"publish","type":"post","link":"https:\/\/futbolhoy.co\/index.php\/2018\/01\/24\/real-madrid-eliminado-de-la-copa-del-rey\/","title":{"rendered":"Real Madrid eliminado de la Copa del Rey"},"content":{"rendered":"<div style=\"text-align: justify;\">\n<p><span style=\"font-size: medium;\">El\u00a0<strong>Real Madrid\u00a0<\/strong>mantuvo en su mala racha\u00a0y qued\u00f3 eliminado en los cuartos de final de la\u00a0<strong>Copa del Rey<\/strong>,\u00a0luego de perder como local en el\u00a0<strong>Santiago Bernab\u00e9u\u00a0<\/strong>contra el <strong>Legan\u00e9s<\/strong> 1-2 en el partido de vuelta, tras haber ganado en la ida 0-1.<\/span><\/p>\n<p><strong>Javier Eraso<\/strong> y el brasile\u00f1o <strong>Gabriel Pires<\/strong> marcaron los goles del visitante; mientras que el franc\u00e9s\u00a0<strong>Karim<\/strong> <strong>Benzema\u00a0<\/strong>hizo el descuento.<\/p>\n<p>En el conjunto &#8216;merengue&#8217; se destac\u00f3 la reaparici\u00f3n del capit\u00e1n\u00a0<strong>Sergio<\/strong> <strong>Ramos<\/strong>, recuperado de su lesi\u00f3n en el gemelo derecho.<\/p>\n<p>El\u00a0<strong>Legan\u00e9s\u00a0<\/strong>se clasific\u00f3 por primera vez en su historia para semifinales de este torneo, donde tambi\u00e9n avanzaron el <strong>Valencia<\/strong> y el <strong>Sevilla<\/strong>, a la espera de la definici\u00f3n de la serie entre\u00a0<strong>Barcelona\u00a0<\/strong>y <strong>Espanyol<\/strong> (0-1).<br \/>\n<span style=\"font-size: medium;\"><br \/>\n<\/span><\/p>\n<\/div>\n<div><\/div>\n","protected":false},"excerpt":{"rendered":"<p>El\u00a0Real Madrid\u00a0mantuvo en su mala racha\u00a0y qued\u00f3 eliminado en los cuartos de final de la\u00a0Copa del Rey,\u00a0luego de perder como local en el\u00a0Santiago Bernab\u00e9u\u00a0contra el Legan\u00e9s 1-2 en el partido de vuelta, tras haber ganado en la ida 0-1. Javier Eraso y el brasile\u00f1o Gabriel Pires marcaron los goles del visitante; mientras que el franc\u00e9s\u00a0Karim [&hellip;]<\/p>\n","protected":false},"author":5,"featured_media":12553,"comment_status":"open","ping_status":"closed","sticky":false,"template":"","format":"standard","meta":{"_acf_changed":false,"footnotes":""},"categories":[5,152],"tags":[257,593,110],"class_list":{"0":"post-12551","1":"post","2":"type-post","3":"status-publish","4":"format-standard","5":"has-post-thumbnail","7":"category-destacados","8":"category-mundo-futbol","9":"tag-copa-del-rey","10":"tag-leganes","11":"tag-real-madrid"},"acf":[],"_links":{"self":[{"href":"https:\/\/futbolhoy.co\/index.php\/wp-json\/wp\/v2\/posts\/12551","targetHints":{"allow":["GET"]}}],"collection":[{"href":"https:\/\/futbolhoy.co\/index.php\/wp-json\/wp\/v2\/posts"}],"about":[{"href":"https:\/\/futbolhoy.co\/index.php\/wp-json\/wp\/v2\/types\/post"}],"author":[{"embeddable":true,"href":"https:\/\/futbolhoy.co\/index.php\/wp-json\/wp\/v2\/users\/5"}],"replies":[{"embeddable":true,"href":"https:\/\/futbolhoy.co\/index.php\/wp-json\/wp\/v2\/comments?post=12551"}],"version-history":[{"count":7,"href":"https:\/\/futbolhoy.co\/index.php\/wp-json\/wp\/v2\/posts\/12551\/revisions"}],"predecessor-version":[{"id":12560,"href":"https:\/\/futbolhoy.co\/index.php\/wp-json\/wp\/v2\/posts\/12551\/revisions\/12560"}],"wp:featuredmedia":[{"embeddable":true,"href":"https:\/\/futbolhoy.co\/index.php\/wp-json\/wp\/v2\/media\/12553"}],"wp:attachment":[{"href":"https:\/\/futbolhoy.co\/index.php\/wp-json\/wp\/v2\/media?parent=12551"}],"wp:term":[{"taxonomy":"category","embeddable":true,"href":"https:\/\/futbolhoy.co\/index.php\/wp-json\/wp\/v2\/categories?post=12551"},{"taxonomy":"post_tag","embeddable":true,"href":"https:\/\/futbolhoy.co\/index.php\/wp-json\/wp\/v2\/tags?post=12551"}],"curies":[{"name":"wp","href":"https:\/\/api.w.org\/{rel}","templated":true}]}}