{"id":125559,"date":"2025-10-31T11:25:56","date_gmt":"2025-10-31T16:25:56","guid":{"rendered":"https:\/\/futbolhoy.co\/?p=125559"},"modified":"2025-11-02T09:00:32","modified_gmt":"2025-11-02T14:00:32","slug":"vincent-kompany-sobre-luis-diaz-no-necesita-descansar","status":"publish","type":"post","link":"https:\/\/futbolhoy.co\/index.php\/2025\/10\/31\/vincent-kompany-sobre-luis-diaz-no-necesita-descansar\/","title":{"rendered":"Vincent Kompany sobre Luis D\u00edaz: \u00abNo necesita descansar\u00bb"},"content":{"rendered":"<p style=\"text-align: justify;\"><span style=\"font-family: helvetica, arial, sans-serif;\"><strong>Luis D\u00edaz<\/strong> es uno de los jugadores que m\u00e1s minutos ha disputado con el <strong>Bayern<\/strong> <strong>M\u00fanich<\/strong> en la presente temporada. El extremo guajiro ha estado presente en los 14 partidos que ha disputado el club b\u00e1varo en esta campa\u00f1a.<\/span><\/p>\n<p style=\"text-align: justify;\"><span style=\"font-family: helvetica, arial, sans-serif;\">En la rueda de prensa previa al partido de este s\u00e1bado ante el <strong>Bayer<\/strong> <strong>Leverkusen<\/strong>, por la novena fecha de la <strong>Bundesliga<\/strong>, el t\u00e9cnico belga <strong>Vincent Kompany<\/strong> elogi\u00f3 la condici\u00f3n f\u00edsica del colombiano.<\/span><\/p>\n<p style=\"text-align: justify;\"><span style=\"font-family: helvetica, arial, sans-serif;\">\u201cTenemos una ligera ventaja porque est\u00e1 acostumbrado a esta m\u00e1xima intensidad. A lo largo de su carrera\u00a0<b>ha jugado con frecuencia tres partidos seguidos.\u00a0<\/b>Parece estar en plena forma y no hay indicios de que necesite descansar. Es humano, as\u00ed que puede suceder\u201d, coment\u00f3 sobre su condici\u00f3n.<\/span><\/p>\n<p style=\"text-align: justify;\"><span style=\"font-family: helvetica, arial, sans-serif;\">El entrenador del Bayern M\u00fanich a\u00f1adi\u00f3: \u201cCon 27 a\u00f1os, Lucho est\u00e1 en su mejor momento para afrontar este ritmo, pero si necesita un descanso, tenemos opciones disponibles. Por ahora,\u00a0<b>sin embargo, parece tener muchas ganas de jugar\u201d.<\/b><\/span><\/p>\n<p style=\"text-align: justify;\"><span style=\"font-family: helvetica, arial, sans-serif;\">Luis D\u00edaz registra ocho goles y cinco asistencias con el Bayern. Junto al ingl\u00e9s<strong> Harry Kane,<\/strong> el guajiro es uno de los dos futbolistas del plantel que ha marcado en todas las competencias esta temporada.<\/span><\/p>\n","protected":false},"excerpt":{"rendered":"<p>Luis D\u00edaz es uno de los jugadores que m\u00e1s minutos ha disputado con el Bayern M\u00fanich en la presente temporada. El extremo guajiro ha estado presente en los 14 partidos que ha disputado el club b\u00e1varo en esta campa\u00f1a. En la rueda de prensa previa al partido de este s\u00e1bado ante el Bayer Leverkusen, por [&hellip;]<\/p>\n","protected":false},"author":4,"featured_media":125560,"comment_status":"open","ping_status":"closed","sticky":false,"template":"","format":"standard","meta":{"_acf_changed":false,"footnotes":""},"categories":[418],"tags":[],"class_list":{"0":"post-125559","1":"post","2":"type-post","3":"status-publish","4":"format-standard","5":"has-post-thumbnail","7":"category-colombia"},"acf":[],"_links":{"self":[{"href":"https:\/\/futbolhoy.co\/index.php\/wp-json\/wp\/v2\/posts\/125559","targetHints":{"allow":["GET"]}}],"collection":[{"href":"https:\/\/futbolhoy.co\/index.php\/wp-json\/wp\/v2\/posts"}],"about":[{"href":"https:\/\/futbolhoy.co\/index.php\/wp-json\/wp\/v2\/types\/post"}],"author":[{"embeddable":true,"href":"https:\/\/futbolhoy.co\/index.php\/wp-json\/wp\/v2\/users\/4"}],"replies":[{"embeddable":true,"href":"https:\/\/futbolhoy.co\/index.php\/wp-json\/wp\/v2\/comments?post=125559"}],"version-history":[{"count":1,"href":"https:\/\/futbolhoy.co\/index.php\/wp-json\/wp\/v2\/posts\/125559\/revisions"}],"predecessor-version":[{"id":125561,"href":"https:\/\/futbolhoy.co\/index.php\/wp-json\/wp\/v2\/posts\/125559\/revisions\/125561"}],"wp:featuredmedia":[{"embeddable":true,"href":"https:\/\/futbolhoy.co\/index.php\/wp-json\/wp\/v2\/media\/125560"}],"wp:attachment":[{"href":"https:\/\/futbolhoy.co\/index.php\/wp-json\/wp\/v2\/media?parent=125559"}],"wp:term":[{"taxonomy":"category","embeddable":true,"href":"https:\/\/futbolhoy.co\/index.php\/wp-json\/wp\/v2\/categories?post=125559"},{"taxonomy":"post_tag","embeddable":true,"href":"https:\/\/futbolhoy.co\/index.php\/wp-json\/wp\/v2\/tags?post=125559"}],"curies":[{"name":"wp","href":"https:\/\/api.w.org\/{rel}","templated":true}]}}