{"id":125706,"date":"2025-11-04T12:13:53","date_gmt":"2025-11-04T17:13:53","guid":{"rendered":"https:\/\/futbolhoy.co\/?p=125706"},"modified":"2025-11-04T20:33:31","modified_gmt":"2025-11-05T01:33:31","slug":"colombia-debuto-con-empate-en-el-mundial-sub-17-de-qatar","status":"publish","type":"post","link":"https:\/\/futbolhoy.co\/index.php\/2025\/11\/04\/colombia-debuto-con-empate-en-el-mundial-sub-17-de-qatar\/","title":{"rendered":"Colombia debut\u00f3 con empate en el Mundial Sub-17 de Qatar"},"content":{"rendered":"<p style=\"text-align: justify;\"><span style=\"font-family: helvetica, arial, sans-serif;\">La<strong> Selecci\u00f3n Colombia Sub-17<\/strong> rescat\u00f3 un punto en su debut en el <strong>Mundial<\/strong> de la categor\u00eda, el cual se lleva a cabo en <strong>Qatar<\/strong> y cuenta con la presencia de 48 selecciones, por primera vez en la historia.<\/span><\/p>\n<p style=\"text-align: justify;\"><span style=\"font-family: helvetica, arial, sans-serif;\">Los dirigidos por <strong>Freddy Hurtado<\/strong> lograron reponerse al tempranero gol de <strong>Toni Langsteiner<\/strong> antes de que se cumpliera el primer minuto del partido.<\/span><\/p>\n<p style=\"text-align: justify;\"><span style=\"font-family: helvetica, arial, sans-serif;\">La Selecci\u00f3n sali\u00f3 decidido a buscar el empate en el encuentro, se hizo con la posesi\u00f3n de la pelota y consigui\u00f3 la merecida igualdad a los 57 minutos, con un remate de <strong>Juan Jos\u00e9 Cata\u00f1o<\/strong> desde fuera del \u00e1rea.<\/span><\/p>\n<p style=\"text-align: justify;\"><span style=\"font-family: helvetica, arial, sans-serif;\"><strong>Corea del Norte<\/strong> derrot\u00f3 5-0 a El <strong>Salvador,<\/strong> rival de Colombia el pr\u00f3ximo viernes, a partir de las 7:30AM.<\/span><\/p>\n","protected":false},"excerpt":{"rendered":"<p>La Selecci\u00f3n Colombia Sub-17 rescat\u00f3 un punto en su debut en el Mundial de la categor\u00eda, el cual se lleva a cabo en Qatar y cuenta con la presencia de 48 selecciones, por primera vez en la historia. Los dirigidos por Freddy Hurtado lograron reponerse al tempranero gol de Toni Langsteiner antes de que se [&hellip;]<\/p>\n","protected":false},"author":4,"featured_media":125708,"comment_status":"open","ping_status":"closed","sticky":false,"template":"","format":"standard","meta":{"_acf_changed":false,"footnotes":""},"categories":[153],"tags":[],"class_list":{"0":"post-125706","1":"post","2":"type-post","3":"status-publish","4":"format-standard","5":"has-post-thumbnail","7":"category-selecion-colombia"},"acf":[],"_links":{"self":[{"href":"https:\/\/futbolhoy.co\/index.php\/wp-json\/wp\/v2\/posts\/125706","targetHints":{"allow":["GET"]}}],"collection":[{"href":"https:\/\/futbolhoy.co\/index.php\/wp-json\/wp\/v2\/posts"}],"about":[{"href":"https:\/\/futbolhoy.co\/index.php\/wp-json\/wp\/v2\/types\/post"}],"author":[{"embeddable":true,"href":"https:\/\/futbolhoy.co\/index.php\/wp-json\/wp\/v2\/users\/4"}],"replies":[{"embeddable":true,"href":"https:\/\/futbolhoy.co\/index.php\/wp-json\/wp\/v2\/comments?post=125706"}],"version-history":[{"count":3,"href":"https:\/\/futbolhoy.co\/index.php\/wp-json\/wp\/v2\/posts\/125706\/revisions"}],"predecessor-version":[{"id":125711,"href":"https:\/\/futbolhoy.co\/index.php\/wp-json\/wp\/v2\/posts\/125706\/revisions\/125711"}],"wp:featuredmedia":[{"embeddable":true,"href":"https:\/\/futbolhoy.co\/index.php\/wp-json\/wp\/v2\/media\/125708"}],"wp:attachment":[{"href":"https:\/\/futbolhoy.co\/index.php\/wp-json\/wp\/v2\/media?parent=125706"}],"wp:term":[{"taxonomy":"category","embeddable":true,"href":"https:\/\/futbolhoy.co\/index.php\/wp-json\/wp\/v2\/categories?post=125706"},{"taxonomy":"post_tag","embeddable":true,"href":"https:\/\/futbolhoy.co\/index.php\/wp-json\/wp\/v2\/tags?post=125706"}],"curies":[{"name":"wp","href":"https:\/\/api.w.org\/{rel}","templated":true}]}}