{"id":125728,"date":"2025-11-04T18:06:26","date_gmt":"2025-11-04T23:06:26","guid":{"rendered":"https:\/\/futbolhoy.co\/?p=125728"},"modified":"2025-11-05T16:23:05","modified_gmt":"2025-11-05T21:23:05","slug":"luis-diaz-maximo-goleador-colombiano-en-la-historia-de-la-champions-league","status":"publish","type":"post","link":"https:\/\/futbolhoy.co\/index.php\/2025\/11\/04\/luis-diaz-maximo-goleador-colombiano-en-la-historia-de-la-champions-league\/","title":{"rendered":"Luis D\u00edaz, m\u00e1ximo goleador colombiano en la historia de la Champions League"},"content":{"rendered":"<p style=\"text-align: justify;\"><span style=\"font-family: helvetica, arial, sans-serif;\"><strong>El doblete de Luis D\u00edaz<\/strong> en la fecha 4 por Champions League con Bayern M\u00fanich ante PSG lo dej\u00f3 en la cima de los m\u00e1ximos goleadores colombianos en la historia de la competencia.<\/span><\/p>\n<p style=\"text-align: justify;\"><span style=\"font-family: helvetica, arial, sans-serif;\">El guajiro de 28 a\u00f1os lleg\u00f3 a <strong>14 tantos<\/strong> en el certamen de clubes m\u00e1s relevante del mundo, uno m\u00e1s que <strong>Jackson Mart\u00ednez <\/strong>y dos por delante de <strong>Radamel Falcao Garc\u00eda<\/strong>.<\/span><\/p>\n<p style=\"text-align: justify;\"><span style=\"font-family: helvetica, arial, sans-serif;\">As\u00ed qued\u00f3 la zona alta de los m\u00e1ximos goleadores colombianos en la Liga de Campeones<\/span><\/p>\n<ol style=\"text-align: justify;\">\n<li><span style=\"font-family: helvetica, arial, sans-serif;\">Luis D\u00edaz &#8211; 14 goles<\/span><\/li>\n<li><span style=\"font-family: helvetica, arial, sans-serif;\">Jackson Mart\u00ednez &#8211; 13 goles<\/span><\/li>\n<li><span style=\"font-family: helvetica, arial, sans-serif;\">Radamel Falcao &#8211; 12 goles<\/span><\/li>\n<li><span style=\"font-family: helvetica, arial, sans-serif;\">Duv\u00e1n Zapata &#8211; 8 goles<\/span><\/li>\n<li><span style=\"font-family: helvetica, arial, sans-serif;\">James Rodr\u00edguez &#8211; 5 goles<\/span><\/li>\n<li><span style=\"font-family: helvetica, arial, sans-serif;\">Luis Fernando Muriel &#8211; 5 goles<\/span><\/li>\n<li><span style=\"font-family: helvetica, arial, sans-serif;\">Felipe Pardo &#8211; 5 goles<\/span><\/li>\n<\/ol>\n<h2 style=\"text-align: justify;\"><span style=\"font-family: helvetica, arial, sans-serif;\">Todos los goles de Luis D\u00edaz en Champions League\u00a0<\/span><\/h2>\n<h3><span style=\"font-family: helvetica, arial, sans-serif;\">1. Primer gol &#8211; 13 de agosto de 2019<\/span><\/h3>\n<p style=\"text-align: justify;\"><span style=\"font-family: helvetica, arial, sans-serif;\">El colombiano marc\u00f3 su primer tanto en la Liga de Campeones con Porto <strong>ante Krasnodar de Rusia, en la ronda previa a la fase de grupos.<\/strong><\/span><\/p>\n<p style=\"text-align: justify;\"><span style=\"font-family: helvetica, arial, sans-serif;\">Fue en el partido de vuelta, en la derrota 2-3. En esta oportunidad, qued\u00f3 eliminado por la diferencia de goles como visitante, tras el global 3-3.\u00a0<\/span><\/p>\n<h3 style=\"text-align: justify;\"><span style=\"font-family: helvetica, arial, sans-serif;\">2. Segundo gol &#8211; 21 de octubre de 2020<\/span><\/h3>\n<p style=\"text-align: justify;\"><span style=\"font-family: helvetica, arial, sans-serif;\">El segundo tanto lleg\u00f3 ante el poderoso<strong> Manchester City de Pep Guardiola<\/strong>, en la fase de grupos. El resultado final, ese d\u00eda, favoreci\u00f3 al conjunto ingl\u00e9s 3-1.\u00a0<\/span><\/p>\n<p style=\"text-align: justify;\"><span style=\"font-family: helvetica, arial, sans-serif;\">En esta temporada, el equipo alcanz\u00f3 los cuartos de final y qued\u00f3 eliminado ante Chelsea, que posteriormente conquist\u00f3 el t\u00edtulo.<\/span><\/p>\n<h3 style=\"text-align: justify;\"><span style=\"font-family: helvetica, arial, sans-serif;\">3. Tercer gol &#8211; 3 de noviembre de 2020<\/span><\/h3>\n<p style=\"text-align: justify;\"><span style=\"font-family: helvetica, arial, sans-serif;\">En la misma edici\u00f3n, pero dos fechas despu\u00e9s, Luis D\u00edaz anot\u00f3 su tercero en la competencia. Esta vez frente a <strong>Olympique de Marsella<\/strong> en la victoria 3-0.\u00a0<\/span><\/p>\n<p style=\"text-align: justify;\"><span style=\"font-family: helvetica, arial, sans-serif;\">El colombiano sell\u00f3 la victoria que le sirvi\u00f3 al club para quedar en el segundo puesto del grupo (detr\u00e1s de Manchester City).<\/span><\/p>\n<h3 style=\"text-align: justify;\"><span style=\"font-family: helvetica, arial, sans-serif;\">4. Cuarto gol &#8211; 19 de octubre de 2021<\/span><\/h3>\n<p style=\"text-align: justify;\"><span style=\"font-family: helvetica, arial, sans-serif;\">En la siguiente temporada (la \u00faltima con Porto), <strong>Luis D\u00edaz marc\u00f3 el gol del triunfo 1-0 sobre Milan<\/strong>, en Portugal, durante la fecha 3.<\/span><\/p>\n<p style=\"text-align: justify;\"><span style=\"font-family: helvetica, arial, sans-serif;\">Aunque este fue el \u00fanico triunfo de &#8216;Los Dragones&#8217; en la edici\u00f3n 21-22, D\u00edaz tuvo la oportunidad de ampliar su racha en la competencia, en la siguiente jornada.<\/span><\/p>\n<h3 style=\"text-align: justify;\"><span style=\"font-family: helvetica, arial, sans-serif;\">5. Quinto gol &#8211; 3 de noviembre de 2021<\/span><\/h3>\n<p style=\"text-align: justify;\"><span style=\"font-family: helvetica, arial, sans-serif;\">Pese a que Porto cay\u00f3 eliminado en fase de grupos este a\u00f1o, el jugador con pasado en <strong>Junior de Barranquilla<\/strong> repiti\u00f3 la dosis frente al conjunto italiano, y marc\u00f3 el primer gol del empate 1-1 en la jornada posterior.<\/span><\/p>\n<h3 style=\"text-align: justify;\"><span style=\"font-family: helvetica, arial, sans-serif;\">6. Sexto gol &#8211; 5 de abril de 2022<\/span><\/h3>\n<p style=\"text-align: justify;\"><span style=\"font-family: helvetica, arial, sans-serif;\">Despu\u00e9s de disputar la fase de grupos con el conjunto portugu\u00e9s, Luis D\u00edaz capt\u00f3 el inter\u00e9s de J\u00fcrgen Klopp en Liverpool, y lleg\u00f3 en enero de 2022.<\/span><\/p>\n<p style=\"text-align: justify;\"><span style=\"font-family: helvetica, arial, sans-serif;\"><strong>Su primer tanto en una ronda de eliminaci\u00f3n directa, lleg\u00f3 ante Benfica<\/strong>, en el encuentro de ida por los cuartos de final, cuando en calidad de visitante marc\u00f3 en la victoria 1-3.<\/span><\/p>\n<h3 style=\"text-align: justify;\"><span style=\"font-family: helvetica, arial, sans-serif;\">7. S\u00e9ptimo gol &#8211; 6 de mayo de 2022<\/span><\/h3>\n<p style=\"text-align: justify;\"><span style=\"font-family: helvetica, arial, sans-serif;\">En la misma edici\u00f3n, &#8216;The Reds&#8217; llegaron hasta la final ante Real Madrid, donde cayeron 1-0. Sin embargo, en la semifinal de vuelta frente a <strong>Villarreal, Luis D\u00edaz anot\u00f3 el gol<\/strong> del empate 2-2, que encamin\u00f3 la remontada 2-3.<\/span><\/p>\n<h3 style=\"text-align: justify;\"><span style=\"font-family: helvetica, arial, sans-serif;\">8. Octavo gol &#8211; 9 de julio de 2022<\/span><\/h3>\n<p style=\"text-align: justify;\"><span style=\"font-family: helvetica, arial, sans-serif;\">La \u00fanica anotaci\u00f3n de Luis D\u00edaz durante la temporada 22-23, lleg\u00f3 en el primer compromiso de la fase de grupos ante<strong> N\u00e1poles<\/strong>, en la derrota 4-1.<\/span><\/p>\n<p style=\"text-align: justify;\"><span style=\"font-family: helvetica, arial, sans-serif;\">Debido a una lesi\u00f3n de rodilla, el guajiro solo jug\u00f3 3 partidos esta temporada, en Champions.<\/span><\/p>\n<h3 style=\"text-align: justify;\"><span style=\"font-family: helvetica, arial, sans-serif;\">9. Goles 9, 10 y 11 &#8211;\u00a0 5 de noviembre de 2024<\/span><\/h3>\n<p style=\"text-align: justify;\"><span style=\"font-family: helvetica, arial, sans-serif;\">Hasta la fecha, la mejor actuaci\u00f3n de<strong> Luis D\u00edaz en el torneo fue ante Bayer Leverkusen<\/strong> por la fecha 4 bajo el nuevo formato de la Champions League, con Liverpool.<\/span><\/p>\n<p style=\"text-align: justify;\"><span style=\"font-family: helvetica, arial, sans-serif;\"><strong>Marc\u00f3 hat trick<\/strong> y se llev\u00f3 el bal\u00f3n para su casa luego de la victoria 4-0 durante la temporada anterior, donde su equipo cay\u00f3 en los octavos de final ante PSG, por penales.<\/span><\/p>\n<h3 style=\"text-align: justify;\"><span style=\"font-family: helvetica, arial, sans-serif;\">10. Decimosegundo gol &#8211; 10 de octubre de 2025<\/span><\/h3>\n<p style=\"text-align: justify;\"><span style=\"font-family: helvetica, arial, sans-serif;\">Con Bayern M\u00fanich, el colombiano contin\u00faa haciendo historia. En la jornada anterior de la temporada en curso, convirti\u00f3 el tercero en la goleada 4-0 <strong>sobre Brujas<\/strong>.<\/span><\/p>\n<h3 style=\"text-align: justify;\"><span style=\"font-family: helvetica, arial, sans-serif;\">11. Goles 13 y 14 &#8211; 4 de noviembre de 2025<\/span><\/h3>\n<p style=\"text-align: justify;\"><span style=\"font-family: helvetica, arial, sans-serif;\">Durante la fecha 4, ante el vigente campe\u00f3n (PSG),<strong> &#8216;Lucho&#8217; anot\u00f3 el doblete de la victoria 1-2 en Francia<\/strong>, aunque debido a la expulsi\u00f3n en la \u00faltima jugada del primer tiempo, el jugador no pudo permanecer en campo.<\/span><\/p>\n","protected":false},"excerpt":{"rendered":"<p>El doblete de Luis D\u00edaz en la fecha 4 por Champions League con Bayern M\u00fanich ante PSG lo dej\u00f3 en la cima de los m\u00e1ximos goleadores colombianos en la historia de la competencia. El guajiro de 28 a\u00f1os lleg\u00f3 a 14 tantos en el certamen de clubes m\u00e1s relevante del mundo, uno m\u00e1s que Jackson [&hellip;]<\/p>\n","protected":false},"author":4,"featured_media":125731,"comment_status":"open","ping_status":"closed","sticky":false,"template":"","format":"standard","meta":{"_acf_changed":false,"footnotes":""},"categories":[153],"tags":[],"class_list":{"0":"post-125728","1":"post","2":"type-post","3":"status-publish","4":"format-standard","5":"has-post-thumbnail","7":"category-selecion-colombia"},"acf":[],"_links":{"self":[{"href":"https:\/\/futbolhoy.co\/index.php\/wp-json\/wp\/v2\/posts\/125728","targetHints":{"allow":["GET"]}}],"collection":[{"href":"https:\/\/futbolhoy.co\/index.php\/wp-json\/wp\/v2\/posts"}],"about":[{"href":"https:\/\/futbolhoy.co\/index.php\/wp-json\/wp\/v2\/types\/post"}],"author":[{"embeddable":true,"href":"https:\/\/futbolhoy.co\/index.php\/wp-json\/wp\/v2\/users\/4"}],"replies":[{"embeddable":true,"href":"https:\/\/futbolhoy.co\/index.php\/wp-json\/wp\/v2\/comments?post=125728"}],"version-history":[{"count":5,"href":"https:\/\/futbolhoy.co\/index.php\/wp-json\/wp\/v2\/posts\/125728\/revisions"}],"predecessor-version":[{"id":125742,"href":"https:\/\/futbolhoy.co\/index.php\/wp-json\/wp\/v2\/posts\/125728\/revisions\/125742"}],"wp:featuredmedia":[{"embeddable":true,"href":"https:\/\/futbolhoy.co\/index.php\/wp-json\/wp\/v2\/media\/125731"}],"wp:attachment":[{"href":"https:\/\/futbolhoy.co\/index.php\/wp-json\/wp\/v2\/media?parent=125728"}],"wp:term":[{"taxonomy":"category","embeddable":true,"href":"https:\/\/futbolhoy.co\/index.php\/wp-json\/wp\/v2\/categories?post=125728"},{"taxonomy":"post_tag","embeddable":true,"href":"https:\/\/futbolhoy.co\/index.php\/wp-json\/wp\/v2\/tags?post=125728"}],"curies":[{"name":"wp","href":"https:\/\/api.w.org\/{rel}","templated":true}]}}