{"id":125736,"date":"2025-11-04T19:36:46","date_gmt":"2025-11-05T00:36:46","guid":{"rendered":"https:\/\/futbolhoy.co\/?p=125736"},"modified":"2025-11-05T17:45:44","modified_gmt":"2025-11-05T22:45:44","slug":"la-seleccion-colombia-convocara-a-dayro-moreno-para-los-amistosos-de-noviembre","status":"publish","type":"post","link":"https:\/\/futbolhoy.co\/index.php\/2025\/11\/04\/la-seleccion-colombia-convocara-a-dayro-moreno-para-los-amistosos-de-noviembre\/","title":{"rendered":"\u00bfLa Selecci\u00f3n Colombia convocar\u00e1 a Dayro Moreno para los amistosos en noviembre?"},"content":{"rendered":"<p style=\"text-align: justify;\"><span style=\"font-family: helvetica, arial, sans-serif;\">El colombiano con m\u00e1s goles en la historia (373),<strong> Dayro Moreno<\/strong>, no estar\u00e1 disponible para el enfrentamiento entre <strong>Once Caldas<\/strong> y Deportivo Pasto por la fecha 18 de la Liga BetPlay.<\/span><\/p>\n<p style=\"text-align: justify;\"><span style=\"font-family: helvetica, arial, sans-serif;\">Esta solicitud la habr\u00eda realizado la <strong>Federaci\u00f3n Colombiana de F\u00fatbol<\/strong>, que busca que el atacante agilice los tr\u00e1mites necesarios para obtener su visa y as\u00ed poder disputar los compromisos amistosos frente a <strong>Nueva Zelanda y Australia<\/strong> en Estados Unidos.<\/span><\/p>\n<p style=\"text-align: justify;\"><span style=\"font-family: helvetica, arial, sans-serif;\">De acuerdo con la informaci\u00f3n revelada por el periodista Osvaldo Hern\u00e1ndez, en el diario <em>La Patria<\/em>, a trav\u00e9s de su cuenta oficial en &#8216;X&#8217;:<\/span><\/p>\n<p style=\"text-align: justify;\"><span style=\"font-family: helvetica, arial, sans-serif;\">\u00abEl atacante del Once Caldas viaj\u00f3 a Bogot\u00e1 para renovar o sacar la visa\u00bb, inform\u00f3.<\/span><\/p>\n<blockquote class=\"twitter-tweet\">\n<p dir=\"ltr\" lang=\"es\">Dayro Moreno, el goleador del Once Caldas y del f\u00fatbol colombiano, fue noticia hoy en el entrenamiento del Once Caldas.<a href=\"https:\/\/t.co\/2VOVy6BJUO\">https:\/\/t.co\/2VOVy6BJUO<\/a><\/p>\n<p>\u2014 Peri\u00f3dico LA PATRIA (@lapatriacom) <a href=\"https:\/\/twitter.com\/lapatriacom\/status\/1985800080025059483?ref_src=twsrc%5Etfw\">November 4, 2025<\/a><\/p><\/blockquote>\n<p style=\"text-align: justify;\"><script async src=\"https:\/\/platform.twitter.com\/widgets.js\" charset=\"utf-8\"><\/script><span style=\"font-family: helvetica, arial, sans-serif;\">Se espera que la lista de convocados por el t\u00e9cnico <strong>N\u00e9stor Lorenzo<\/strong> sea publicada entre el mi\u00e9rcoles 5 de noviembre y el viernes 8 del mismo mes.<\/span><\/p>\n<p style=\"text-align: justify;\"><span style=\"font-family: helvetica, arial, sans-serif;\">As\u00ed ser\u00e1n los \u00faltimos amistosos de Colombia en 2025:<\/span><\/p>\n<h3 style=\"text-align: justify;\"><span style=\"font-family: helvetica, arial, sans-serif;\">S\u00e1bado 15 de noviembre<\/span><\/h3>\n<ul style=\"text-align: justify;\">\n<li><span style=\"font-family: helvetica, arial, sans-serif;\">7:00 pm &#8211; Colombia vs. Nueva Zelanda\u00a0<\/span><\/li>\n<\/ul>\n<p style=\"text-align: justify;\"><span style=\"font-family: helvetica, arial, sans-serif;\">Chase Stadium, Fort Lauderdale, Florida<\/span><\/p>\n<h3 style=\"text-align: justify;\"><span style=\"font-family: helvetica, arial, sans-serif;\">Martes 18 de noviembre<\/span><\/h3>\n<ul style=\"text-align: justify;\">\n<li><span style=\"font-family: helvetica, arial, sans-serif;\">8:00 pm &#8211; Colombia vs. Australia\u00a0<\/span><\/li>\n<\/ul>\n<p style=\"text-align: justify;\"><span style=\"font-family: helvetica, arial, sans-serif;\">Citi Field, Nueva York.<\/span><\/p>\n<h3 style=\"text-align: justify;\"><span style=\"font-family: helvetica, arial, sans-serif;\">Once Caldas buscar\u00eda los cuadrangulares sin el goleador<\/span><\/h3>\n<p style=\"text-align: justify;\"><span style=\"font-family: helvetica, arial, sans-serif;\">Por su parte, los dirigidos por el t\u00e9cnico Hern\u00e1n Dar\u00edo Herrera deben vencer al Pasto para mantener viva la ilusi\u00f3n de llegar a los cuadrangulares finales, y <strong>Luis &#8216;Niche&#8217; S\u00e1nchez, tambi\u00e9n se sumar\u00eda a los ausentes<\/strong>, producto de una molestia que surgi\u00f3 en el partido de vuelta por Copa frente a Atl\u00e9tico Nacional.<\/span><\/p>\n<p style=\"text-align: justify;\"><span style=\"font-family: helvetica, arial, sans-serif;\">El compromiso est\u00e1 programado para el domingo 9 de noviembre a partir de las <strong>2:00 pm<\/strong> en el Estadio Palogrande de Manizales.<\/span><\/p>\n<p style=\"text-align: justify;\">\n","protected":false},"excerpt":{"rendered":"<p>El colombiano con m\u00e1s goles en la historia (373), Dayro Moreno, no estar\u00e1 disponible para el enfrentamiento entre Once Caldas y Deportivo Pasto por la fecha 18 de la Liga BetPlay. Esta solicitud la habr\u00eda realizado la Federaci\u00f3n Colombiana de F\u00fatbol, que busca que el atacante agilice los tr\u00e1mites necesarios para obtener su visa y [&hellip;]<\/p>\n","protected":false},"author":4,"featured_media":125737,"comment_status":"open","ping_status":"closed","sticky":false,"template":"","format":"standard","meta":{"_acf_changed":false,"footnotes":""},"categories":[153],"tags":[],"class_list":{"0":"post-125736","1":"post","2":"type-post","3":"status-publish","4":"format-standard","5":"has-post-thumbnail","7":"category-selecion-colombia"},"acf":[],"_links":{"self":[{"href":"https:\/\/futbolhoy.co\/index.php\/wp-json\/wp\/v2\/posts\/125736","targetHints":{"allow":["GET"]}}],"collection":[{"href":"https:\/\/futbolhoy.co\/index.php\/wp-json\/wp\/v2\/posts"}],"about":[{"href":"https:\/\/futbolhoy.co\/index.php\/wp-json\/wp\/v2\/types\/post"}],"author":[{"embeddable":true,"href":"https:\/\/futbolhoy.co\/index.php\/wp-json\/wp\/v2\/users\/4"}],"replies":[{"embeddable":true,"href":"https:\/\/futbolhoy.co\/index.php\/wp-json\/wp\/v2\/comments?post=125736"}],"version-history":[{"count":4,"href":"https:\/\/futbolhoy.co\/index.php\/wp-json\/wp\/v2\/posts\/125736\/revisions"}],"predecessor-version":[{"id":125741,"href":"https:\/\/futbolhoy.co\/index.php\/wp-json\/wp\/v2\/posts\/125736\/revisions\/125741"}],"wp:featuredmedia":[{"embeddable":true,"href":"https:\/\/futbolhoy.co\/index.php\/wp-json\/wp\/v2\/media\/125737"}],"wp:attachment":[{"href":"https:\/\/futbolhoy.co\/index.php\/wp-json\/wp\/v2\/media?parent=125736"}],"wp:term":[{"taxonomy":"category","embeddable":true,"href":"https:\/\/futbolhoy.co\/index.php\/wp-json\/wp\/v2\/categories?post=125736"},{"taxonomy":"post_tag","embeddable":true,"href":"https:\/\/futbolhoy.co\/index.php\/wp-json\/wp\/v2\/tags?post=125736"}],"curies":[{"name":"wp","href":"https:\/\/api.w.org\/{rel}","templated":true}]}}