{"id":125743,"date":"2025-11-04T20:52:42","date_gmt":"2025-11-05T01:52:42","guid":{"rendered":"https:\/\/futbolhoy.co\/?p=125743"},"modified":"2025-11-05T19:49:49","modified_gmt":"2025-11-06T00:49:49","slug":"kompany-respaldo-a-luis-diaz-tras-lesionar-a-hakimi","status":"publish","type":"post","link":"https:\/\/futbolhoy.co\/index.php\/2025\/11\/04\/kompany-respaldo-a-luis-diaz-tras-lesionar-a-hakimi\/","title":{"rendered":"Kompany respald\u00f3 a Luis D\u00edaz tras lesionar a Hakimi"},"content":{"rendered":"<p style=\"text-align: justify;\"><span style=\"font-family: helvetica, arial, sans-serif;\">El entrenador del Bayern de M\u00fanich, <strong>Vincent Kompany<\/strong>, dese\u00f3 una pronta recuperaci\u00f3n al marroqu\u00ed <strong>Achraf Hakimi<\/strong>, que abandon\u00f3 el terreno de juego lesionado por una entrada de <strong>Luis D\u00edaz<\/strong>.<\/span><\/p>\n<p style=\"text-align: justify;\"><span style=\"font-family: helvetica, arial, sans-serif;\">\u00abEspero que se recupere pronto, es algo terrible, nosotros lo sufrimos la temporada pasada con Musiala\u00bb, dijo el t\u00e9cnico tras imponerse sobre <strong>Par\u00eds Saint-Germain<\/strong> 1-2.<\/span><\/p>\n<p style=\"text-align: justify;\"><span style=\"font-family: helvetica, arial, sans-serif;\">\u00ab<strong>No creo que Diaz le haya lesionado a prop\u00f3sito<\/strong>, es una pena por Hakimi, pero era un partido de una gran intensidad y hay momentos de mala suerte en los que estas cosas pueden pasar\u00bb, analiz\u00f3.<\/span><\/p>\n<p style=\"text-align: justify;\"><span style=\"font-family: helvetica, arial, sans-serif;\">El t\u00e9cnico se mostr\u00f3 satisfecho de la racha de 16 victorias que encadena su equipo, pero se\u00f1al\u00f3 que la clave est\u00e1 en \u00abempezar cada partido como si fuera el primero\u00bb.<\/span><\/p>\n<p style=\"text-align: justify;\"><span style=\"font-family: helvetica, arial, sans-serif;\">\u00abPor ahora no hemos ganado nada, el campe\u00f3n de la Champions League todav\u00eda no se ha decidido, hay que seguir trabajando con la misma fuerza para proseguir esta racha\u00bb, se\u00f1al\u00f3.<\/span><\/p>\n<p style=\"text-align: justify;\"><span style=\"font-family: helvetica, arial, sans-serif;\">Despu\u00e9s de ver la tarjeta roja directa, en primera instancia, <strong>&#8216;Lucho&#8217; se perder\u00e1 el partido ante Arsenal<\/strong> en la siguiente jornada de Champions.<\/span><\/p>\n<p style=\"text-align: justify;\"><span style=\"font-family: helvetica, arial, sans-serif;\">Sin embargo, de acuerdo con el reglamento UEFA, esta sanci\u00f3n podr\u00eda extenderse al contemplar:<\/span><\/p>\n<p style=\"text-align: justify;\"><span style=\"font-family: helvetica, arial, sans-serif;\">\u00abEn caso de una infracci\u00f3n grave, el Comit\u00e9 de Control, \u00c9tica y Disciplina de la UEFA tiene derecho a aumentar este castigo, incluso extendi\u00e9ndolo a otras competiciones\u00bb, explican las normas de la competencia.<\/span><\/p>\n<p style=\"text-align: justify;\"><span style=\"font-family: helvetica, arial, sans-serif;\">Seg\u00fan la estad\u00edstica de <em>MisterChip<\/em>, el guajiro se convirti\u00f3 en el primer jugador de la historia en conseguir un doblete y ser expulsado en la primera parte de un partido de Liga de Campeones.<\/span><\/p>\n<blockquote class=\"twitter-tweet\">\n<p dir=\"ltr\" lang=\"es\"><a href=\"https:\/\/twitter.com\/hashtag\/OJOALDATO?src=hash&amp;ref_src=twsrc%5Etfw\">#OJOALDATO<\/a> &#8211; Luis D\u00edaz es el PRIMER jugador con DOBLETE y EXPULSI\u00d3N en el PRIMER tiempo en TODA la historia de la UEFA Champions League.<\/p>\n<p>\u2014 MisterChip (Alexis) (@2010MisterChip) <a href=\"https:\/\/twitter.com\/2010MisterChip\/status\/1985813418436124989?ref_src=twsrc%5Etfw\">November 4, 2025<\/a><\/p><\/blockquote>\n<h3 style=\"text-align: justify;\"><script async src=\"https:\/\/platform.twitter.com\/widgets.js\" charset=\"utf-8\"><\/script><span style=\"font-family: helvetica, arial, sans-serif;\">Pr\u00f3ximo partido de Luis D\u00edaz con Bayern M\u00fanich<\/span><\/h3>\n<p style=\"text-align: justify;\"><span style=\"font-family: helvetica, arial, sans-serif;\">Luego de ser el \u00fanico equipo, junto a Arsenal con puntaje perfecto en 4 compromisos disputados, el conjunto &#8216;B\u00e1varo&#8217; debe preparar el duelo ante <strong>Uni\u00f3n Berl\u00edn por Bundesliga<\/strong>.<\/span><\/p>\n<p style=\"text-align: justify;\"><span style=\"font-family: helvetica, arial, sans-serif;\">El encuentro v\u00e1lido por la fecha 11 est\u00e1 programado para el s\u00e1bado <strong>8 de noviembre a partir de las 9:30 pm<\/strong> (hora Colombia) en el Estadio An der Alten F\u00f6rsterei, de la capital de Alemania.<\/span><\/p>\n<p>&nbsp;<\/p>\n","protected":false},"excerpt":{"rendered":"<p>El entrenador del Bayern de M\u00fanich, Vincent Kompany, dese\u00f3 una pronta recuperaci\u00f3n al marroqu\u00ed Achraf Hakimi, que abandon\u00f3 el terreno de juego lesionado por una entrada de Luis D\u00edaz. \u00abEspero que se recupere pronto, es algo terrible, nosotros lo sufrimos la temporada pasada con Musiala\u00bb, dijo el t\u00e9cnico tras imponerse sobre Par\u00eds Saint-Germain 1-2. \u00abNo [&hellip;]<\/p>\n","protected":false},"author":4,"featured_media":125744,"comment_status":"open","ping_status":"closed","sticky":false,"template":"","format":"standard","meta":{"_acf_changed":false,"footnotes":""},"categories":[4],"tags":[],"class_list":{"0":"post-125743","1":"post","2":"type-post","3":"status-publish","4":"format-standard","5":"has-post-thumbnail","7":"category-champions-league"},"acf":[],"_links":{"self":[{"href":"https:\/\/futbolhoy.co\/index.php\/wp-json\/wp\/v2\/posts\/125743","targetHints":{"allow":["GET"]}}],"collection":[{"href":"https:\/\/futbolhoy.co\/index.php\/wp-json\/wp\/v2\/posts"}],"about":[{"href":"https:\/\/futbolhoy.co\/index.php\/wp-json\/wp\/v2\/types\/post"}],"author":[{"embeddable":true,"href":"https:\/\/futbolhoy.co\/index.php\/wp-json\/wp\/v2\/users\/4"}],"replies":[{"embeddable":true,"href":"https:\/\/futbolhoy.co\/index.php\/wp-json\/wp\/v2\/comments?post=125743"}],"version-history":[{"count":2,"href":"https:\/\/futbolhoy.co\/index.php\/wp-json\/wp\/v2\/posts\/125743\/revisions"}],"predecessor-version":[{"id":125746,"href":"https:\/\/futbolhoy.co\/index.php\/wp-json\/wp\/v2\/posts\/125743\/revisions\/125746"}],"wp:featuredmedia":[{"embeddable":true,"href":"https:\/\/futbolhoy.co\/index.php\/wp-json\/wp\/v2\/media\/125744"}],"wp:attachment":[{"href":"https:\/\/futbolhoy.co\/index.php\/wp-json\/wp\/v2\/media?parent=125743"}],"wp:term":[{"taxonomy":"category","embeddable":true,"href":"https:\/\/futbolhoy.co\/index.php\/wp-json\/wp\/v2\/categories?post=125743"},{"taxonomy":"post_tag","embeddable":true,"href":"https:\/\/futbolhoy.co\/index.php\/wp-json\/wp\/v2\/tags?post=125743"}],"curies":[{"name":"wp","href":"https:\/\/api.w.org\/{rel}","templated":true}]}}