{"id":125770,"date":"2025-11-05T20:05:10","date_gmt":"2025-11-06T01:05:10","guid":{"rendered":"https:\/\/futbolhoy.co\/?p=125770"},"modified":"2025-11-06T15:43:50","modified_gmt":"2025-11-06T20:43:50","slug":"camilo-vargas-autocritico-sobre-el-presente-de-atlas-hemos-quedado-a-deber","status":"publish","type":"post","link":"https:\/\/futbolhoy.co\/index.php\/2025\/11\/05\/camilo-vargas-autocritico-sobre-el-presente-de-atlas-hemos-quedado-a-deber\/","title":{"rendered":"Camilo Vargas, autocr\u00edtico sobre el presente de Atlas: \u00abHemos quedado a deber\u00bb"},"content":{"rendered":"<p style=\"text-align: justify;\"><span style=\"font-family: helvetica, arial, sans-serif;\">El colombiano <strong>Camilo Vargas<\/strong>, portero del <strong>Atlas<\/strong> del f\u00fatbol mexicano, reconoci\u00f3 este mi\u00e9rcoles que los resultados de su equipo pudieron ser mejores, pero a\u00fan as\u00ed merece clasificar a los cuartos de final del la Liga MX.<\/span><\/p>\n<p style=\"text-align: justify;\"><span style=\"font-family: helvetica, arial, sans-serif;\">\u00abHemos quedado a deber; los resultados no son los mejores. Somos responsables de eso porque somos los que tomamos las decisiones dentro del terreno de juego y en ese sentido tenemos que dar lo mejor para poner la instituci\u00f3n en lo m\u00e1s alto\u00bb, se\u00f1al\u00f3.<\/span><\/p>\n<p style=\"text-align: justify;\"><span style=\"font-family: helvetica, arial, sans-serif;\">Los Rojinegros del entrenador argentino <strong>Diego Cocca<\/strong> empataron el pasado fin de semana con el campe\u00f3n <strong>Toluca<\/strong> y conservaron las posibilidades de acceder a la liguilla de los ocho mejores del campeonato, lo que, seg\u00fan el colombiano, merecen.<\/span><\/p>\n<p style=\"text-align: justify;\"><span style=\"font-family: helvetica, arial, sans-serif;\">\u00ab<strong>Nos lo hemos ganado<\/strong>. Ha sido una temporada dif\u00edcil con un cambio de t\u00e9cnico y es de resaltar la adaptaci\u00f3n del grupo a la idea de juego del nuevo entrenador\u00bb, dijo en conferencia de prensa.<\/span><\/p>\n<p style=\"text-align: justify;\"><span style=\"font-family: helvetica, arial, sans-serif;\">Vargas, titular en la selecci\u00f3n dirigida por el t\u00e9cnico <strong>N\u00e9stor Lorenzo<\/strong>, lament\u00f3 que Atlas dependa del desempe\u00f1o de otros equipos para pelear un lugar en los cuartos de final y asegur\u00f3 que el plantel es responsable de la irregularidad que han demostrado.<\/span><\/p>\n<p style=\"text-align: justify;\"><span style=\"font-family: helvetica, arial, sans-serif;\">Los Rojinegros ocupan la duod\u00e9cima posici\u00f3n del campeonato, con la segunda peor defensiva del torneo con 33 goles en contra.<\/span><\/p>\n<p style=\"text-align: justify;\"><span style=\"font-family: helvetica, arial, sans-serif;\">Para colocarse entre los primeros 10 del torneo y pelear la repesca, Atlas necesita derrotar el viernes a los <strong>Xolos de Tijuana<\/strong> y esperar una combinaci\u00f3n de resultados de varios equipos.<\/span><\/p>\n<h3 style=\"text-align: justify;\"><span style=\"font-family: helvetica, arial, sans-serif;\">Camilo Vargas sobre el presente del siguiente rival<\/span><\/h3>\n<blockquote class=\"twitter-tweet\" data-media-max-width=\"560\">\n<p dir=\"ltr\" lang=\"es\">CERRAR EL PASE A PLAY IN EN TIJUANA\ud83d\udd34\u26ab\ufe0f<\/p>\n<p>Camilo Vargas es consciente que el partido ante Xolos es vital y tiene el deseo de clasificar.<a href=\"https:\/\/twitter.com\/notijaliscotv_?ref_src=twsrc%5Etfw\">@notijaliscotv_<\/a> <a href=\"https:\/\/t.co\/OxAzfESnOv\">pic.twitter.com\/OxAzfESnOv<\/a><\/p>\n<p>\u2014 Duro de Marcar (@DurodeMarcarGDL) <a href=\"https:\/\/twitter.com\/DurodeMarcarGDL\/status\/1986095268735983931?ref_src=twsrc%5Etfw\">November 5, 2025<\/a><\/p><\/blockquote>\n<p style=\"text-align: justify;\"><script async src=\"https:\/\/platform.twitter.com\/widgets.js\" charset=\"utf-8\"><\/script><span style=\"font-family: helvetica, arial, sans-serif;\">Vargas consider\u00f3 que Atlas puede aprovechar la mala racha de Xolos que inici\u00f3 fuerte el torneo, pero no ha encontrado la victoria en sus \u00faltimos cinco compromisos.<\/span><\/p>\n<p style=\"text-align: justify;\"><span style=\"font-family: helvetica, arial, sans-serif;\">\u00abSaldremos con el deseo y la ilusi\u00f3n de clasificar, <strong>el rival ha dejado de sumar pero es fuerte<\/strong>, con una identidad. Lo m\u00e1s importante es lo que nosotros queramos y podamos hacer\u00bb, declar\u00f3.<\/span><\/p>\n<p style=\"text-align: justify;\"><span style=\"font-family: helvetica, arial, sans-serif;\">El arquero habl\u00f3 de su deseo de seguir en el club mexicano al que lleg\u00f3 en 2019 y con el que conquist\u00f3 los t\u00edtulos del Apertura <strong>2021<\/strong> y el Clausura <strong>2022<\/strong>, luego de 70 a\u00f1os de que el club no levantaba una copa.<\/span><\/p>\n<p style=\"text-align: justify;\"><span style=\"font-family: helvetica, arial, sans-serif;\">\u00ab<strong>Mi deseo es continuar<\/strong>; en todos estos a\u00f1os he tenido una relaci\u00f3n abierta con la directiva. Lo m\u00e1s importante ser\u00e1 el viernes (el partido con Tijuana) y m\u00e1s adelante esperemos que tiene la instituci\u00f3n para m\u00ed\u00bb, concluy\u00f3.<\/span><\/p>\n","protected":false},"excerpt":{"rendered":"<p>El colombiano Camilo Vargas, portero del Atlas del f\u00fatbol mexicano, reconoci\u00f3 este mi\u00e9rcoles que los resultados de su equipo pudieron ser mejores, pero a\u00fan as\u00ed merece clasificar a los cuartos de final del la Liga MX. \u00abHemos quedado a deber; los resultados no son los mejores. Somos responsables de eso porque somos los que tomamos [&hellip;]<\/p>\n","protected":false},"author":4,"featured_media":125771,"comment_status":"open","ping_status":"closed","sticky":false,"template":"","format":"standard","meta":{"_acf_changed":false,"footnotes":""},"categories":[153],"tags":[],"class_list":{"0":"post-125770","1":"post","2":"type-post","3":"status-publish","4":"format-standard","5":"has-post-thumbnail","7":"category-selecion-colombia"},"acf":[],"_links":{"self":[{"href":"https:\/\/futbolhoy.co\/index.php\/wp-json\/wp\/v2\/posts\/125770","targetHints":{"allow":["GET"]}}],"collection":[{"href":"https:\/\/futbolhoy.co\/index.php\/wp-json\/wp\/v2\/posts"}],"about":[{"href":"https:\/\/futbolhoy.co\/index.php\/wp-json\/wp\/v2\/types\/post"}],"author":[{"embeddable":true,"href":"https:\/\/futbolhoy.co\/index.php\/wp-json\/wp\/v2\/users\/4"}],"replies":[{"embeddable":true,"href":"https:\/\/futbolhoy.co\/index.php\/wp-json\/wp\/v2\/comments?post=125770"}],"version-history":[{"count":2,"href":"https:\/\/futbolhoy.co\/index.php\/wp-json\/wp\/v2\/posts\/125770\/revisions"}],"predecessor-version":[{"id":125775,"href":"https:\/\/futbolhoy.co\/index.php\/wp-json\/wp\/v2\/posts\/125770\/revisions\/125775"}],"wp:featuredmedia":[{"embeddable":true,"href":"https:\/\/futbolhoy.co\/index.php\/wp-json\/wp\/v2\/media\/125771"}],"wp:attachment":[{"href":"https:\/\/futbolhoy.co\/index.php\/wp-json\/wp\/v2\/media?parent=125770"}],"wp:term":[{"taxonomy":"category","embeddable":true,"href":"https:\/\/futbolhoy.co\/index.php\/wp-json\/wp\/v2\/categories?post=125770"},{"taxonomy":"post_tag","embeddable":true,"href":"https:\/\/futbolhoy.co\/index.php\/wp-json\/wp\/v2\/tags?post=125770"}],"curies":[{"name":"wp","href":"https:\/\/api.w.org\/{rel}","templated":true}]}}