{"id":125784,"date":"2025-11-06T09:17:40","date_gmt":"2025-11-06T14:17:40","guid":{"rendered":"https:\/\/futbolhoy.co\/?p=125784"},"modified":"2025-11-06T20:17:37","modified_gmt":"2025-11-07T01:17:37","slug":"sebastian-villa-campeon-y-figura-de-la-copa-argentina","status":"publish","type":"post","link":"https:\/\/futbolhoy.co\/index.php\/2025\/11\/06\/sebastian-villa-campeon-y-figura-de-la-copa-argentina\/","title":{"rendered":"Sebasti\u00e1n Villa, campe\u00f3n y figura de la Copa Argentina"},"content":{"rendered":"<p style=\"text-align: justify;\"><span style=\"font-family: helvetica, arial, sans-serif;\"><strong>Independiente Rivadavia<\/strong> hizo historia en el f\u00fatbol argentino. El modesto equipo mendocino se consagr\u00f3 campe\u00f3n de la <strong>Copa<\/strong>\u00a0<strong>Argentina,<\/strong> por primera vez en su historia, y, por ende, clasific\u00f3 por primera vez a la final de la <strong>Copa Libertadores. <\/strong>El colombiano<strong> Sebasti\u00e1n Villa<\/strong> fue la gran figura del t\u00edtulo.<\/span><\/p>\n<p style=\"text-align: justify;\"><span style=\"font-family: helvetica, arial, sans-serif;\">En los 90 minutos de la final, disputada en el estadio de <strong>Instituto,<\/strong> el juego termin\u00f3 empatado 2-2 ante Argentinos Juniors. Villa asisti\u00f3 a <strong>Mat\u00edas Fern\u00e1ndez<\/strong> a los 62 minutos, en el que fue el 2-0 parcial; el primer gol del partido lo hab\u00eda marcado <strong>Alex Arce<\/strong> al minuto 9.<\/span><\/p>\n<p style=\"text-align: justify;\"><span style=\"font-family: helvetica, arial, sans-serif;\">Argentinos remont\u00f3 e igual\u00f3 con tantos de <strong>Alan Lescano,<\/strong> al minuto 64, y de <strong>Erik Godoy,<\/strong> este \u00faltimo en el cierre a los 90+8 minutos.<\/span><\/p>\n<p style=\"text-align: justify;\"><span style=\"font-family: helvetica, arial, sans-serif;\">Villa termin\u00f3 de consagrarse como figura al anotar el penalti definitivo y del t\u00edtulo, sellando el triunfo 5-3 en la definici\u00f3n desde el punto blanco.<\/span><\/p>\n<blockquote class=\"twitter-tweet\" data-media-max-width=\"560\">\n<p dir=\"ltr\" lang=\"es\">\u00a1INDEPENDIENTE RIVADAVIA ES EL CAMPE\u00d3N DE LA COPA ARGENTINA 2025!<\/p>\n<p>Villa convirti\u00f3 el penal consagratorio para todo el delirio de la Lepra Mendocina. <a href=\"https:\/\/twitter.com\/hashtag\/CopaAregntinaEnTyCSports?src=hash&amp;ref_src=twsrc%5Etfw\">#CopaAregntinaEnTyCSports<\/a> <a href=\"https:\/\/t.co\/gmUZIhazlF\">pic.twitter.com\/gmUZIhazlF<\/a><\/p>\n<p>\u2014 TyC Sports (@TyCSports) <a href=\"https:\/\/twitter.com\/TyCSports\/status\/1986262626142142763?ref_src=twsrc%5Etfw\">November 6, 2025<\/a><\/p><\/blockquote>\n<p><script async src=\"https:\/\/platform.twitter.com\/widgets.js\" charset=\"utf-8\"><\/script><\/p>\n","protected":false},"excerpt":{"rendered":"<p>Independiente Rivadavia hizo historia en el f\u00fatbol argentino. El modesto equipo mendocino se consagr\u00f3 campe\u00f3n de la Copa\u00a0Argentina, por primera vez en su historia, y, por ende, clasific\u00f3 por primera vez a la final de la Copa Libertadores. El colombiano Sebasti\u00e1n Villa fue la gran figura del t\u00edtulo. En los 90 minutos de la final, [&hellip;]<\/p>\n","protected":false},"author":4,"featured_media":125785,"comment_status":"open","ping_status":"closed","sticky":false,"template":"","format":"standard","meta":{"_acf_changed":false,"footnotes":""},"categories":[152],"tags":[],"class_list":{"0":"post-125784","1":"post","2":"type-post","3":"status-publish","4":"format-standard","5":"has-post-thumbnail","7":"category-mundo-futbol"},"acf":[],"_links":{"self":[{"href":"https:\/\/futbolhoy.co\/index.php\/wp-json\/wp\/v2\/posts\/125784","targetHints":{"allow":["GET"]}}],"collection":[{"href":"https:\/\/futbolhoy.co\/index.php\/wp-json\/wp\/v2\/posts"}],"about":[{"href":"https:\/\/futbolhoy.co\/index.php\/wp-json\/wp\/v2\/types\/post"}],"author":[{"embeddable":true,"href":"https:\/\/futbolhoy.co\/index.php\/wp-json\/wp\/v2\/users\/4"}],"replies":[{"embeddable":true,"href":"https:\/\/futbolhoy.co\/index.php\/wp-json\/wp\/v2\/comments?post=125784"}],"version-history":[{"count":3,"href":"https:\/\/futbolhoy.co\/index.php\/wp-json\/wp\/v2\/posts\/125784\/revisions"}],"predecessor-version":[{"id":125803,"href":"https:\/\/futbolhoy.co\/index.php\/wp-json\/wp\/v2\/posts\/125784\/revisions\/125803"}],"wp:featuredmedia":[{"embeddable":true,"href":"https:\/\/futbolhoy.co\/index.php\/wp-json\/wp\/v2\/media\/125785"}],"wp:attachment":[{"href":"https:\/\/futbolhoy.co\/index.php\/wp-json\/wp\/v2\/media?parent=125784"}],"wp:term":[{"taxonomy":"category","embeddable":true,"href":"https:\/\/futbolhoy.co\/index.php\/wp-json\/wp\/v2\/categories?post=125784"},{"taxonomy":"post_tag","embeddable":true,"href":"https:\/\/futbolhoy.co\/index.php\/wp-json\/wp\/v2\/tags?post=125784"}],"curies":[{"name":"wp","href":"https:\/\/api.w.org\/{rel}","templated":true}]}}