{"id":125787,"date":"2025-11-06T12:56:39","date_gmt":"2025-11-06T17:56:39","guid":{"rendered":"https:\/\/futbolhoy.co\/?p=125787"},"modified":"2025-11-06T20:31:00","modified_gmt":"2025-11-07T01:31:00","slug":"toni-kroos-defiende-a-luis-diaz-por-expulsion-en-champions-no-es-roja","status":"publish","type":"post","link":"https:\/\/futbolhoy.co\/index.php\/2025\/11\/06\/toni-kroos-defiende-a-luis-diaz-por-expulsion-en-champions-no-es-roja\/","title":{"rendered":"Toni Kroos defiende a Luis D\u00edaz por expulsi\u00f3n en Champions: \u00abNo es roja\u00bb"},"content":{"rendered":"<p style=\"text-align: justify;\"><span style=\"font-family: helvetica, arial, sans-serif;\">La expulsi\u00f3n de <strong>Luis D\u00edaz<\/strong> sigue dando de que hablar, el guajiro vio la cartulina roja en el cierre del primer tiempo, en la victoria del<strong> Bayern M\u00fanich 1-2 en su visita al PSG.<\/strong> El colombiano anot\u00f3 los dos goles de su equipo.<\/span><\/p>\n<p style=\"text-align: justify;\"><span style=\"font-family: helvetica, arial, sans-serif;\">Lucho se fue expulsado a los 45+7 minutos por una entrada que termin\u00f3 lesionando al marroqu\u00ed <strong>Achraf Hakimi,<\/strong> quien estar\u00e1 entre un mes y medio fuera de las canchas.<\/span><\/p>\n<p style=\"text-align: justify;\"><span style=\"font-family: helvetica, arial, sans-serif;\">En su podcast, <strong><i>Einfach mal Luppen<\/i><\/strong>, el exjugador y la leyenda alemana <strong>Toni Kroos,<\/strong> sali\u00f3 en defensa de Luis D\u00edaz, asegurando que el \u00e1rbitro valor\u00f3 mal la jugada y que para \u00e9l no debi\u00f3 ser cartulina roja.<\/span><\/p>\n<p style=\"text-align: justify;\"><span style=\"font-family: helvetica, arial, sans-serif;\">\u201c<b>Para m\u00ed est\u00e1 claro: no es roja<\/b>. Dej\u00f3 que la lesi\u00f3n de Hakimi influyera demasiado en la valoraci\u00f3n de la jugada. Si Hakimi se levanta despu\u00e9s de la acci\u00f3n, nadie habr\u00eda revisado la jugada\u201d, explic\u00f3.<\/span><\/p>\n<p style=\"text-align: justify;\"><span style=\"font-family: helvetica, arial, sans-serif;\">Al respecto a\u00f1adi\u00f3: \u201cEn situaciones como estas, <b>el \u00e1rbitro debe juzgar la acci\u00f3n en s\u00ed, no las consecuencias<\/b>\u201d.<\/span><\/p>\n","protected":false},"excerpt":{"rendered":"<p>La expulsi\u00f3n de Luis D\u00edaz sigue dando de que hablar, el guajiro vio la cartulina roja en el cierre del primer tiempo, en la victoria del Bayern M\u00fanich 1-2 en su visita al PSG. El colombiano anot\u00f3 los dos goles de su equipo. Lucho se fue expulsado a los 45+7 minutos por una entrada que [&hellip;]<\/p>\n","protected":false},"author":4,"featured_media":125722,"comment_status":"open","ping_status":"closed","sticky":false,"template":"","format":"standard","meta":{"_acf_changed":false,"footnotes":""},"categories":[152],"tags":[],"class_list":{"0":"post-125787","1":"post","2":"type-post","3":"status-publish","4":"format-standard","5":"has-post-thumbnail","7":"category-mundo-futbol"},"acf":[],"_links":{"self":[{"href":"https:\/\/futbolhoy.co\/index.php\/wp-json\/wp\/v2\/posts\/125787","targetHints":{"allow":["GET"]}}],"collection":[{"href":"https:\/\/futbolhoy.co\/index.php\/wp-json\/wp\/v2\/posts"}],"about":[{"href":"https:\/\/futbolhoy.co\/index.php\/wp-json\/wp\/v2\/types\/post"}],"author":[{"embeddable":true,"href":"https:\/\/futbolhoy.co\/index.php\/wp-json\/wp\/v2\/users\/4"}],"replies":[{"embeddable":true,"href":"https:\/\/futbolhoy.co\/index.php\/wp-json\/wp\/v2\/comments?post=125787"}],"version-history":[{"count":1,"href":"https:\/\/futbolhoy.co\/index.php\/wp-json\/wp\/v2\/posts\/125787\/revisions"}],"predecessor-version":[{"id":125788,"href":"https:\/\/futbolhoy.co\/index.php\/wp-json\/wp\/v2\/posts\/125787\/revisions\/125788"}],"wp:featuredmedia":[{"embeddable":true,"href":"https:\/\/futbolhoy.co\/index.php\/wp-json\/wp\/v2\/media\/125722"}],"wp:attachment":[{"href":"https:\/\/futbolhoy.co\/index.php\/wp-json\/wp\/v2\/media?parent=125787"}],"wp:term":[{"taxonomy":"category","embeddable":true,"href":"https:\/\/futbolhoy.co\/index.php\/wp-json\/wp\/v2\/categories?post=125787"},{"taxonomy":"post_tag","embeddable":true,"href":"https:\/\/futbolhoy.co\/index.php\/wp-json\/wp\/v2\/tags?post=125787"}],"curies":[{"name":"wp","href":"https:\/\/api.w.org\/{rel}","templated":true}]}}