{"id":126070,"date":"2025-11-12T08:28:46","date_gmt":"2025-11-12T13:28:46","guid":{"rendered":"https:\/\/futbolhoy.co\/?p=126070"},"modified":"2025-11-12T22:12:27","modified_gmt":"2025-11-13T03:12:27","slug":"defienden-a-luis-diaz-desde-inglaterra-tras-criticas-en-alemania","status":"publish","type":"post","link":"https:\/\/futbolhoy.co\/index.php\/2025\/11\/12\/defienden-a-luis-diaz-desde-inglaterra-tras-criticas-en-alemania\/","title":{"rendered":"Defienden a Luis D\u00edaz desde Inglaterra tras cr\u00edticas en Alemania"},"content":{"rendered":"<p style=\"text-align: justify;\"><span style=\"font-family: helvetica, arial, sans-serif;\">Aunque el presente de <strong>Luis Fernando D\u00edaz<\/strong>, en cifras con <strong>Bayern M\u00fanich<\/strong> es de <strong>11 goles<\/strong> y <strong>5 asistencias<\/strong> en 17 partidos, considerando todas las competencias, en los \u00faltimos d\u00edas recibi\u00f3 algunas cr\u00edticas de <strong>Lothar Matth\u00e4us<\/strong>, campe\u00f3n del mundo con Alemania en Italia 1990.<\/span><\/p>\n<p style=\"text-align: justify;\"><span style=\"font-family: helvetica, arial, sans-serif;\">\u00ab<strong>Necesita ser m\u00e1s efectivo de cara al gol<\/strong>, pero su golazo hace que le perdone\u201d, coment\u00f3 sobre el partido frente a Uni\u00f3n Berl\u00edn, donde marc\u00f3 un golazo en el empate 2-2 por la fecha 10 en Bundesliga.<\/span><\/p>\n<p style=\"text-align: justify;\"><span style=\"font-family: helvetica, arial, sans-serif;\">En promedio &#8216;Lucho&#8217; participa el <strong>94,1 %<\/strong> de las veces en jugadas de gol (asistiendo o anotando), de acuerdo con su rendimiento en el conjunto &#8216;B\u00e1varo&#8217;.<\/span><\/p>\n<p style=\"text-align: justify;\"><span style=\"font-family: helvetica, arial, sans-serif;\">Adem\u00e1s, su porcentaje de probabilidad para marcar o asistir, es de <strong>1,20%<\/strong> por cada minuto en cancha.\u00a0 <\/span><\/p>\n<h2 style=\"text-align: justify;\"><span style=\"font-family: helvetica, arial, sans-serif;\">Defensa para &#8216;Lucho&#8217; desde Inglaterra<\/span><\/h2>\n<p style=\"text-align: justify;\"><span style=\"font-family: helvetica, arial, sans-serif;\">De acuerdo con <em>The Athletic<\/em>, algunas criticas suelen ser habituales para los futbolistas que atraviesan por el proceso de adaptaci\u00f3n en Bayern M\u00fanich, y afirm\u00f3:<\/span><\/p>\n<p style=\"text-align: justify;\"><span style=\"font-family: helvetica, arial, sans-serif;\">\u00abD\u00edaz se encuentra en una situaci\u00f3n t\u00edpica para los nuevos fichajes del Bayern, donde la atenci\u00f3n suele centrarse m\u00e1s en sus defectos que en sus virtudes. En su caso, esto significa que <strong>se le da m\u00e1s importancia a su efectividad de cara al gol que a la calidad de su presi\u00f3n o su trabajo<\/strong> de creaci\u00f3n de juego, y este ha sido un tema recurrente. Con el colombiano, siempre parece haber un &#8216;s\u00ed, pero&#8230;'\u00bb, explic\u00f3 el medio.<\/span><\/p>\n<h2 style=\"text-align: justify;\"><span style=\"font-family: helvetica, arial, sans-serif;\">\u00bfQu\u00e9 sigue para Luis D\u00edaz?<\/span><\/h2>\n<p style=\"text-align: justify;\"><span style=\"font-family: helvetica, arial, sans-serif;\">Actualmente, <strong>Luis D\u00edaz<\/strong> se concentra con la <strong>Selecci\u00f3n Colombia<\/strong> en el \u00faltimo par\u00f3n FIFA del a\u00f1o, donde se medir\u00e1 ante Nueva Zelanda y Australia, el 15 y 18 de noviembre, respectivamente.<\/span><\/p>\n<blockquote class=\"instagram-media\" style=\"background: #FFF; border: 0; border-radius: 3px; box-shadow: 0 0 1px 0 rgba(0,0,0,0.5),0 1px 10px 0 rgba(0,0,0,0.15); margin: 1px; max-width: 540px; min-width: 326px; padding: 0; width: calc(100% - 2px);\" data-instgrm-captioned=\"\" data-instgrm-permalink=\"https:\/\/www.instagram.com\/p\/DQ5ka65jVXE\/?utm_source=ig_embed&amp;utm_campaign=loading\" data-instgrm-version=\"14\">\n<div style=\"padding: 16px;\">\n<p>&nbsp;<\/p>\n<div style=\"display: flex; flex-direction: row; align-items: center;\">\n<div style=\"background-color: #f4f4f4; border-radius: 50%; flex-grow: 0; height: 40px; margin-right: 14px; width: 40px;\"><\/div>\n<div style=\"display: flex; flex-direction: column; flex-grow: 1; justify-content: center;\">\n<div style=\"background-color: #f4f4f4; border-radius: 4px; flex-grow: 0; height: 14px; margin-bottom: 6px; width: 100px;\"><\/div>\n<div style=\"background-color: #f4f4f4; border-radius: 4px; flex-grow: 0; height: 14px; width: 60px;\"><\/div>\n<\/div>\n<\/div>\n<div style=\"padding: 19% 0;\"><\/div>\n<div style=\"display: block; height: 50px; margin: 0 auto 12px; width: 50px;\"><\/div>\n<div style=\"padding-top: 8px;\">\n<div style=\"color: #3897f0; font-family: Arial,sans-serif; font-size: 14px; font-style: normal; font-weight: 550; line-height: 18px;\">Ver esta publicaci\u00f3n en Instagram<\/div>\n<\/div>\n<div style=\"padding: 12.5% 0;\"><\/div>\n<div style=\"display: flex; flex-direction: row; margin-bottom: 14px; align-items: center;\">\n<div>\n<div style=\"background-color: #f4f4f4; border-radius: 50%; height: 12.5px; width: 12.5px; transform: translateX(0px) translateY(7px);\"><\/div>\n<div style=\"background-color: #f4f4f4; height: 12.5px; transform: rotate(-45deg) translateX(3px) translateY(1px); width: 12.5px; flex-grow: 0; margin-right: 14px; margin-left: 2px;\"><\/div>\n<div style=\"background-color: #f4f4f4; border-radius: 50%; height: 12.5px; width: 12.5px; transform: translateX(9px) translateY(-18px);\"><\/div>\n<\/div>\n<div style=\"margin-left: 8px;\">\n<div style=\"background-color: #f4f4f4; border-radius: 50%; flex-grow: 0; height: 20px; width: 20px;\"><\/div>\n<div style=\"width: 0; height: 0; border-top: 2px solid transparent; border-left: 6px solid #f4f4f4; border-bottom: 2px solid transparent; transform: translateX(16px) translateY(-4px) rotate(30deg);\"><\/div>\n<\/div>\n<div style=\"margin-left: auto;\">\n<div style=\"width: 0px; border-top: 8px solid #F4F4F4; border-right: 8px solid transparent; transform: translateY(16px);\"><\/div>\n<div style=\"background-color: #f4f4f4; flex-grow: 0; height: 12px; width: 16px; transform: translateY(-4px);\"><\/div>\n<div style=\"width: 0; height: 0; border-top: 8px solid #F4F4F4; border-left: 8px solid transparent; transform: translateY(-4px) translateX(8px);\"><\/div>\n<\/div>\n<\/div>\n<div style=\"display: flex; flex-direction: column; flex-grow: 1; justify-content: center; margin-bottom: 24px;\">\n<div style=\"background-color: #f4f4f4; border-radius: 4px; flex-grow: 0; height: 14px; margin-bottom: 6px; width: 224px;\"><\/div>\n<div style=\"background-color: #f4f4f4; border-radius: 4px; flex-grow: 0; height: 14px; width: 144px;\"><\/div>\n<\/div>\n<p>&nbsp;<\/p>\n<p style=\"color: #c9c8cd; font-family: Arial,sans-serif; font-size: 14px; line-height: 17px; margin-bottom: 0; margin-top: 8px; overflow: hidden; padding: 8px 0 7px; text-align: center; text-overflow: ellipsis; white-space: nowrap;\"><a style=\"color: #c9c8cd; font-family: Arial,sans-serif; font-size: 14px; font-style: normal; font-weight: normal; line-height: 17px; text-decoration: none;\" href=\"https:\/\/www.instagram.com\/p\/DQ5ka65jVXE\/?utm_source=ig_embed&amp;utm_campaign=loading\" target=\"_blank\" rel=\"noopener\">Una publicaci\u00f3n compartida por Selecci\u00f3n Colombia (@fcfseleccioncol)<\/a><\/p>\n<\/div>\n<\/blockquote>\n<p style=\"text-align: justify;\"><script async src=\"\/\/www.instagram.com\/embed.js\"><\/script><span style=\"font-family: helvetica, arial, sans-serif;\">En Bundesliga, el guajiro volver\u00e1 a tener acci\u00f3n hasta el s\u00e1bado <strong>22 de noviembre<\/strong> desde las 9:30 am (hora Colombia), ante <strong>Friburgo<\/strong> por la fecha 11 en Allianz Arena.\u00a0\u00a0<\/span><\/p>\n","protected":false},"excerpt":{"rendered":"<p>Aunque el presente de Luis Fernando D\u00edaz, en cifras con Bayern M\u00fanich es de 11 goles y 5 asistencias en 17 partidos, considerando todas las competencias, en los \u00faltimos d\u00edas recibi\u00f3 algunas cr\u00edticas de Lothar Matth\u00e4us, campe\u00f3n del mundo con Alemania en Italia 1990. \u00abNecesita ser m\u00e1s efectivo de cara al gol, pero su golazo [&hellip;]<\/p>\n","protected":false},"author":4,"featured_media":126072,"comment_status":"open","ping_status":"closed","sticky":false,"template":"","format":"standard","meta":{"_acf_changed":false,"footnotes":""},"categories":[418],"tags":[],"class_list":{"0":"post-126070","1":"post","2":"type-post","3":"status-publish","4":"format-standard","5":"has-post-thumbnail","7":"category-colombia"},"acf":[],"_links":{"self":[{"href":"https:\/\/futbolhoy.co\/index.php\/wp-json\/wp\/v2\/posts\/126070","targetHints":{"allow":["GET"]}}],"collection":[{"href":"https:\/\/futbolhoy.co\/index.php\/wp-json\/wp\/v2\/posts"}],"about":[{"href":"https:\/\/futbolhoy.co\/index.php\/wp-json\/wp\/v2\/types\/post"}],"author":[{"embeddable":true,"href":"https:\/\/futbolhoy.co\/index.php\/wp-json\/wp\/v2\/users\/4"}],"replies":[{"embeddable":true,"href":"https:\/\/futbolhoy.co\/index.php\/wp-json\/wp\/v2\/comments?post=126070"}],"version-history":[{"count":2,"href":"https:\/\/futbolhoy.co\/index.php\/wp-json\/wp\/v2\/posts\/126070\/revisions"}],"predecessor-version":[{"id":126073,"href":"https:\/\/futbolhoy.co\/index.php\/wp-json\/wp\/v2\/posts\/126070\/revisions\/126073"}],"wp:featuredmedia":[{"embeddable":true,"href":"https:\/\/futbolhoy.co\/index.php\/wp-json\/wp\/v2\/media\/126072"}],"wp:attachment":[{"href":"https:\/\/futbolhoy.co\/index.php\/wp-json\/wp\/v2\/media?parent=126070"}],"wp:term":[{"taxonomy":"category","embeddable":true,"href":"https:\/\/futbolhoy.co\/index.php\/wp-json\/wp\/v2\/categories?post=126070"},{"taxonomy":"post_tag","embeddable":true,"href":"https:\/\/futbolhoy.co\/index.php\/wp-json\/wp\/v2\/tags?post=126070"}],"curies":[{"name":"wp","href":"https:\/\/api.w.org\/{rel}","templated":true}]}}