{"id":126078,"date":"2025-11-12T11:50:37","date_gmt":"2025-11-12T16:50:37","guid":{"rendered":"https:\/\/futbolhoy.co\/?p=126078"},"modified":"2025-11-13T17:00:58","modified_gmt":"2025-11-13T22:00:58","slug":"james-rodriguez-podria-regresar-a-brasil","status":"publish","type":"post","link":"https:\/\/futbolhoy.co\/index.php\/2025\/11\/12\/james-rodriguez-podria-regresar-a-brasil\/","title":{"rendered":"James Rodr\u00edguez podr\u00eda regresar a Brasil"},"content":{"rendered":"<p style=\"text-align: justify;\"><span style=\"font-family: helvetica, arial, sans-serif;\">El ganador del premio Pusk\u00e1s de la FIFA 2015, <strong>James Rodr\u00edguez<\/strong>, tras su gol en el Mundial Brasil 2014, qued\u00f3 como agente libre tras finalizar su contrato con Le\u00f3n de M\u00e9xico, donde lleg\u00f3 en enero del a\u00f1o en curso.<\/span><\/p>\n<p style=\"text-align: justify;\"><span style=\"font-family: helvetica, arial, sans-serif;\">James est\u00e1 concentrado con la <strong>Selecci\u00f3n Colombia<\/strong> en Fort Lauderdale para los amistosos del pr\u00f3ximo s\u00e1bado, y martes, frente a Nueva Zelanda y Australia; y comienzan a circular versiones sobre su futuro equipo de cara al Mundial 2026, en junio.<\/span><\/p>\n<p style=\"text-align: justify;\"><span style=\"font-family: helvetica, arial, sans-serif;\">El colaborador con expertos en fichajes, Ekrem Konur, revel\u00f3 algunos clubes que estar\u00edan interesados en contratar al cucute\u00f1o de 34 a\u00f1os.<\/span><\/p>\n<p style=\"text-align: justify;\"><span style=\"font-family: helvetica, arial, sans-serif;\"><strong>Flamengo de Jorge Carrascal,<\/strong> finalista de la Copa Libertadores 2025, \u00absigue de cerca la situaci\u00f3n de James\u00bb, despu\u00e9s de su paso por el f\u00fatbol mexicano.<\/span><\/p>\n<blockquote class=\"twitter-tweet\">\n<p dir=\"ltr\" lang=\"en\">\ud83d\udea8\ud83c\udd93 <a href=\"https:\/\/twitter.com\/hashtag\/ClubLe%C3%B3n?src=hash&amp;ref_src=twsrc%5Etfw\">#ClubLe\u00f3n<\/a> \ud83c\udde8\ud83c\uddf4<br \/>\nJames Rodr\u00edguez is set to leave Club Le\u00f3n as his contract expires in December.<\/p>\n<p>\ud83d\udc40 The Colombian star is expected to move to MLS, with LA Galaxy, Orlando City, and Toronto FC showing interest.<\/p>\n<p>\u25aa\ufe0fAm\u00e9rica, Tigres, NYCFC and Flamengo and are also monitoring the\u2026 <a href=\"https:\/\/t.co\/ITZrCnrUG3\">https:\/\/t.co\/ITZrCnrUG3<\/a> <a href=\"https:\/\/t.co\/bk0iby5WCs\">pic.twitter.com\/bk0iby5WCs<\/a><\/p>\n<p>\u2014 Ekrem KONUR (@Ekremkonur) <a href=\"https:\/\/twitter.com\/Ekremkonur\/status\/1988541444789801433?ref_src=twsrc%5Etfw\">November 12, 2025<\/a><\/p><\/blockquote>\n<p style=\"text-align: justify;\"><script async src=\"https:\/\/platform.twitter.com\/widgets.js\" charset=\"utf-8\"><\/script><span style=\"font-family: helvetica, arial, sans-serif;\">Despu\u00e9s de su paso por el equipo de Guanajuato, donde registr\u00f3 <strong>5 goles y 9 asistencias<\/strong> en 2.559&#8242; minutos en campo, el mediocampista tazado en \u20ac2.50M (aproximadamente 10.815 millones de pesos colombianos), seg\u00fan la cifra de <em>Trasnfermarkt<\/em>, tambi\u00e9n capt\u00f3 el inter\u00e9s de<strong> Am\u00e9rica de M\u00e9xico<\/strong>, <strong>Tigres<\/strong> y<strong> New York City<\/strong>.<\/span><\/p>\n<p style=\"text-align: justify;\"><span style=\"font-family: helvetica, arial, sans-serif;\">Sin embargo, la fuente tambi\u00e9n vincul\u00f3 la tentativa llegada de James Rodr\u00edguez a la MLS, y agreg\u00f3:\u00a0<\/span><\/p>\n<p style=\"text-align: justify;\"><span style=\"font-family: helvetica, arial, sans-serif;\">\u00abSe espera que el astro colombiano fiche por un club de la MLS, con inter\u00e9s de <strong>LA Galaxy<\/strong>, <strong>Orlando City<\/strong> y <strong>Toronto FC<\/strong>\u00ab, complement\u00f3.<\/span><\/p>\n<h3 style=\"text-align: justify;\"><span style=\"font-family: helvetica, arial, sans-serif;\">\u00bfDebutar\u00e1 en la MLS, o regresar\u00e1 a Brasil?<\/span><\/h3>\n<p style=\"text-align: justify;\"><span style=\"font-family: helvetica, arial, sans-serif;\">El capit\u00e1n de la Selecci\u00f3n Colombia ya conoce lo que significa jugar en el f\u00fatbol brasile\u00f1o, luego de su paso con poco brillo por Sao Pablo, donde anot\u00f3 2 goles y dio 4 asistencias en 22 participaciones durante un a\u00f1o en el club.<\/span><\/p>\n<p style=\"text-align: justify;\"><span style=\"font-family: helvetica, arial, sans-serif;\">Por otra parte, ser\u00eda <strong>la primera vez que James Rodr\u00edguez juega en la MLS<\/strong>, en su carrera deportiva.<\/span><\/p>\n","protected":false},"excerpt":{"rendered":"<p>El ganador del premio Pusk\u00e1s de la FIFA 2015, James Rodr\u00edguez, tras su gol en el Mundial Brasil 2014, qued\u00f3 como agente libre tras finalizar su contrato con Le\u00f3n de M\u00e9xico, donde lleg\u00f3 en enero del a\u00f1o en curso. James est\u00e1 concentrado con la Selecci\u00f3n Colombia en Fort Lauderdale para los amistosos del pr\u00f3ximo s\u00e1bado, [&hellip;]<\/p>\n","protected":false},"author":4,"featured_media":126079,"comment_status":"open","ping_status":"closed","sticky":false,"template":"","format":"standard","meta":{"_acf_changed":false,"footnotes":""},"categories":[418],"tags":[],"class_list":{"0":"post-126078","1":"post","2":"type-post","3":"status-publish","4":"format-standard","5":"has-post-thumbnail","7":"category-colombia"},"acf":[],"_links":{"self":[{"href":"https:\/\/futbolhoy.co\/index.php\/wp-json\/wp\/v2\/posts\/126078","targetHints":{"allow":["GET"]}}],"collection":[{"href":"https:\/\/futbolhoy.co\/index.php\/wp-json\/wp\/v2\/posts"}],"about":[{"href":"https:\/\/futbolhoy.co\/index.php\/wp-json\/wp\/v2\/types\/post"}],"author":[{"embeddable":true,"href":"https:\/\/futbolhoy.co\/index.php\/wp-json\/wp\/v2\/users\/4"}],"replies":[{"embeddable":true,"href":"https:\/\/futbolhoy.co\/index.php\/wp-json\/wp\/v2\/comments?post=126078"}],"version-history":[{"count":3,"href":"https:\/\/futbolhoy.co\/index.php\/wp-json\/wp\/v2\/posts\/126078\/revisions"}],"predecessor-version":[{"id":126082,"href":"https:\/\/futbolhoy.co\/index.php\/wp-json\/wp\/v2\/posts\/126078\/revisions\/126082"}],"wp:featuredmedia":[{"embeddable":true,"href":"https:\/\/futbolhoy.co\/index.php\/wp-json\/wp\/v2\/media\/126079"}],"wp:attachment":[{"href":"https:\/\/futbolhoy.co\/index.php\/wp-json\/wp\/v2\/media?parent=126078"}],"wp:term":[{"taxonomy":"category","embeddable":true,"href":"https:\/\/futbolhoy.co\/index.php\/wp-json\/wp\/v2\/categories?post=126078"},{"taxonomy":"post_tag","embeddable":true,"href":"https:\/\/futbolhoy.co\/index.php\/wp-json\/wp\/v2\/tags?post=126078"}],"curies":[{"name":"wp","href":"https:\/\/api.w.org\/{rel}","templated":true}]}}