{"id":126489,"date":"2025-11-23T16:30:14","date_gmt":"2025-11-23T21:30:14","guid":{"rendered":"https:\/\/futbolhoy.co\/?p=126489"},"modified":"2025-11-24T09:10:02","modified_gmt":"2025-11-24T14:10:02","slug":"carrascal-en-busqueda-de-revancha-en-la-final-de-la-libertadores","status":"publish","type":"post","link":"https:\/\/futbolhoy.co\/index.php\/2025\/11\/23\/carrascal-en-busqueda-de-revancha-en-la-final-de-la-libertadores\/","title":{"rendered":"Carrascal, en b\u00fasqueda de revancha en la final de la Libertadores"},"content":{"rendered":"<p style=\"text-align: justify;\"><span style=\"font-family: helvetica, arial, sans-serif;\"><strong>Jorge Carrascal<\/strong> jugar\u00e1 su primera final de <strong>Copa Libertadores.<\/strong> Si bien en 2019, jugando para <strong>River Plate<\/strong> alcanz\u00f3 la definici\u00f3n justamente ante <strong>Flamengo,<\/strong> el colombiano no pudo hacer parte de ese encuentro en el que perdi\u00f3 el cuadro argentino.<\/span><\/p>\n<p style=\"text-align: justify;\"><span style=\"font-family: helvetica, arial, sans-serif;\">En di\u00e1logo con medios oficiales de la <strong>Conmebol,<\/strong> revel\u00f3 que tiene el deseo de revancha por haberse perdido esa final en 2019.<\/span><\/p>\n<p style=\"text-align: justify;\"><span style=\"font-family: helvetica, arial, sans-serif;\">\u201cHab\u00eda tenido la oportunidad de haber jugado antes con River una final, no pude jugar por circunstancias, estuve enfermo. <strong>Esto es una revancha para m\u00ed, personal\u201d<\/strong>, mencion\u00f3. <\/span><\/p>\n<p style=\"text-align: justify;\"><span style=\"font-family: helvetica, arial, sans-serif;\">\u201cCuando tuvimos el 2019 con River, que perdimos precisamente con Flamengo, nosotros ven\u00edamos prepar\u00e1ndonos bien, yo tambi\u00e9n estaba muy enfocado y me cay\u00f3 un resfriado, me puso mal. Es algo m\u00edo personal y<strong> la idea es sacarme la espinita que tengo de ganar una Libertadores\u201d<\/strong>, a\u00f1adi\u00f3.<\/span><\/p>\n<p style=\"text-align: justify;\"><span style=\"font-family: helvetica, arial, sans-serif;\">Carrascal, que est\u00e1 viviendo uno de sus mejores momentos en su carrera, se alista para la final ante Palmeiras el pr\u00f3ximo 29 de noviembre. En 18 partidos con Flamengo en todas las competiciones, ha aportado 3 goles y 4 asistencias.<\/span><\/p>\n","protected":false},"excerpt":{"rendered":"<p>Jorge Carrascal jugar\u00e1 su primera final de Copa Libertadores. Si bien en 2019, jugando para River Plate alcanz\u00f3 la definici\u00f3n justamente ante Flamengo, el colombiano no pudo hacer parte de ese encuentro en el que perdi\u00f3 el cuadro argentino. En di\u00e1logo con medios oficiales de la Conmebol, revel\u00f3 que tiene el deseo de revancha por [&hellip;]<\/p>\n","protected":false},"author":4,"featured_media":123838,"comment_status":"open","ping_status":"closed","sticky":false,"template":"","format":"standard","meta":{"_acf_changed":false,"footnotes":""},"categories":[653],"tags":[],"class_list":{"0":"post-126489","1":"post","2":"type-post","3":"status-publish","4":"format-standard","5":"has-post-thumbnail","7":"category-copa-libertadores"},"acf":[],"_links":{"self":[{"href":"https:\/\/futbolhoy.co\/index.php\/wp-json\/wp\/v2\/posts\/126489","targetHints":{"allow":["GET"]}}],"collection":[{"href":"https:\/\/futbolhoy.co\/index.php\/wp-json\/wp\/v2\/posts"}],"about":[{"href":"https:\/\/futbolhoy.co\/index.php\/wp-json\/wp\/v2\/types\/post"}],"author":[{"embeddable":true,"href":"https:\/\/futbolhoy.co\/index.php\/wp-json\/wp\/v2\/users\/4"}],"replies":[{"embeddable":true,"href":"https:\/\/futbolhoy.co\/index.php\/wp-json\/wp\/v2\/comments?post=126489"}],"version-history":[{"count":1,"href":"https:\/\/futbolhoy.co\/index.php\/wp-json\/wp\/v2\/posts\/126489\/revisions"}],"predecessor-version":[{"id":126490,"href":"https:\/\/futbolhoy.co\/index.php\/wp-json\/wp\/v2\/posts\/126489\/revisions\/126490"}],"wp:featuredmedia":[{"embeddable":true,"href":"https:\/\/futbolhoy.co\/index.php\/wp-json\/wp\/v2\/media\/123838"}],"wp:attachment":[{"href":"https:\/\/futbolhoy.co\/index.php\/wp-json\/wp\/v2\/media?parent=126489"}],"wp:term":[{"taxonomy":"category","embeddable":true,"href":"https:\/\/futbolhoy.co\/index.php\/wp-json\/wp\/v2\/categories?post=126489"},{"taxonomy":"post_tag","embeddable":true,"href":"https:\/\/futbolhoy.co\/index.php\/wp-json\/wp\/v2\/tags?post=126489"}],"curies":[{"name":"wp","href":"https:\/\/api.w.org\/{rel}","templated":true}]}}