{"id":126507,"date":"2025-11-24T09:03:55","date_gmt":"2025-11-24T14:03:55","guid":{"rendered":"https:\/\/futbolhoy.co\/?p=126507"},"modified":"2025-11-25T09:10:13","modified_gmt":"2025-11-25T14:10:13","slug":"alfredo-arias-sobre-la-accion-del-empate-ante-america-no-se-si-fue-gol-o-no","status":"publish","type":"post","link":"https:\/\/futbolhoy.co\/index.php\/2025\/11\/24\/alfredo-arias-sobre-la-accion-del-empate-ante-america-no-se-si-fue-gol-o-no\/","title":{"rendered":"Alfredo Arias sobre la acci\u00f3n del empate ante Am\u00e9rica: \"No s\u00e9 si fue gol o no\""},"content":{"rendered":"<p style=\"text-align: justify;\"><span style=\"font-family: helvetica, arial, sans-serif;\"><strong>Junior de Barranquilla<\/strong> consigui\u00f3 un valioso empate de visitante ante <strong>Am\u00e9rica de Cali<\/strong> en el desarrollo de la fecha 2 por los cuadrangulares finales de Liga BetPlay, en el <strong>grupo A<\/strong>.<\/span><\/p>\n<p style=\"text-align: justify;\"><span style=\"font-family: helvetica, arial, sans-serif;\">El compromiso finaliz\u00f3 1-1 gracias a las anotaciones de Cristi\u00e1n Barrios y un <strong>autogol de Jean Pesta\u00f1a<\/strong>, que \u00d3mar Bertel sac\u00f3, cuando el bal\u00f3n, seg\u00fan el \u00e1rbitro Wilmar Monta\u00f1o, ya hab\u00eda cruzado la l\u00ednea de meta.<\/span><\/p>\n<p style=\"text-align: justify;\"><span style=\"font-family: helvetica, arial, sans-serif;\">A continuaci\u00f3n, una de las im\u00e1genes sobre la acci\u00f3n de la igualdad, tomada de la transmisi\u00f3n oficial de Win Sports:<\/span><\/p>\n<p><img fetchpriority=\"high\" decoding=\"async\" class=\"alignnone size-full wp-image-126508\" src=\"https:\/\/futbolhoy.co\/wp-content\/uploads\/2025\/11\/G6fTNYGWIAADNwV.jpeg\" alt=\"\" width=\"1024\" height=\"595\" srcset=\"https:\/\/futbolhoy.co\/wp-content\/uploads\/2025\/11\/G6fTNYGWIAADNwV.jpeg 1024w, https:\/\/futbolhoy.co\/wp-content\/uploads\/2025\/11\/G6fTNYGWIAADNwV-300x174.jpeg 300w, https:\/\/futbolhoy.co\/wp-content\/uploads\/2025\/11\/G6fTNYGWIAADNwV-768x446.jpeg 768w, https:\/\/futbolhoy.co\/wp-content\/uploads\/2025\/11\/G6fTNYGWIAADNwV-696x404.jpeg 696w, https:\/\/futbolhoy.co\/wp-content\/uploads\/2025\/11\/G6fTNYGWIAADNwV-128x74.jpeg 128w, https:\/\/futbolhoy.co\/wp-content\/uploads\/2025\/11\/G6fTNYGWIAADNwV-32x19.jpeg 32w\" sizes=\"(max-width: 1024px) 100vw, 1024px\" \/><\/p>\n<p style=\"text-align: justify;\"><span style=\"font-family: helvetica, arial, sans-serif;\">En zona mixta tras el encuentro, el defensor <strong>Jean Pesta\u00f1a<\/strong>, del cuadro vallecaucano, explic\u00f3 la situaci\u00f3n del partido, y revel\u00f3 el accionar del juez del partido al declarar:<\/span><\/p>\n<p style=\"text-align: justify;\"><span style=\"font-family: helvetica, arial, sans-serif;\">\"Yo me le acerco al \u00e1rbitro y le digo 'anda revisala, porque yo estoy de frente, a un metro y no entra'. Me dice 'si, voy a hacer la se\u00f1al para revisarla'. <strong>Llega Teo y le dice '\u00bfqu\u00e9 vas a revisar?' y dice el \u00e1rbitro, 'gol confirmado<\/strong>'. asegur\u00f3 el defensor.<\/span><\/p>\n<p style=\"text-align: justify;\"><span style=\"font-family: helvetica, arial, sans-serif;\">\"<strong>La voz de Teo tiene peso<\/strong>. En el f\u00fatbol y para todo\", agreg\u00f3.<\/span><\/p>\n<blockquote class=\"twitter-tweet\" data-media-max-width=\"560\">\n<p dir=\"ltr\" lang=\"es\">\u201cLe dije, profe anda rev\u00edsala y ah\u00ed mismo Teo le dice que que va a revisar y despu\u00e9s gol confirmado, la voz de Teo tiene mucho peso en el f\u00fatbol\u201d Jean Pesta\u00f1a, jugador de <a href=\"https:\/\/twitter.com\/AmericadeCali?ref_src=twsrc%5Etfw\">@AmericadeCali<\/a><\/p>\n<p>Qu\u00e9 piensan? <a href=\"https:\/\/t.co\/CY6rMZrnee\">pic.twitter.com\/CY6rMZrnee<\/a><\/p>\n<p>\u2014 Alfonso Morales Movilla (@PonchoMorales85) <a href=\"https:\/\/twitter.com\/PonchoMorales85\/status\/1992814470238745036?ref_src=twsrc%5Etfw\">November 24, 2025<\/a><\/p><\/blockquote>\n<p><script async src=\"https:\/\/platform.twitter.com\/widgets.js\" charset=\"utf-8\"><\/script><\/p>\n<p style=\"text-align: justify;\"><span style=\"font-family: helvetica, arial, sans-serif;\">Por su parte, el t\u00e9cnico de Junior de Barranquilla, <strong>Alfredo Arias<\/strong>, fue consultado sobre la informaci\u00f3n que le lleg\u00f3 sobre la jugada y respondi\u00f3 haciendo alusi\u00f3n, tambi\u00e9n, a otras acciones de juego:<\/span><\/p>\n<p style=\"text-align: justify;\"><span style=\"font-family: helvetica, arial, sans-serif;\">\"Me dijeron que fue penal. <strong>\u00bfNo viste el penal? viste la del gol pero \u00bfel penal no lo viste? s\u00ed hubo penal a Enamorado<\/strong>. Tambi\u00e9n me dijeron que hubo una sujeci\u00f3n muy ostentosa a Paiva, todo en el primer tiempo. Como todos miramos el partido desde la camiseta que tenemos, yo voy a decir eso\", a\u00f1adi\u00f3.<\/span><\/p>\n<p style=\"text-align: justify;\"><span style=\"font-family: helvetica, arial, sans-serif;\">\"Tendr\u00eda que verlo. No s\u00e9 si fue gol o no fue gol. El l\u00ednea es el que mejor estaba ubicado y el que lo cobra es el l\u00ednea. El VAR tiene las c\u00e1maras y todo para validarlo y todo. <strong>\u00bfNo fue penal? Fue gol<\/strong>\", sentenci\u00f3 el entrenador uruguayo.<\/span><\/p>\n<blockquote class=\"twitter-tweet\" data-media-max-width=\"560\">\n<p dir=\"ltr\" lang=\"es\">\u203c\ufe0f \u201cHUBO PENAL A ENAMORADO\u201d<\/p>\n<p>\ud83d\udde3\ufe0f Alfredo Arias sobre la jugada pol\u00e9mica a Jos\u00e9 Enamorado, Guillermo Paiva y si fue legal o no el gol. <a href=\"https:\/\/t.co\/g5XyGy90ax\">pic.twitter.com\/g5XyGy90ax<\/a><\/p>\n<p>\u2014 Toque Sports (@ToqueSports) <a href=\"https:\/\/twitter.com\/ToqueSports\/status\/1992801043202425084?ref_src=twsrc%5Etfw\">November 24, 2025<\/a><\/p><\/blockquote>\n<p style=\"text-align: justify;\"><script async src=\"https:\/\/platform.twitter.com\/widgets.js\" charset=\"utf-8\"><\/script> <span style=\"font-family: helvetica, arial, sans-serif;\">Lo cierto es que tras el empate sin goles previamente en el cl\u00e1sico antioque\u00f1o, Junior lidera el grupo A por tener m\u00e1s goles a favor que <strong>Atl\u00e9tico Nacional<\/strong>, rival al que enfrentar\u00e1 en la pr\u00f3xima jornada, el <strong>mi\u00e9rcoles 26 de noviembre<\/strong> desde las <strong>8:30 pm<\/strong>, en el <strong>Estadio de Ditaires<\/strong>, en Itagu\u00ed.<\/span><\/p>\n<p style=\"text-align: justify;\"><span style=\"font-family: helvetica, arial, sans-serif;\">Por su parte, Am\u00e9rica de Cali recibe a <strong>Independiente Medell\u00edn<\/strong>, el d\u00eda siguiente a las 7:30 pm.<\/span><\/p>\n","protected":false},"excerpt":{"rendered":"<p>Junior de Barranquilla consigui\u00f3 un valioso empate de visitante ante Am\u00e9rica de Cali en el desarrollo de la fecha 2 por los cuadrangulares finales de Liga BetPlay, en el grupo A. El compromiso finaliz\u00f3 1-1 gracias a las anotaciones de Cristi\u00e1n Barrios y un autogol de Jean Pesta\u00f1a, que \u00d3mar Bertel sac\u00f3, cuando el bal\u00f3n, [&hellip;]<\/p>\n","protected":false},"author":4,"featured_media":126509,"comment_status":"open","ping_status":"open","sticky":false,"template":"","format":"standard","meta":{"_acf_changed":false,"footnotes":""},"categories":[7],"tags":[],"class_list":{"0":"post-126507","1":"post","2":"type-post","3":"status-publish","4":"format-standard","5":"has-post-thumbnail","7":"category-liga-betplay"},"acf":[],"yoast_head":"<!-- This site is optimized with the Yoast SEO plugin v26.8 - https:\/\/yoast.com\/product\/yoast-seo-wordpress\/ -->\n<title>Alfredo Arias sobre la acci\u00f3n del empate ante Am\u00e9rica: &quot;No s\u00e9 si fue gol o no&quot; -<\/title>\n<meta name=\"robots\" content=\"index, follow, max-snippet:-1, max-image-preview:large, max-video-preview:-1\" \/>\n<link rel=\"canonical\" href=\"https:\/\/futbolhoy.co\/index.php\/2025\/11\/24\/alfredo-arias-sobre-la-accion-del-empate-ante-america-no-se-si-fue-gol-o-no\/\" \/>\n<meta property=\"og:locale\" content=\"es_ES\" \/>\n<meta property=\"og:type\" content=\"article\" \/>\n<meta property=\"og:title\" content=\"Alfredo Arias sobre la acci\u00f3n del empate ante Am\u00e9rica: &quot;No s\u00e9 si fue gol o no&quot; -\" \/>\n<meta property=\"og:description\" content=\"Junior de Barranquilla consigui\u00f3 un valioso empate de visitante ante Am\u00e9rica de Cali en el desarrollo de la fecha 2 por los cuadrangulares finales de Liga BetPlay, en el grupo A. El compromiso finaliz\u00f3 1-1 gracias a las anotaciones de Cristi\u00e1n Barrios y un autogol de Jean Pesta\u00f1a, que \u00d3mar Bertel sac\u00f3, cuando el bal\u00f3n, [&hellip;]\" \/>\n<meta property=\"og:url\" content=\"https:\/\/futbolhoy.co\/index.php\/2025\/11\/24\/alfredo-arias-sobre-la-accion-del-empate-ante-america-no-se-si-fue-gol-o-no\/\" \/>\n<meta property=\"article:publisher\" content=\"https:\/\/www.facebook.com\/FutbolHoyCol\/\" \/>\n<meta property=\"article:published_time\" content=\"2025-11-24T14:03:55+00:00\" \/>\n<meta property=\"article:modified_time\" content=\"2025-11-25T14:10:13+00:00\" \/>\n<meta property=\"og:image\" content=\"https:\/\/futbolhoy.co\/wp-content\/uploads\/2025\/11\/WhatsApp-Image-2025-11-24-at-9.02.57-AM.jpeg\" \/>\n\t<meta property=\"og:image:width\" content=\"782\" \/>\n\t<meta property=\"og:image:height\" content=\"558\" \/>\n\t<meta property=\"og:image:type\" content=\"image\/jpeg\" \/>\n<meta name=\"author\" content=\"contenido\" \/>\n<meta name=\"twitter:card\" content=\"summary_large_image\" \/>\n<meta name=\"twitter:creator\" content=\"@FutbolHoyCol\" \/>\n<meta name=\"twitter:site\" content=\"@FutbolHoyCol\" \/>\n<meta name=\"twitter:label1\" content=\"Escrito por\" \/>\n\t<meta name=\"twitter:data1\" content=\"contenido\" \/>\n\t<meta name=\"twitter:label2\" content=\"Tiempo de lectura\" \/>\n\t<meta name=\"twitter:data2\" content=\"3 minutos\" \/>\n<script type=\"application\/ld+json\" class=\"yoast-schema-graph\">{\"@context\":\"https:\/\/schema.org\",\"@graph\":[{\"@type\":\"Article\",\"@id\":\"https:\/\/futbolhoy.co\/index.php\/2025\/11\/24\/alfredo-arias-sobre-la-accion-del-empate-ante-america-no-se-si-fue-gol-o-no\/#article\",\"isPartOf\":{\"@id\":\"https:\/\/futbolhoy.co\/index.php\/2025\/11\/24\/alfredo-arias-sobre-la-accion-del-empate-ante-america-no-se-si-fue-gol-o-no\/\"},\"author\":{\"name\":\"contenido\",\"@id\":\"https:\/\/futbolhoy.co\/#\/schema\/person\/1721b69355b6623eaff15ac7b92d4cc3\"},\"headline\":\"Alfredo Arias sobre la acci\u00f3n del empate ante Am\u00e9rica: \\\"No s\u00e9 si fue gol o no\\\"\",\"datePublished\":\"2025-11-24T14:03:55+00:00\",\"dateModified\":\"2025-11-25T14:10:13+00:00\",\"mainEntityOfPage\":{\"@id\":\"https:\/\/futbolhoy.co\/index.php\/2025\/11\/24\/alfredo-arias-sobre-la-accion-del-empate-ante-america-no-se-si-fue-gol-o-no\/\"},\"wordCount\":520,\"commentCount\":0,\"publisher\":{\"@id\":\"https:\/\/futbolhoy.co\/#organization\"},\"image\":{\"@id\":\"https:\/\/futbolhoy.co\/index.php\/2025\/11\/24\/alfredo-arias-sobre-la-accion-del-empate-ante-america-no-se-si-fue-gol-o-no\/#primaryimage\"},\"thumbnailUrl\":\"https:\/\/futbolhoy.co\/wp-content\/uploads\/2025\/11\/WhatsApp-Image-2025-11-24-at-9.02.57-AM.jpeg\",\"articleSection\":[\"Liga BetPlay\"],\"inLanguage\":\"es\",\"potentialAction\":[{\"@type\":\"CommentAction\",\"name\":\"Comment\",\"target\":[\"https:\/\/futbolhoy.co\/index.php\/2025\/11\/24\/alfredo-arias-sobre-la-accion-del-empate-ante-america-no-se-si-fue-gol-o-no\/#respond\"]}]},{\"@type\":\"WebPage\",\"@id\":\"https:\/\/futbolhoy.co\/index.php\/2025\/11\/24\/alfredo-arias-sobre-la-accion-del-empate-ante-america-no-se-si-fue-gol-o-no\/\",\"url\":\"https:\/\/futbolhoy.co\/index.php\/2025\/11\/24\/alfredo-arias-sobre-la-accion-del-empate-ante-america-no-se-si-fue-gol-o-no\/\",\"name\":\"Alfredo Arias sobre la acci\u00f3n del empate ante Am\u00e9rica: \\\"No s\u00e9 si fue gol o no\\\" -\",\"isPartOf\":{\"@id\":\"https:\/\/futbolhoy.co\/#website\"},\"primaryImageOfPage\":{\"@id\":\"https:\/\/futbolhoy.co\/index.php\/2025\/11\/24\/alfredo-arias-sobre-la-accion-del-empate-ante-america-no-se-si-fue-gol-o-no\/#primaryimage\"},\"image\":{\"@id\":\"https:\/\/futbolhoy.co\/index.php\/2025\/11\/24\/alfredo-arias-sobre-la-accion-del-empate-ante-america-no-se-si-fue-gol-o-no\/#primaryimage\"},\"thumbnailUrl\":\"https:\/\/futbolhoy.co\/wp-content\/uploads\/2025\/11\/WhatsApp-Image-2025-11-24-at-9.02.57-AM.jpeg\",\"datePublished\":\"2025-11-24T14:03:55+00:00\",\"dateModified\":\"2025-11-25T14:10:13+00:00\",\"breadcrumb\":{\"@id\":\"https:\/\/futbolhoy.co\/index.php\/2025\/11\/24\/alfredo-arias-sobre-la-accion-del-empate-ante-america-no-se-si-fue-gol-o-no\/#breadcrumb\"},\"inLanguage\":\"es\",\"potentialAction\":[{\"@type\":\"ReadAction\",\"target\":[\"https:\/\/futbolhoy.co\/index.php\/2025\/11\/24\/alfredo-arias-sobre-la-accion-del-empate-ante-america-no-se-si-fue-gol-o-no\/\"]}]},{\"@type\":\"ImageObject\",\"inLanguage\":\"es\",\"@id\":\"https:\/\/futbolhoy.co\/index.php\/2025\/11\/24\/alfredo-arias-sobre-la-accion-del-empate-ante-america-no-se-si-fue-gol-o-no\/#primaryimage\",\"url\":\"https:\/\/futbolhoy.co\/wp-content\/uploads\/2025\/11\/WhatsApp-Image-2025-11-24-at-9.02.57-AM.jpeg\",\"contentUrl\":\"https:\/\/futbolhoy.co\/wp-content\/uploads\/2025\/11\/WhatsApp-Image-2025-11-24-at-9.02.57-AM.jpeg\",\"width\":782,\"height\":558},{\"@type\":\"BreadcrumbList\",\"@id\":\"https:\/\/futbolhoy.co\/index.php\/2025\/11\/24\/alfredo-arias-sobre-la-accion-del-empate-ante-america-no-se-si-fue-gol-o-no\/#breadcrumb\",\"itemListElement\":[{\"@type\":\"ListItem\",\"position\":1,\"name\":\"Portada\",\"item\":\"https:\/\/futbolhoy.co\/\"},{\"@type\":\"ListItem\",\"position\":2,\"name\":\"Alfredo Arias sobre la acci\u00f3n del empate ante Am\u00e9rica: \\\"No s\u00e9 si fue gol o no\\\"\"}]},{\"@type\":\"WebSite\",\"@id\":\"https:\/\/futbolhoy.co\/#website\",\"url\":\"https:\/\/futbolhoy.co\/\",\"name\":\"FutbolHoy\",\"description\":\"\",\"publisher\":{\"@id\":\"https:\/\/futbolhoy.co\/#organization\"},\"potentialAction\":[{\"@type\":\"SearchAction\",\"target\":{\"@type\":\"EntryPoint\",\"urlTemplate\":\"https:\/\/futbolhoy.co\/?s={search_term_string}\"},\"query-input\":{\"@type\":\"PropertyValueSpecification\",\"valueRequired\":true,\"valueName\":\"search_term_string\"}}],\"inLanguage\":\"es\"},{\"@type\":\"Organization\",\"@id\":\"https:\/\/futbolhoy.co\/#organization\",\"name\":\"Futbolhoy.co\",\"url\":\"https:\/\/futbolhoy.co\/\",\"logo\":{\"@type\":\"ImageObject\",\"inLanguage\":\"es\",\"@id\":\"https:\/\/futbolhoy.co\/#\/schema\/logo\/image\/\",\"url\":\"https:\/\/futbolhoy.co\/wp-content\/uploads\/2018\/08\/17426380_1906371736249227_6326180412931521141_n.jpg\",\"contentUrl\":\"https:\/\/futbolhoy.co\/wp-content\/uploads\/2018\/08\/17426380_1906371736249227_6326180412931521141_n.jpg\",\"width\":960,\"height\":960,\"caption\":\"Futbolhoy.co\"},\"image\":{\"@id\":\"https:\/\/futbolhoy.co\/#\/schema\/logo\/image\/\"},\"sameAs\":[\"https:\/\/www.facebook.com\/FutbolHoyCol\/\",\"https:\/\/x.com\/FutbolHoyCol\",\"https:\/\/www.instagram.com\/futbolhoycol\/\"]},{\"@type\":\"Person\",\"@id\":\"https:\/\/futbolhoy.co\/#\/schema\/person\/1721b69355b6623eaff15ac7b92d4cc3\",\"name\":\"contenido\",\"image\":{\"@type\":\"ImageObject\",\"inLanguage\":\"es\",\"@id\":\"https:\/\/futbolhoy.co\/#\/schema\/person\/image\/\",\"url\":\"https:\/\/secure.gravatar.com\/avatar\/4f656d3256f5134f466206e7c3941518?s=96&d=mm&r=g\",\"contentUrl\":\"https:\/\/secure.gravatar.com\/avatar\/4f656d3256f5134f466206e7c3941518?s=96&d=mm&r=g\",\"caption\":\"contenido\"}}]}<\/script>\n<!-- \/ Yoast SEO plugin. -->","yoast_head_json":{"title":"Alfredo Arias sobre la acci\u00f3n del empate ante Am\u00e9rica: \"No s\u00e9 si fue gol o no\" -","robots":{"index":"index","follow":"follow","max-snippet":"max-snippet:-1","max-image-preview":"max-image-preview:large","max-video-preview":"max-video-preview:-1"},"canonical":"https:\/\/futbolhoy.co\/index.php\/2025\/11\/24\/alfredo-arias-sobre-la-accion-del-empate-ante-america-no-se-si-fue-gol-o-no\/","og_locale":"es_ES","og_type":"article","og_title":"Alfredo Arias sobre la acci\u00f3n del empate ante Am\u00e9rica: \"No s\u00e9 si fue gol o no\" -","og_description":"Junior de Barranquilla consigui\u00f3 un valioso empate de visitante ante Am\u00e9rica de Cali en el desarrollo de la fecha 2 por los cuadrangulares finales de Liga BetPlay, en el grupo A. El compromiso finaliz\u00f3 1-1 gracias a las anotaciones de Cristi\u00e1n Barrios y un autogol de Jean Pesta\u00f1a, que \u00d3mar Bertel sac\u00f3, cuando el bal\u00f3n, [&hellip;]","og_url":"https:\/\/futbolhoy.co\/index.php\/2025\/11\/24\/alfredo-arias-sobre-la-accion-del-empate-ante-america-no-se-si-fue-gol-o-no\/","article_publisher":"https:\/\/www.facebook.com\/FutbolHoyCol\/","article_published_time":"2025-11-24T14:03:55+00:00","article_modified_time":"2025-11-25T14:10:13+00:00","og_image":[{"width":782,"height":558,"url":"https:\/\/futbolhoy.co\/wp-content\/uploads\/2025\/11\/WhatsApp-Image-2025-11-24-at-9.02.57-AM.jpeg","type":"image\/jpeg"}],"author":"contenido","twitter_card":"summary_large_image","twitter_creator":"@FutbolHoyCol","twitter_site":"@FutbolHoyCol","twitter_misc":{"Escrito por":"contenido","Tiempo de lectura":"3 minutos"},"schema":{"@context":"https:\/\/schema.org","@graph":[{"@type":"Article","@id":"https:\/\/futbolhoy.co\/index.php\/2025\/11\/24\/alfredo-arias-sobre-la-accion-del-empate-ante-america-no-se-si-fue-gol-o-no\/#article","isPartOf":{"@id":"https:\/\/futbolhoy.co\/index.php\/2025\/11\/24\/alfredo-arias-sobre-la-accion-del-empate-ante-america-no-se-si-fue-gol-o-no\/"},"author":{"name":"contenido","@id":"https:\/\/futbolhoy.co\/#\/schema\/person\/1721b69355b6623eaff15ac7b92d4cc3"},"headline":"Alfredo Arias sobre la acci\u00f3n del empate ante Am\u00e9rica: \"No s\u00e9 si fue gol o no\"","datePublished":"2025-11-24T14:03:55+00:00","dateModified":"2025-11-25T14:10:13+00:00","mainEntityOfPage":{"@id":"https:\/\/futbolhoy.co\/index.php\/2025\/11\/24\/alfredo-arias-sobre-la-accion-del-empate-ante-america-no-se-si-fue-gol-o-no\/"},"wordCount":520,"commentCount":0,"publisher":{"@id":"https:\/\/futbolhoy.co\/#organization"},"image":{"@id":"https:\/\/futbolhoy.co\/index.php\/2025\/11\/24\/alfredo-arias-sobre-la-accion-del-empate-ante-america-no-se-si-fue-gol-o-no\/#primaryimage"},"thumbnailUrl":"https:\/\/futbolhoy.co\/wp-content\/uploads\/2025\/11\/WhatsApp-Image-2025-11-24-at-9.02.57-AM.jpeg","articleSection":["Liga BetPlay"],"inLanguage":"es","potentialAction":[{"@type":"CommentAction","name":"Comment","target":["https:\/\/futbolhoy.co\/index.php\/2025\/11\/24\/alfredo-arias-sobre-la-accion-del-empate-ante-america-no-se-si-fue-gol-o-no\/#respond"]}]},{"@type":"WebPage","@id":"https:\/\/futbolhoy.co\/index.php\/2025\/11\/24\/alfredo-arias-sobre-la-accion-del-empate-ante-america-no-se-si-fue-gol-o-no\/","url":"https:\/\/futbolhoy.co\/index.php\/2025\/11\/24\/alfredo-arias-sobre-la-accion-del-empate-ante-america-no-se-si-fue-gol-o-no\/","name":"Alfredo Arias sobre la acci\u00f3n del empate ante Am\u00e9rica: \"No s\u00e9 si fue gol o no\" -","isPartOf":{"@id":"https:\/\/futbolhoy.co\/#website"},"primaryImageOfPage":{"@id":"https:\/\/futbolhoy.co\/index.php\/2025\/11\/24\/alfredo-arias-sobre-la-accion-del-empate-ante-america-no-se-si-fue-gol-o-no\/#primaryimage"},"image":{"@id":"https:\/\/futbolhoy.co\/index.php\/2025\/11\/24\/alfredo-arias-sobre-la-accion-del-empate-ante-america-no-se-si-fue-gol-o-no\/#primaryimage"},"thumbnailUrl":"https:\/\/futbolhoy.co\/wp-content\/uploads\/2025\/11\/WhatsApp-Image-2025-11-24-at-9.02.57-AM.jpeg","datePublished":"2025-11-24T14:03:55+00:00","dateModified":"2025-11-25T14:10:13+00:00","breadcrumb":{"@id":"https:\/\/futbolhoy.co\/index.php\/2025\/11\/24\/alfredo-arias-sobre-la-accion-del-empate-ante-america-no-se-si-fue-gol-o-no\/#breadcrumb"},"inLanguage":"es","potentialAction":[{"@type":"ReadAction","target":["https:\/\/futbolhoy.co\/index.php\/2025\/11\/24\/alfredo-arias-sobre-la-accion-del-empate-ante-america-no-se-si-fue-gol-o-no\/"]}]},{"@type":"ImageObject","inLanguage":"es","@id":"https:\/\/futbolhoy.co\/index.php\/2025\/11\/24\/alfredo-arias-sobre-la-accion-del-empate-ante-america-no-se-si-fue-gol-o-no\/#primaryimage","url":"https:\/\/futbolhoy.co\/wp-content\/uploads\/2025\/11\/WhatsApp-Image-2025-11-24-at-9.02.57-AM.jpeg","contentUrl":"https:\/\/futbolhoy.co\/wp-content\/uploads\/2025\/11\/WhatsApp-Image-2025-11-24-at-9.02.57-AM.jpeg","width":782,"height":558},{"@type":"BreadcrumbList","@id":"https:\/\/futbolhoy.co\/index.php\/2025\/11\/24\/alfredo-arias-sobre-la-accion-del-empate-ante-america-no-se-si-fue-gol-o-no\/#breadcrumb","itemListElement":[{"@type":"ListItem","position":1,"name":"Portada","item":"https:\/\/futbolhoy.co\/"},{"@type":"ListItem","position":2,"name":"Alfredo Arias sobre la acci\u00f3n del empate ante Am\u00e9rica: \"No s\u00e9 si fue gol o no\""}]},{"@type":"WebSite","@id":"https:\/\/futbolhoy.co\/#website","url":"https:\/\/futbolhoy.co\/","name":"FutbolHoy","description":"","publisher":{"@id":"https:\/\/futbolhoy.co\/#organization"},"potentialAction":[{"@type":"SearchAction","target":{"@type":"EntryPoint","urlTemplate":"https:\/\/futbolhoy.co\/?s={search_term_string}"},"query-input":{"@type":"PropertyValueSpecification","valueRequired":true,"valueName":"search_term_string"}}],"inLanguage":"es"},{"@type":"Organization","@id":"https:\/\/futbolhoy.co\/#organization","name":"Futbolhoy.co","url":"https:\/\/futbolhoy.co\/","logo":{"@type":"ImageObject","inLanguage":"es","@id":"https:\/\/futbolhoy.co\/#\/schema\/logo\/image\/","url":"https:\/\/futbolhoy.co\/wp-content\/uploads\/2018\/08\/17426380_1906371736249227_6326180412931521141_n.jpg","contentUrl":"https:\/\/futbolhoy.co\/wp-content\/uploads\/2018\/08\/17426380_1906371736249227_6326180412931521141_n.jpg","width":960,"height":960,"caption":"Futbolhoy.co"},"image":{"@id":"https:\/\/futbolhoy.co\/#\/schema\/logo\/image\/"},"sameAs":["https:\/\/www.facebook.com\/FutbolHoyCol\/","https:\/\/x.com\/FutbolHoyCol","https:\/\/www.instagram.com\/futbolhoycol\/"]},{"@type":"Person","@id":"https:\/\/futbolhoy.co\/#\/schema\/person\/1721b69355b6623eaff15ac7b92d4cc3","name":"contenido","image":{"@type":"ImageObject","inLanguage":"es","@id":"https:\/\/futbolhoy.co\/#\/schema\/person\/image\/","url":"https:\/\/secure.gravatar.com\/avatar\/4f656d3256f5134f466206e7c3941518?s=96&d=mm&r=g","contentUrl":"https:\/\/secure.gravatar.com\/avatar\/4f656d3256f5134f466206e7c3941518?s=96&d=mm&r=g","caption":"contenido"}}]}},"publishpress_future_action":{"enabled":false,"date":"2026-05-03 07:22:44","action":"change-status","newStatus":"draft","terms":[],"taxonomy":"category","extraData":[]},"publishpress_future_workflow_manual_trigger":{"enabledWorkflows":[]},"_links":{"self":[{"href":"https:\/\/futbolhoy.co\/index.php\/wp-json\/wp\/v2\/posts\/126507","targetHints":{"allow":["GET"]}}],"collection":[{"href":"https:\/\/futbolhoy.co\/index.php\/wp-json\/wp\/v2\/posts"}],"about":[{"href":"https:\/\/futbolhoy.co\/index.php\/wp-json\/wp\/v2\/types\/post"}],"author":[{"embeddable":true,"href":"https:\/\/futbolhoy.co\/index.php\/wp-json\/wp\/v2\/users\/4"}],"replies":[{"embeddable":true,"href":"https:\/\/futbolhoy.co\/index.php\/wp-json\/wp\/v2\/comments?post=126507"}],"version-history":[{"count":3,"href":"https:\/\/futbolhoy.co\/index.php\/wp-json\/wp\/v2\/posts\/126507\/revisions"}],"predecessor-version":[{"id":126512,"href":"https:\/\/futbolhoy.co\/index.php\/wp-json\/wp\/v2\/posts\/126507\/revisions\/126512"}],"wp:featuredmedia":[{"embeddable":true,"href":"https:\/\/futbolhoy.co\/index.php\/wp-json\/wp\/v2\/media\/126509"}],"wp:attachment":[{"href":"https:\/\/futbolhoy.co\/index.php\/wp-json\/wp\/v2\/media?parent=126507"}],"wp:term":[{"taxonomy":"category","embeddable":true,"href":"https:\/\/futbolhoy.co\/index.php\/wp-json\/wp\/v2\/categories?post=126507"},{"taxonomy":"post_tag","embeddable":true,"href":"https:\/\/futbolhoy.co\/index.php\/wp-json\/wp\/v2\/tags?post=126507"}],"curies":[{"name":"wp","href":"https:\/\/api.w.org\/{rel}","templated":true}]}}