{"id":126513,"date":"2025-11-24T09:48:11","date_gmt":"2025-11-24T14:48:11","guid":{"rendered":"https:\/\/futbolhoy.co\/?p=126513"},"modified":"2025-11-25T10:47:18","modified_gmt":"2025-11-25T15:47:18","slug":"colombianos-goleadores-por-el-mundo-edwuin-cetre-daniel-munoz-luis-suarez-y-richard-rios","status":"publish","type":"post","link":"https:\/\/futbolhoy.co\/index.php\/2025\/11\/24\/colombianos-goleadores-por-el-mundo-edwuin-cetre-daniel-munoz-luis-suarez-y-richard-rios\/","title":{"rendered":"Colombianos goleadores por el mundo: Edwuin Cetr\u00e9, Daniel Mu\u00f1oz, Luis Su\u00e1rez y Richard R\u00edos"},"content":{"rendered":"<p style=\"text-align: justify;\"><span style=\"font-family: helvetica, arial, sans-serif;\">Regresaron las competencias europeas tras el par\u00f3n FIFA y consigo, los goles de colombianos como <strong>Richard R\u00edos<\/strong> (Benfica), <strong>Luis Su\u00e1rez<\/strong> (Sporting Club) y <strong>Daniel Mu\u00f1oz<\/strong> (Crystal Palace), se reportaron con gol desde las ligas de Portugal e Inglaterra.<\/span><\/p>\n<p style=\"text-align: justify;\"><span style=\"font-family: helvetica, arial, sans-serif;\">Adem\u00e1s, <strong>Edwuin Cetr\u00e9<\/strong> fue otro futbolistas que dijo presente desde el extranjero, en su caso, con Estudiantes de la Plata, tras marcar el gol de la victoria ante el campe\u00f3n argentino, <strong>Rosario Central<\/strong>, quien se coron\u00f3 desde el escritorio en los d\u00edas previos, por ser el primero de la clasificaci\u00f3n anual.<\/span><\/p>\n<h2 style=\"text-align: justify;\"><span style=\"font-family: helvetica, arial, sans-serif;\">Vea los goles de colombianos durante el fin de semana<\/span><\/h2>\n<h3 style=\"text-align: justify;\"><span style=\"font-family: helvetica, arial, sans-serif;\">Richard R\u00edos<\/span><\/h3>\n<p style=\"text-align: justify;\"><span style=\"font-family: helvetica, arial, sans-serif;\">El mediocampista titular en la <strong>Selecci\u00f3n Colombia<\/strong> anot\u00f3 su primer gol con <strong>Benfica<\/strong> desde su llegada para la temporada en curso, y lo marc\u00f3 de cabeza para encaminar la victoria 2-0 ante Atl\u00e9tico Club de Portugal, en la clasificaci\u00f3n a la <strong>ronda 3 de la Copa<\/strong> local.<\/span><\/p>\n<p style=\"text-align: justify;\"><span style=\"font-family: helvetica, arial, sans-serif;\">As\u00ed fue el gol de Richard R\u00edos:<\/span><\/p>\n<blockquote class=\"twitter-tweet\" data-media-max-width=\"560\">\n<p dir=\"ltr\" lang=\"pt\">Richard R\u00edos desbloqueia o nulo \ud83e\uddd9\u200d\u2640\ufe0f<a href=\"https:\/\/twitter.com\/hashtag\/sporttvportugal?src=hash&amp;ref_src=twsrc%5Etfw\">#sporttvportugal<\/a> <a href=\"https:\/\/twitter.com\/hashtag\/TA%C3%87AnaSPORTTV?src=hash&amp;ref_src=twsrc%5Etfw\">#TA\u00c7AnaSPORTTV<\/a> <a href=\"https:\/\/twitter.com\/hashtag\/Ta%C3%A7adePortugal?src=hash&amp;ref_src=twsrc%5Etfw\">#Ta\u00e7adePortugal<\/a> <a href=\"https:\/\/twitter.com\/hashtag\/Atl%C3%A9ticoCP?src=hash&amp;ref_src=twsrc%5Etfw\">#Atl\u00e9ticoCP<\/a> <a href=\"https:\/\/twitter.com\/hashtag\/SLBenfica?src=hash&amp;ref_src=twsrc%5Etfw\">#SLBenfica<\/a> <a href=\"https:\/\/t.co\/RhfrlXCald\">pic.twitter.com\/RhfrlXCald<\/a><\/p>\n<p>\u2014 sport tv (@sporttvportugal) <a href=\"https:\/\/twitter.com\/sporttvportugal\/status\/1991993003964059775?ref_src=twsrc%5Etfw\">November 21, 2025<\/a><\/p><\/blockquote>\n<h3 style=\"text-align: justify;\"><script async src=\"https:\/\/platform.twitter.com\/widgets.js\" charset=\"utf-8\"><\/script> <span style=\"font-family: helvetica, arial, sans-serif;\">Luis Su\u00e1rez<\/span><\/h3>\n<p style=\"text-align: justify;\"><span style=\"font-family: helvetica, arial, sans-serif;\">En la misma competencia, el samario tambi\u00e9n apareci\u00f3 en el \u00e1rea y anot\u00f3 en la clasificaci\u00f3n 3-0 de Sporting frente a Marinhense. En su caso, sell\u00f3 la victoria tras aparecer en el \u00e1rea y anotar <strong>su gol #9 con la camiseta del equipo de Lisboa<\/strong>, desde que se uni\u00f3 al club, en julio de 2025.<\/span><\/p>\n<p style=\"text-align: justify;\"><span style=\"font-family: helvetica, arial, sans-serif;\">As\u00ed fue la anotaci\u00f3n de Luis Su\u00e1rez:<\/span><\/p>\n<blockquote class=\"twitter-tweet\" data-media-max-width=\"560\">\n<p dir=\"ltr\" lang=\"pt\">Luis Su\u00e1rez fez o terceiro dos le\u00f5es \ud83e\udee1<a href=\"https:\/\/twitter.com\/hashtag\/sporttvportugal?src=hash&amp;ref_src=twsrc%5Etfw\">#sporttvportugal<\/a> <a href=\"https:\/\/twitter.com\/hashtag\/TA%C3%87AnaSPORTTV?src=hash&amp;ref_src=twsrc%5Etfw\">#TA\u00c7AnaSPORTTV<\/a> <a href=\"https:\/\/twitter.com\/hashtag\/Ta%C3%A7adePortugal?src=hash&amp;ref_src=twsrc%5Etfw\">#Ta\u00e7adePortugal<\/a> <a href=\"https:\/\/twitter.com\/hashtag\/SportingCP?src=hash&amp;ref_src=twsrc%5Etfw\">#SportingCP<\/a> <a href=\"https:\/\/twitter.com\/hashtag\/ACMarinhense?src=hash&amp;ref_src=twsrc%5Etfw\">#ACMarinhense<\/a> <a href=\"https:\/\/t.co\/9Q5OSikoaB\">pic.twitter.com\/9Q5OSikoaB<\/a><\/p>\n<p>\u2014 sport tv (@sporttvportugal) <a href=\"https:\/\/twitter.com\/sporttvportugal\/status\/1992318829842624981?ref_src=twsrc%5Etfw\">November 22, 2025<\/a><\/p><\/blockquote>\n<h3 style=\"text-align: justify;\"><script async src=\"https:\/\/platform.twitter.com\/widgets.js\" charset=\"utf-8\"><\/script><span style=\"font-family: helvetica, arial, sans-serif;\">Edwuin Cetr\u00e9<\/span><\/h3>\n<p style=\"text-align: justify;\"><span style=\"font-family: helvetica, arial, sans-serif;\">El vallecaucano de 27 a\u00f1os anot\u00f3 al 31' desde el borde del \u00e1rea el gol que <strong>elimin\u00f3 al equipo de \u00c1ngel Di Mar\u00eda<\/strong> del Torneo Clausura, ante el 0-1. <strong>Cetr\u00e9 lleg\u00f3 a 12 goles con 'El Pincha'<\/strong>, que avanz\u00f3 a los cuartos de final del campeonato y enfrentar\u00e1 a Central C\u00f3rdoba en busca de un cupo en la semifinal.<\/span><\/p>\n<p style=\"text-align: justify;\"><span style=\"font-family: helvetica, arial, sans-serif;\">Vea el gol de Edwuin Cetr\u00e9:<\/span><\/p>\n<blockquote class=\"twitter-tweet\" data-media-max-width=\"560\">\n<p dir=\"ltr\" lang=\"es\">\u00a1\u00a1GOLAZO DE CETR\u00c9 PARA EL 1-0 DE ESTUDIANTES ANTE ROSARIO CENTRAL EN ARROYITO!!<\/p>\n<p>\ud83d\udcfa ESPN Premium | Suscribite al Pack F\u00fatbol en <a href=\"https:\/\/t.co\/7jYILYACXi\">https:\/\/t.co\/7jYILYACXi<\/a> <a href=\"https:\/\/t.co\/XpYGDy5bEL\">pic.twitter.com\/XpYGDy5bEL<\/a><\/p>\n<p>\u2014 SportsCenter (@SC_ESPN) <a href=\"https:\/\/twitter.com\/SC_ESPN\/status\/1992700779933638953?ref_src=twsrc%5Etfw\">November 23, 2025<\/a><\/p><\/blockquote>\n<h3 style=\"text-align: justify;\"><script async src=\"https:\/\/platform.twitter.com\/widgets.js\" charset=\"utf-8\"><\/script><span style=\"font-family: helvetica, arial, sans-serif;\">Daniel Mu\u00f1oz<\/span><\/h3>\n<p style=\"text-align: justify;\"><span style=\"font-family: helvetica, arial, sans-serif;\">El antioque\u00f1o caz\u00f3 un rebote dentro del \u00e1rea durante la fecha 12 en la victoria 0-2 frente a <strong>Wolves de Jhon Arias y Yerson Mosquera<\/strong> por Premier League, y lleg\u00f3 a <strong>9 anotaciones<\/strong> con su equipo, desde su posici\u00f3n como carrilero por derecha.<\/span><\/p>\n<p style=\"text-align: justify;\"><span style=\"font-family: helvetica, arial, sans-serif;\">Palace marcha quinto en la tabla de posiciones con 20 puntos, a 9 de Arsenal, que es l\u00edder.<\/span><\/p>\n<p style=\"text-align: justify;\"><span style=\"font-family: helvetica, arial, sans-serif;\">As\u00ed fue la anotaci\u00f3n de <strong>Daniel Mu\u00f1oz<\/strong>, con dedicatoria especial para su amigo que falleci\u00f3 la semana anterior:<\/span><\/p>\n<blockquote class=\"twitter-tweet\" data-media-max-width=\"560\">\n<p dir=\"ltr\" lang=\"es\">\u00a1HAY GOL COLOMBIANO EN LA PREMIER! Daniel Mu\u00f1oz la mand\u00f3 a guardar y marc\u00f3 el 1-0 del Crystal Palace vs. Wolves.<\/p>\n<p>\ud83d\udcfa Mir\u00e1 la Premier League por <a href=\"https:\/\/twitter.com\/hashtag\/DisneyPlus?src=hash&amp;ref_src=twsrc%5Etfw\">#DisneyPlus<\/a> Plan Premium <a href=\"https:\/\/t.co\/71AH8miHVg\">pic.twitter.com\/71AH8miHVg<\/a><\/p>\n<p>\u2014 SportsCenter (@SC_ESPN) <a href=\"https:\/\/twitter.com\/SC_ESPN\/status\/1992268177158377825?ref_src=twsrc%5Etfw\">November 22, 2025<\/a><\/p><\/blockquote>\n<p><script async src=\"https:\/\/platform.twitter.com\/widgets.js\" charset=\"utf-8\"><\/script><\/p>\n","protected":false},"excerpt":{"rendered":"<p>Regresaron las competencias europeas tras el par\u00f3n FIFA y consigo, los goles de colombianos como Richard R\u00edos (Benfica), Luis Su\u00e1rez (Sporting Club) y Daniel Mu\u00f1oz (Crystal Palace), se reportaron con gol desde las ligas de Portugal e Inglaterra. Adem\u00e1s, Edwuin Cetr\u00e9 fue otro futbolistas que dijo presente desde el extranjero, en su caso, con Estudiantes [&hellip;]<\/p>\n","protected":false},"author":4,"featured_media":126514,"comment_status":"open","ping_status":"open","sticky":false,"template":"","format":"standard","meta":{"_acf_changed":false,"footnotes":""},"categories":[418],"tags":[],"class_list":{"0":"post-126513","1":"post","2":"type-post","3":"status-publish","4":"format-standard","5":"has-post-thumbnail","7":"category-colombia"},"acf":[],"yoast_head":"<!-- This site is optimized with the Yoast SEO plugin v26.8 - https:\/\/yoast.com\/product\/yoast-seo-wordpress\/ -->\n<title>Colombianos goleadores por el mundo: Edwuin Cetr\u00e9, Daniel Mu\u00f1oz, Luis Su\u00e1rez y Richard R\u00edos -<\/title>\n<meta name=\"robots\" content=\"index, follow, max-snippet:-1, max-image-preview:large, max-video-preview:-1\" \/>\n<link rel=\"canonical\" href=\"https:\/\/futbolhoy.co\/index.php\/2025\/11\/24\/colombianos-goleadores-por-el-mundo-edwuin-cetre-daniel-munoz-luis-suarez-y-richard-rios\/\" \/>\n<meta property=\"og:locale\" content=\"es_ES\" \/>\n<meta property=\"og:type\" content=\"article\" \/>\n<meta property=\"og:title\" content=\"Colombianos goleadores por el mundo: Edwuin Cetr\u00e9, Daniel Mu\u00f1oz, Luis Su\u00e1rez y Richard R\u00edos -\" \/>\n<meta property=\"og:description\" content=\"Regresaron las competencias europeas tras el par\u00f3n FIFA y consigo, los goles de colombianos como Richard R\u00edos (Benfica), Luis Su\u00e1rez (Sporting Club) y Daniel Mu\u00f1oz (Crystal Palace), se reportaron con gol desde las ligas de Portugal e Inglaterra. Adem\u00e1s, Edwuin Cetr\u00e9 fue otro futbolistas que dijo presente desde el extranjero, en su caso, con Estudiantes [&hellip;]\" \/>\n<meta property=\"og:url\" content=\"https:\/\/futbolhoy.co\/index.php\/2025\/11\/24\/colombianos-goleadores-por-el-mundo-edwuin-cetre-daniel-munoz-luis-suarez-y-richard-rios\/\" \/>\n<meta property=\"article:publisher\" content=\"https:\/\/www.facebook.com\/FutbolHoyCol\/\" \/>\n<meta property=\"article:published_time\" content=\"2025-11-24T14:48:11+00:00\" \/>\n<meta property=\"article:modified_time\" content=\"2025-11-25T15:47:18+00:00\" \/>\n<meta property=\"og:image\" content=\"https:\/\/futbolhoy.co\/wp-content\/uploads\/2025\/11\/WhatsApp-Image-2025-11-24-at-9.47.07-AM.jpeg\" \/>\n\t<meta property=\"og:image:width\" content=\"828\" \/>\n\t<meta property=\"og:image:height\" content=\"603\" \/>\n\t<meta property=\"og:image:type\" content=\"image\/jpeg\" \/>\n<meta name=\"author\" content=\"contenido\" \/>\n<meta name=\"twitter:card\" content=\"summary_large_image\" \/>\n<meta name=\"twitter:creator\" content=\"@FutbolHoyCol\" \/>\n<meta name=\"twitter:site\" content=\"@FutbolHoyCol\" \/>\n<meta name=\"twitter:label1\" content=\"Escrito por\" \/>\n\t<meta name=\"twitter:data1\" content=\"contenido\" \/>\n\t<meta name=\"twitter:label2\" content=\"Tiempo de lectura\" \/>\n\t<meta name=\"twitter:data2\" content=\"3 minutos\" \/>\n<script type=\"application\/ld+json\" class=\"yoast-schema-graph\">{\"@context\":\"https:\/\/schema.org\",\"@graph\":[{\"@type\":\"Article\",\"@id\":\"https:\/\/futbolhoy.co\/index.php\/2025\/11\/24\/colombianos-goleadores-por-el-mundo-edwuin-cetre-daniel-munoz-luis-suarez-y-richard-rios\/#article\",\"isPartOf\":{\"@id\":\"https:\/\/futbolhoy.co\/index.php\/2025\/11\/24\/colombianos-goleadores-por-el-mundo-edwuin-cetre-daniel-munoz-luis-suarez-y-richard-rios\/\"},\"author\":{\"name\":\"contenido\",\"@id\":\"https:\/\/futbolhoy.co\/#\/schema\/person\/1721b69355b6623eaff15ac7b92d4cc3\"},\"headline\":\"Colombianos goleadores por el mundo: Edwuin Cetr\u00e9, Daniel Mu\u00f1oz, Luis Su\u00e1rez y Richard R\u00edos\",\"datePublished\":\"2025-11-24T14:48:11+00:00\",\"dateModified\":\"2025-11-25T15:47:18+00:00\",\"mainEntityOfPage\":{\"@id\":\"https:\/\/futbolhoy.co\/index.php\/2025\/11\/24\/colombianos-goleadores-por-el-mundo-edwuin-cetre-daniel-munoz-luis-suarez-y-richard-rios\/\"},\"wordCount\":522,\"commentCount\":0,\"publisher\":{\"@id\":\"https:\/\/futbolhoy.co\/#organization\"},\"image\":{\"@id\":\"https:\/\/futbolhoy.co\/index.php\/2025\/11\/24\/colombianos-goleadores-por-el-mundo-edwuin-cetre-daniel-munoz-luis-suarez-y-richard-rios\/#primaryimage\"},\"thumbnailUrl\":\"https:\/\/futbolhoy.co\/wp-content\/uploads\/2025\/11\/WhatsApp-Image-2025-11-24-at-9.47.07-AM.jpeg\",\"articleSection\":[\"Colombia\"],\"inLanguage\":\"es\",\"potentialAction\":[{\"@type\":\"CommentAction\",\"name\":\"Comment\",\"target\":[\"https:\/\/futbolhoy.co\/index.php\/2025\/11\/24\/colombianos-goleadores-por-el-mundo-edwuin-cetre-daniel-munoz-luis-suarez-y-richard-rios\/#respond\"]}]},{\"@type\":\"WebPage\",\"@id\":\"https:\/\/futbolhoy.co\/index.php\/2025\/11\/24\/colombianos-goleadores-por-el-mundo-edwuin-cetre-daniel-munoz-luis-suarez-y-richard-rios\/\",\"url\":\"https:\/\/futbolhoy.co\/index.php\/2025\/11\/24\/colombianos-goleadores-por-el-mundo-edwuin-cetre-daniel-munoz-luis-suarez-y-richard-rios\/\",\"name\":\"Colombianos goleadores por el mundo: Edwuin Cetr\u00e9, Daniel Mu\u00f1oz, Luis Su\u00e1rez y Richard R\u00edos -\",\"isPartOf\":{\"@id\":\"https:\/\/futbolhoy.co\/#website\"},\"primaryImageOfPage\":{\"@id\":\"https:\/\/futbolhoy.co\/index.php\/2025\/11\/24\/colombianos-goleadores-por-el-mundo-edwuin-cetre-daniel-munoz-luis-suarez-y-richard-rios\/#primaryimage\"},\"image\":{\"@id\":\"https:\/\/futbolhoy.co\/index.php\/2025\/11\/24\/colombianos-goleadores-por-el-mundo-edwuin-cetre-daniel-munoz-luis-suarez-y-richard-rios\/#primaryimage\"},\"thumbnailUrl\":\"https:\/\/futbolhoy.co\/wp-content\/uploads\/2025\/11\/WhatsApp-Image-2025-11-24-at-9.47.07-AM.jpeg\",\"datePublished\":\"2025-11-24T14:48:11+00:00\",\"dateModified\":\"2025-11-25T15:47:18+00:00\",\"breadcrumb\":{\"@id\":\"https:\/\/futbolhoy.co\/index.php\/2025\/11\/24\/colombianos-goleadores-por-el-mundo-edwuin-cetre-daniel-munoz-luis-suarez-y-richard-rios\/#breadcrumb\"},\"inLanguage\":\"es\",\"potentialAction\":[{\"@type\":\"ReadAction\",\"target\":[\"https:\/\/futbolhoy.co\/index.php\/2025\/11\/24\/colombianos-goleadores-por-el-mundo-edwuin-cetre-daniel-munoz-luis-suarez-y-richard-rios\/\"]}]},{\"@type\":\"ImageObject\",\"inLanguage\":\"es\",\"@id\":\"https:\/\/futbolhoy.co\/index.php\/2025\/11\/24\/colombianos-goleadores-por-el-mundo-edwuin-cetre-daniel-munoz-luis-suarez-y-richard-rios\/#primaryimage\",\"url\":\"https:\/\/futbolhoy.co\/wp-content\/uploads\/2025\/11\/WhatsApp-Image-2025-11-24-at-9.47.07-AM.jpeg\",\"contentUrl\":\"https:\/\/futbolhoy.co\/wp-content\/uploads\/2025\/11\/WhatsApp-Image-2025-11-24-at-9.47.07-AM.jpeg\",\"width\":828,\"height\":603},{\"@type\":\"BreadcrumbList\",\"@id\":\"https:\/\/futbolhoy.co\/index.php\/2025\/11\/24\/colombianos-goleadores-por-el-mundo-edwuin-cetre-daniel-munoz-luis-suarez-y-richard-rios\/#breadcrumb\",\"itemListElement\":[{\"@type\":\"ListItem\",\"position\":1,\"name\":\"Portada\",\"item\":\"https:\/\/futbolhoy.co\/\"},{\"@type\":\"ListItem\",\"position\":2,\"name\":\"Colombianos goleadores por el mundo: Edwuin Cetr\u00e9, Daniel Mu\u00f1oz, Luis Su\u00e1rez y Richard R\u00edos\"}]},{\"@type\":\"WebSite\",\"@id\":\"https:\/\/futbolhoy.co\/#website\",\"url\":\"https:\/\/futbolhoy.co\/\",\"name\":\"FutbolHoy\",\"description\":\"\",\"publisher\":{\"@id\":\"https:\/\/futbolhoy.co\/#organization\"},\"potentialAction\":[{\"@type\":\"SearchAction\",\"target\":{\"@type\":\"EntryPoint\",\"urlTemplate\":\"https:\/\/futbolhoy.co\/?s={search_term_string}\"},\"query-input\":{\"@type\":\"PropertyValueSpecification\",\"valueRequired\":true,\"valueName\":\"search_term_string\"}}],\"inLanguage\":\"es\"},{\"@type\":\"Organization\",\"@id\":\"https:\/\/futbolhoy.co\/#organization\",\"name\":\"Futbolhoy.co\",\"url\":\"https:\/\/futbolhoy.co\/\",\"logo\":{\"@type\":\"ImageObject\",\"inLanguage\":\"es\",\"@id\":\"https:\/\/futbolhoy.co\/#\/schema\/logo\/image\/\",\"url\":\"https:\/\/futbolhoy.co\/wp-content\/uploads\/2018\/08\/17426380_1906371736249227_6326180412931521141_n.jpg\",\"contentUrl\":\"https:\/\/futbolhoy.co\/wp-content\/uploads\/2018\/08\/17426380_1906371736249227_6326180412931521141_n.jpg\",\"width\":960,\"height\":960,\"caption\":\"Futbolhoy.co\"},\"image\":{\"@id\":\"https:\/\/futbolhoy.co\/#\/schema\/logo\/image\/\"},\"sameAs\":[\"https:\/\/www.facebook.com\/FutbolHoyCol\/\",\"https:\/\/x.com\/FutbolHoyCol\",\"https:\/\/www.instagram.com\/futbolhoycol\/\"]},{\"@type\":\"Person\",\"@id\":\"https:\/\/futbolhoy.co\/#\/schema\/person\/1721b69355b6623eaff15ac7b92d4cc3\",\"name\":\"contenido\",\"image\":{\"@type\":\"ImageObject\",\"inLanguage\":\"es\",\"@id\":\"https:\/\/futbolhoy.co\/#\/schema\/person\/image\/\",\"url\":\"https:\/\/secure.gravatar.com\/avatar\/4f656d3256f5134f466206e7c3941518?s=96&d=mm&r=g\",\"contentUrl\":\"https:\/\/secure.gravatar.com\/avatar\/4f656d3256f5134f466206e7c3941518?s=96&d=mm&r=g\",\"caption\":\"contenido\"}}]}<\/script>\n<!-- \/ Yoast SEO plugin. -->","yoast_head_json":{"title":"Colombianos goleadores por el mundo: Edwuin Cetr\u00e9, Daniel Mu\u00f1oz, Luis Su\u00e1rez y Richard R\u00edos -","robots":{"index":"index","follow":"follow","max-snippet":"max-snippet:-1","max-image-preview":"max-image-preview:large","max-video-preview":"max-video-preview:-1"},"canonical":"https:\/\/futbolhoy.co\/index.php\/2025\/11\/24\/colombianos-goleadores-por-el-mundo-edwuin-cetre-daniel-munoz-luis-suarez-y-richard-rios\/","og_locale":"es_ES","og_type":"article","og_title":"Colombianos goleadores por el mundo: Edwuin Cetr\u00e9, Daniel Mu\u00f1oz, Luis Su\u00e1rez y Richard R\u00edos -","og_description":"Regresaron las competencias europeas tras el par\u00f3n FIFA y consigo, los goles de colombianos como Richard R\u00edos (Benfica), Luis Su\u00e1rez (Sporting Club) y Daniel Mu\u00f1oz (Crystal Palace), se reportaron con gol desde las ligas de Portugal e Inglaterra. Adem\u00e1s, Edwuin Cetr\u00e9 fue otro futbolistas que dijo presente desde el extranjero, en su caso, con Estudiantes [&hellip;]","og_url":"https:\/\/futbolhoy.co\/index.php\/2025\/11\/24\/colombianos-goleadores-por-el-mundo-edwuin-cetre-daniel-munoz-luis-suarez-y-richard-rios\/","article_publisher":"https:\/\/www.facebook.com\/FutbolHoyCol\/","article_published_time":"2025-11-24T14:48:11+00:00","article_modified_time":"2025-11-25T15:47:18+00:00","og_image":[{"width":828,"height":603,"url":"https:\/\/futbolhoy.co\/wp-content\/uploads\/2025\/11\/WhatsApp-Image-2025-11-24-at-9.47.07-AM.jpeg","type":"image\/jpeg"}],"author":"contenido","twitter_card":"summary_large_image","twitter_creator":"@FutbolHoyCol","twitter_site":"@FutbolHoyCol","twitter_misc":{"Escrito por":"contenido","Tiempo de lectura":"3 minutos"},"schema":{"@context":"https:\/\/schema.org","@graph":[{"@type":"Article","@id":"https:\/\/futbolhoy.co\/index.php\/2025\/11\/24\/colombianos-goleadores-por-el-mundo-edwuin-cetre-daniel-munoz-luis-suarez-y-richard-rios\/#article","isPartOf":{"@id":"https:\/\/futbolhoy.co\/index.php\/2025\/11\/24\/colombianos-goleadores-por-el-mundo-edwuin-cetre-daniel-munoz-luis-suarez-y-richard-rios\/"},"author":{"name":"contenido","@id":"https:\/\/futbolhoy.co\/#\/schema\/person\/1721b69355b6623eaff15ac7b92d4cc3"},"headline":"Colombianos goleadores por el mundo: Edwuin Cetr\u00e9, Daniel Mu\u00f1oz, Luis Su\u00e1rez y Richard R\u00edos","datePublished":"2025-11-24T14:48:11+00:00","dateModified":"2025-11-25T15:47:18+00:00","mainEntityOfPage":{"@id":"https:\/\/futbolhoy.co\/index.php\/2025\/11\/24\/colombianos-goleadores-por-el-mundo-edwuin-cetre-daniel-munoz-luis-suarez-y-richard-rios\/"},"wordCount":522,"commentCount":0,"publisher":{"@id":"https:\/\/futbolhoy.co\/#organization"},"image":{"@id":"https:\/\/futbolhoy.co\/index.php\/2025\/11\/24\/colombianos-goleadores-por-el-mundo-edwuin-cetre-daniel-munoz-luis-suarez-y-richard-rios\/#primaryimage"},"thumbnailUrl":"https:\/\/futbolhoy.co\/wp-content\/uploads\/2025\/11\/WhatsApp-Image-2025-11-24-at-9.47.07-AM.jpeg","articleSection":["Colombia"],"inLanguage":"es","potentialAction":[{"@type":"CommentAction","name":"Comment","target":["https:\/\/futbolhoy.co\/index.php\/2025\/11\/24\/colombianos-goleadores-por-el-mundo-edwuin-cetre-daniel-munoz-luis-suarez-y-richard-rios\/#respond"]}]},{"@type":"WebPage","@id":"https:\/\/futbolhoy.co\/index.php\/2025\/11\/24\/colombianos-goleadores-por-el-mundo-edwuin-cetre-daniel-munoz-luis-suarez-y-richard-rios\/","url":"https:\/\/futbolhoy.co\/index.php\/2025\/11\/24\/colombianos-goleadores-por-el-mundo-edwuin-cetre-daniel-munoz-luis-suarez-y-richard-rios\/","name":"Colombianos goleadores por el mundo: Edwuin Cetr\u00e9, Daniel Mu\u00f1oz, Luis Su\u00e1rez y Richard R\u00edos -","isPartOf":{"@id":"https:\/\/futbolhoy.co\/#website"},"primaryImageOfPage":{"@id":"https:\/\/futbolhoy.co\/index.php\/2025\/11\/24\/colombianos-goleadores-por-el-mundo-edwuin-cetre-daniel-munoz-luis-suarez-y-richard-rios\/#primaryimage"},"image":{"@id":"https:\/\/futbolhoy.co\/index.php\/2025\/11\/24\/colombianos-goleadores-por-el-mundo-edwuin-cetre-daniel-munoz-luis-suarez-y-richard-rios\/#primaryimage"},"thumbnailUrl":"https:\/\/futbolhoy.co\/wp-content\/uploads\/2025\/11\/WhatsApp-Image-2025-11-24-at-9.47.07-AM.jpeg","datePublished":"2025-11-24T14:48:11+00:00","dateModified":"2025-11-25T15:47:18+00:00","breadcrumb":{"@id":"https:\/\/futbolhoy.co\/index.php\/2025\/11\/24\/colombianos-goleadores-por-el-mundo-edwuin-cetre-daniel-munoz-luis-suarez-y-richard-rios\/#breadcrumb"},"inLanguage":"es","potentialAction":[{"@type":"ReadAction","target":["https:\/\/futbolhoy.co\/index.php\/2025\/11\/24\/colombianos-goleadores-por-el-mundo-edwuin-cetre-daniel-munoz-luis-suarez-y-richard-rios\/"]}]},{"@type":"ImageObject","inLanguage":"es","@id":"https:\/\/futbolhoy.co\/index.php\/2025\/11\/24\/colombianos-goleadores-por-el-mundo-edwuin-cetre-daniel-munoz-luis-suarez-y-richard-rios\/#primaryimage","url":"https:\/\/futbolhoy.co\/wp-content\/uploads\/2025\/11\/WhatsApp-Image-2025-11-24-at-9.47.07-AM.jpeg","contentUrl":"https:\/\/futbolhoy.co\/wp-content\/uploads\/2025\/11\/WhatsApp-Image-2025-11-24-at-9.47.07-AM.jpeg","width":828,"height":603},{"@type":"BreadcrumbList","@id":"https:\/\/futbolhoy.co\/index.php\/2025\/11\/24\/colombianos-goleadores-por-el-mundo-edwuin-cetre-daniel-munoz-luis-suarez-y-richard-rios\/#breadcrumb","itemListElement":[{"@type":"ListItem","position":1,"name":"Portada","item":"https:\/\/futbolhoy.co\/"},{"@type":"ListItem","position":2,"name":"Colombianos goleadores por el mundo: Edwuin Cetr\u00e9, Daniel Mu\u00f1oz, Luis Su\u00e1rez y Richard R\u00edos"}]},{"@type":"WebSite","@id":"https:\/\/futbolhoy.co\/#website","url":"https:\/\/futbolhoy.co\/","name":"FutbolHoy","description":"","publisher":{"@id":"https:\/\/futbolhoy.co\/#organization"},"potentialAction":[{"@type":"SearchAction","target":{"@type":"EntryPoint","urlTemplate":"https:\/\/futbolhoy.co\/?s={search_term_string}"},"query-input":{"@type":"PropertyValueSpecification","valueRequired":true,"valueName":"search_term_string"}}],"inLanguage":"es"},{"@type":"Organization","@id":"https:\/\/futbolhoy.co\/#organization","name":"Futbolhoy.co","url":"https:\/\/futbolhoy.co\/","logo":{"@type":"ImageObject","inLanguage":"es","@id":"https:\/\/futbolhoy.co\/#\/schema\/logo\/image\/","url":"https:\/\/futbolhoy.co\/wp-content\/uploads\/2018\/08\/17426380_1906371736249227_6326180412931521141_n.jpg","contentUrl":"https:\/\/futbolhoy.co\/wp-content\/uploads\/2018\/08\/17426380_1906371736249227_6326180412931521141_n.jpg","width":960,"height":960,"caption":"Futbolhoy.co"},"image":{"@id":"https:\/\/futbolhoy.co\/#\/schema\/logo\/image\/"},"sameAs":["https:\/\/www.facebook.com\/FutbolHoyCol\/","https:\/\/x.com\/FutbolHoyCol","https:\/\/www.instagram.com\/futbolhoycol\/"]},{"@type":"Person","@id":"https:\/\/futbolhoy.co\/#\/schema\/person\/1721b69355b6623eaff15ac7b92d4cc3","name":"contenido","image":{"@type":"ImageObject","inLanguage":"es","@id":"https:\/\/futbolhoy.co\/#\/schema\/person\/image\/","url":"https:\/\/secure.gravatar.com\/avatar\/4f656d3256f5134f466206e7c3941518?s=96&d=mm&r=g","contentUrl":"https:\/\/secure.gravatar.com\/avatar\/4f656d3256f5134f466206e7c3941518?s=96&d=mm&r=g","caption":"contenido"}}]}},"publishpress_future_action":{"enabled":false,"date":"2026-05-03 07:23:51","action":"change-status","newStatus":"draft","terms":[],"taxonomy":"category","extraData":[]},"publishpress_future_workflow_manual_trigger":{"enabledWorkflows":[]},"_links":{"self":[{"href":"https:\/\/futbolhoy.co\/index.php\/wp-json\/wp\/v2\/posts\/126513","targetHints":{"allow":["GET"]}}],"collection":[{"href":"https:\/\/futbolhoy.co\/index.php\/wp-json\/wp\/v2\/posts"}],"about":[{"href":"https:\/\/futbolhoy.co\/index.php\/wp-json\/wp\/v2\/types\/post"}],"author":[{"embeddable":true,"href":"https:\/\/futbolhoy.co\/index.php\/wp-json\/wp\/v2\/users\/4"}],"replies":[{"embeddable":true,"href":"https:\/\/futbolhoy.co\/index.php\/wp-json\/wp\/v2\/comments?post=126513"}],"version-history":[{"count":2,"href":"https:\/\/futbolhoy.co\/index.php\/wp-json\/wp\/v2\/posts\/126513\/revisions"}],"predecessor-version":[{"id":126516,"href":"https:\/\/futbolhoy.co\/index.php\/wp-json\/wp\/v2\/posts\/126513\/revisions\/126516"}],"wp:featuredmedia":[{"embeddable":true,"href":"https:\/\/futbolhoy.co\/index.php\/wp-json\/wp\/v2\/media\/126514"}],"wp:attachment":[{"href":"https:\/\/futbolhoy.co\/index.php\/wp-json\/wp\/v2\/media?parent=126513"}],"wp:term":[{"taxonomy":"category","embeddable":true,"href":"https:\/\/futbolhoy.co\/index.php\/wp-json\/wp\/v2\/categories?post=126513"},{"taxonomy":"post_tag","embeddable":true,"href":"https:\/\/futbolhoy.co\/index.php\/wp-json\/wp\/v2\/tags?post=126513"}],"curies":[{"name":"wp","href":"https:\/\/api.w.org\/{rel}","templated":true}]}}