{"id":126517,"date":"2025-11-24T12:12:29","date_gmt":"2025-11-24T17:12:29","guid":{"rendered":"https:\/\/futbolhoy.co\/?p=126517"},"modified":"2025-11-24T12:15:35","modified_gmt":"2025-11-24T17:15:35","slug":"gustavo-puerta-el-motor-en-la-victoria-de-racing-en-espana","status":"publish","type":"post","link":"https:\/\/futbolhoy.co\/index.php\/2025\/11\/24\/gustavo-puerta-el-motor-en-la-victoria-de-racing-en-espana\/","title":{"rendered":"Gustavo Puerta, el motor en la victoria de Racing en Espa\u00f1a"},"content":{"rendered":"<p style=\"text-align: justify;\"><span style=\"font-family: helvetica, arial, sans-serif;\">Uno de los jugadores m\u00e1s destacados de la \u00faltima doble jornada FIFA de 2025 en la <strong>Selecci\u00f3n Colombia<\/strong> fue <strong>Gustavo Puerta<\/strong>, quien marc\u00f3 el primer <strong>gol de la victoria 2-1<\/strong> sobre Nueva Zelanda y repiti\u00f3 titularidad ante Australia, en el triunfo por el mismo resultado.<\/span><\/p>\n<p style=\"text-align: justify;\"><span style=\"font-family: helvetica, arial, sans-serif;\">El mediocampista pertenece a <strong>Racing Club de Santander<\/strong>, donde disputa el ascenso para la m\u00e1xima categor\u00eda del f\u00fatbol espa\u00f1ol, desde septiembre del a\u00f1o en curso, procedente de Bayer Leverkusen en un traspaso de m\u00e1s de 3,5 millones de euros (<strong>58.600 millones de pesos colombianos<\/strong>), de acuerdo con el director deportivo del equipo de Espa\u00f1a.<\/span><\/p>\n<p style=\"text-align: justify;\"><span style=\"font-family: helvetica, arial, sans-serif;\">Su m\u00e1s reciente compromiso termin\u00f3 en victoria 0-2 contra <strong>Burgos<\/strong>, y Puerta se mantuvo en el terreno los 90'.<\/span><\/p>\n<p style=\"text-align: justify;\"><span style=\"font-family: helvetica, arial, sans-serif;\">Seg\u00fan el club, <strong>Gustavo Puerta<\/strong> no solamente complet\u00f3 55-60 pases para 93% en su precisi\u00f3n y registr\u00f3 2 regates con \u00e9xito, sino que fue el jugador del equipo que m\u00e1s kil\u00f3metros recorri\u00f3, con <strong>11,8<\/strong>.<\/span><\/p>\n<blockquote class=\"twitter-tweet\">\n<p dir=\"ltr\" lang=\"es\">\ud83d\udca8 \u00a1\u00a111,8 KM!!<\/p>\n<p>\ud83d\udd0b Gustavo Puerta fue el racinguista que m\u00e1s kil\u00f3metros recorri\u00f3 en el <a href=\"https:\/\/twitter.com\/hashtag\/BurgosCFRacing?src=hash&amp;ref_src=twsrc%5Etfw\">#BurgosCFRacing<\/a> <a href=\"https:\/\/t.co\/nEHa0sjX8W\">pic.twitter.com\/nEHa0sjX8W<\/a><\/p>\n<p>\u2014 Real Racing Club (@realracingclub) <a href=\"https:\/\/twitter.com\/realracingclub\/status\/1992907754911252639?ref_src=twsrc%5Etfw\">November 24, 2025<\/a><\/p><\/blockquote>\n<p style=\"text-align: justify;\"><script async src=\"https:\/\/platform.twitter.com\/widgets.js\" charset=\"utf-8\"><\/script><span style=\"font-family: helvetica, arial, sans-serif;\">Con este resultado, su equipo marcha segundo en la <strong>Segunda Divisi\u00f3n de Espa\u00f1a<\/strong>, en zona parcial de ascenso directo y con los mismos puntos que <strong>Deportivo la Coru\u00f1a<\/strong>, l\u00edder y <strong>Las Palmas<\/strong>, que es tercero.<\/span><\/p>\n<p style=\"text-align: justify;\"><span style=\"font-family: helvetica, arial, sans-serif;\">En 10 participaciones repartidas en 715', el vallecaucano convirti\u00f3 un gol y su pr\u00f3ximo encuentro ser\u00e1 el domingo <strong>30 de noviembre<\/strong> a partir de las <strong>10:15 am<\/strong>, en condici\u00f3n de local por la fecha 16.<\/span><\/p>\n<p style=\"text-align: justify;\"><span style=\"font-family: helvetica, arial, sans-serif;\"><strong>Gustavo Puerta<\/strong> espera estar dentro de la consideraci\u00f3n del t\u00e9cnico N\u00e9stor Lorenzo para la <strong>Copa del Mundo 2026<\/strong>, pero deber\u00e1 mantener la forma f\u00edsica y el buen rendimiento hasta que la n\u00f3mina de elegidos sea revelada, despu\u00e9s de los amistosos de 2025.<\/span><\/p>\n<p style=\"text-align: justify;\"><span style=\"font-family: helvetica, arial, sans-serif;\">Posiblemente ser\u00e1n frente a <strong>Francia<\/strong> y <strong>Croacia<\/strong>, seg\u00fan <em>L'\u00c9quipe<\/em> y el seleccionador <strong>Zlatko Dalic<\/strong>, respectivamente.<\/span><\/p>\n","protected":false},"excerpt":{"rendered":"<p>Uno de los jugadores m\u00e1s destacados de la \u00faltima doble jornada FIFA de 2025 en la Selecci\u00f3n Colombia fue Gustavo Puerta, quien marc\u00f3 el primer gol de la victoria 2-1 sobre Nueva Zelanda y repiti\u00f3 titularidad ante Australia, en el triunfo por el mismo resultado. El mediocampista pertenece a Racing Club de Santander, donde disputa [&hellip;]<\/p>\n","protected":false},"author":4,"featured_media":126518,"comment_status":"open","ping_status":"open","sticky":false,"template":"","format":"standard","meta":{"_acf_changed":false,"footnotes":""},"categories":[5],"tags":[],"class_list":{"0":"post-126517","1":"post","2":"type-post","3":"status-publish","4":"format-standard","5":"has-post-thumbnail","7":"category-destacados"},"acf":[],"yoast_head":"<!-- This site is optimized with the Yoast SEO plugin v26.8 - https:\/\/yoast.com\/product\/yoast-seo-wordpress\/ -->\n<title>Gustavo Puerta, el motor en la victoria de Racing en Espa\u00f1a -<\/title>\n<meta name=\"robots\" content=\"index, follow, max-snippet:-1, max-image-preview:large, max-video-preview:-1\" \/>\n<link rel=\"canonical\" href=\"https:\/\/futbolhoy.co\/index.php\/2025\/11\/24\/gustavo-puerta-el-motor-en-la-victoria-de-racing-en-espana\/\" \/>\n<meta property=\"og:locale\" content=\"es_ES\" \/>\n<meta property=\"og:type\" content=\"article\" \/>\n<meta property=\"og:title\" content=\"Gustavo Puerta, el motor en la victoria de Racing en Espa\u00f1a -\" \/>\n<meta property=\"og:description\" content=\"Uno de los jugadores m\u00e1s destacados de la \u00faltima doble jornada FIFA de 2025 en la Selecci\u00f3n Colombia fue Gustavo Puerta, quien marc\u00f3 el primer gol de la victoria 2-1 sobre Nueva Zelanda y repiti\u00f3 titularidad ante Australia, en el triunfo por el mismo resultado. El mediocampista pertenece a Racing Club de Santander, donde disputa [&hellip;]\" \/>\n<meta property=\"og:url\" content=\"https:\/\/futbolhoy.co\/index.php\/2025\/11\/24\/gustavo-puerta-el-motor-en-la-victoria-de-racing-en-espana\/\" \/>\n<meta property=\"article:publisher\" content=\"https:\/\/www.facebook.com\/FutbolHoyCol\/\" \/>\n<meta property=\"article:published_time\" content=\"2025-11-24T17:12:29+00:00\" \/>\n<meta property=\"article:modified_time\" content=\"2025-11-24T17:15:35+00:00\" \/>\n<meta property=\"og:image\" content=\"https:\/\/futbolhoy.co\/wp-content\/uploads\/2025\/11\/WhatsApp-Image-2025-11-24-at-12.10.45-PM.jpeg\" \/>\n\t<meta property=\"og:image:width\" content=\"741\" \/>\n\t<meta property=\"og:image:height\" content=\"551\" \/>\n\t<meta property=\"og:image:type\" content=\"image\/jpeg\" \/>\n<meta name=\"author\" content=\"contenido\" \/>\n<meta name=\"twitter:card\" content=\"summary_large_image\" \/>\n<meta name=\"twitter:creator\" content=\"@FutbolHoyCol\" \/>\n<meta name=\"twitter:site\" content=\"@FutbolHoyCol\" \/>\n<meta name=\"twitter:label1\" content=\"Escrito por\" \/>\n\t<meta name=\"twitter:data1\" content=\"contenido\" \/>\n\t<meta name=\"twitter:label2\" content=\"Tiempo de lectura\" \/>\n\t<meta name=\"twitter:data2\" content=\"2 minutos\" \/>\n<script type=\"application\/ld+json\" class=\"yoast-schema-graph\">{\"@context\":\"https:\/\/schema.org\",\"@graph\":[{\"@type\":\"Article\",\"@id\":\"https:\/\/futbolhoy.co\/index.php\/2025\/11\/24\/gustavo-puerta-el-motor-en-la-victoria-de-racing-en-espana\/#article\",\"isPartOf\":{\"@id\":\"https:\/\/futbolhoy.co\/index.php\/2025\/11\/24\/gustavo-puerta-el-motor-en-la-victoria-de-racing-en-espana\/\"},\"author\":{\"name\":\"contenido\",\"@id\":\"https:\/\/futbolhoy.co\/#\/schema\/person\/1721b69355b6623eaff15ac7b92d4cc3\"},\"headline\":\"Gustavo Puerta, el motor en la victoria de Racing en Espa\u00f1a\",\"datePublished\":\"2025-11-24T17:12:29+00:00\",\"dateModified\":\"2025-11-24T17:15:35+00:00\",\"mainEntityOfPage\":{\"@id\":\"https:\/\/futbolhoy.co\/index.php\/2025\/11\/24\/gustavo-puerta-el-motor-en-la-victoria-de-racing-en-espana\/\"},\"wordCount\":334,\"commentCount\":0,\"publisher\":{\"@id\":\"https:\/\/futbolhoy.co\/#organization\"},\"image\":{\"@id\":\"https:\/\/futbolhoy.co\/index.php\/2025\/11\/24\/gustavo-puerta-el-motor-en-la-victoria-de-racing-en-espana\/#primaryimage\"},\"thumbnailUrl\":\"https:\/\/futbolhoy.co\/wp-content\/uploads\/2025\/11\/WhatsApp-Image-2025-11-24-at-12.10.45-PM.jpeg\",\"articleSection\":[\"Destacados\"],\"inLanguage\":\"es\",\"potentialAction\":[{\"@type\":\"CommentAction\",\"name\":\"Comment\",\"target\":[\"https:\/\/futbolhoy.co\/index.php\/2025\/11\/24\/gustavo-puerta-el-motor-en-la-victoria-de-racing-en-espana\/#respond\"]}]},{\"@type\":\"WebPage\",\"@id\":\"https:\/\/futbolhoy.co\/index.php\/2025\/11\/24\/gustavo-puerta-el-motor-en-la-victoria-de-racing-en-espana\/\",\"url\":\"https:\/\/futbolhoy.co\/index.php\/2025\/11\/24\/gustavo-puerta-el-motor-en-la-victoria-de-racing-en-espana\/\",\"name\":\"Gustavo Puerta, el motor en la victoria de Racing en Espa\u00f1a -\",\"isPartOf\":{\"@id\":\"https:\/\/futbolhoy.co\/#website\"},\"primaryImageOfPage\":{\"@id\":\"https:\/\/futbolhoy.co\/index.php\/2025\/11\/24\/gustavo-puerta-el-motor-en-la-victoria-de-racing-en-espana\/#primaryimage\"},\"image\":{\"@id\":\"https:\/\/futbolhoy.co\/index.php\/2025\/11\/24\/gustavo-puerta-el-motor-en-la-victoria-de-racing-en-espana\/#primaryimage\"},\"thumbnailUrl\":\"https:\/\/futbolhoy.co\/wp-content\/uploads\/2025\/11\/WhatsApp-Image-2025-11-24-at-12.10.45-PM.jpeg\",\"datePublished\":\"2025-11-24T17:12:29+00:00\",\"dateModified\":\"2025-11-24T17:15:35+00:00\",\"breadcrumb\":{\"@id\":\"https:\/\/futbolhoy.co\/index.php\/2025\/11\/24\/gustavo-puerta-el-motor-en-la-victoria-de-racing-en-espana\/#breadcrumb\"},\"inLanguage\":\"es\",\"potentialAction\":[{\"@type\":\"ReadAction\",\"target\":[\"https:\/\/futbolhoy.co\/index.php\/2025\/11\/24\/gustavo-puerta-el-motor-en-la-victoria-de-racing-en-espana\/\"]}]},{\"@type\":\"ImageObject\",\"inLanguage\":\"es\",\"@id\":\"https:\/\/futbolhoy.co\/index.php\/2025\/11\/24\/gustavo-puerta-el-motor-en-la-victoria-de-racing-en-espana\/#primaryimage\",\"url\":\"https:\/\/futbolhoy.co\/wp-content\/uploads\/2025\/11\/WhatsApp-Image-2025-11-24-at-12.10.45-PM.jpeg\",\"contentUrl\":\"https:\/\/futbolhoy.co\/wp-content\/uploads\/2025\/11\/WhatsApp-Image-2025-11-24-at-12.10.45-PM.jpeg\",\"width\":741,\"height\":551},{\"@type\":\"BreadcrumbList\",\"@id\":\"https:\/\/futbolhoy.co\/index.php\/2025\/11\/24\/gustavo-puerta-el-motor-en-la-victoria-de-racing-en-espana\/#breadcrumb\",\"itemListElement\":[{\"@type\":\"ListItem\",\"position\":1,\"name\":\"Portada\",\"item\":\"https:\/\/futbolhoy.co\/\"},{\"@type\":\"ListItem\",\"position\":2,\"name\":\"Gustavo Puerta, el motor en la victoria de Racing en Espa\u00f1a\"}]},{\"@type\":\"WebSite\",\"@id\":\"https:\/\/futbolhoy.co\/#website\",\"url\":\"https:\/\/futbolhoy.co\/\",\"name\":\"FutbolHoy\",\"description\":\"\",\"publisher\":{\"@id\":\"https:\/\/futbolhoy.co\/#organization\"},\"potentialAction\":[{\"@type\":\"SearchAction\",\"target\":{\"@type\":\"EntryPoint\",\"urlTemplate\":\"https:\/\/futbolhoy.co\/?s={search_term_string}\"},\"query-input\":{\"@type\":\"PropertyValueSpecification\",\"valueRequired\":true,\"valueName\":\"search_term_string\"}}],\"inLanguage\":\"es\"},{\"@type\":\"Organization\",\"@id\":\"https:\/\/futbolhoy.co\/#organization\",\"name\":\"Futbolhoy.co\",\"url\":\"https:\/\/futbolhoy.co\/\",\"logo\":{\"@type\":\"ImageObject\",\"inLanguage\":\"es\",\"@id\":\"https:\/\/futbolhoy.co\/#\/schema\/logo\/image\/\",\"url\":\"https:\/\/futbolhoy.co\/wp-content\/uploads\/2018\/08\/17426380_1906371736249227_6326180412931521141_n.jpg\",\"contentUrl\":\"https:\/\/futbolhoy.co\/wp-content\/uploads\/2018\/08\/17426380_1906371736249227_6326180412931521141_n.jpg\",\"width\":960,\"height\":960,\"caption\":\"Futbolhoy.co\"},\"image\":{\"@id\":\"https:\/\/futbolhoy.co\/#\/schema\/logo\/image\/\"},\"sameAs\":[\"https:\/\/www.facebook.com\/FutbolHoyCol\/\",\"https:\/\/x.com\/FutbolHoyCol\",\"https:\/\/www.instagram.com\/futbolhoycol\/\"]},{\"@type\":\"Person\",\"@id\":\"https:\/\/futbolhoy.co\/#\/schema\/person\/1721b69355b6623eaff15ac7b92d4cc3\",\"name\":\"contenido\",\"image\":{\"@type\":\"ImageObject\",\"inLanguage\":\"es\",\"@id\":\"https:\/\/futbolhoy.co\/#\/schema\/person\/image\/\",\"url\":\"https:\/\/secure.gravatar.com\/avatar\/4f656d3256f5134f466206e7c3941518?s=96&d=mm&r=g\",\"contentUrl\":\"https:\/\/secure.gravatar.com\/avatar\/4f656d3256f5134f466206e7c3941518?s=96&d=mm&r=g\",\"caption\":\"contenido\"}}]}<\/script>\n<!-- \/ Yoast SEO plugin. -->","yoast_head_json":{"title":"Gustavo Puerta, el motor en la victoria de Racing en Espa\u00f1a -","robots":{"index":"index","follow":"follow","max-snippet":"max-snippet:-1","max-image-preview":"max-image-preview:large","max-video-preview":"max-video-preview:-1"},"canonical":"https:\/\/futbolhoy.co\/index.php\/2025\/11\/24\/gustavo-puerta-el-motor-en-la-victoria-de-racing-en-espana\/","og_locale":"es_ES","og_type":"article","og_title":"Gustavo Puerta, el motor en la victoria de Racing en Espa\u00f1a -","og_description":"Uno de los jugadores m\u00e1s destacados de la \u00faltima doble jornada FIFA de 2025 en la Selecci\u00f3n Colombia fue Gustavo Puerta, quien marc\u00f3 el primer gol de la victoria 2-1 sobre Nueva Zelanda y repiti\u00f3 titularidad ante Australia, en el triunfo por el mismo resultado. El mediocampista pertenece a Racing Club de Santander, donde disputa [&hellip;]","og_url":"https:\/\/futbolhoy.co\/index.php\/2025\/11\/24\/gustavo-puerta-el-motor-en-la-victoria-de-racing-en-espana\/","article_publisher":"https:\/\/www.facebook.com\/FutbolHoyCol\/","article_published_time":"2025-11-24T17:12:29+00:00","article_modified_time":"2025-11-24T17:15:35+00:00","og_image":[{"width":741,"height":551,"url":"https:\/\/futbolhoy.co\/wp-content\/uploads\/2025\/11\/WhatsApp-Image-2025-11-24-at-12.10.45-PM.jpeg","type":"image\/jpeg"}],"author":"contenido","twitter_card":"summary_large_image","twitter_creator":"@FutbolHoyCol","twitter_site":"@FutbolHoyCol","twitter_misc":{"Escrito por":"contenido","Tiempo de lectura":"2 minutos"},"schema":{"@context":"https:\/\/schema.org","@graph":[{"@type":"Article","@id":"https:\/\/futbolhoy.co\/index.php\/2025\/11\/24\/gustavo-puerta-el-motor-en-la-victoria-de-racing-en-espana\/#article","isPartOf":{"@id":"https:\/\/futbolhoy.co\/index.php\/2025\/11\/24\/gustavo-puerta-el-motor-en-la-victoria-de-racing-en-espana\/"},"author":{"name":"contenido","@id":"https:\/\/futbolhoy.co\/#\/schema\/person\/1721b69355b6623eaff15ac7b92d4cc3"},"headline":"Gustavo Puerta, el motor en la victoria de Racing en Espa\u00f1a","datePublished":"2025-11-24T17:12:29+00:00","dateModified":"2025-11-24T17:15:35+00:00","mainEntityOfPage":{"@id":"https:\/\/futbolhoy.co\/index.php\/2025\/11\/24\/gustavo-puerta-el-motor-en-la-victoria-de-racing-en-espana\/"},"wordCount":334,"commentCount":0,"publisher":{"@id":"https:\/\/futbolhoy.co\/#organization"},"image":{"@id":"https:\/\/futbolhoy.co\/index.php\/2025\/11\/24\/gustavo-puerta-el-motor-en-la-victoria-de-racing-en-espana\/#primaryimage"},"thumbnailUrl":"https:\/\/futbolhoy.co\/wp-content\/uploads\/2025\/11\/WhatsApp-Image-2025-11-24-at-12.10.45-PM.jpeg","articleSection":["Destacados"],"inLanguage":"es","potentialAction":[{"@type":"CommentAction","name":"Comment","target":["https:\/\/futbolhoy.co\/index.php\/2025\/11\/24\/gustavo-puerta-el-motor-en-la-victoria-de-racing-en-espana\/#respond"]}]},{"@type":"WebPage","@id":"https:\/\/futbolhoy.co\/index.php\/2025\/11\/24\/gustavo-puerta-el-motor-en-la-victoria-de-racing-en-espana\/","url":"https:\/\/futbolhoy.co\/index.php\/2025\/11\/24\/gustavo-puerta-el-motor-en-la-victoria-de-racing-en-espana\/","name":"Gustavo Puerta, el motor en la victoria de Racing en Espa\u00f1a -","isPartOf":{"@id":"https:\/\/futbolhoy.co\/#website"},"primaryImageOfPage":{"@id":"https:\/\/futbolhoy.co\/index.php\/2025\/11\/24\/gustavo-puerta-el-motor-en-la-victoria-de-racing-en-espana\/#primaryimage"},"image":{"@id":"https:\/\/futbolhoy.co\/index.php\/2025\/11\/24\/gustavo-puerta-el-motor-en-la-victoria-de-racing-en-espana\/#primaryimage"},"thumbnailUrl":"https:\/\/futbolhoy.co\/wp-content\/uploads\/2025\/11\/WhatsApp-Image-2025-11-24-at-12.10.45-PM.jpeg","datePublished":"2025-11-24T17:12:29+00:00","dateModified":"2025-11-24T17:15:35+00:00","breadcrumb":{"@id":"https:\/\/futbolhoy.co\/index.php\/2025\/11\/24\/gustavo-puerta-el-motor-en-la-victoria-de-racing-en-espana\/#breadcrumb"},"inLanguage":"es","potentialAction":[{"@type":"ReadAction","target":["https:\/\/futbolhoy.co\/index.php\/2025\/11\/24\/gustavo-puerta-el-motor-en-la-victoria-de-racing-en-espana\/"]}]},{"@type":"ImageObject","inLanguage":"es","@id":"https:\/\/futbolhoy.co\/index.php\/2025\/11\/24\/gustavo-puerta-el-motor-en-la-victoria-de-racing-en-espana\/#primaryimage","url":"https:\/\/futbolhoy.co\/wp-content\/uploads\/2025\/11\/WhatsApp-Image-2025-11-24-at-12.10.45-PM.jpeg","contentUrl":"https:\/\/futbolhoy.co\/wp-content\/uploads\/2025\/11\/WhatsApp-Image-2025-11-24-at-12.10.45-PM.jpeg","width":741,"height":551},{"@type":"BreadcrumbList","@id":"https:\/\/futbolhoy.co\/index.php\/2025\/11\/24\/gustavo-puerta-el-motor-en-la-victoria-de-racing-en-espana\/#breadcrumb","itemListElement":[{"@type":"ListItem","position":1,"name":"Portada","item":"https:\/\/futbolhoy.co\/"},{"@type":"ListItem","position":2,"name":"Gustavo Puerta, el motor en la victoria de Racing en Espa\u00f1a"}]},{"@type":"WebSite","@id":"https:\/\/futbolhoy.co\/#website","url":"https:\/\/futbolhoy.co\/","name":"FutbolHoy","description":"","publisher":{"@id":"https:\/\/futbolhoy.co\/#organization"},"potentialAction":[{"@type":"SearchAction","target":{"@type":"EntryPoint","urlTemplate":"https:\/\/futbolhoy.co\/?s={search_term_string}"},"query-input":{"@type":"PropertyValueSpecification","valueRequired":true,"valueName":"search_term_string"}}],"inLanguage":"es"},{"@type":"Organization","@id":"https:\/\/futbolhoy.co\/#organization","name":"Futbolhoy.co","url":"https:\/\/futbolhoy.co\/","logo":{"@type":"ImageObject","inLanguage":"es","@id":"https:\/\/futbolhoy.co\/#\/schema\/logo\/image\/","url":"https:\/\/futbolhoy.co\/wp-content\/uploads\/2018\/08\/17426380_1906371736249227_6326180412931521141_n.jpg","contentUrl":"https:\/\/futbolhoy.co\/wp-content\/uploads\/2018\/08\/17426380_1906371736249227_6326180412931521141_n.jpg","width":960,"height":960,"caption":"Futbolhoy.co"},"image":{"@id":"https:\/\/futbolhoy.co\/#\/schema\/logo\/image\/"},"sameAs":["https:\/\/www.facebook.com\/FutbolHoyCol\/","https:\/\/x.com\/FutbolHoyCol","https:\/\/www.instagram.com\/futbolhoycol\/"]},{"@type":"Person","@id":"https:\/\/futbolhoy.co\/#\/schema\/person\/1721b69355b6623eaff15ac7b92d4cc3","name":"contenido","image":{"@type":"ImageObject","inLanguage":"es","@id":"https:\/\/futbolhoy.co\/#\/schema\/person\/image\/","url":"https:\/\/secure.gravatar.com\/avatar\/4f656d3256f5134f466206e7c3941518?s=96&d=mm&r=g","contentUrl":"https:\/\/secure.gravatar.com\/avatar\/4f656d3256f5134f466206e7c3941518?s=96&d=mm&r=g","caption":"contenido"}}]}},"publishpress_future_action":{"enabled":false,"date":"2026-05-03 10:24:40","action":"change-status","newStatus":"draft","terms":[],"taxonomy":"category","extraData":[]},"publishpress_future_workflow_manual_trigger":{"enabledWorkflows":[]},"_links":{"self":[{"href":"https:\/\/futbolhoy.co\/index.php\/wp-json\/wp\/v2\/posts\/126517","targetHints":{"allow":["GET"]}}],"collection":[{"href":"https:\/\/futbolhoy.co\/index.php\/wp-json\/wp\/v2\/posts"}],"about":[{"href":"https:\/\/futbolhoy.co\/index.php\/wp-json\/wp\/v2\/types\/post"}],"author":[{"embeddable":true,"href":"https:\/\/futbolhoy.co\/index.php\/wp-json\/wp\/v2\/users\/4"}],"replies":[{"embeddable":true,"href":"https:\/\/futbolhoy.co\/index.php\/wp-json\/wp\/v2\/comments?post=126517"}],"version-history":[{"count":3,"href":"https:\/\/futbolhoy.co\/index.php\/wp-json\/wp\/v2\/posts\/126517\/revisions"}],"predecessor-version":[{"id":126520,"href":"https:\/\/futbolhoy.co\/index.php\/wp-json\/wp\/v2\/posts\/126517\/revisions\/126520"}],"wp:featuredmedia":[{"embeddable":true,"href":"https:\/\/futbolhoy.co\/index.php\/wp-json\/wp\/v2\/media\/126518"}],"wp:attachment":[{"href":"https:\/\/futbolhoy.co\/index.php\/wp-json\/wp\/v2\/media?parent=126517"}],"wp:term":[{"taxonomy":"category","embeddable":true,"href":"https:\/\/futbolhoy.co\/index.php\/wp-json\/wp\/v2\/categories?post=126517"},{"taxonomy":"post_tag","embeddable":true,"href":"https:\/\/futbolhoy.co\/index.php\/wp-json\/wp\/v2\/tags?post=126517"}],"curies":[{"name":"wp","href":"https:\/\/api.w.org\/{rel}","templated":true}]}}