{"id":126522,"date":"2025-11-24T15:23:11","date_gmt":"2025-11-24T20:23:11","guid":{"rendered":"https:\/\/futbolhoy.co\/?p=126522"},"modified":"2025-11-25T17:22:06","modified_gmt":"2025-11-25T22:22:06","slug":"real-madrid-renovo-el-contrato-de-linda-caicedo","status":"publish","type":"post","link":"https:\/\/futbolhoy.co\/index.php\/2025\/11\/24\/real-madrid-renovo-el-contrato-de-linda-caicedo\/","title":{"rendered":"Real Madrid renov\u00f3 el contrato de Linda Caicedo"},"content":{"rendered":"<p style=\"text-align: justify;\"><span style=\"font-family: helvetica, arial, sans-serif;\"><strong>Linda Caicedo<\/strong> para rato en el <strong>Real Madrid.<\/strong> Este lunes el club espa\u00f1ol anunci\u00f3 el nuevo vinculo con la atacante colombiana, el cual ser\u00e1 hasta 2031.<\/span><\/p>\n<p style=\"text-align: justify;\"><span style=\"font-family: helvetica, arial, sans-serif;\">\u201cEl<strong> Real Madrid C. F. y Linda Caicedo<\/strong> han acordado la ampliaci\u00f3n del contrato de nuestra jugadora, que queda vinculada al club hasta el 30 de junio de 2031\u201d, se lee en el comunicado de oficializaci\u00f3n.<\/span><\/p>\n<p style=\"text-align: justify;\"><span style=\"font-family: helvetica, arial, sans-serif;\">As\u00ed las cosas, la vallecaucana seguir\u00e1 su carrera en el conjunto Merengue, para el que lleg\u00f3 en 2023 con 18 a\u00f1os. A la fecha, ha disputado 99 partidos, con un aporte de 26 goles.<\/span><\/p>\n<p style=\"text-align: justify;\"><span style=\"font-family: helvetica, arial, sans-serif;\">Vale la pena mencionar que jugando para el Real Madrid gan\u00f3 el premio a <strong>Golden Girl e<\/strong>n 2023, adem\u00e1s de haber sido incluida en el 11 ideal femenino de <strong>FIFPro<\/strong> en 2024 y ser reconocida como la segunda mejor jugadora del mundo en los <strong>The Best 2023.<\/strong><\/span><\/p>\n","protected":false},"excerpt":{"rendered":"<p>Linda Caicedo para rato en el Real Madrid. Este lunes el club espa\u00f1ol anunci\u00f3 el nuevo vinculo con la atacante colombiana, el cual ser\u00e1 hasta 2031. \u201cEl Real Madrid C. F. y Linda Caicedo han acordado la ampliaci\u00f3n del contrato de nuestra jugadora, que queda vinculada al club hasta el 30 de junio de 2031\u201d, [&hellip;]<\/p>\n","protected":false},"author":4,"featured_media":126523,"comment_status":"open","ping_status":"open","sticky":false,"template":"","format":"standard","meta":{"_acf_changed":false,"footnotes":""},"categories":[418],"tags":[],"class_list":{"0":"post-126522","1":"post","2":"type-post","3":"status-publish","4":"format-standard","5":"has-post-thumbnail","7":"category-colombia"},"acf":[],"yoast_head":"<!-- This site is optimized with the Yoast SEO plugin v26.8 - https:\/\/yoast.com\/product\/yoast-seo-wordpress\/ -->\n<title>Real Madrid renov\u00f3 el contrato de Linda Caicedo -<\/title>\n<meta name=\"robots\" content=\"index, follow, max-snippet:-1, max-image-preview:large, max-video-preview:-1\" \/>\n<link rel=\"canonical\" href=\"https:\/\/futbolhoy.co\/index.php\/2025\/11\/24\/real-madrid-renovo-el-contrato-de-linda-caicedo\/\" \/>\n<meta property=\"og:locale\" content=\"es_ES\" \/>\n<meta property=\"og:type\" content=\"article\" \/>\n<meta property=\"og:title\" content=\"Real Madrid renov\u00f3 el contrato de Linda Caicedo -\" \/>\n<meta property=\"og:description\" content=\"Linda Caicedo para rato en el Real Madrid. Este lunes el club espa\u00f1ol anunci\u00f3 el nuevo vinculo con la atacante colombiana, el cual ser\u00e1 hasta 2031. \u201cEl Real Madrid C. F. y Linda Caicedo han acordado la ampliaci\u00f3n del contrato de nuestra jugadora, que queda vinculada al club hasta el 30 de junio de 2031\u201d, [&hellip;]\" \/>\n<meta property=\"og:url\" content=\"https:\/\/futbolhoy.co\/index.php\/2025\/11\/24\/real-madrid-renovo-el-contrato-de-linda-caicedo\/\" \/>\n<meta property=\"article:publisher\" content=\"https:\/\/www.facebook.com\/FutbolHoyCol\/\" \/>\n<meta property=\"article:published_time\" content=\"2025-11-24T20:23:11+00:00\" \/>\n<meta property=\"article:modified_time\" content=\"2025-11-25T22:22:06+00:00\" \/>\n<meta property=\"og:image\" content=\"https:\/\/futbolhoy.co\/wp-content\/uploads\/2025\/11\/IMG_3037.jpeg\" \/>\n\t<meta property=\"og:image:width\" content=\"1206\" \/>\n\t<meta property=\"og:image:height\" content=\"1137\" \/>\n\t<meta property=\"og:image:type\" content=\"image\/jpeg\" \/>\n<meta name=\"author\" content=\"contenido\" \/>\n<meta name=\"twitter:card\" content=\"summary_large_image\" \/>\n<meta name=\"twitter:creator\" content=\"@FutbolHoyCol\" \/>\n<meta name=\"twitter:site\" content=\"@FutbolHoyCol\" \/>\n<meta name=\"twitter:label1\" content=\"Escrito por\" \/>\n\t<meta name=\"twitter:data1\" content=\"contenido\" \/>\n\t<meta name=\"twitter:label2\" content=\"Tiempo de lectura\" \/>\n\t<meta name=\"twitter:data2\" content=\"1 minuto\" \/>\n<script type=\"application\/ld+json\" class=\"yoast-schema-graph\">{\"@context\":\"https:\/\/schema.org\",\"@graph\":[{\"@type\":\"Article\",\"@id\":\"https:\/\/futbolhoy.co\/index.php\/2025\/11\/24\/real-madrid-renovo-el-contrato-de-linda-caicedo\/#article\",\"isPartOf\":{\"@id\":\"https:\/\/futbolhoy.co\/index.php\/2025\/11\/24\/real-madrid-renovo-el-contrato-de-linda-caicedo\/\"},\"author\":{\"name\":\"contenido\",\"@id\":\"https:\/\/futbolhoy.co\/#\/schema\/person\/1721b69355b6623eaff15ac7b92d4cc3\"},\"headline\":\"Real Madrid renov\u00f3 el contrato de Linda Caicedo\",\"datePublished\":\"2025-11-24T20:23:11+00:00\",\"dateModified\":\"2025-11-25T22:22:06+00:00\",\"mainEntityOfPage\":{\"@id\":\"https:\/\/futbolhoy.co\/index.php\/2025\/11\/24\/real-madrid-renovo-el-contrato-de-linda-caicedo\/\"},\"wordCount\":145,\"commentCount\":0,\"publisher\":{\"@id\":\"https:\/\/futbolhoy.co\/#organization\"},\"image\":{\"@id\":\"https:\/\/futbolhoy.co\/index.php\/2025\/11\/24\/real-madrid-renovo-el-contrato-de-linda-caicedo\/#primaryimage\"},\"thumbnailUrl\":\"https:\/\/futbolhoy.co\/wp-content\/uploads\/2025\/11\/IMG_3037.jpeg\",\"articleSection\":[\"Colombia\"],\"inLanguage\":\"es\",\"potentialAction\":[{\"@type\":\"CommentAction\",\"name\":\"Comment\",\"target\":[\"https:\/\/futbolhoy.co\/index.php\/2025\/11\/24\/real-madrid-renovo-el-contrato-de-linda-caicedo\/#respond\"]}]},{\"@type\":\"WebPage\",\"@id\":\"https:\/\/futbolhoy.co\/index.php\/2025\/11\/24\/real-madrid-renovo-el-contrato-de-linda-caicedo\/\",\"url\":\"https:\/\/futbolhoy.co\/index.php\/2025\/11\/24\/real-madrid-renovo-el-contrato-de-linda-caicedo\/\",\"name\":\"Real Madrid renov\u00f3 el contrato de Linda Caicedo -\",\"isPartOf\":{\"@id\":\"https:\/\/futbolhoy.co\/#website\"},\"primaryImageOfPage\":{\"@id\":\"https:\/\/futbolhoy.co\/index.php\/2025\/11\/24\/real-madrid-renovo-el-contrato-de-linda-caicedo\/#primaryimage\"},\"image\":{\"@id\":\"https:\/\/futbolhoy.co\/index.php\/2025\/11\/24\/real-madrid-renovo-el-contrato-de-linda-caicedo\/#primaryimage\"},\"thumbnailUrl\":\"https:\/\/futbolhoy.co\/wp-content\/uploads\/2025\/11\/IMG_3037.jpeg\",\"datePublished\":\"2025-11-24T20:23:11+00:00\",\"dateModified\":\"2025-11-25T22:22:06+00:00\",\"breadcrumb\":{\"@id\":\"https:\/\/futbolhoy.co\/index.php\/2025\/11\/24\/real-madrid-renovo-el-contrato-de-linda-caicedo\/#breadcrumb\"},\"inLanguage\":\"es\",\"potentialAction\":[{\"@type\":\"ReadAction\",\"target\":[\"https:\/\/futbolhoy.co\/index.php\/2025\/11\/24\/real-madrid-renovo-el-contrato-de-linda-caicedo\/\"]}]},{\"@type\":\"ImageObject\",\"inLanguage\":\"es\",\"@id\":\"https:\/\/futbolhoy.co\/index.php\/2025\/11\/24\/real-madrid-renovo-el-contrato-de-linda-caicedo\/#primaryimage\",\"url\":\"https:\/\/futbolhoy.co\/wp-content\/uploads\/2025\/11\/IMG_3037.jpeg\",\"contentUrl\":\"https:\/\/futbolhoy.co\/wp-content\/uploads\/2025\/11\/IMG_3037.jpeg\",\"width\":1206,\"height\":1137,\"caption\":\"Screenshot\"},{\"@type\":\"BreadcrumbList\",\"@id\":\"https:\/\/futbolhoy.co\/index.php\/2025\/11\/24\/real-madrid-renovo-el-contrato-de-linda-caicedo\/#breadcrumb\",\"itemListElement\":[{\"@type\":\"ListItem\",\"position\":1,\"name\":\"Portada\",\"item\":\"https:\/\/futbolhoy.co\/\"},{\"@type\":\"ListItem\",\"position\":2,\"name\":\"Real Madrid renov\u00f3 el contrato de Linda Caicedo\"}]},{\"@type\":\"WebSite\",\"@id\":\"https:\/\/futbolhoy.co\/#website\",\"url\":\"https:\/\/futbolhoy.co\/\",\"name\":\"FutbolHoy\",\"description\":\"\",\"publisher\":{\"@id\":\"https:\/\/futbolhoy.co\/#organization\"},\"potentialAction\":[{\"@type\":\"SearchAction\",\"target\":{\"@type\":\"EntryPoint\",\"urlTemplate\":\"https:\/\/futbolhoy.co\/?s={search_term_string}\"},\"query-input\":{\"@type\":\"PropertyValueSpecification\",\"valueRequired\":true,\"valueName\":\"search_term_string\"}}],\"inLanguage\":\"es\"},{\"@type\":\"Organization\",\"@id\":\"https:\/\/futbolhoy.co\/#organization\",\"name\":\"Futbolhoy.co\",\"url\":\"https:\/\/futbolhoy.co\/\",\"logo\":{\"@type\":\"ImageObject\",\"inLanguage\":\"es\",\"@id\":\"https:\/\/futbolhoy.co\/#\/schema\/logo\/image\/\",\"url\":\"https:\/\/futbolhoy.co\/wp-content\/uploads\/2018\/08\/17426380_1906371736249227_6326180412931521141_n.jpg\",\"contentUrl\":\"https:\/\/futbolhoy.co\/wp-content\/uploads\/2018\/08\/17426380_1906371736249227_6326180412931521141_n.jpg\",\"width\":960,\"height\":960,\"caption\":\"Futbolhoy.co\"},\"image\":{\"@id\":\"https:\/\/futbolhoy.co\/#\/schema\/logo\/image\/\"},\"sameAs\":[\"https:\/\/www.facebook.com\/FutbolHoyCol\/\",\"https:\/\/x.com\/FutbolHoyCol\",\"https:\/\/www.instagram.com\/futbolhoycol\/\"]},{\"@type\":\"Person\",\"@id\":\"https:\/\/futbolhoy.co\/#\/schema\/person\/1721b69355b6623eaff15ac7b92d4cc3\",\"name\":\"contenido\",\"image\":{\"@type\":\"ImageObject\",\"inLanguage\":\"es\",\"@id\":\"https:\/\/futbolhoy.co\/#\/schema\/person\/image\/\",\"url\":\"https:\/\/secure.gravatar.com\/avatar\/4f656d3256f5134f466206e7c3941518?s=96&d=mm&r=g\",\"contentUrl\":\"https:\/\/secure.gravatar.com\/avatar\/4f656d3256f5134f466206e7c3941518?s=96&d=mm&r=g\",\"caption\":\"contenido\"}}]}<\/script>\n<!-- \/ Yoast SEO plugin. -->","yoast_head_json":{"title":"Real Madrid renov\u00f3 el contrato de Linda Caicedo -","robots":{"index":"index","follow":"follow","max-snippet":"max-snippet:-1","max-image-preview":"max-image-preview:large","max-video-preview":"max-video-preview:-1"},"canonical":"https:\/\/futbolhoy.co\/index.php\/2025\/11\/24\/real-madrid-renovo-el-contrato-de-linda-caicedo\/","og_locale":"es_ES","og_type":"article","og_title":"Real Madrid renov\u00f3 el contrato de Linda Caicedo -","og_description":"Linda Caicedo para rato en el Real Madrid. Este lunes el club espa\u00f1ol anunci\u00f3 el nuevo vinculo con la atacante colombiana, el cual ser\u00e1 hasta 2031. \u201cEl Real Madrid C. F. y Linda Caicedo han acordado la ampliaci\u00f3n del contrato de nuestra jugadora, que queda vinculada al club hasta el 30 de junio de 2031\u201d, [&hellip;]","og_url":"https:\/\/futbolhoy.co\/index.php\/2025\/11\/24\/real-madrid-renovo-el-contrato-de-linda-caicedo\/","article_publisher":"https:\/\/www.facebook.com\/FutbolHoyCol\/","article_published_time":"2025-11-24T20:23:11+00:00","article_modified_time":"2025-11-25T22:22:06+00:00","og_image":[{"width":1206,"height":1137,"url":"https:\/\/futbolhoy.co\/wp-content\/uploads\/2025\/11\/IMG_3037.jpeg","type":"image\/jpeg"}],"author":"contenido","twitter_card":"summary_large_image","twitter_creator":"@FutbolHoyCol","twitter_site":"@FutbolHoyCol","twitter_misc":{"Escrito por":"contenido","Tiempo de lectura":"1 minuto"},"schema":{"@context":"https:\/\/schema.org","@graph":[{"@type":"Article","@id":"https:\/\/futbolhoy.co\/index.php\/2025\/11\/24\/real-madrid-renovo-el-contrato-de-linda-caicedo\/#article","isPartOf":{"@id":"https:\/\/futbolhoy.co\/index.php\/2025\/11\/24\/real-madrid-renovo-el-contrato-de-linda-caicedo\/"},"author":{"name":"contenido","@id":"https:\/\/futbolhoy.co\/#\/schema\/person\/1721b69355b6623eaff15ac7b92d4cc3"},"headline":"Real Madrid renov\u00f3 el contrato de Linda Caicedo","datePublished":"2025-11-24T20:23:11+00:00","dateModified":"2025-11-25T22:22:06+00:00","mainEntityOfPage":{"@id":"https:\/\/futbolhoy.co\/index.php\/2025\/11\/24\/real-madrid-renovo-el-contrato-de-linda-caicedo\/"},"wordCount":145,"commentCount":0,"publisher":{"@id":"https:\/\/futbolhoy.co\/#organization"},"image":{"@id":"https:\/\/futbolhoy.co\/index.php\/2025\/11\/24\/real-madrid-renovo-el-contrato-de-linda-caicedo\/#primaryimage"},"thumbnailUrl":"https:\/\/futbolhoy.co\/wp-content\/uploads\/2025\/11\/IMG_3037.jpeg","articleSection":["Colombia"],"inLanguage":"es","potentialAction":[{"@type":"CommentAction","name":"Comment","target":["https:\/\/futbolhoy.co\/index.php\/2025\/11\/24\/real-madrid-renovo-el-contrato-de-linda-caicedo\/#respond"]}]},{"@type":"WebPage","@id":"https:\/\/futbolhoy.co\/index.php\/2025\/11\/24\/real-madrid-renovo-el-contrato-de-linda-caicedo\/","url":"https:\/\/futbolhoy.co\/index.php\/2025\/11\/24\/real-madrid-renovo-el-contrato-de-linda-caicedo\/","name":"Real Madrid renov\u00f3 el contrato de Linda Caicedo -","isPartOf":{"@id":"https:\/\/futbolhoy.co\/#website"},"primaryImageOfPage":{"@id":"https:\/\/futbolhoy.co\/index.php\/2025\/11\/24\/real-madrid-renovo-el-contrato-de-linda-caicedo\/#primaryimage"},"image":{"@id":"https:\/\/futbolhoy.co\/index.php\/2025\/11\/24\/real-madrid-renovo-el-contrato-de-linda-caicedo\/#primaryimage"},"thumbnailUrl":"https:\/\/futbolhoy.co\/wp-content\/uploads\/2025\/11\/IMG_3037.jpeg","datePublished":"2025-11-24T20:23:11+00:00","dateModified":"2025-11-25T22:22:06+00:00","breadcrumb":{"@id":"https:\/\/futbolhoy.co\/index.php\/2025\/11\/24\/real-madrid-renovo-el-contrato-de-linda-caicedo\/#breadcrumb"},"inLanguage":"es","potentialAction":[{"@type":"ReadAction","target":["https:\/\/futbolhoy.co\/index.php\/2025\/11\/24\/real-madrid-renovo-el-contrato-de-linda-caicedo\/"]}]},{"@type":"ImageObject","inLanguage":"es","@id":"https:\/\/futbolhoy.co\/index.php\/2025\/11\/24\/real-madrid-renovo-el-contrato-de-linda-caicedo\/#primaryimage","url":"https:\/\/futbolhoy.co\/wp-content\/uploads\/2025\/11\/IMG_3037.jpeg","contentUrl":"https:\/\/futbolhoy.co\/wp-content\/uploads\/2025\/11\/IMG_3037.jpeg","width":1206,"height":1137,"caption":"Screenshot"},{"@type":"BreadcrumbList","@id":"https:\/\/futbolhoy.co\/index.php\/2025\/11\/24\/real-madrid-renovo-el-contrato-de-linda-caicedo\/#breadcrumb","itemListElement":[{"@type":"ListItem","position":1,"name":"Portada","item":"https:\/\/futbolhoy.co\/"},{"@type":"ListItem","position":2,"name":"Real Madrid renov\u00f3 el contrato de Linda Caicedo"}]},{"@type":"WebSite","@id":"https:\/\/futbolhoy.co\/#website","url":"https:\/\/futbolhoy.co\/","name":"FutbolHoy","description":"","publisher":{"@id":"https:\/\/futbolhoy.co\/#organization"},"potentialAction":[{"@type":"SearchAction","target":{"@type":"EntryPoint","urlTemplate":"https:\/\/futbolhoy.co\/?s={search_term_string}"},"query-input":{"@type":"PropertyValueSpecification","valueRequired":true,"valueName":"search_term_string"}}],"inLanguage":"es"},{"@type":"Organization","@id":"https:\/\/futbolhoy.co\/#organization","name":"Futbolhoy.co","url":"https:\/\/futbolhoy.co\/","logo":{"@type":"ImageObject","inLanguage":"es","@id":"https:\/\/futbolhoy.co\/#\/schema\/logo\/image\/","url":"https:\/\/futbolhoy.co\/wp-content\/uploads\/2018\/08\/17426380_1906371736249227_6326180412931521141_n.jpg","contentUrl":"https:\/\/futbolhoy.co\/wp-content\/uploads\/2018\/08\/17426380_1906371736249227_6326180412931521141_n.jpg","width":960,"height":960,"caption":"Futbolhoy.co"},"image":{"@id":"https:\/\/futbolhoy.co\/#\/schema\/logo\/image\/"},"sameAs":["https:\/\/www.facebook.com\/FutbolHoyCol\/","https:\/\/x.com\/FutbolHoyCol","https:\/\/www.instagram.com\/futbolhoycol\/"]},{"@type":"Person","@id":"https:\/\/futbolhoy.co\/#\/schema\/person\/1721b69355b6623eaff15ac7b92d4cc3","name":"contenido","image":{"@type":"ImageObject","inLanguage":"es","@id":"https:\/\/futbolhoy.co\/#\/schema\/person\/image\/","url":"https:\/\/secure.gravatar.com\/avatar\/4f656d3256f5134f466206e7c3941518?s=96&d=mm&r=g","contentUrl":"https:\/\/secure.gravatar.com\/avatar\/4f656d3256f5134f466206e7c3941518?s=96&d=mm&r=g","caption":"contenido"}}]}},"publishpress_future_action":{"enabled":false,"date":"2026-05-03 11:46:27","action":"change-status","newStatus":"draft","terms":[],"taxonomy":"category","extraData":[]},"publishpress_future_workflow_manual_trigger":{"enabledWorkflows":[]},"_links":{"self":[{"href":"https:\/\/futbolhoy.co\/index.php\/wp-json\/wp\/v2\/posts\/126522","targetHints":{"allow":["GET"]}}],"collection":[{"href":"https:\/\/futbolhoy.co\/index.php\/wp-json\/wp\/v2\/posts"}],"about":[{"href":"https:\/\/futbolhoy.co\/index.php\/wp-json\/wp\/v2\/types\/post"}],"author":[{"embeddable":true,"href":"https:\/\/futbolhoy.co\/index.php\/wp-json\/wp\/v2\/users\/4"}],"replies":[{"embeddable":true,"href":"https:\/\/futbolhoy.co\/index.php\/wp-json\/wp\/v2\/comments?post=126522"}],"version-history":[{"count":1,"href":"https:\/\/futbolhoy.co\/index.php\/wp-json\/wp\/v2\/posts\/126522\/revisions"}],"predecessor-version":[{"id":126524,"href":"https:\/\/futbolhoy.co\/index.php\/wp-json\/wp\/v2\/posts\/126522\/revisions\/126524"}],"wp:featuredmedia":[{"embeddable":true,"href":"https:\/\/futbolhoy.co\/index.php\/wp-json\/wp\/v2\/media\/126523"}],"wp:attachment":[{"href":"https:\/\/futbolhoy.co\/index.php\/wp-json\/wp\/v2\/media?parent=126522"}],"wp:term":[{"taxonomy":"category","embeddable":true,"href":"https:\/\/futbolhoy.co\/index.php\/wp-json\/wp\/v2\/categories?post=126522"},{"taxonomy":"post_tag","embeddable":true,"href":"https:\/\/futbolhoy.co\/index.php\/wp-json\/wp\/v2\/tags?post=126522"}],"curies":[{"name":"wp","href":"https:\/\/api.w.org\/{rel}","templated":true}]}}