{"id":126608,"date":"2025-11-26T22:52:07","date_gmt":"2025-11-27T03:52:07","guid":{"rendered":"https:\/\/futbolhoy.co\/?p=126608"},"modified":"2025-11-27T20:57:52","modified_gmt":"2025-11-28T01:57:52","slug":"nacional-y-junior-no-se-sacan-diferencias-en-itagui","status":"publish","type":"post","link":"https:\/\/futbolhoy.co\/index.php\/2025\/11\/26\/nacional-y-junior-no-se-sacan-diferencias-en-itagui\/","title":{"rendered":"Nacional y Junior no se sacan diferencias en Itag\u00fc\u00ed"},"content":{"rendered":"<p style=\"text-align: justify;\"><span style=\"font-family: helvetica, arial, sans-serif;\"><strong>Atl\u00e9tico Nacional<\/strong> y <strong>Junior<\/strong> igualaron 1-1 en el <strong>Metropolitano<\/strong> de <strong>Itag\u00fc\u00ed,<\/strong> ya que no se pudo disputar el duelo en <strong>Medell\u00edn<\/strong> por un concierto que tendr\u00e1 lugar el fin de semana. <\/span><\/p>\n<p style=\"text-align: justify;\"><span style=\"font-family: helvetica, arial, sans-serif;\">El autor del gol para el cuadro barranquillero lo marc\u00f3 <strong>Guillermo Paiva<\/strong> al minuto 41 con una anotaci\u00f3n de gran calidad desde fuera del \u00e1rea.<\/span><\/p>\n<p style=\"text-align: justify;\"><span style=\"font-family: helvetica, arial, sans-serif;\">Para el segundo tiempo Nacional mejor\u00f3 y al 50' encontr\u00f3 la anotaci\u00f3n de <strong>William Tesillo<\/strong> tambi\u00e9n con un disparo desde larga distancia, que se desvi\u00f3 en <strong>Didier Moreno<\/strong> y termin\u00f3 al fondo de la red.<\/span><\/p>\n<p style=\"text-align: justify;\"><span style=\"font-family: helvetica, arial, sans-serif;\">El Tibur\u00f3n se qued\u00f3 con un hombre menos por la expulsi\u00f3n de <strong>Jermein Pe\u00f1a<\/strong> en una falta fuera del \u00e1rea sobre <strong>Alfredo Morelos.<\/strong> En principio se hab\u00eda sancionado penal, pero ante la revisi\u00f3n del <strong>VAR,<\/strong> se revers\u00f3 la decisi\u00f3n.<\/span><\/p>\n<p style=\"text-align: justify;\"><span style=\"font-family: helvetica, arial, sans-serif;\">Junior recibir\u00e1 el pr\u00f3ximo domingo a Nacional desde las 6:30 p.m. Ambos llegar\u00e1n con 5 unidades a dicho encuentro y a la espera del resultado entre Am\u00e9rica y Medell\u00edn este jueves.<\/span><\/p>\n","protected":false},"excerpt":{"rendered":"<p>Atl\u00e9tico Nacional y Junior igualaron 1-1 en el Metropolitano de Itag\u00fc\u00ed, ya que no se pudo disputar el duelo en Medell\u00edn por un concierto que tendr\u00e1 lugar el fin de semana. El autor del gol para el cuadro barranquillero lo marc\u00f3 Guillermo Paiva al minuto 41 con una anotaci\u00f3n de gran calidad desde fuera del [&hellip;]<\/p>\n","protected":false},"author":4,"featured_media":126609,"comment_status":"open","ping_status":"open","sticky":false,"template":"","format":"standard","meta":{"_acf_changed":false,"footnotes":""},"categories":[7],"tags":[],"class_list":{"0":"post-126608","1":"post","2":"type-post","3":"status-publish","4":"format-standard","5":"has-post-thumbnail","7":"category-liga-betplay"},"acf":[],"yoast_head":"<!-- This site is optimized with the Yoast SEO plugin v26.8 - https:\/\/yoast.com\/product\/yoast-seo-wordpress\/ -->\n<title>Nacional y Junior no se sacan diferencias en Itag\u00fc\u00ed -<\/title>\n<meta name=\"robots\" content=\"index, follow, max-snippet:-1, max-image-preview:large, max-video-preview:-1\" \/>\n<link rel=\"canonical\" href=\"https:\/\/futbolhoy.co\/index.php\/2025\/11\/26\/nacional-y-junior-no-se-sacan-diferencias-en-itagui\/\" \/>\n<meta property=\"og:locale\" content=\"es_ES\" \/>\n<meta property=\"og:type\" content=\"article\" \/>\n<meta property=\"og:title\" content=\"Nacional y Junior no se sacan diferencias en Itag\u00fc\u00ed -\" \/>\n<meta property=\"og:description\" content=\"Atl\u00e9tico Nacional y Junior igualaron 1-1 en el Metropolitano de Itag\u00fc\u00ed, ya que no se pudo disputar el duelo en Medell\u00edn por un concierto que tendr\u00e1 lugar el fin de semana. El autor del gol para el cuadro barranquillero lo marc\u00f3 Guillermo Paiva al minuto 41 con una anotaci\u00f3n de gran calidad desde fuera del [&hellip;]\" \/>\n<meta property=\"og:url\" content=\"https:\/\/futbolhoy.co\/index.php\/2025\/11\/26\/nacional-y-junior-no-se-sacan-diferencias-en-itagui\/\" \/>\n<meta property=\"article:publisher\" content=\"https:\/\/www.facebook.com\/FutbolHoyCol\/\" \/>\n<meta property=\"article:published_time\" content=\"2025-11-27T03:52:07+00:00\" \/>\n<meta property=\"article:modified_time\" content=\"2025-11-28T01:57:52+00:00\" \/>\n<meta property=\"og:image\" content=\"https:\/\/futbolhoy.co\/wp-content\/uploads\/2025\/11\/Captura-de-pantalla-2025-11-26-225101.png\" \/>\n\t<meta property=\"og:image:width\" content=\"454\" \/>\n\t<meta property=\"og:image:height\" content=\"370\" \/>\n\t<meta property=\"og:image:type\" content=\"image\/png\" \/>\n<meta name=\"author\" content=\"contenido\" \/>\n<meta name=\"twitter:card\" content=\"summary_large_image\" \/>\n<meta name=\"twitter:creator\" content=\"@FutbolHoyCol\" \/>\n<meta name=\"twitter:site\" content=\"@FutbolHoyCol\" \/>\n<meta name=\"twitter:label1\" content=\"Escrito por\" \/>\n\t<meta name=\"twitter:data1\" content=\"contenido\" \/>\n\t<meta name=\"twitter:label2\" content=\"Tiempo de lectura\" \/>\n\t<meta name=\"twitter:data2\" content=\"1 minuto\" \/>\n<script type=\"application\/ld+json\" class=\"yoast-schema-graph\">{\"@context\":\"https:\/\/schema.org\",\"@graph\":[{\"@type\":\"Article\",\"@id\":\"https:\/\/futbolhoy.co\/index.php\/2025\/11\/26\/nacional-y-junior-no-se-sacan-diferencias-en-itagui\/#article\",\"isPartOf\":{\"@id\":\"https:\/\/futbolhoy.co\/index.php\/2025\/11\/26\/nacional-y-junior-no-se-sacan-diferencias-en-itagui\/\"},\"author\":{\"name\":\"contenido\",\"@id\":\"https:\/\/futbolhoy.co\/#\/schema\/person\/1721b69355b6623eaff15ac7b92d4cc3\"},\"headline\":\"Nacional y Junior no se sacan diferencias en Itag\u00fc\u00ed\",\"datePublished\":\"2025-11-27T03:52:07+00:00\",\"dateModified\":\"2025-11-28T01:57:52+00:00\",\"mainEntityOfPage\":{\"@id\":\"https:\/\/futbolhoy.co\/index.php\/2025\/11\/26\/nacional-y-junior-no-se-sacan-diferencias-en-itagui\/\"},\"wordCount\":183,\"commentCount\":0,\"publisher\":{\"@id\":\"https:\/\/futbolhoy.co\/#organization\"},\"image\":{\"@id\":\"https:\/\/futbolhoy.co\/index.php\/2025\/11\/26\/nacional-y-junior-no-se-sacan-diferencias-en-itagui\/#primaryimage\"},\"thumbnailUrl\":\"https:\/\/futbolhoy.co\/wp-content\/uploads\/2025\/11\/Captura-de-pantalla-2025-11-26-225101.png\",\"articleSection\":[\"Liga BetPlay\"],\"inLanguage\":\"es\",\"potentialAction\":[{\"@type\":\"CommentAction\",\"name\":\"Comment\",\"target\":[\"https:\/\/futbolhoy.co\/index.php\/2025\/11\/26\/nacional-y-junior-no-se-sacan-diferencias-en-itagui\/#respond\"]}]},{\"@type\":\"WebPage\",\"@id\":\"https:\/\/futbolhoy.co\/index.php\/2025\/11\/26\/nacional-y-junior-no-se-sacan-diferencias-en-itagui\/\",\"url\":\"https:\/\/futbolhoy.co\/index.php\/2025\/11\/26\/nacional-y-junior-no-se-sacan-diferencias-en-itagui\/\",\"name\":\"Nacional y Junior no se sacan diferencias en Itag\u00fc\u00ed -\",\"isPartOf\":{\"@id\":\"https:\/\/futbolhoy.co\/#website\"},\"primaryImageOfPage\":{\"@id\":\"https:\/\/futbolhoy.co\/index.php\/2025\/11\/26\/nacional-y-junior-no-se-sacan-diferencias-en-itagui\/#primaryimage\"},\"image\":{\"@id\":\"https:\/\/futbolhoy.co\/index.php\/2025\/11\/26\/nacional-y-junior-no-se-sacan-diferencias-en-itagui\/#primaryimage\"},\"thumbnailUrl\":\"https:\/\/futbolhoy.co\/wp-content\/uploads\/2025\/11\/Captura-de-pantalla-2025-11-26-225101.png\",\"datePublished\":\"2025-11-27T03:52:07+00:00\",\"dateModified\":\"2025-11-28T01:57:52+00:00\",\"breadcrumb\":{\"@id\":\"https:\/\/futbolhoy.co\/index.php\/2025\/11\/26\/nacional-y-junior-no-se-sacan-diferencias-en-itagui\/#breadcrumb\"},\"inLanguage\":\"es\",\"potentialAction\":[{\"@type\":\"ReadAction\",\"target\":[\"https:\/\/futbolhoy.co\/index.php\/2025\/11\/26\/nacional-y-junior-no-se-sacan-diferencias-en-itagui\/\"]}]},{\"@type\":\"ImageObject\",\"inLanguage\":\"es\",\"@id\":\"https:\/\/futbolhoy.co\/index.php\/2025\/11\/26\/nacional-y-junior-no-se-sacan-diferencias-en-itagui\/#primaryimage\",\"url\":\"https:\/\/futbolhoy.co\/wp-content\/uploads\/2025\/11\/Captura-de-pantalla-2025-11-26-225101.png\",\"contentUrl\":\"https:\/\/futbolhoy.co\/wp-content\/uploads\/2025\/11\/Captura-de-pantalla-2025-11-26-225101.png\",\"width\":454,\"height\":370},{\"@type\":\"BreadcrumbList\",\"@id\":\"https:\/\/futbolhoy.co\/index.php\/2025\/11\/26\/nacional-y-junior-no-se-sacan-diferencias-en-itagui\/#breadcrumb\",\"itemListElement\":[{\"@type\":\"ListItem\",\"position\":1,\"name\":\"Portada\",\"item\":\"https:\/\/futbolhoy.co\/\"},{\"@type\":\"ListItem\",\"position\":2,\"name\":\"Nacional y Junior no se sacan diferencias en Itag\u00fc\u00ed\"}]},{\"@type\":\"WebSite\",\"@id\":\"https:\/\/futbolhoy.co\/#website\",\"url\":\"https:\/\/futbolhoy.co\/\",\"name\":\"FutbolHoy\",\"description\":\"\",\"publisher\":{\"@id\":\"https:\/\/futbolhoy.co\/#organization\"},\"potentialAction\":[{\"@type\":\"SearchAction\",\"target\":{\"@type\":\"EntryPoint\",\"urlTemplate\":\"https:\/\/futbolhoy.co\/?s={search_term_string}\"},\"query-input\":{\"@type\":\"PropertyValueSpecification\",\"valueRequired\":true,\"valueName\":\"search_term_string\"}}],\"inLanguage\":\"es\"},{\"@type\":\"Organization\",\"@id\":\"https:\/\/futbolhoy.co\/#organization\",\"name\":\"Futbolhoy.co\",\"url\":\"https:\/\/futbolhoy.co\/\",\"logo\":{\"@type\":\"ImageObject\",\"inLanguage\":\"es\",\"@id\":\"https:\/\/futbolhoy.co\/#\/schema\/logo\/image\/\",\"url\":\"https:\/\/futbolhoy.co\/wp-content\/uploads\/2018\/08\/17426380_1906371736249227_6326180412931521141_n.jpg\",\"contentUrl\":\"https:\/\/futbolhoy.co\/wp-content\/uploads\/2018\/08\/17426380_1906371736249227_6326180412931521141_n.jpg\",\"width\":960,\"height\":960,\"caption\":\"Futbolhoy.co\"},\"image\":{\"@id\":\"https:\/\/futbolhoy.co\/#\/schema\/logo\/image\/\"},\"sameAs\":[\"https:\/\/www.facebook.com\/FutbolHoyCol\/\",\"https:\/\/x.com\/FutbolHoyCol\",\"https:\/\/www.instagram.com\/futbolhoycol\/\"]},{\"@type\":\"Person\",\"@id\":\"https:\/\/futbolhoy.co\/#\/schema\/person\/1721b69355b6623eaff15ac7b92d4cc3\",\"name\":\"contenido\",\"image\":{\"@type\":\"ImageObject\",\"inLanguage\":\"es\",\"@id\":\"https:\/\/futbolhoy.co\/#\/schema\/person\/image\/\",\"url\":\"https:\/\/secure.gravatar.com\/avatar\/4f656d3256f5134f466206e7c3941518?s=96&d=mm&r=g\",\"contentUrl\":\"https:\/\/secure.gravatar.com\/avatar\/4f656d3256f5134f466206e7c3941518?s=96&d=mm&r=g\",\"caption\":\"contenido\"}}]}<\/script>\n<!-- \/ Yoast SEO plugin. -->","yoast_head_json":{"title":"Nacional y Junior no se sacan diferencias en Itag\u00fc\u00ed -","robots":{"index":"index","follow":"follow","max-snippet":"max-snippet:-1","max-image-preview":"max-image-preview:large","max-video-preview":"max-video-preview:-1"},"canonical":"https:\/\/futbolhoy.co\/index.php\/2025\/11\/26\/nacional-y-junior-no-se-sacan-diferencias-en-itagui\/","og_locale":"es_ES","og_type":"article","og_title":"Nacional y Junior no se sacan diferencias en Itag\u00fc\u00ed -","og_description":"Atl\u00e9tico Nacional y Junior igualaron 1-1 en el Metropolitano de Itag\u00fc\u00ed, ya que no se pudo disputar el duelo en Medell\u00edn por un concierto que tendr\u00e1 lugar el fin de semana. El autor del gol para el cuadro barranquillero lo marc\u00f3 Guillermo Paiva al minuto 41 con una anotaci\u00f3n de gran calidad desde fuera del [&hellip;]","og_url":"https:\/\/futbolhoy.co\/index.php\/2025\/11\/26\/nacional-y-junior-no-se-sacan-diferencias-en-itagui\/","article_publisher":"https:\/\/www.facebook.com\/FutbolHoyCol\/","article_published_time":"2025-11-27T03:52:07+00:00","article_modified_time":"2025-11-28T01:57:52+00:00","og_image":[{"width":454,"height":370,"url":"https:\/\/futbolhoy.co\/wp-content\/uploads\/2025\/11\/Captura-de-pantalla-2025-11-26-225101.png","type":"image\/png"}],"author":"contenido","twitter_card":"summary_large_image","twitter_creator":"@FutbolHoyCol","twitter_site":"@FutbolHoyCol","twitter_misc":{"Escrito por":"contenido","Tiempo de lectura":"1 minuto"},"schema":{"@context":"https:\/\/schema.org","@graph":[{"@type":"Article","@id":"https:\/\/futbolhoy.co\/index.php\/2025\/11\/26\/nacional-y-junior-no-se-sacan-diferencias-en-itagui\/#article","isPartOf":{"@id":"https:\/\/futbolhoy.co\/index.php\/2025\/11\/26\/nacional-y-junior-no-se-sacan-diferencias-en-itagui\/"},"author":{"name":"contenido","@id":"https:\/\/futbolhoy.co\/#\/schema\/person\/1721b69355b6623eaff15ac7b92d4cc3"},"headline":"Nacional y Junior no se sacan diferencias en Itag\u00fc\u00ed","datePublished":"2025-11-27T03:52:07+00:00","dateModified":"2025-11-28T01:57:52+00:00","mainEntityOfPage":{"@id":"https:\/\/futbolhoy.co\/index.php\/2025\/11\/26\/nacional-y-junior-no-se-sacan-diferencias-en-itagui\/"},"wordCount":183,"commentCount":0,"publisher":{"@id":"https:\/\/futbolhoy.co\/#organization"},"image":{"@id":"https:\/\/futbolhoy.co\/index.php\/2025\/11\/26\/nacional-y-junior-no-se-sacan-diferencias-en-itagui\/#primaryimage"},"thumbnailUrl":"https:\/\/futbolhoy.co\/wp-content\/uploads\/2025\/11\/Captura-de-pantalla-2025-11-26-225101.png","articleSection":["Liga BetPlay"],"inLanguage":"es","potentialAction":[{"@type":"CommentAction","name":"Comment","target":["https:\/\/futbolhoy.co\/index.php\/2025\/11\/26\/nacional-y-junior-no-se-sacan-diferencias-en-itagui\/#respond"]}]},{"@type":"WebPage","@id":"https:\/\/futbolhoy.co\/index.php\/2025\/11\/26\/nacional-y-junior-no-se-sacan-diferencias-en-itagui\/","url":"https:\/\/futbolhoy.co\/index.php\/2025\/11\/26\/nacional-y-junior-no-se-sacan-diferencias-en-itagui\/","name":"Nacional y Junior no se sacan diferencias en Itag\u00fc\u00ed -","isPartOf":{"@id":"https:\/\/futbolhoy.co\/#website"},"primaryImageOfPage":{"@id":"https:\/\/futbolhoy.co\/index.php\/2025\/11\/26\/nacional-y-junior-no-se-sacan-diferencias-en-itagui\/#primaryimage"},"image":{"@id":"https:\/\/futbolhoy.co\/index.php\/2025\/11\/26\/nacional-y-junior-no-se-sacan-diferencias-en-itagui\/#primaryimage"},"thumbnailUrl":"https:\/\/futbolhoy.co\/wp-content\/uploads\/2025\/11\/Captura-de-pantalla-2025-11-26-225101.png","datePublished":"2025-11-27T03:52:07+00:00","dateModified":"2025-11-28T01:57:52+00:00","breadcrumb":{"@id":"https:\/\/futbolhoy.co\/index.php\/2025\/11\/26\/nacional-y-junior-no-se-sacan-diferencias-en-itagui\/#breadcrumb"},"inLanguage":"es","potentialAction":[{"@type":"ReadAction","target":["https:\/\/futbolhoy.co\/index.php\/2025\/11\/26\/nacional-y-junior-no-se-sacan-diferencias-en-itagui\/"]}]},{"@type":"ImageObject","inLanguage":"es","@id":"https:\/\/futbolhoy.co\/index.php\/2025\/11\/26\/nacional-y-junior-no-se-sacan-diferencias-en-itagui\/#primaryimage","url":"https:\/\/futbolhoy.co\/wp-content\/uploads\/2025\/11\/Captura-de-pantalla-2025-11-26-225101.png","contentUrl":"https:\/\/futbolhoy.co\/wp-content\/uploads\/2025\/11\/Captura-de-pantalla-2025-11-26-225101.png","width":454,"height":370},{"@type":"BreadcrumbList","@id":"https:\/\/futbolhoy.co\/index.php\/2025\/11\/26\/nacional-y-junior-no-se-sacan-diferencias-en-itagui\/#breadcrumb","itemListElement":[{"@type":"ListItem","position":1,"name":"Portada","item":"https:\/\/futbolhoy.co\/"},{"@type":"ListItem","position":2,"name":"Nacional y Junior no se sacan diferencias en Itag\u00fc\u00ed"}]},{"@type":"WebSite","@id":"https:\/\/futbolhoy.co\/#website","url":"https:\/\/futbolhoy.co\/","name":"FutbolHoy","description":"","publisher":{"@id":"https:\/\/futbolhoy.co\/#organization"},"potentialAction":[{"@type":"SearchAction","target":{"@type":"EntryPoint","urlTemplate":"https:\/\/futbolhoy.co\/?s={search_term_string}"},"query-input":{"@type":"PropertyValueSpecification","valueRequired":true,"valueName":"search_term_string"}}],"inLanguage":"es"},{"@type":"Organization","@id":"https:\/\/futbolhoy.co\/#organization","name":"Futbolhoy.co","url":"https:\/\/futbolhoy.co\/","logo":{"@type":"ImageObject","inLanguage":"es","@id":"https:\/\/futbolhoy.co\/#\/schema\/logo\/image\/","url":"https:\/\/futbolhoy.co\/wp-content\/uploads\/2018\/08\/17426380_1906371736249227_6326180412931521141_n.jpg","contentUrl":"https:\/\/futbolhoy.co\/wp-content\/uploads\/2018\/08\/17426380_1906371736249227_6326180412931521141_n.jpg","width":960,"height":960,"caption":"Futbolhoy.co"},"image":{"@id":"https:\/\/futbolhoy.co\/#\/schema\/logo\/image\/"},"sameAs":["https:\/\/www.facebook.com\/FutbolHoyCol\/","https:\/\/x.com\/FutbolHoyCol","https:\/\/www.instagram.com\/futbolhoycol\/"]},{"@type":"Person","@id":"https:\/\/futbolhoy.co\/#\/schema\/person\/1721b69355b6623eaff15ac7b92d4cc3","name":"contenido","image":{"@type":"ImageObject","inLanguage":"es","@id":"https:\/\/futbolhoy.co\/#\/schema\/person\/image\/","url":"https:\/\/secure.gravatar.com\/avatar\/4f656d3256f5134f466206e7c3941518?s=96&d=mm&r=g","contentUrl":"https:\/\/secure.gravatar.com\/avatar\/4f656d3256f5134f466206e7c3941518?s=96&d=mm&r=g","caption":"contenido"}}]}},"publishpress_future_action":{"enabled":false,"date":"2026-05-03 11:46:05","action":"change-status","newStatus":"draft","terms":[],"taxonomy":"category","extraData":[]},"publishpress_future_workflow_manual_trigger":{"enabledWorkflows":[]},"_links":{"self":[{"href":"https:\/\/futbolhoy.co\/index.php\/wp-json\/wp\/v2\/posts\/126608","targetHints":{"allow":["GET"]}}],"collection":[{"href":"https:\/\/futbolhoy.co\/index.php\/wp-json\/wp\/v2\/posts"}],"about":[{"href":"https:\/\/futbolhoy.co\/index.php\/wp-json\/wp\/v2\/types\/post"}],"author":[{"embeddable":true,"href":"https:\/\/futbolhoy.co\/index.php\/wp-json\/wp\/v2\/users\/4"}],"replies":[{"embeddable":true,"href":"https:\/\/futbolhoy.co\/index.php\/wp-json\/wp\/v2\/comments?post=126608"}],"version-history":[{"count":1,"href":"https:\/\/futbolhoy.co\/index.php\/wp-json\/wp\/v2\/posts\/126608\/revisions"}],"predecessor-version":[{"id":126610,"href":"https:\/\/futbolhoy.co\/index.php\/wp-json\/wp\/v2\/posts\/126608\/revisions\/126610"}],"wp:featuredmedia":[{"embeddable":true,"href":"https:\/\/futbolhoy.co\/index.php\/wp-json\/wp\/v2\/media\/126609"}],"wp:attachment":[{"href":"https:\/\/futbolhoy.co\/index.php\/wp-json\/wp\/v2\/media?parent=126608"}],"wp:term":[{"taxonomy":"category","embeddable":true,"href":"https:\/\/futbolhoy.co\/index.php\/wp-json\/wp\/v2\/categories?post=126608"},{"taxonomy":"post_tag","embeddable":true,"href":"https:\/\/futbolhoy.co\/index.php\/wp-json\/wp\/v2\/tags?post=126608"}],"curies":[{"name":"wp","href":"https:\/\/api.w.org\/{rel}","templated":true}]}}