{"id":126611,"date":"2025-11-27T07:17:11","date_gmt":"2025-11-27T12:17:11","guid":{"rendered":"https:\/\/futbolhoy.co\/?p=126611"},"modified":"2025-11-28T10:42:40","modified_gmt":"2025-11-28T15:42:40","slug":"alfredo-arias-tras-empatar-ante-nacional-en-el-grupo-a-fue-imposible-atacarlos","status":"publish","type":"post","link":"https:\/\/futbolhoy.co\/index.php\/2025\/11\/27\/alfredo-arias-tras-empatar-ante-nacional-en-el-grupo-a-fue-imposible-atacarlos\/","title":{"rendered":"Alfredo Arias tras empatar ante Nacional en el grupo A: \"Fue imposible atacarlos\""},"content":{"rendered":"<p style=\"text-align: justify;\"><span style=\"font-family: helvetica, arial, sans-serif;\"><strong>Junior de Barranquilla<\/strong> consigui\u00f3 un valioso empate <strong>1-1<\/strong> durante su visita a <strong>Atl\u00e9tico Nacional<\/strong>, en el Estadio de Ditaires por la fecha 3 del grupo A en los cuadrangulares finales de Liga BetPlay 2025-2.<\/span><\/p>\n<p style=\"text-align: justify;\"><span style=\"font-family: helvetica, arial, sans-serif;\"><strong>Guillermo Paiva<\/strong> abri\u00f3 el marcador con un golazo desde afuera del \u00e1rea, <strong>William Tesillo<\/strong> igual\u00f3 el encuentro y Jermein Pe\u00f1a fue expulsado al 78' por una infracci\u00f3n clara sobre Alfredo Morelos.<\/span><\/p>\n<p style=\"text-align: justify;\"><span style=\"font-family: helvetica, arial, sans-serif;\">Junior qued\u00f3 <strong>compartiendo la cima de la zona A junto a Nacional<\/strong> con 5 unidades y +1 en la diferencia de gol. Ambos chocar\u00e1n en la siguiente jornada, el domingo 30 de noviembre a partir de las 6:30 pm en el Estadio Metropolitano Roberto Mel\u00e9ndez.<\/span><\/p>\n<h2 style=\"text-align: justify;\"><span style=\"font-family: helvetica, arial, sans-serif;\">Declaraciones del DT Alfredo Arias tras igual con Nacional<\/span><\/h2>\n<p style=\"text-align: justify;\"><span style=\"font-family: helvetica, arial, sans-serif;\">\"Yo <strong>lo sentir\u00eda bot\u00edn si hubiera venido a buscar un punto<\/strong>, pero en los dos partidos salimos a buscar los tres y estuvimos cerca. El primer tiempo sali\u00f3 muy bien, el segundo tiempo, el gol en contra nuestro cambia el partido y ellos se hacen totales protagonistas del partido\", inici\u00f3 la rueda de prensa.<\/span><\/p>\n<p style=\"text-align: justify;\"><span style=\"font-family: helvetica, arial, sans-serif;\">\"Luego la expulsi\u00f3n ante un rival como Nacional, con su gente, que juegan bien, es complicado, pero mis jugadores supieron defender, supieron darle valor a ese punto que puede ser un bot\u00edn\", explic\u00f3.<\/span><\/p>\n<p style=\"text-align: justify;\"><span style=\"font-family: helvetica, arial, sans-serif;\">\"El gol de ellos les dio \u00e1nimo, nosotros sentimos el golpe y <strong>con 10 jugadores fue imposible atacarlos<\/strong>\", complement\u00f3.<\/span><\/p>\n<blockquote class=\"twitter-tweet\" data-media-max-width=\"560\">\n<p dir=\"ltr\" lang=\"es\">\ud83c\udf99\ufe0f \u201cEn los dos partidos (de visita) salimos a buscar los tres puntos\u201d<\/p>\n<p>\ud83d\udc49 El balance de Alfredo Arias tras los juegos ante Am\u00e9rica y Nacional<\/p>\n<p>\ud83d\udd25 Estamos EN VIVO <a href=\"https:\/\/t.co\/sTQgHp0zCF\">https:\/\/t.co\/sTQgHp0zCF<\/a> <a href=\"https:\/\/t.co\/gdMJm4i9CS\">pic.twitter.com\/gdMJm4i9CS<\/a><\/p>\n<p>\u2014 Cuid Sports (@cuidsports) <a href=\"https:\/\/twitter.com\/cuidsports\/status\/1993894472757936576?ref_src=twsrc%5Etfw\">November 27, 2025<\/a><\/p><\/blockquote>\n<p style=\"text-align: justify;\"><script async src=\"https:\/\/platform.twitter.com\/widgets.js\" charset=\"utf-8\"><\/script> <span style=\"font-family: helvetica, arial, sans-serif;\">\"<strong>Con los 10 jugadores fue un martirio<\/strong>. A m\u00ed me gusta cuando se pone car\u00e1cter, pero no el juego de defender siempre, con eso me traiciono. Fue un tiempo para cada uno y as\u00ed nos vamos\", se\u00f1al\u00f3 el entrenador uruguayo.<\/span><\/p>\n<p style=\"text-align: justify;\"><span style=\"font-family: helvetica, arial, sans-serif;\">\"<strong>Ellos merecieron m\u00e1s<\/strong>. Nosotros defendimos bien, armamos una falsa de cinco con Didier, tres volantes y uno arriba. Mientras Paiva tuvo piernas fue una figura, estuvo en cancha hasta donde pudo. Vinimos a buscar m\u00e1s, pero nos llevamos un punto, en tres d\u00edas nos veremos y veremos\", manifest\u00f3.<\/span><\/p>\n<p style=\"text-align: justify;\"><span style=\"font-family: helvetica, arial, sans-serif;\">En cuanto a las novedades para el compromiso del pr\u00f3ximo domingo, el t\u00e9cnico Alfredo Arias revel\u00f3:<\/span><\/p>\n<p style=\"text-align: justify;\"><span style=\"font-family: helvetica, arial, sans-serif;\">\"Ellos no tendr\u00e1n a <strong>Morelos<\/strong>, nosotros no tendremos a <strong>Jermein<\/strong>. <strong>B\u00e1ez<\/strong> no ha vuelto a entrenar, hay que verlo. Hay que ver a <strong>Enamorado<\/strong> que sali\u00f3 con cansancio. Pero el cansancio y la fatiga no lo tenemos solo nosotros. A m\u00ed lo que me da pena es que en el mejor momento del campeonato se nos aprieta el calendario y armamos el equipo con los mejores que est\u00e1n, es una realidad\", expuso el experimentado director t\u00e9cnico.<\/span><\/p>\n<p style=\"text-align: justify;\"><span style=\"font-family: helvetica, arial, sans-serif;\">\"<strong>Ojal\u00e1 que la gente nos acompa\u00f1e<\/strong>, creo que los muchachos se lo merecen, han hecho un buen campeonato y otra vez hemos hecho buenos partidos. No me voy pensando que tenemos un bot\u00edn, porque estamos en un grupo fuerte, en el que cualquiera le puede ganar a cualquiera, tenemos que mantener la humildad, ese es el mensaje. Tenemos que seguir humildes hasta el final\", finaliz\u00f3.<\/span><\/p>\n<p><iframe title=\"YouTube video player\" src=\"https:\/\/www.youtube.com\/embed\/vboWGosIccs?si=tkGNAc_HzK0a4Jkp\" width=\"560\" height=\"315\" frameborder=\"0\" allowfullscreen=\"allowfullscreen\"><\/iframe><\/p>\n<h3 style=\"text-align: justify;\"><span style=\"font-family: helvetica, arial, sans-serif;\">Tabla de posiciones del grupo A<\/span><\/h3>\n<p><img fetchpriority=\"high\" decoding=\"async\" class=\"alignnone size-full wp-image-126613\" src=\"https:\/\/futbolhoy.co\/wp-content\/uploads\/2025\/11\/WhatsApp-Image-2025-11-27-at-7.16.26-AM-1.jpeg\" alt=\"\" width=\"745\" height=\"340\" srcset=\"https:\/\/futbolhoy.co\/wp-content\/uploads\/2025\/11\/WhatsApp-Image-2025-11-27-at-7.16.26-AM-1.jpeg 745w, https:\/\/futbolhoy.co\/wp-content\/uploads\/2025\/11\/WhatsApp-Image-2025-11-27-at-7.16.26-AM-1-300x137.jpeg 300w, https:\/\/futbolhoy.co\/wp-content\/uploads\/2025\/11\/WhatsApp-Image-2025-11-27-at-7.16.26-AM-1-696x318.jpeg 696w, https:\/\/futbolhoy.co\/wp-content\/uploads\/2025\/11\/WhatsApp-Image-2025-11-27-at-7.16.26-AM-1-128x58.jpeg 128w, https:\/\/futbolhoy.co\/wp-content\/uploads\/2025\/11\/WhatsApp-Image-2025-11-27-at-7.16.26-AM-1-32x15.jpeg 32w\" sizes=\"(max-width: 745px) 100vw, 745px\" \/><\/p>\n","protected":false},"excerpt":{"rendered":"<p>Junior de Barranquilla consigui\u00f3 un valioso empate 1-1 durante su visita a Atl\u00e9tico Nacional, en el Estadio de Ditaires por la fecha 3 del grupo A en los cuadrangulares finales de Liga BetPlay 2025-2. Guillermo Paiva abri\u00f3 el marcador con un golazo desde afuera del \u00e1rea, William Tesillo igual\u00f3 el encuentro y Jermein Pe\u00f1a fue [&hellip;]<\/p>\n","protected":false},"author":4,"featured_media":126615,"comment_status":"open","ping_status":"open","sticky":false,"template":"","format":"standard","meta":{"_acf_changed":false,"footnotes":""},"categories":[7],"tags":[],"class_list":{"0":"post-126611","1":"post","2":"type-post","3":"status-publish","4":"format-standard","5":"has-post-thumbnail","7":"category-liga-betplay"},"acf":[],"yoast_head":"<!-- This site is optimized with the Yoast SEO plugin v26.8 - https:\/\/yoast.com\/product\/yoast-seo-wordpress\/ -->\n<title>Alfredo Arias tras empatar ante Nacional en el grupo A: &quot;Fue imposible atacarlos&quot; -<\/title>\n<meta name=\"robots\" content=\"index, follow, max-snippet:-1, max-image-preview:large, max-video-preview:-1\" \/>\n<link rel=\"canonical\" href=\"https:\/\/futbolhoy.co\/index.php\/2025\/11\/27\/alfredo-arias-tras-empatar-ante-nacional-en-el-grupo-a-fue-imposible-atacarlos\/\" \/>\n<meta property=\"og:locale\" content=\"es_ES\" \/>\n<meta property=\"og:type\" content=\"article\" \/>\n<meta property=\"og:title\" content=\"Alfredo Arias tras empatar ante Nacional en el grupo A: &quot;Fue imposible atacarlos&quot; -\" \/>\n<meta property=\"og:description\" content=\"Junior de Barranquilla consigui\u00f3 un valioso empate 1-1 durante su visita a Atl\u00e9tico Nacional, en el Estadio de Ditaires por la fecha 3 del grupo A en los cuadrangulares finales de Liga BetPlay 2025-2. Guillermo Paiva abri\u00f3 el marcador con un golazo desde afuera del \u00e1rea, William Tesillo igual\u00f3 el encuentro y Jermein Pe\u00f1a fue [&hellip;]\" \/>\n<meta property=\"og:url\" content=\"https:\/\/futbolhoy.co\/index.php\/2025\/11\/27\/alfredo-arias-tras-empatar-ante-nacional-en-el-grupo-a-fue-imposible-atacarlos\/\" \/>\n<meta property=\"article:publisher\" content=\"https:\/\/www.facebook.com\/FutbolHoyCol\/\" \/>\n<meta property=\"article:published_time\" content=\"2025-11-27T12:17:11+00:00\" \/>\n<meta property=\"article:modified_time\" content=\"2025-11-28T15:42:40+00:00\" \/>\n<meta property=\"og:image\" content=\"https:\/\/futbolhoy.co\/wp-content\/uploads\/2025\/11\/WhatsApp-Image-2025-11-27-at-7.18.10-AM.jpeg\" \/>\n\t<meta property=\"og:image:width\" content=\"1280\" \/>\n\t<meta property=\"og:image:height\" content=\"745\" \/>\n\t<meta property=\"og:image:type\" content=\"image\/jpeg\" \/>\n<meta name=\"author\" content=\"contenido\" \/>\n<meta name=\"twitter:card\" content=\"summary_large_image\" \/>\n<meta name=\"twitter:creator\" content=\"@FutbolHoyCol\" \/>\n<meta name=\"twitter:site\" content=\"@FutbolHoyCol\" \/>\n<meta name=\"twitter:label1\" content=\"Escrito por\" \/>\n\t<meta name=\"twitter:data1\" content=\"contenido\" \/>\n\t<meta name=\"twitter:label2\" content=\"Tiempo de lectura\" \/>\n\t<meta name=\"twitter:data2\" content=\"3 minutos\" \/>\n<script type=\"application\/ld+json\" class=\"yoast-schema-graph\">{\"@context\":\"https:\/\/schema.org\",\"@graph\":[{\"@type\":\"Article\",\"@id\":\"https:\/\/futbolhoy.co\/index.php\/2025\/11\/27\/alfredo-arias-tras-empatar-ante-nacional-en-el-grupo-a-fue-imposible-atacarlos\/#article\",\"isPartOf\":{\"@id\":\"https:\/\/futbolhoy.co\/index.php\/2025\/11\/27\/alfredo-arias-tras-empatar-ante-nacional-en-el-grupo-a-fue-imposible-atacarlos\/\"},\"author\":{\"name\":\"contenido\",\"@id\":\"https:\/\/futbolhoy.co\/#\/schema\/person\/1721b69355b6623eaff15ac7b92d4cc3\"},\"headline\":\"Alfredo Arias tras empatar ante Nacional en el grupo A: \\\"Fue imposible atacarlos\\\"\",\"datePublished\":\"2025-11-27T12:17:11+00:00\",\"dateModified\":\"2025-11-28T15:42:40+00:00\",\"mainEntityOfPage\":{\"@id\":\"https:\/\/futbolhoy.co\/index.php\/2025\/11\/27\/alfredo-arias-tras-empatar-ante-nacional-en-el-grupo-a-fue-imposible-atacarlos\/\"},\"wordCount\":547,\"commentCount\":0,\"publisher\":{\"@id\":\"https:\/\/futbolhoy.co\/#organization\"},\"image\":{\"@id\":\"https:\/\/futbolhoy.co\/index.php\/2025\/11\/27\/alfredo-arias-tras-empatar-ante-nacional-en-el-grupo-a-fue-imposible-atacarlos\/#primaryimage\"},\"thumbnailUrl\":\"https:\/\/futbolhoy.co\/wp-content\/uploads\/2025\/11\/WhatsApp-Image-2025-11-27-at-7.18.10-AM.jpeg\",\"articleSection\":[\"Liga BetPlay\"],\"inLanguage\":\"es\",\"potentialAction\":[{\"@type\":\"CommentAction\",\"name\":\"Comment\",\"target\":[\"https:\/\/futbolhoy.co\/index.php\/2025\/11\/27\/alfredo-arias-tras-empatar-ante-nacional-en-el-grupo-a-fue-imposible-atacarlos\/#respond\"]}]},{\"@type\":\"WebPage\",\"@id\":\"https:\/\/futbolhoy.co\/index.php\/2025\/11\/27\/alfredo-arias-tras-empatar-ante-nacional-en-el-grupo-a-fue-imposible-atacarlos\/\",\"url\":\"https:\/\/futbolhoy.co\/index.php\/2025\/11\/27\/alfredo-arias-tras-empatar-ante-nacional-en-el-grupo-a-fue-imposible-atacarlos\/\",\"name\":\"Alfredo Arias tras empatar ante Nacional en el grupo A: \\\"Fue imposible atacarlos\\\" -\",\"isPartOf\":{\"@id\":\"https:\/\/futbolhoy.co\/#website\"},\"primaryImageOfPage\":{\"@id\":\"https:\/\/futbolhoy.co\/index.php\/2025\/11\/27\/alfredo-arias-tras-empatar-ante-nacional-en-el-grupo-a-fue-imposible-atacarlos\/#primaryimage\"},\"image\":{\"@id\":\"https:\/\/futbolhoy.co\/index.php\/2025\/11\/27\/alfredo-arias-tras-empatar-ante-nacional-en-el-grupo-a-fue-imposible-atacarlos\/#primaryimage\"},\"thumbnailUrl\":\"https:\/\/futbolhoy.co\/wp-content\/uploads\/2025\/11\/WhatsApp-Image-2025-11-27-at-7.18.10-AM.jpeg\",\"datePublished\":\"2025-11-27T12:17:11+00:00\",\"dateModified\":\"2025-11-28T15:42:40+00:00\",\"breadcrumb\":{\"@id\":\"https:\/\/futbolhoy.co\/index.php\/2025\/11\/27\/alfredo-arias-tras-empatar-ante-nacional-en-el-grupo-a-fue-imposible-atacarlos\/#breadcrumb\"},\"inLanguage\":\"es\",\"potentialAction\":[{\"@type\":\"ReadAction\",\"target\":[\"https:\/\/futbolhoy.co\/index.php\/2025\/11\/27\/alfredo-arias-tras-empatar-ante-nacional-en-el-grupo-a-fue-imposible-atacarlos\/\"]}]},{\"@type\":\"ImageObject\",\"inLanguage\":\"es\",\"@id\":\"https:\/\/futbolhoy.co\/index.php\/2025\/11\/27\/alfredo-arias-tras-empatar-ante-nacional-en-el-grupo-a-fue-imposible-atacarlos\/#primaryimage\",\"url\":\"https:\/\/futbolhoy.co\/wp-content\/uploads\/2025\/11\/WhatsApp-Image-2025-11-27-at-7.18.10-AM.jpeg\",\"contentUrl\":\"https:\/\/futbolhoy.co\/wp-content\/uploads\/2025\/11\/WhatsApp-Image-2025-11-27-at-7.18.10-AM.jpeg\",\"width\":1280,\"height\":745},{\"@type\":\"BreadcrumbList\",\"@id\":\"https:\/\/futbolhoy.co\/index.php\/2025\/11\/27\/alfredo-arias-tras-empatar-ante-nacional-en-el-grupo-a-fue-imposible-atacarlos\/#breadcrumb\",\"itemListElement\":[{\"@type\":\"ListItem\",\"position\":1,\"name\":\"Portada\",\"item\":\"https:\/\/futbolhoy.co\/\"},{\"@type\":\"ListItem\",\"position\":2,\"name\":\"Alfredo Arias tras empatar ante Nacional en el grupo A: \\\"Fue imposible atacarlos\\\"\"}]},{\"@type\":\"WebSite\",\"@id\":\"https:\/\/futbolhoy.co\/#website\",\"url\":\"https:\/\/futbolhoy.co\/\",\"name\":\"FutbolHoy\",\"description\":\"\",\"publisher\":{\"@id\":\"https:\/\/futbolhoy.co\/#organization\"},\"potentialAction\":[{\"@type\":\"SearchAction\",\"target\":{\"@type\":\"EntryPoint\",\"urlTemplate\":\"https:\/\/futbolhoy.co\/?s={search_term_string}\"},\"query-input\":{\"@type\":\"PropertyValueSpecification\",\"valueRequired\":true,\"valueName\":\"search_term_string\"}}],\"inLanguage\":\"es\"},{\"@type\":\"Organization\",\"@id\":\"https:\/\/futbolhoy.co\/#organization\",\"name\":\"Futbolhoy.co\",\"url\":\"https:\/\/futbolhoy.co\/\",\"logo\":{\"@type\":\"ImageObject\",\"inLanguage\":\"es\",\"@id\":\"https:\/\/futbolhoy.co\/#\/schema\/logo\/image\/\",\"url\":\"https:\/\/futbolhoy.co\/wp-content\/uploads\/2018\/08\/17426380_1906371736249227_6326180412931521141_n.jpg\",\"contentUrl\":\"https:\/\/futbolhoy.co\/wp-content\/uploads\/2018\/08\/17426380_1906371736249227_6326180412931521141_n.jpg\",\"width\":960,\"height\":960,\"caption\":\"Futbolhoy.co\"},\"image\":{\"@id\":\"https:\/\/futbolhoy.co\/#\/schema\/logo\/image\/\"},\"sameAs\":[\"https:\/\/www.facebook.com\/FutbolHoyCol\/\",\"https:\/\/x.com\/FutbolHoyCol\",\"https:\/\/www.instagram.com\/futbolhoycol\/\"]},{\"@type\":\"Person\",\"@id\":\"https:\/\/futbolhoy.co\/#\/schema\/person\/1721b69355b6623eaff15ac7b92d4cc3\",\"name\":\"contenido\",\"image\":{\"@type\":\"ImageObject\",\"inLanguage\":\"es\",\"@id\":\"https:\/\/futbolhoy.co\/#\/schema\/person\/image\/\",\"url\":\"https:\/\/secure.gravatar.com\/avatar\/4f656d3256f5134f466206e7c3941518?s=96&d=mm&r=g\",\"contentUrl\":\"https:\/\/secure.gravatar.com\/avatar\/4f656d3256f5134f466206e7c3941518?s=96&d=mm&r=g\",\"caption\":\"contenido\"}}]}<\/script>\n<!-- \/ Yoast SEO plugin. -->","yoast_head_json":{"title":"Alfredo Arias tras empatar ante Nacional en el grupo A: \"Fue imposible atacarlos\" -","robots":{"index":"index","follow":"follow","max-snippet":"max-snippet:-1","max-image-preview":"max-image-preview:large","max-video-preview":"max-video-preview:-1"},"canonical":"https:\/\/futbolhoy.co\/index.php\/2025\/11\/27\/alfredo-arias-tras-empatar-ante-nacional-en-el-grupo-a-fue-imposible-atacarlos\/","og_locale":"es_ES","og_type":"article","og_title":"Alfredo Arias tras empatar ante Nacional en el grupo A: \"Fue imposible atacarlos\" -","og_description":"Junior de Barranquilla consigui\u00f3 un valioso empate 1-1 durante su visita a Atl\u00e9tico Nacional, en el Estadio de Ditaires por la fecha 3 del grupo A en los cuadrangulares finales de Liga BetPlay 2025-2. Guillermo Paiva abri\u00f3 el marcador con un golazo desde afuera del \u00e1rea, William Tesillo igual\u00f3 el encuentro y Jermein Pe\u00f1a fue [&hellip;]","og_url":"https:\/\/futbolhoy.co\/index.php\/2025\/11\/27\/alfredo-arias-tras-empatar-ante-nacional-en-el-grupo-a-fue-imposible-atacarlos\/","article_publisher":"https:\/\/www.facebook.com\/FutbolHoyCol\/","article_published_time":"2025-11-27T12:17:11+00:00","article_modified_time":"2025-11-28T15:42:40+00:00","og_image":[{"width":1280,"height":745,"url":"https:\/\/futbolhoy.co\/wp-content\/uploads\/2025\/11\/WhatsApp-Image-2025-11-27-at-7.18.10-AM.jpeg","type":"image\/jpeg"}],"author":"contenido","twitter_card":"summary_large_image","twitter_creator":"@FutbolHoyCol","twitter_site":"@FutbolHoyCol","twitter_misc":{"Escrito por":"contenido","Tiempo de lectura":"3 minutos"},"schema":{"@context":"https:\/\/schema.org","@graph":[{"@type":"Article","@id":"https:\/\/futbolhoy.co\/index.php\/2025\/11\/27\/alfredo-arias-tras-empatar-ante-nacional-en-el-grupo-a-fue-imposible-atacarlos\/#article","isPartOf":{"@id":"https:\/\/futbolhoy.co\/index.php\/2025\/11\/27\/alfredo-arias-tras-empatar-ante-nacional-en-el-grupo-a-fue-imposible-atacarlos\/"},"author":{"name":"contenido","@id":"https:\/\/futbolhoy.co\/#\/schema\/person\/1721b69355b6623eaff15ac7b92d4cc3"},"headline":"Alfredo Arias tras empatar ante Nacional en el grupo A: \"Fue imposible atacarlos\"","datePublished":"2025-11-27T12:17:11+00:00","dateModified":"2025-11-28T15:42:40+00:00","mainEntityOfPage":{"@id":"https:\/\/futbolhoy.co\/index.php\/2025\/11\/27\/alfredo-arias-tras-empatar-ante-nacional-en-el-grupo-a-fue-imposible-atacarlos\/"},"wordCount":547,"commentCount":0,"publisher":{"@id":"https:\/\/futbolhoy.co\/#organization"},"image":{"@id":"https:\/\/futbolhoy.co\/index.php\/2025\/11\/27\/alfredo-arias-tras-empatar-ante-nacional-en-el-grupo-a-fue-imposible-atacarlos\/#primaryimage"},"thumbnailUrl":"https:\/\/futbolhoy.co\/wp-content\/uploads\/2025\/11\/WhatsApp-Image-2025-11-27-at-7.18.10-AM.jpeg","articleSection":["Liga BetPlay"],"inLanguage":"es","potentialAction":[{"@type":"CommentAction","name":"Comment","target":["https:\/\/futbolhoy.co\/index.php\/2025\/11\/27\/alfredo-arias-tras-empatar-ante-nacional-en-el-grupo-a-fue-imposible-atacarlos\/#respond"]}]},{"@type":"WebPage","@id":"https:\/\/futbolhoy.co\/index.php\/2025\/11\/27\/alfredo-arias-tras-empatar-ante-nacional-en-el-grupo-a-fue-imposible-atacarlos\/","url":"https:\/\/futbolhoy.co\/index.php\/2025\/11\/27\/alfredo-arias-tras-empatar-ante-nacional-en-el-grupo-a-fue-imposible-atacarlos\/","name":"Alfredo Arias tras empatar ante Nacional en el grupo A: \"Fue imposible atacarlos\" -","isPartOf":{"@id":"https:\/\/futbolhoy.co\/#website"},"primaryImageOfPage":{"@id":"https:\/\/futbolhoy.co\/index.php\/2025\/11\/27\/alfredo-arias-tras-empatar-ante-nacional-en-el-grupo-a-fue-imposible-atacarlos\/#primaryimage"},"image":{"@id":"https:\/\/futbolhoy.co\/index.php\/2025\/11\/27\/alfredo-arias-tras-empatar-ante-nacional-en-el-grupo-a-fue-imposible-atacarlos\/#primaryimage"},"thumbnailUrl":"https:\/\/futbolhoy.co\/wp-content\/uploads\/2025\/11\/WhatsApp-Image-2025-11-27-at-7.18.10-AM.jpeg","datePublished":"2025-11-27T12:17:11+00:00","dateModified":"2025-11-28T15:42:40+00:00","breadcrumb":{"@id":"https:\/\/futbolhoy.co\/index.php\/2025\/11\/27\/alfredo-arias-tras-empatar-ante-nacional-en-el-grupo-a-fue-imposible-atacarlos\/#breadcrumb"},"inLanguage":"es","potentialAction":[{"@type":"ReadAction","target":["https:\/\/futbolhoy.co\/index.php\/2025\/11\/27\/alfredo-arias-tras-empatar-ante-nacional-en-el-grupo-a-fue-imposible-atacarlos\/"]}]},{"@type":"ImageObject","inLanguage":"es","@id":"https:\/\/futbolhoy.co\/index.php\/2025\/11\/27\/alfredo-arias-tras-empatar-ante-nacional-en-el-grupo-a-fue-imposible-atacarlos\/#primaryimage","url":"https:\/\/futbolhoy.co\/wp-content\/uploads\/2025\/11\/WhatsApp-Image-2025-11-27-at-7.18.10-AM.jpeg","contentUrl":"https:\/\/futbolhoy.co\/wp-content\/uploads\/2025\/11\/WhatsApp-Image-2025-11-27-at-7.18.10-AM.jpeg","width":1280,"height":745},{"@type":"BreadcrumbList","@id":"https:\/\/futbolhoy.co\/index.php\/2025\/11\/27\/alfredo-arias-tras-empatar-ante-nacional-en-el-grupo-a-fue-imposible-atacarlos\/#breadcrumb","itemListElement":[{"@type":"ListItem","position":1,"name":"Portada","item":"https:\/\/futbolhoy.co\/"},{"@type":"ListItem","position":2,"name":"Alfredo Arias tras empatar ante Nacional en el grupo A: \"Fue imposible atacarlos\""}]},{"@type":"WebSite","@id":"https:\/\/futbolhoy.co\/#website","url":"https:\/\/futbolhoy.co\/","name":"FutbolHoy","description":"","publisher":{"@id":"https:\/\/futbolhoy.co\/#organization"},"potentialAction":[{"@type":"SearchAction","target":{"@type":"EntryPoint","urlTemplate":"https:\/\/futbolhoy.co\/?s={search_term_string}"},"query-input":{"@type":"PropertyValueSpecification","valueRequired":true,"valueName":"search_term_string"}}],"inLanguage":"es"},{"@type":"Organization","@id":"https:\/\/futbolhoy.co\/#organization","name":"Futbolhoy.co","url":"https:\/\/futbolhoy.co\/","logo":{"@type":"ImageObject","inLanguage":"es","@id":"https:\/\/futbolhoy.co\/#\/schema\/logo\/image\/","url":"https:\/\/futbolhoy.co\/wp-content\/uploads\/2018\/08\/17426380_1906371736249227_6326180412931521141_n.jpg","contentUrl":"https:\/\/futbolhoy.co\/wp-content\/uploads\/2018\/08\/17426380_1906371736249227_6326180412931521141_n.jpg","width":960,"height":960,"caption":"Futbolhoy.co"},"image":{"@id":"https:\/\/futbolhoy.co\/#\/schema\/logo\/image\/"},"sameAs":["https:\/\/www.facebook.com\/FutbolHoyCol\/","https:\/\/x.com\/FutbolHoyCol","https:\/\/www.instagram.com\/futbolhoycol\/"]},{"@type":"Person","@id":"https:\/\/futbolhoy.co\/#\/schema\/person\/1721b69355b6623eaff15ac7b92d4cc3","name":"contenido","image":{"@type":"ImageObject","inLanguage":"es","@id":"https:\/\/futbolhoy.co\/#\/schema\/person\/image\/","url":"https:\/\/secure.gravatar.com\/avatar\/4f656d3256f5134f466206e7c3941518?s=96&d=mm&r=g","contentUrl":"https:\/\/secure.gravatar.com\/avatar\/4f656d3256f5134f466206e7c3941518?s=96&d=mm&r=g","caption":"contenido"}}]}},"publishpress_future_action":{"enabled":false,"date":"2026-05-03 06:20:07","action":"change-status","newStatus":"draft","terms":[],"taxonomy":"category","extraData":[]},"publishpress_future_workflow_manual_trigger":{"enabledWorkflows":[]},"_links":{"self":[{"href":"https:\/\/futbolhoy.co\/index.php\/wp-json\/wp\/v2\/posts\/126611","targetHints":{"allow":["GET"]}}],"collection":[{"href":"https:\/\/futbolhoy.co\/index.php\/wp-json\/wp\/v2\/posts"}],"about":[{"href":"https:\/\/futbolhoy.co\/index.php\/wp-json\/wp\/v2\/types\/post"}],"author":[{"embeddable":true,"href":"https:\/\/futbolhoy.co\/index.php\/wp-json\/wp\/v2\/users\/4"}],"replies":[{"embeddable":true,"href":"https:\/\/futbolhoy.co\/index.php\/wp-json\/wp\/v2\/comments?post=126611"}],"version-history":[{"count":3,"href":"https:\/\/futbolhoy.co\/index.php\/wp-json\/wp\/v2\/posts\/126611\/revisions"}],"predecessor-version":[{"id":126617,"href":"https:\/\/futbolhoy.co\/index.php\/wp-json\/wp\/v2\/posts\/126611\/revisions\/126617"}],"wp:featuredmedia":[{"embeddable":true,"href":"https:\/\/futbolhoy.co\/index.php\/wp-json\/wp\/v2\/media\/126615"}],"wp:attachment":[{"href":"https:\/\/futbolhoy.co\/index.php\/wp-json\/wp\/v2\/media?parent=126611"}],"wp:term":[{"taxonomy":"category","embeddable":true,"href":"https:\/\/futbolhoy.co\/index.php\/wp-json\/wp\/v2\/categories?post=126611"},{"taxonomy":"post_tag","embeddable":true,"href":"https:\/\/futbolhoy.co\/index.php\/wp-json\/wp\/v2\/tags?post=126611"}],"curies":[{"name":"wp","href":"https:\/\/api.w.org\/{rel}","templated":true}]}}