{"id":126618,"date":"2025-11-27T08:55:05","date_gmt":"2025-11-27T13:55:05","guid":{"rendered":"https:\/\/futbolhoy.co\/?p=126618"},"modified":"2025-11-28T14:18:22","modified_gmt":"2025-11-28T19:18:22","slug":"en-inglaterra-senalan-al-culpable-del-traspaso-de-luis-diaz-al-bayern-munich","status":"publish","type":"post","link":"https:\/\/futbolhoy.co\/index.php\/2025\/11\/27\/en-inglaterra-senalan-al-culpable-del-traspaso-de-luis-diaz-al-bayern-munich\/","title":{"rendered":"En Inglaterra se\u00f1alan al culpable del traspaso de Luis D\u00edaz al Bayern M\u00fanich"},"content":{"rendered":"<p style=\"text-align: justify;\"><span style=\"font-family: helvetica, arial, sans-serif;\"><strong>Liverpool<\/strong> recibi\u00f3 4 goles por en Anfield primera vez en la historia de la Fase de Liga, anteriormente conocida como la fase de grupos de la <strong>Champions League<\/strong>, tras caer 1-4 ante <strong>PSV<\/strong> por la fecha 5.<\/span><\/p>\n<p style=\"text-align: justify;\"><span style=\"font-family: helvetica, arial, sans-serif;\">No solamente signific\u00f3 la tercera derrota en l\u00ednea si no la segunda en Liga de Campeones, donde marcha <strong>decimotercero<\/strong> en la tabla de posiciones con 9 puntos.<\/span><\/p>\n<p style=\"text-align: justify;\"><span style=\"font-family: helvetica, arial, sans-serif;\">En total, 'The Reds' invirti\u00f3 cerca de 482,9 M\u20ac en jugadores para la temporada en curso (<strong>2.13 billones de pesos colombianos<\/strong>), pero las dos principales figuras, Isak y Wirtz, suman 4 asistencias y 1 gol en cuatro meses y medio.<\/span><\/p>\n<h3 style=\"text-align: justify;\"><span style=\"font-family: helvetica, arial, sans-serif;\">La venta de Luis D\u00edaz a Bayern M\u00fanich sigue siendo tema de controversia<\/span><\/h3>\n<p style=\"text-align: justify;\"><span style=\"font-family: helvetica, arial, sans-serif;\">La intenci\u00f3n de 'Lucho' fue renovar contrato con <strong>Liverpool<\/strong> para obtener mejor salario, pero de acuerdo con la informaci\u00f3n revelada por el medio ingl\u00e9s, <em>Empire of the Kop<\/em>, \"el director deportivo, <strong>Richard Hughes, no vio el valor de extender el acuerdo del extremo<\/strong> y consider\u00f3 la oferta de transferencia del Bayern como \"atractiva\", inform\u00f3.<\/span><\/p>\n<blockquote class=\"twitter-tweet\" data-media-max-width=\"560\">\n<p dir=\"ltr\" lang=\"en\">Richard Hughes reportedly overruled Arne Slot regarding the sale of Luis Diaz to Bayern Munich in July. Slot didn't want to lose the player and had even been pushing for him to be handed a new contract, but Hughes viewed the transfer offer from Bayern as 'appealing'.\u2026 <a href=\"https:\/\/t.co\/83FaYj8Y1V\">pic.twitter.com\/83FaYj8Y1V<\/a><\/p>\n<p>\u2014 Empire of the Kop (@empireofthekop) <a href=\"https:\/\/twitter.com\/empireofthekop\/status\/1993991454910189595?ref_src=twsrc%5Etfw\">November 27, 2025<\/a><\/p><\/blockquote>\n<p style=\"text-align: justify;\"><script async src=\"https:\/\/platform.twitter.com\/widgets.js\" charset=\"utf-8\"><\/script><span style=\"font-family: helvetica, arial, sans-serif;\">La oferta del conjunto 'B\u00e1varo' fue de 75 millones de euros, y el sueldo del guajiro <strong>pas\u00f3 de 3.3 M\u20ac,<\/strong> en el conjunto ingl\u00e9s, a <strong>14 M\u20ac brutos en Bayern M\u00fanich<\/strong>, donde suma 11 goles y 5 asistencias en 1.424 minutos en cancha.<\/span><\/p>\n<p style=\"text-align: justify;\"><span style=\"font-family: helvetica, arial, sans-serif;\">De acuerdo con el diario citado, \"<strong>El entrenador del Liverpool no quer\u00eda perder al jugador de 28 a\u00f1os<\/strong> e incluso hab\u00eda estado presionando para que le dieran un nuevo contrato\", se\u00f1al\u00f3 en su art\u00edculo.<\/span><\/p>\n<p style=\"text-align: justify;\"><span style=\"font-family: helvetica, arial, sans-serif;\">Finalmente, sobre el colombiano que registr\u00f3\u00a0 41 goles y 23 asistencias en 148 participaciones en Inglaterra, el medio se\u00f1al\u00f3:<\/span><\/p>\n<p style=\"text-align: justify;\"><span style=\"font-family: helvetica, arial, sans-serif;\">\"Lamentablemente, no podemos dar marcha atr\u00e1s en el tiempo, por lo que los poderosos del Liverpool simplemente tendr\u00e1n que aprender de lo que est\u00e1 resultando ser <strong>una decisi\u00f3n desacertada<\/strong> y mejorar su nivel de colaboraci\u00f3n cuando se trata de asuntos de tanta importancia\", finaliz\u00f3.<\/span><\/p>\n","protected":false},"excerpt":{"rendered":"<p>Liverpool recibi\u00f3 4 goles por en Anfield primera vez en la historia de la Fase de Liga, anteriormente conocida como la fase de grupos de la Champions League, tras caer 1-4 ante PSV por la fecha 5. No solamente signific\u00f3 la tercera derrota en l\u00ednea si no la segunda en Liga de Campeones, donde marcha [&hellip;]<\/p>\n","protected":false},"author":4,"featured_media":126626,"comment_status":"open","ping_status":"open","sticky":false,"template":"","format":"standard","meta":{"_acf_changed":false,"footnotes":""},"categories":[418],"tags":[],"class_list":{"0":"post-126618","1":"post","2":"type-post","3":"status-publish","4":"format-standard","5":"has-post-thumbnail","7":"category-colombia"},"acf":[],"yoast_head":"<!-- This site is optimized with the Yoast SEO plugin v26.8 - https:\/\/yoast.com\/product\/yoast-seo-wordpress\/ -->\n<title>En Inglaterra se\u00f1alan al culpable del traspaso de Luis D\u00edaz al Bayern M\u00fanich -<\/title>\n<meta name=\"robots\" content=\"index, follow, max-snippet:-1, max-image-preview:large, max-video-preview:-1\" \/>\n<link rel=\"canonical\" href=\"https:\/\/futbolhoy.co\/index.php\/2025\/11\/27\/en-inglaterra-senalan-al-culpable-del-traspaso-de-luis-diaz-al-bayern-munich\/\" \/>\n<meta property=\"og:locale\" content=\"es_ES\" \/>\n<meta property=\"og:type\" content=\"article\" \/>\n<meta property=\"og:title\" content=\"En Inglaterra se\u00f1alan al culpable del traspaso de Luis D\u00edaz al Bayern M\u00fanich -\" \/>\n<meta property=\"og:description\" content=\"Liverpool recibi\u00f3 4 goles por en Anfield primera vez en la historia de la Fase de Liga, anteriormente conocida como la fase de grupos de la Champions League, tras caer 1-4 ante PSV por la fecha 5. No solamente signific\u00f3 la tercera derrota en l\u00ednea si no la segunda en Liga de Campeones, donde marcha [&hellip;]\" \/>\n<meta property=\"og:url\" content=\"https:\/\/futbolhoy.co\/index.php\/2025\/11\/27\/en-inglaterra-senalan-al-culpable-del-traspaso-de-luis-diaz-al-bayern-munich\/\" \/>\n<meta property=\"article:publisher\" content=\"https:\/\/www.facebook.com\/FutbolHoyCol\/\" \/>\n<meta property=\"article:published_time\" content=\"2025-11-27T13:55:05+00:00\" \/>\n<meta property=\"article:modified_time\" content=\"2025-11-28T19:18:22+00:00\" \/>\n<meta property=\"og:image\" content=\"https:\/\/futbolhoy.co\/wp-content\/uploads\/2025\/11\/588000676_1256184849874232_6588700517744091843_n.png\" \/>\n\t<meta property=\"og:image:width\" content=\"1281\" \/>\n\t<meta property=\"og:image:height\" content=\"993\" \/>\n\t<meta property=\"og:image:type\" content=\"image\/png\" \/>\n<meta name=\"author\" content=\"contenido\" \/>\n<meta name=\"twitter:card\" content=\"summary_large_image\" \/>\n<meta name=\"twitter:creator\" content=\"@FutbolHoyCol\" \/>\n<meta name=\"twitter:site\" content=\"@FutbolHoyCol\" \/>\n<meta name=\"twitter:label1\" content=\"Escrito por\" \/>\n\t<meta name=\"twitter:data1\" content=\"contenido\" \/>\n\t<meta name=\"twitter:label2\" content=\"Tiempo de lectura\" \/>\n\t<meta name=\"twitter:data2\" content=\"2 minutos\" \/>\n<script type=\"application\/ld+json\" class=\"yoast-schema-graph\">{\"@context\":\"https:\/\/schema.org\",\"@graph\":[{\"@type\":\"Article\",\"@id\":\"https:\/\/futbolhoy.co\/index.php\/2025\/11\/27\/en-inglaterra-senalan-al-culpable-del-traspaso-de-luis-diaz-al-bayern-munich\/#article\",\"isPartOf\":{\"@id\":\"https:\/\/futbolhoy.co\/index.php\/2025\/11\/27\/en-inglaterra-senalan-al-culpable-del-traspaso-de-luis-diaz-al-bayern-munich\/\"},\"author\":{\"name\":\"contenido\",\"@id\":\"https:\/\/futbolhoy.co\/#\/schema\/person\/1721b69355b6623eaff15ac7b92d4cc3\"},\"headline\":\"En Inglaterra se\u00f1alan al culpable del traspaso de Luis D\u00edaz al Bayern M\u00fanich\",\"datePublished\":\"2025-11-27T13:55:05+00:00\",\"dateModified\":\"2025-11-28T19:18:22+00:00\",\"mainEntityOfPage\":{\"@id\":\"https:\/\/futbolhoy.co\/index.php\/2025\/11\/27\/en-inglaterra-senalan-al-culpable-del-traspaso-de-luis-diaz-al-bayern-munich\/\"},\"wordCount\":388,\"commentCount\":0,\"publisher\":{\"@id\":\"https:\/\/futbolhoy.co\/#organization\"},\"image\":{\"@id\":\"https:\/\/futbolhoy.co\/index.php\/2025\/11\/27\/en-inglaterra-senalan-al-culpable-del-traspaso-de-luis-diaz-al-bayern-munich\/#primaryimage\"},\"thumbnailUrl\":\"https:\/\/futbolhoy.co\/wp-content\/uploads\/2025\/11\/588000676_1256184849874232_6588700517744091843_n.png\",\"articleSection\":[\"Colombia\"],\"inLanguage\":\"es\",\"potentialAction\":[{\"@type\":\"CommentAction\",\"name\":\"Comment\",\"target\":[\"https:\/\/futbolhoy.co\/index.php\/2025\/11\/27\/en-inglaterra-senalan-al-culpable-del-traspaso-de-luis-diaz-al-bayern-munich\/#respond\"]}]},{\"@type\":\"WebPage\",\"@id\":\"https:\/\/futbolhoy.co\/index.php\/2025\/11\/27\/en-inglaterra-senalan-al-culpable-del-traspaso-de-luis-diaz-al-bayern-munich\/\",\"url\":\"https:\/\/futbolhoy.co\/index.php\/2025\/11\/27\/en-inglaterra-senalan-al-culpable-del-traspaso-de-luis-diaz-al-bayern-munich\/\",\"name\":\"En Inglaterra se\u00f1alan al culpable del traspaso de Luis D\u00edaz al Bayern M\u00fanich -\",\"isPartOf\":{\"@id\":\"https:\/\/futbolhoy.co\/#website\"},\"primaryImageOfPage\":{\"@id\":\"https:\/\/futbolhoy.co\/index.php\/2025\/11\/27\/en-inglaterra-senalan-al-culpable-del-traspaso-de-luis-diaz-al-bayern-munich\/#primaryimage\"},\"image\":{\"@id\":\"https:\/\/futbolhoy.co\/index.php\/2025\/11\/27\/en-inglaterra-senalan-al-culpable-del-traspaso-de-luis-diaz-al-bayern-munich\/#primaryimage\"},\"thumbnailUrl\":\"https:\/\/futbolhoy.co\/wp-content\/uploads\/2025\/11\/588000676_1256184849874232_6588700517744091843_n.png\",\"datePublished\":\"2025-11-27T13:55:05+00:00\",\"dateModified\":\"2025-11-28T19:18:22+00:00\",\"breadcrumb\":{\"@id\":\"https:\/\/futbolhoy.co\/index.php\/2025\/11\/27\/en-inglaterra-senalan-al-culpable-del-traspaso-de-luis-diaz-al-bayern-munich\/#breadcrumb\"},\"inLanguage\":\"es\",\"potentialAction\":[{\"@type\":\"ReadAction\",\"target\":[\"https:\/\/futbolhoy.co\/index.php\/2025\/11\/27\/en-inglaterra-senalan-al-culpable-del-traspaso-de-luis-diaz-al-bayern-munich\/\"]}]},{\"@type\":\"ImageObject\",\"inLanguage\":\"es\",\"@id\":\"https:\/\/futbolhoy.co\/index.php\/2025\/11\/27\/en-inglaterra-senalan-al-culpable-del-traspaso-de-luis-diaz-al-bayern-munich\/#primaryimage\",\"url\":\"https:\/\/futbolhoy.co\/wp-content\/uploads\/2025\/11\/588000676_1256184849874232_6588700517744091843_n.png\",\"contentUrl\":\"https:\/\/futbolhoy.co\/wp-content\/uploads\/2025\/11\/588000676_1256184849874232_6588700517744091843_n.png\",\"width\":1281,\"height\":993},{\"@type\":\"BreadcrumbList\",\"@id\":\"https:\/\/futbolhoy.co\/index.php\/2025\/11\/27\/en-inglaterra-senalan-al-culpable-del-traspaso-de-luis-diaz-al-bayern-munich\/#breadcrumb\",\"itemListElement\":[{\"@type\":\"ListItem\",\"position\":1,\"name\":\"Portada\",\"item\":\"https:\/\/futbolhoy.co\/\"},{\"@type\":\"ListItem\",\"position\":2,\"name\":\"En Inglaterra se\u00f1alan al culpable del traspaso de Luis D\u00edaz al Bayern M\u00fanich\"}]},{\"@type\":\"WebSite\",\"@id\":\"https:\/\/futbolhoy.co\/#website\",\"url\":\"https:\/\/futbolhoy.co\/\",\"name\":\"FutbolHoy\",\"description\":\"\",\"publisher\":{\"@id\":\"https:\/\/futbolhoy.co\/#organization\"},\"potentialAction\":[{\"@type\":\"SearchAction\",\"target\":{\"@type\":\"EntryPoint\",\"urlTemplate\":\"https:\/\/futbolhoy.co\/?s={search_term_string}\"},\"query-input\":{\"@type\":\"PropertyValueSpecification\",\"valueRequired\":true,\"valueName\":\"search_term_string\"}}],\"inLanguage\":\"es\"},{\"@type\":\"Organization\",\"@id\":\"https:\/\/futbolhoy.co\/#organization\",\"name\":\"Futbolhoy.co\",\"url\":\"https:\/\/futbolhoy.co\/\",\"logo\":{\"@type\":\"ImageObject\",\"inLanguage\":\"es\",\"@id\":\"https:\/\/futbolhoy.co\/#\/schema\/logo\/image\/\",\"url\":\"https:\/\/futbolhoy.co\/wp-content\/uploads\/2018\/08\/17426380_1906371736249227_6326180412931521141_n.jpg\",\"contentUrl\":\"https:\/\/futbolhoy.co\/wp-content\/uploads\/2018\/08\/17426380_1906371736249227_6326180412931521141_n.jpg\",\"width\":960,\"height\":960,\"caption\":\"Futbolhoy.co\"},\"image\":{\"@id\":\"https:\/\/futbolhoy.co\/#\/schema\/logo\/image\/\"},\"sameAs\":[\"https:\/\/www.facebook.com\/FutbolHoyCol\/\",\"https:\/\/x.com\/FutbolHoyCol\",\"https:\/\/www.instagram.com\/futbolhoycol\/\"]},{\"@type\":\"Person\",\"@id\":\"https:\/\/futbolhoy.co\/#\/schema\/person\/1721b69355b6623eaff15ac7b92d4cc3\",\"name\":\"contenido\",\"image\":{\"@type\":\"ImageObject\",\"inLanguage\":\"es\",\"@id\":\"https:\/\/futbolhoy.co\/#\/schema\/person\/image\/\",\"url\":\"https:\/\/secure.gravatar.com\/avatar\/4f656d3256f5134f466206e7c3941518?s=96&d=mm&r=g\",\"contentUrl\":\"https:\/\/secure.gravatar.com\/avatar\/4f656d3256f5134f466206e7c3941518?s=96&d=mm&r=g\",\"caption\":\"contenido\"}}]}<\/script>\n<!-- \/ Yoast SEO plugin. -->","yoast_head_json":{"title":"En Inglaterra se\u00f1alan al culpable del traspaso de Luis D\u00edaz al Bayern M\u00fanich -","robots":{"index":"index","follow":"follow","max-snippet":"max-snippet:-1","max-image-preview":"max-image-preview:large","max-video-preview":"max-video-preview:-1"},"canonical":"https:\/\/futbolhoy.co\/index.php\/2025\/11\/27\/en-inglaterra-senalan-al-culpable-del-traspaso-de-luis-diaz-al-bayern-munich\/","og_locale":"es_ES","og_type":"article","og_title":"En Inglaterra se\u00f1alan al culpable del traspaso de Luis D\u00edaz al Bayern M\u00fanich -","og_description":"Liverpool recibi\u00f3 4 goles por en Anfield primera vez en la historia de la Fase de Liga, anteriormente conocida como la fase de grupos de la Champions League, tras caer 1-4 ante PSV por la fecha 5. No solamente signific\u00f3 la tercera derrota en l\u00ednea si no la segunda en Liga de Campeones, donde marcha [&hellip;]","og_url":"https:\/\/futbolhoy.co\/index.php\/2025\/11\/27\/en-inglaterra-senalan-al-culpable-del-traspaso-de-luis-diaz-al-bayern-munich\/","article_publisher":"https:\/\/www.facebook.com\/FutbolHoyCol\/","article_published_time":"2025-11-27T13:55:05+00:00","article_modified_time":"2025-11-28T19:18:22+00:00","og_image":[{"width":1281,"height":993,"url":"https:\/\/futbolhoy.co\/wp-content\/uploads\/2025\/11\/588000676_1256184849874232_6588700517744091843_n.png","type":"image\/png"}],"author":"contenido","twitter_card":"summary_large_image","twitter_creator":"@FutbolHoyCol","twitter_site":"@FutbolHoyCol","twitter_misc":{"Escrito por":"contenido","Tiempo de lectura":"2 minutos"},"schema":{"@context":"https:\/\/schema.org","@graph":[{"@type":"Article","@id":"https:\/\/futbolhoy.co\/index.php\/2025\/11\/27\/en-inglaterra-senalan-al-culpable-del-traspaso-de-luis-diaz-al-bayern-munich\/#article","isPartOf":{"@id":"https:\/\/futbolhoy.co\/index.php\/2025\/11\/27\/en-inglaterra-senalan-al-culpable-del-traspaso-de-luis-diaz-al-bayern-munich\/"},"author":{"name":"contenido","@id":"https:\/\/futbolhoy.co\/#\/schema\/person\/1721b69355b6623eaff15ac7b92d4cc3"},"headline":"En Inglaterra se\u00f1alan al culpable del traspaso de Luis D\u00edaz al Bayern M\u00fanich","datePublished":"2025-11-27T13:55:05+00:00","dateModified":"2025-11-28T19:18:22+00:00","mainEntityOfPage":{"@id":"https:\/\/futbolhoy.co\/index.php\/2025\/11\/27\/en-inglaterra-senalan-al-culpable-del-traspaso-de-luis-diaz-al-bayern-munich\/"},"wordCount":388,"commentCount":0,"publisher":{"@id":"https:\/\/futbolhoy.co\/#organization"},"image":{"@id":"https:\/\/futbolhoy.co\/index.php\/2025\/11\/27\/en-inglaterra-senalan-al-culpable-del-traspaso-de-luis-diaz-al-bayern-munich\/#primaryimage"},"thumbnailUrl":"https:\/\/futbolhoy.co\/wp-content\/uploads\/2025\/11\/588000676_1256184849874232_6588700517744091843_n.png","articleSection":["Colombia"],"inLanguage":"es","potentialAction":[{"@type":"CommentAction","name":"Comment","target":["https:\/\/futbolhoy.co\/index.php\/2025\/11\/27\/en-inglaterra-senalan-al-culpable-del-traspaso-de-luis-diaz-al-bayern-munich\/#respond"]}]},{"@type":"WebPage","@id":"https:\/\/futbolhoy.co\/index.php\/2025\/11\/27\/en-inglaterra-senalan-al-culpable-del-traspaso-de-luis-diaz-al-bayern-munich\/","url":"https:\/\/futbolhoy.co\/index.php\/2025\/11\/27\/en-inglaterra-senalan-al-culpable-del-traspaso-de-luis-diaz-al-bayern-munich\/","name":"En Inglaterra se\u00f1alan al culpable del traspaso de Luis D\u00edaz al Bayern M\u00fanich -","isPartOf":{"@id":"https:\/\/futbolhoy.co\/#website"},"primaryImageOfPage":{"@id":"https:\/\/futbolhoy.co\/index.php\/2025\/11\/27\/en-inglaterra-senalan-al-culpable-del-traspaso-de-luis-diaz-al-bayern-munich\/#primaryimage"},"image":{"@id":"https:\/\/futbolhoy.co\/index.php\/2025\/11\/27\/en-inglaterra-senalan-al-culpable-del-traspaso-de-luis-diaz-al-bayern-munich\/#primaryimage"},"thumbnailUrl":"https:\/\/futbolhoy.co\/wp-content\/uploads\/2025\/11\/588000676_1256184849874232_6588700517744091843_n.png","datePublished":"2025-11-27T13:55:05+00:00","dateModified":"2025-11-28T19:18:22+00:00","breadcrumb":{"@id":"https:\/\/futbolhoy.co\/index.php\/2025\/11\/27\/en-inglaterra-senalan-al-culpable-del-traspaso-de-luis-diaz-al-bayern-munich\/#breadcrumb"},"inLanguage":"es","potentialAction":[{"@type":"ReadAction","target":["https:\/\/futbolhoy.co\/index.php\/2025\/11\/27\/en-inglaterra-senalan-al-culpable-del-traspaso-de-luis-diaz-al-bayern-munich\/"]}]},{"@type":"ImageObject","inLanguage":"es","@id":"https:\/\/futbolhoy.co\/index.php\/2025\/11\/27\/en-inglaterra-senalan-al-culpable-del-traspaso-de-luis-diaz-al-bayern-munich\/#primaryimage","url":"https:\/\/futbolhoy.co\/wp-content\/uploads\/2025\/11\/588000676_1256184849874232_6588700517744091843_n.png","contentUrl":"https:\/\/futbolhoy.co\/wp-content\/uploads\/2025\/11\/588000676_1256184849874232_6588700517744091843_n.png","width":1281,"height":993},{"@type":"BreadcrumbList","@id":"https:\/\/futbolhoy.co\/index.php\/2025\/11\/27\/en-inglaterra-senalan-al-culpable-del-traspaso-de-luis-diaz-al-bayern-munich\/#breadcrumb","itemListElement":[{"@type":"ListItem","position":1,"name":"Portada","item":"https:\/\/futbolhoy.co\/"},{"@type":"ListItem","position":2,"name":"En Inglaterra se\u00f1alan al culpable del traspaso de Luis D\u00edaz al Bayern M\u00fanich"}]},{"@type":"WebSite","@id":"https:\/\/futbolhoy.co\/#website","url":"https:\/\/futbolhoy.co\/","name":"FutbolHoy","description":"","publisher":{"@id":"https:\/\/futbolhoy.co\/#organization"},"potentialAction":[{"@type":"SearchAction","target":{"@type":"EntryPoint","urlTemplate":"https:\/\/futbolhoy.co\/?s={search_term_string}"},"query-input":{"@type":"PropertyValueSpecification","valueRequired":true,"valueName":"search_term_string"}}],"inLanguage":"es"},{"@type":"Organization","@id":"https:\/\/futbolhoy.co\/#organization","name":"Futbolhoy.co","url":"https:\/\/futbolhoy.co\/","logo":{"@type":"ImageObject","inLanguage":"es","@id":"https:\/\/futbolhoy.co\/#\/schema\/logo\/image\/","url":"https:\/\/futbolhoy.co\/wp-content\/uploads\/2018\/08\/17426380_1906371736249227_6326180412931521141_n.jpg","contentUrl":"https:\/\/futbolhoy.co\/wp-content\/uploads\/2018\/08\/17426380_1906371736249227_6326180412931521141_n.jpg","width":960,"height":960,"caption":"Futbolhoy.co"},"image":{"@id":"https:\/\/futbolhoy.co\/#\/schema\/logo\/image\/"},"sameAs":["https:\/\/www.facebook.com\/FutbolHoyCol\/","https:\/\/x.com\/FutbolHoyCol","https:\/\/www.instagram.com\/futbolhoycol\/"]},{"@type":"Person","@id":"https:\/\/futbolhoy.co\/#\/schema\/person\/1721b69355b6623eaff15ac7b92d4cc3","name":"contenido","image":{"@type":"ImageObject","inLanguage":"es","@id":"https:\/\/futbolhoy.co\/#\/schema\/person\/image\/","url":"https:\/\/secure.gravatar.com\/avatar\/4f656d3256f5134f466206e7c3941518?s=96&d=mm&r=g","contentUrl":"https:\/\/secure.gravatar.com\/avatar\/4f656d3256f5134f466206e7c3941518?s=96&d=mm&r=g","caption":"contenido"}}]}},"publishpress_future_action":{"enabled":false,"date":"2026-05-03 07:39:18","action":"change-status","newStatus":"draft","terms":[],"taxonomy":"category","extraData":[]},"publishpress_future_workflow_manual_trigger":{"enabledWorkflows":[]},"_links":{"self":[{"href":"https:\/\/futbolhoy.co\/index.php\/wp-json\/wp\/v2\/posts\/126618","targetHints":{"allow":["GET"]}}],"collection":[{"href":"https:\/\/futbolhoy.co\/index.php\/wp-json\/wp\/v2\/posts"}],"about":[{"href":"https:\/\/futbolhoy.co\/index.php\/wp-json\/wp\/v2\/types\/post"}],"author":[{"embeddable":true,"href":"https:\/\/futbolhoy.co\/index.php\/wp-json\/wp\/v2\/users\/4"}],"replies":[{"embeddable":true,"href":"https:\/\/futbolhoy.co\/index.php\/wp-json\/wp\/v2\/comments?post=126618"}],"version-history":[{"count":1,"href":"https:\/\/futbolhoy.co\/index.php\/wp-json\/wp\/v2\/posts\/126618\/revisions"}],"predecessor-version":[{"id":126627,"href":"https:\/\/futbolhoy.co\/index.php\/wp-json\/wp\/v2\/posts\/126618\/revisions\/126627"}],"wp:featuredmedia":[{"embeddable":true,"href":"https:\/\/futbolhoy.co\/index.php\/wp-json\/wp\/v2\/media\/126626"}],"wp:attachment":[{"href":"https:\/\/futbolhoy.co\/index.php\/wp-json\/wp\/v2\/media?parent=126618"}],"wp:term":[{"taxonomy":"category","embeddable":true,"href":"https:\/\/futbolhoy.co\/index.php\/wp-json\/wp\/v2\/categories?post=126618"},{"taxonomy":"post_tag","embeddable":true,"href":"https:\/\/futbolhoy.co\/index.php\/wp-json\/wp\/v2\/tags?post=126618"}],"curies":[{"name":"wp","href":"https:\/\/api.w.org\/{rel}","templated":true}]}}