{"id":126655,"date":"2025-11-28T22:57:10","date_gmt":"2025-11-29T03:57:10","guid":{"rendered":"https:\/\/futbolhoy.co\/?p=126655"},"modified":"2025-11-29T20:38:17","modified_gmt":"2025-11-30T01:38:17","slug":"miguel-borja-sale-de-river-plate-asi-lo-despidio-el-equipo","status":"publish","type":"post","link":"https:\/\/futbolhoy.co\/index.php\/2025\/11\/28\/miguel-borja-sale-de-river-plate-asi-lo-despidio-el-equipo\/","title":{"rendered":"Miguel Borja sale de River Plate: As\u00ed lo despidi\u00f3 el equipo"},"content":{"rendered":"<p style=\"text-align: justify;\"><span style=\"font-family: helvetica, arial, sans-serif;\">Fin a un ciclo de poco m\u00e1s de tres a\u00f1os para <strong>Miguel Borja en River Plate.<\/strong> Este viernes, el club comunic\u00f3 de manera oficial su salida, luego de que la instituci\u00f3n decidiera no renovarle el contrato que iba hasta el 31 de diciembre del presente a\u00f1o.<\/span><\/p>\n<p style=\"text-align: justify;\"><span style=\"font-family: helvetica, arial, sans-serif;\"><strong>\u201cDespu\u00e9s de haber marcado 62 goles en 159 partidos con el Manto Sagrado,<\/strong> Miguel \u00c1ngel Borja se despide de River Plate. \u00a1Gracias y \u00e9xitos para lo que viene, Miguel!\u201d, public\u00f3 el club.<\/span><\/p>\n<p style=\"text-align: justify;\"><span style=\"font-family: helvetica, arial, sans-serif;\">Borja lleg\u00f3 en julio de 2022 y tuvo un paso irregular por River Plate, pues si bien tuvo su mejor desempe\u00f1o bajo el mando de <strong>Mart\u00edn Demichelis,<\/strong> no pudo destacar con <strong>Marcelo Gallardo.<\/strong> Con el Mu\u00f1eco, en 88 partidos, hizo 22 goles, mientras que con Demichelis, en 70 encuentros, marc\u00f3 39 anotaciones.<\/span><\/p>\n<p style=\"text-align: justify;\"><span style=\"font-family: helvetica, arial, sans-serif;\">Borja quedar\u00e1 marcado por haberse convertido en uno de los m\u00e1ximos goleadores colombianos en la historia de la instituci\u00f3n. De hecho, qued\u00f3 igualado en el primer lugar con<strong> Juan Pablo \u00c1ngel,<\/strong> ambos con 62, aunque \u00c1ngel lo hizo en menos cantidad de partidos (132) y Borja en 155.<\/span><\/p>\n<blockquote class=\"twitter-tweet\">\n<p dir=\"ltr\" lang=\"es\">Despu\u00e9s de haber marcado 62 goles en 159 partidos con el Manto Sagrado, Miguel \u00c1ngel Borja se despide de River Plate. \u00a1Gracias y \u00e9xitos para lo que viene, Miguel! \ud83d\udcaa <a href=\"https:\/\/t.co\/WhpEsFLHsi\">pic.twitter.com\/WhpEsFLHsi<\/a><\/p>\n<p>\u2014 River Plate (@RiverPlate) <a href=\"https:\/\/twitter.com\/RiverPlate\/status\/1994559667595612184?ref_src=twsrc%5Etfw\">November 29, 2025<\/a><\/p><\/blockquote>\n<p><script async src=\"https:\/\/platform.twitter.com\/widgets.js\" charset=\"utf-8\"><\/script><\/p>\n","protected":false},"excerpt":{"rendered":"<p>Fin a un ciclo de poco m\u00e1s de tres a\u00f1os para Miguel Borja en River Plate. Este viernes, el club comunic\u00f3 de manera oficial su salida, luego de que la instituci\u00f3n decidiera no renovarle el contrato que iba hasta el 31 de diciembre del presente a\u00f1o. \u201cDespu\u00e9s de haber marcado 62 goles en 159 partidos [&hellip;]<\/p>\n","protected":false},"author":4,"featured_media":126656,"comment_status":"open","ping_status":"open","sticky":false,"template":"","format":"standard","meta":{"_acf_changed":false,"footnotes":""},"categories":[418],"tags":[],"class_list":{"0":"post-126655","1":"post","2":"type-post","3":"status-publish","4":"format-standard","5":"has-post-thumbnail","7":"category-colombia"},"acf":[],"yoast_head":"<!-- This site is optimized with the Yoast SEO plugin v26.8 - https:\/\/yoast.com\/product\/yoast-seo-wordpress\/ -->\n<title>Miguel Borja sale de River Plate: As\u00ed lo despidi\u00f3 el equipo -<\/title>\n<meta name=\"robots\" content=\"index, follow, max-snippet:-1, max-image-preview:large, max-video-preview:-1\" \/>\n<link rel=\"canonical\" href=\"https:\/\/futbolhoy.co\/index.php\/2025\/11\/28\/miguel-borja-sale-de-river-plate-asi-lo-despidio-el-equipo\/\" \/>\n<meta property=\"og:locale\" content=\"es_ES\" \/>\n<meta property=\"og:type\" content=\"article\" \/>\n<meta property=\"og:title\" content=\"Miguel Borja sale de River Plate: As\u00ed lo despidi\u00f3 el equipo -\" \/>\n<meta property=\"og:description\" content=\"Fin a un ciclo de poco m\u00e1s de tres a\u00f1os para Miguel Borja en River Plate. Este viernes, el club comunic\u00f3 de manera oficial su salida, luego de que la instituci\u00f3n decidiera no renovarle el contrato que iba hasta el 31 de diciembre del presente a\u00f1o. \u201cDespu\u00e9s de haber marcado 62 goles en 159 partidos [&hellip;]\" \/>\n<meta property=\"og:url\" content=\"https:\/\/futbolhoy.co\/index.php\/2025\/11\/28\/miguel-borja-sale-de-river-plate-asi-lo-despidio-el-equipo\/\" \/>\n<meta property=\"article:publisher\" content=\"https:\/\/www.facebook.com\/FutbolHoyCol\/\" \/>\n<meta property=\"article:published_time\" content=\"2025-11-29T03:57:10+00:00\" \/>\n<meta property=\"article:modified_time\" content=\"2025-11-30T01:38:17+00:00\" \/>\n<meta property=\"og:image\" content=\"https:\/\/futbolhoy.co\/wp-content\/uploads\/2025\/11\/Borja-River.png\" \/>\n\t<meta property=\"og:image:width\" content=\"650\" \/>\n\t<meta property=\"og:image:height\" content=\"459\" \/>\n\t<meta property=\"og:image:type\" content=\"image\/png\" \/>\n<meta name=\"author\" content=\"contenido\" \/>\n<meta name=\"twitter:card\" content=\"summary_large_image\" \/>\n<meta name=\"twitter:creator\" content=\"@FutbolHoyCol\" \/>\n<meta name=\"twitter:site\" content=\"@FutbolHoyCol\" \/>\n<meta name=\"twitter:label1\" content=\"Escrito por\" \/>\n\t<meta name=\"twitter:data1\" content=\"contenido\" \/>\n\t<meta name=\"twitter:label2\" content=\"Tiempo de lectura\" \/>\n\t<meta name=\"twitter:data2\" content=\"1 minuto\" \/>\n<script type=\"application\/ld+json\" class=\"yoast-schema-graph\">{\"@context\":\"https:\/\/schema.org\",\"@graph\":[{\"@type\":\"Article\",\"@id\":\"https:\/\/futbolhoy.co\/index.php\/2025\/11\/28\/miguel-borja-sale-de-river-plate-asi-lo-despidio-el-equipo\/#article\",\"isPartOf\":{\"@id\":\"https:\/\/futbolhoy.co\/index.php\/2025\/11\/28\/miguel-borja-sale-de-river-plate-asi-lo-despidio-el-equipo\/\"},\"author\":{\"name\":\"contenido\",\"@id\":\"https:\/\/futbolhoy.co\/#\/schema\/person\/1721b69355b6623eaff15ac7b92d4cc3\"},\"headline\":\"Miguel Borja sale de River Plate: As\u00ed lo despidi\u00f3 el equipo\",\"datePublished\":\"2025-11-29T03:57:10+00:00\",\"dateModified\":\"2025-11-30T01:38:17+00:00\",\"mainEntityOfPage\":{\"@id\":\"https:\/\/futbolhoy.co\/index.php\/2025\/11\/28\/miguel-borja-sale-de-river-plate-asi-lo-despidio-el-equipo\/\"},\"wordCount\":224,\"commentCount\":0,\"publisher\":{\"@id\":\"https:\/\/futbolhoy.co\/#organization\"},\"image\":{\"@id\":\"https:\/\/futbolhoy.co\/index.php\/2025\/11\/28\/miguel-borja-sale-de-river-plate-asi-lo-despidio-el-equipo\/#primaryimage\"},\"thumbnailUrl\":\"https:\/\/futbolhoy.co\/wp-content\/uploads\/2025\/11\/Borja-River.png\",\"articleSection\":[\"Colombia\"],\"inLanguage\":\"es\",\"potentialAction\":[{\"@type\":\"CommentAction\",\"name\":\"Comment\",\"target\":[\"https:\/\/futbolhoy.co\/index.php\/2025\/11\/28\/miguel-borja-sale-de-river-plate-asi-lo-despidio-el-equipo\/#respond\"]}]},{\"@type\":\"WebPage\",\"@id\":\"https:\/\/futbolhoy.co\/index.php\/2025\/11\/28\/miguel-borja-sale-de-river-plate-asi-lo-despidio-el-equipo\/\",\"url\":\"https:\/\/futbolhoy.co\/index.php\/2025\/11\/28\/miguel-borja-sale-de-river-plate-asi-lo-despidio-el-equipo\/\",\"name\":\"Miguel Borja sale de River Plate: As\u00ed lo despidi\u00f3 el equipo -\",\"isPartOf\":{\"@id\":\"https:\/\/futbolhoy.co\/#website\"},\"primaryImageOfPage\":{\"@id\":\"https:\/\/futbolhoy.co\/index.php\/2025\/11\/28\/miguel-borja-sale-de-river-plate-asi-lo-despidio-el-equipo\/#primaryimage\"},\"image\":{\"@id\":\"https:\/\/futbolhoy.co\/index.php\/2025\/11\/28\/miguel-borja-sale-de-river-plate-asi-lo-despidio-el-equipo\/#primaryimage\"},\"thumbnailUrl\":\"https:\/\/futbolhoy.co\/wp-content\/uploads\/2025\/11\/Borja-River.png\",\"datePublished\":\"2025-11-29T03:57:10+00:00\",\"dateModified\":\"2025-11-30T01:38:17+00:00\",\"breadcrumb\":{\"@id\":\"https:\/\/futbolhoy.co\/index.php\/2025\/11\/28\/miguel-borja-sale-de-river-plate-asi-lo-despidio-el-equipo\/#breadcrumb\"},\"inLanguage\":\"es\",\"potentialAction\":[{\"@type\":\"ReadAction\",\"target\":[\"https:\/\/futbolhoy.co\/index.php\/2025\/11\/28\/miguel-borja-sale-de-river-plate-asi-lo-despidio-el-equipo\/\"]}]},{\"@type\":\"ImageObject\",\"inLanguage\":\"es\",\"@id\":\"https:\/\/futbolhoy.co\/index.php\/2025\/11\/28\/miguel-borja-sale-de-river-plate-asi-lo-despidio-el-equipo\/#primaryimage\",\"url\":\"https:\/\/futbolhoy.co\/wp-content\/uploads\/2025\/11\/Borja-River.png\",\"contentUrl\":\"https:\/\/futbolhoy.co\/wp-content\/uploads\/2025\/11\/Borja-River.png\",\"width\":650,\"height\":459},{\"@type\":\"BreadcrumbList\",\"@id\":\"https:\/\/futbolhoy.co\/index.php\/2025\/11\/28\/miguel-borja-sale-de-river-plate-asi-lo-despidio-el-equipo\/#breadcrumb\",\"itemListElement\":[{\"@type\":\"ListItem\",\"position\":1,\"name\":\"Portada\",\"item\":\"https:\/\/futbolhoy.co\/\"},{\"@type\":\"ListItem\",\"position\":2,\"name\":\"Miguel Borja sale de River Plate: As\u00ed lo despidi\u00f3 el equipo\"}]},{\"@type\":\"WebSite\",\"@id\":\"https:\/\/futbolhoy.co\/#website\",\"url\":\"https:\/\/futbolhoy.co\/\",\"name\":\"FutbolHoy\",\"description\":\"\",\"publisher\":{\"@id\":\"https:\/\/futbolhoy.co\/#organization\"},\"potentialAction\":[{\"@type\":\"SearchAction\",\"target\":{\"@type\":\"EntryPoint\",\"urlTemplate\":\"https:\/\/futbolhoy.co\/?s={search_term_string}\"},\"query-input\":{\"@type\":\"PropertyValueSpecification\",\"valueRequired\":true,\"valueName\":\"search_term_string\"}}],\"inLanguage\":\"es\"},{\"@type\":\"Organization\",\"@id\":\"https:\/\/futbolhoy.co\/#organization\",\"name\":\"Futbolhoy.co\",\"url\":\"https:\/\/futbolhoy.co\/\",\"logo\":{\"@type\":\"ImageObject\",\"inLanguage\":\"es\",\"@id\":\"https:\/\/futbolhoy.co\/#\/schema\/logo\/image\/\",\"url\":\"https:\/\/futbolhoy.co\/wp-content\/uploads\/2018\/08\/17426380_1906371736249227_6326180412931521141_n.jpg\",\"contentUrl\":\"https:\/\/futbolhoy.co\/wp-content\/uploads\/2018\/08\/17426380_1906371736249227_6326180412931521141_n.jpg\",\"width\":960,\"height\":960,\"caption\":\"Futbolhoy.co\"},\"image\":{\"@id\":\"https:\/\/futbolhoy.co\/#\/schema\/logo\/image\/\"},\"sameAs\":[\"https:\/\/www.facebook.com\/FutbolHoyCol\/\",\"https:\/\/x.com\/FutbolHoyCol\",\"https:\/\/www.instagram.com\/futbolhoycol\/\"]},{\"@type\":\"Person\",\"@id\":\"https:\/\/futbolhoy.co\/#\/schema\/person\/1721b69355b6623eaff15ac7b92d4cc3\",\"name\":\"contenido\",\"image\":{\"@type\":\"ImageObject\",\"inLanguage\":\"es\",\"@id\":\"https:\/\/futbolhoy.co\/#\/schema\/person\/image\/\",\"url\":\"https:\/\/secure.gravatar.com\/avatar\/4f656d3256f5134f466206e7c3941518?s=96&d=mm&r=g\",\"contentUrl\":\"https:\/\/secure.gravatar.com\/avatar\/4f656d3256f5134f466206e7c3941518?s=96&d=mm&r=g\",\"caption\":\"contenido\"}}]}<\/script>\n<!-- \/ Yoast SEO plugin. -->","yoast_head_json":{"title":"Miguel Borja sale de River Plate: As\u00ed lo despidi\u00f3 el equipo -","robots":{"index":"index","follow":"follow","max-snippet":"max-snippet:-1","max-image-preview":"max-image-preview:large","max-video-preview":"max-video-preview:-1"},"canonical":"https:\/\/futbolhoy.co\/index.php\/2025\/11\/28\/miguel-borja-sale-de-river-plate-asi-lo-despidio-el-equipo\/","og_locale":"es_ES","og_type":"article","og_title":"Miguel Borja sale de River Plate: As\u00ed lo despidi\u00f3 el equipo -","og_description":"Fin a un ciclo de poco m\u00e1s de tres a\u00f1os para Miguel Borja en River Plate. Este viernes, el club comunic\u00f3 de manera oficial su salida, luego de que la instituci\u00f3n decidiera no renovarle el contrato que iba hasta el 31 de diciembre del presente a\u00f1o. \u201cDespu\u00e9s de haber marcado 62 goles en 159 partidos [&hellip;]","og_url":"https:\/\/futbolhoy.co\/index.php\/2025\/11\/28\/miguel-borja-sale-de-river-plate-asi-lo-despidio-el-equipo\/","article_publisher":"https:\/\/www.facebook.com\/FutbolHoyCol\/","article_published_time":"2025-11-29T03:57:10+00:00","article_modified_time":"2025-11-30T01:38:17+00:00","og_image":[{"width":650,"height":459,"url":"https:\/\/futbolhoy.co\/wp-content\/uploads\/2025\/11\/Borja-River.png","type":"image\/png"}],"author":"contenido","twitter_card":"summary_large_image","twitter_creator":"@FutbolHoyCol","twitter_site":"@FutbolHoyCol","twitter_misc":{"Escrito por":"contenido","Tiempo de lectura":"1 minuto"},"schema":{"@context":"https:\/\/schema.org","@graph":[{"@type":"Article","@id":"https:\/\/futbolhoy.co\/index.php\/2025\/11\/28\/miguel-borja-sale-de-river-plate-asi-lo-despidio-el-equipo\/#article","isPartOf":{"@id":"https:\/\/futbolhoy.co\/index.php\/2025\/11\/28\/miguel-borja-sale-de-river-plate-asi-lo-despidio-el-equipo\/"},"author":{"name":"contenido","@id":"https:\/\/futbolhoy.co\/#\/schema\/person\/1721b69355b6623eaff15ac7b92d4cc3"},"headline":"Miguel Borja sale de River Plate: As\u00ed lo despidi\u00f3 el equipo","datePublished":"2025-11-29T03:57:10+00:00","dateModified":"2025-11-30T01:38:17+00:00","mainEntityOfPage":{"@id":"https:\/\/futbolhoy.co\/index.php\/2025\/11\/28\/miguel-borja-sale-de-river-plate-asi-lo-despidio-el-equipo\/"},"wordCount":224,"commentCount":0,"publisher":{"@id":"https:\/\/futbolhoy.co\/#organization"},"image":{"@id":"https:\/\/futbolhoy.co\/index.php\/2025\/11\/28\/miguel-borja-sale-de-river-plate-asi-lo-despidio-el-equipo\/#primaryimage"},"thumbnailUrl":"https:\/\/futbolhoy.co\/wp-content\/uploads\/2025\/11\/Borja-River.png","articleSection":["Colombia"],"inLanguage":"es","potentialAction":[{"@type":"CommentAction","name":"Comment","target":["https:\/\/futbolhoy.co\/index.php\/2025\/11\/28\/miguel-borja-sale-de-river-plate-asi-lo-despidio-el-equipo\/#respond"]}]},{"@type":"WebPage","@id":"https:\/\/futbolhoy.co\/index.php\/2025\/11\/28\/miguel-borja-sale-de-river-plate-asi-lo-despidio-el-equipo\/","url":"https:\/\/futbolhoy.co\/index.php\/2025\/11\/28\/miguel-borja-sale-de-river-plate-asi-lo-despidio-el-equipo\/","name":"Miguel Borja sale de River Plate: As\u00ed lo despidi\u00f3 el equipo -","isPartOf":{"@id":"https:\/\/futbolhoy.co\/#website"},"primaryImageOfPage":{"@id":"https:\/\/futbolhoy.co\/index.php\/2025\/11\/28\/miguel-borja-sale-de-river-plate-asi-lo-despidio-el-equipo\/#primaryimage"},"image":{"@id":"https:\/\/futbolhoy.co\/index.php\/2025\/11\/28\/miguel-borja-sale-de-river-plate-asi-lo-despidio-el-equipo\/#primaryimage"},"thumbnailUrl":"https:\/\/futbolhoy.co\/wp-content\/uploads\/2025\/11\/Borja-River.png","datePublished":"2025-11-29T03:57:10+00:00","dateModified":"2025-11-30T01:38:17+00:00","breadcrumb":{"@id":"https:\/\/futbolhoy.co\/index.php\/2025\/11\/28\/miguel-borja-sale-de-river-plate-asi-lo-despidio-el-equipo\/#breadcrumb"},"inLanguage":"es","potentialAction":[{"@type":"ReadAction","target":["https:\/\/futbolhoy.co\/index.php\/2025\/11\/28\/miguel-borja-sale-de-river-plate-asi-lo-despidio-el-equipo\/"]}]},{"@type":"ImageObject","inLanguage":"es","@id":"https:\/\/futbolhoy.co\/index.php\/2025\/11\/28\/miguel-borja-sale-de-river-plate-asi-lo-despidio-el-equipo\/#primaryimage","url":"https:\/\/futbolhoy.co\/wp-content\/uploads\/2025\/11\/Borja-River.png","contentUrl":"https:\/\/futbolhoy.co\/wp-content\/uploads\/2025\/11\/Borja-River.png","width":650,"height":459},{"@type":"BreadcrumbList","@id":"https:\/\/futbolhoy.co\/index.php\/2025\/11\/28\/miguel-borja-sale-de-river-plate-asi-lo-despidio-el-equipo\/#breadcrumb","itemListElement":[{"@type":"ListItem","position":1,"name":"Portada","item":"https:\/\/futbolhoy.co\/"},{"@type":"ListItem","position":2,"name":"Miguel Borja sale de River Plate: As\u00ed lo despidi\u00f3 el equipo"}]},{"@type":"WebSite","@id":"https:\/\/futbolhoy.co\/#website","url":"https:\/\/futbolhoy.co\/","name":"FutbolHoy","description":"","publisher":{"@id":"https:\/\/futbolhoy.co\/#organization"},"potentialAction":[{"@type":"SearchAction","target":{"@type":"EntryPoint","urlTemplate":"https:\/\/futbolhoy.co\/?s={search_term_string}"},"query-input":{"@type":"PropertyValueSpecification","valueRequired":true,"valueName":"search_term_string"}}],"inLanguage":"es"},{"@type":"Organization","@id":"https:\/\/futbolhoy.co\/#organization","name":"Futbolhoy.co","url":"https:\/\/futbolhoy.co\/","logo":{"@type":"ImageObject","inLanguage":"es","@id":"https:\/\/futbolhoy.co\/#\/schema\/logo\/image\/","url":"https:\/\/futbolhoy.co\/wp-content\/uploads\/2018\/08\/17426380_1906371736249227_6326180412931521141_n.jpg","contentUrl":"https:\/\/futbolhoy.co\/wp-content\/uploads\/2018\/08\/17426380_1906371736249227_6326180412931521141_n.jpg","width":960,"height":960,"caption":"Futbolhoy.co"},"image":{"@id":"https:\/\/futbolhoy.co\/#\/schema\/logo\/image\/"},"sameAs":["https:\/\/www.facebook.com\/FutbolHoyCol\/","https:\/\/x.com\/FutbolHoyCol","https:\/\/www.instagram.com\/futbolhoycol\/"]},{"@type":"Person","@id":"https:\/\/futbolhoy.co\/#\/schema\/person\/1721b69355b6623eaff15ac7b92d4cc3","name":"contenido","image":{"@type":"ImageObject","inLanguage":"es","@id":"https:\/\/futbolhoy.co\/#\/schema\/person\/image\/","url":"https:\/\/secure.gravatar.com\/avatar\/4f656d3256f5134f466206e7c3941518?s=96&d=mm&r=g","contentUrl":"https:\/\/secure.gravatar.com\/avatar\/4f656d3256f5134f466206e7c3941518?s=96&d=mm&r=g","caption":"contenido"}}]}},"publishpress_future_action":{"enabled":false,"date":"2026-05-06 00:10:35","action":"change-status","newStatus":"draft","terms":[],"taxonomy":"category","extraData":[]},"publishpress_future_workflow_manual_trigger":{"enabledWorkflows":[]},"_links":{"self":[{"href":"https:\/\/futbolhoy.co\/index.php\/wp-json\/wp\/v2\/posts\/126655","targetHints":{"allow":["GET"]}}],"collection":[{"href":"https:\/\/futbolhoy.co\/index.php\/wp-json\/wp\/v2\/posts"}],"about":[{"href":"https:\/\/futbolhoy.co\/index.php\/wp-json\/wp\/v2\/types\/post"}],"author":[{"embeddable":true,"href":"https:\/\/futbolhoy.co\/index.php\/wp-json\/wp\/v2\/users\/4"}],"replies":[{"embeddable":true,"href":"https:\/\/futbolhoy.co\/index.php\/wp-json\/wp\/v2\/comments?post=126655"}],"version-history":[{"count":1,"href":"https:\/\/futbolhoy.co\/index.php\/wp-json\/wp\/v2\/posts\/126655\/revisions"}],"predecessor-version":[{"id":126657,"href":"https:\/\/futbolhoy.co\/index.php\/wp-json\/wp\/v2\/posts\/126655\/revisions\/126657"}],"wp:featuredmedia":[{"embeddable":true,"href":"https:\/\/futbolhoy.co\/index.php\/wp-json\/wp\/v2\/media\/126656"}],"wp:attachment":[{"href":"https:\/\/futbolhoy.co\/index.php\/wp-json\/wp\/v2\/media?parent=126655"}],"wp:term":[{"taxonomy":"category","embeddable":true,"href":"https:\/\/futbolhoy.co\/index.php\/wp-json\/wp\/v2\/categories?post=126655"},{"taxonomy":"post_tag","embeddable":true,"href":"https:\/\/futbolhoy.co\/index.php\/wp-json\/wp\/v2\/tags?post=126655"}],"curies":[{"name":"wp","href":"https:\/\/api.w.org\/{rel}","templated":true}]}}