{"id":126673,"date":"2025-11-29T12:09:21","date_gmt":"2025-11-29T17:09:21","guid":{"rendered":"https:\/\/futbolhoy.co\/?p=126673"},"modified":"2025-11-29T21:51:59","modified_gmt":"2025-11-30T02:51:59","slug":"luis-diaz-gran-figura-en-triunfo-del-bayern-munich-con-gol-y-asistencia","status":"publish","type":"post","link":"https:\/\/futbolhoy.co\/index.php\/2025\/11\/29\/luis-diaz-gran-figura-en-triunfo-del-bayern-munich-con-gol-y-asistencia\/","title":{"rendered":"Luis D\u00edaz, gran figura en triunfo del Bayern M\u00fanich con gol y asistencia"},"content":{"rendered":"<p style=\"text-align: justify;\"><span style=\"font-family: helvetica, arial, sans-serif;\"><strong>Luis D\u00edaz<\/strong> fue la gran figura en la victoria del <strong>Bayern M\u00fanich<\/strong> 3-1 ante el <strong>St. Pauli,<\/strong> en juego por la fecha 12 de la <strong>Bundesliga.<\/strong> Los dirigidos por <strong>Vincent Kompany<\/strong> volvieron a remontar tras haberse ido en desventaja en el marcador.<\/span><\/p>\n<p style=\"text-align: justify;\"><span style=\"font-family: helvetica, arial, sans-serif;\">Lucho aport\u00f3 una asistencia para el gol de <strong>Raph\u00e4el Guerreiro,<\/strong> con un pase de taco desde el suelo a los 44 minutos del encuentro. Cuando parec\u00eda un hecho el empate en el marcador, <strong>D\u00edaz<\/strong> marc\u00f3 un gol de cabeza a los 90+3 minutos.<\/span><\/p>\n<blockquote class=\"twitter-tweet\" data-media-max-width=\"560\">\n<p dir=\"ltr\" lang=\"es\">\u00a1\u00a1AH NO, LO QUE ACABA DE HACER LUCHO D\u00cdAZ!! \u00a1\u00a1ASISTENCIA TOP DE TACO DESDE EL PISO PARA GUERREIRO Y QUE LLEGUE EL 1-1 DE BAYERN MUNICH VS. ST. PAULI!!<\/p>\n<p>\ud83d\udcfa Mir\u00e1 la <a href=\"https:\/\/twitter.com\/hashtag\/Bundesliga?src=hash&amp;ref_src=twsrc%5Etfw\">#Bundesliga<\/a> por <a href=\"https:\/\/twitter.com\/hashtag\/DisneyPlus?src=hash&amp;ref_src=twsrc%5Etfw\">#DisneyPlus<\/a> Plan Premium <a href=\"https:\/\/t.co\/IK6a5FcADl\">pic.twitter.com\/IK6a5FcADl<\/a><\/p>\n<p>\u2014 SportsCenter (@SC_ESPN) <a href=\"https:\/\/twitter.com\/SC_ESPN\/status\/1994787971711561877?ref_src=twsrc%5Etfw\">November 29, 2025<\/a><\/p><\/blockquote>\n<p><script async src=\"https:\/\/platform.twitter.com\/widgets.js\" charset=\"utf-8\"><\/script><\/p>\n<blockquote class=\"twitter-tweet\" data-media-max-width=\"560\">\n<p dir=\"ltr\" lang=\"es\">\u00a1\u00a1EL GUAJIROOO!! LUCHO D\u00cdAZ APARECI\u00d3 EN EL \u00c1REA Y MARC\u00d3 EL 2-1 AG\u00d3NICO DE BAYERN MUNICH SOBRE ST. PAULI.<\/p>\n<p>\ud83d\udcfa Mir\u00e1 la <a href=\"https:\/\/twitter.com\/hashtag\/Bundesliga?src=hash&amp;ref_src=twsrc%5Etfw\">#Bundesliga<\/a> por <a href=\"https:\/\/twitter.com\/hashtag\/DisneyPlus?src=hash&amp;ref_src=twsrc%5Etfw\">#DisneyPlus<\/a> Plan Premium <a href=\"https:\/\/t.co\/a0r9lY67MT\">pic.twitter.com\/a0r9lY67MT<\/a><\/p>\n<p>\u2014 SportsCenter (@SC_ESPN) <a href=\"https:\/\/twitter.com\/SC_ESPN\/status\/1994805364844285976?ref_src=twsrc%5Etfw\">November 29, 2025<\/a><\/p><\/blockquote>\n<p><script async src=\"https:\/\/platform.twitter.com\/widgets.js\" charset=\"utf-8\"><\/script><\/p>\n<p style=\"text-align: justify;\"><span style=\"font-family: helvetica, arial, sans-serif;\">De esta manera, el guajiro registra 12 goles y 6 asistencias en la presente temporada con el club alem\u00e1n, de las cuales siete anotaciones y cinco pases de gol han sido por el campeonato local.<\/span><\/p>\n<p style=\"text-align: justify;\"><span style=\"font-family: helvetica, arial, sans-serif;\">El tercer gol del partido del local lo marc\u00f3 <strong>Nicolas Jackson,<\/strong> a los 90+7 minutos; mientras que la visita abri\u00f3 el marcador por medio de <strong>Andr\u00e9as Hountondji,<\/strong> al minuto 6.<\/span><\/p>\n<p style=\"text-align: justify;\"><span style=\"font-family: helvetica, arial, sans-serif;\">Con este resultado, Bayern M\u00fanich lidera con 34 puntos, 8 m\u00e1s que su principal perseguidor, <strong>Leipzig.<\/strong><\/span><\/p>\n","protected":false},"excerpt":{"rendered":"<p>Luis D\u00edaz fue la gran figura en la victoria del Bayern M\u00fanich 3-1 ante el St. Pauli, en juego por la fecha 12 de la Bundesliga. Los dirigidos por Vincent Kompany volvieron a remontar tras haberse ido en desventaja en el marcador. Lucho aport\u00f3 una asistencia para el gol de Raph\u00e4el Guerreiro, con un pase [&hellip;]<\/p>\n","protected":false},"author":4,"featured_media":126674,"comment_status":"open","ping_status":"open","sticky":false,"template":"","format":"standard","meta":{"_acf_changed":false,"footnotes":""},"categories":[418],"tags":[],"class_list":{"0":"post-126673","1":"post","2":"type-post","3":"status-publish","4":"format-standard","5":"has-post-thumbnail","7":"category-colombia"},"acf":[],"yoast_head":"<!-- This site is optimized with the Yoast SEO plugin v26.8 - https:\/\/yoast.com\/product\/yoast-seo-wordpress\/ -->\n<title>Luis D\u00edaz, gran figura en triunfo del Bayern M\u00fanich con gol y asistencia -<\/title>\n<meta name=\"robots\" content=\"index, follow, max-snippet:-1, max-image-preview:large, max-video-preview:-1\" \/>\n<link rel=\"canonical\" href=\"https:\/\/futbolhoy.co\/index.php\/2025\/11\/29\/luis-diaz-gran-figura-en-triunfo-del-bayern-munich-con-gol-y-asistencia\/\" \/>\n<meta property=\"og:locale\" content=\"es_ES\" \/>\n<meta property=\"og:type\" content=\"article\" \/>\n<meta property=\"og:title\" content=\"Luis D\u00edaz, gran figura en triunfo del Bayern M\u00fanich con gol y asistencia -\" \/>\n<meta property=\"og:description\" content=\"Luis D\u00edaz fue la gran figura en la victoria del Bayern M\u00fanich 3-1 ante el St. Pauli, en juego por la fecha 12 de la Bundesliga. Los dirigidos por Vincent Kompany volvieron a remontar tras haberse ido en desventaja en el marcador. Lucho aport\u00f3 una asistencia para el gol de Raph\u00e4el Guerreiro, con un pase [&hellip;]\" \/>\n<meta property=\"og:url\" content=\"https:\/\/futbolhoy.co\/index.php\/2025\/11\/29\/luis-diaz-gran-figura-en-triunfo-del-bayern-munich-con-gol-y-asistencia\/\" \/>\n<meta property=\"article:publisher\" content=\"https:\/\/www.facebook.com\/FutbolHoyCol\/\" \/>\n<meta property=\"article:published_time\" content=\"2025-11-29T17:09:21+00:00\" \/>\n<meta property=\"article:modified_time\" content=\"2025-11-30T02:51:59+00:00\" \/>\n<meta property=\"og:image\" content=\"https:\/\/futbolhoy.co\/wp-content\/uploads\/2025\/11\/G68AOClWkAAObtY-scaled.jpg\" \/>\n\t<meta property=\"og:image:width\" content=\"2560\" \/>\n\t<meta property=\"og:image:height\" content=\"1707\" \/>\n\t<meta property=\"og:image:type\" content=\"image\/jpeg\" \/>\n<meta name=\"author\" content=\"contenido\" \/>\n<meta name=\"twitter:card\" content=\"summary_large_image\" \/>\n<meta name=\"twitter:creator\" content=\"@FutbolHoyCol\" \/>\n<meta name=\"twitter:site\" content=\"@FutbolHoyCol\" \/>\n<meta name=\"twitter:label1\" content=\"Escrito por\" \/>\n\t<meta name=\"twitter:data1\" content=\"contenido\" \/>\n\t<meta name=\"twitter:label2\" content=\"Tiempo de lectura\" \/>\n\t<meta name=\"twitter:data2\" content=\"1 minuto\" \/>\n<script type=\"application\/ld+json\" class=\"yoast-schema-graph\">{\"@context\":\"https:\/\/schema.org\",\"@graph\":[{\"@type\":\"Article\",\"@id\":\"https:\/\/futbolhoy.co\/index.php\/2025\/11\/29\/luis-diaz-gran-figura-en-triunfo-del-bayern-munich-con-gol-y-asistencia\/#article\",\"isPartOf\":{\"@id\":\"https:\/\/futbolhoy.co\/index.php\/2025\/11\/29\/luis-diaz-gran-figura-en-triunfo-del-bayern-munich-con-gol-y-asistencia\/\"},\"author\":{\"name\":\"contenido\",\"@id\":\"https:\/\/futbolhoy.co\/#\/schema\/person\/1721b69355b6623eaff15ac7b92d4cc3\"},\"headline\":\"Luis D\u00edaz, gran figura en triunfo del Bayern M\u00fanich con gol y asistencia\",\"datePublished\":\"2025-11-29T17:09:21+00:00\",\"dateModified\":\"2025-11-30T02:51:59+00:00\",\"mainEntityOfPage\":{\"@id\":\"https:\/\/futbolhoy.co\/index.php\/2025\/11\/29\/luis-diaz-gran-figura-en-triunfo-del-bayern-munich-con-gol-y-asistencia\/\"},\"wordCount\":267,\"commentCount\":0,\"publisher\":{\"@id\":\"https:\/\/futbolhoy.co\/#organization\"},\"image\":{\"@id\":\"https:\/\/futbolhoy.co\/index.php\/2025\/11\/29\/luis-diaz-gran-figura-en-triunfo-del-bayern-munich-con-gol-y-asistencia\/#primaryimage\"},\"thumbnailUrl\":\"https:\/\/futbolhoy.co\/wp-content\/uploads\/2025\/11\/G68AOClWkAAObtY-scaled.jpg\",\"articleSection\":[\"Colombia\"],\"inLanguage\":\"es\",\"potentialAction\":[{\"@type\":\"CommentAction\",\"name\":\"Comment\",\"target\":[\"https:\/\/futbolhoy.co\/index.php\/2025\/11\/29\/luis-diaz-gran-figura-en-triunfo-del-bayern-munich-con-gol-y-asistencia\/#respond\"]}]},{\"@type\":\"WebPage\",\"@id\":\"https:\/\/futbolhoy.co\/index.php\/2025\/11\/29\/luis-diaz-gran-figura-en-triunfo-del-bayern-munich-con-gol-y-asistencia\/\",\"url\":\"https:\/\/futbolhoy.co\/index.php\/2025\/11\/29\/luis-diaz-gran-figura-en-triunfo-del-bayern-munich-con-gol-y-asistencia\/\",\"name\":\"Luis D\u00edaz, gran figura en triunfo del Bayern M\u00fanich con gol y asistencia -\",\"isPartOf\":{\"@id\":\"https:\/\/futbolhoy.co\/#website\"},\"primaryImageOfPage\":{\"@id\":\"https:\/\/futbolhoy.co\/index.php\/2025\/11\/29\/luis-diaz-gran-figura-en-triunfo-del-bayern-munich-con-gol-y-asistencia\/#primaryimage\"},\"image\":{\"@id\":\"https:\/\/futbolhoy.co\/index.php\/2025\/11\/29\/luis-diaz-gran-figura-en-triunfo-del-bayern-munich-con-gol-y-asistencia\/#primaryimage\"},\"thumbnailUrl\":\"https:\/\/futbolhoy.co\/wp-content\/uploads\/2025\/11\/G68AOClWkAAObtY-scaled.jpg\",\"datePublished\":\"2025-11-29T17:09:21+00:00\",\"dateModified\":\"2025-11-30T02:51:59+00:00\",\"breadcrumb\":{\"@id\":\"https:\/\/futbolhoy.co\/index.php\/2025\/11\/29\/luis-diaz-gran-figura-en-triunfo-del-bayern-munich-con-gol-y-asistencia\/#breadcrumb\"},\"inLanguage\":\"es\",\"potentialAction\":[{\"@type\":\"ReadAction\",\"target\":[\"https:\/\/futbolhoy.co\/index.php\/2025\/11\/29\/luis-diaz-gran-figura-en-triunfo-del-bayern-munich-con-gol-y-asistencia\/\"]}]},{\"@type\":\"ImageObject\",\"inLanguage\":\"es\",\"@id\":\"https:\/\/futbolhoy.co\/index.php\/2025\/11\/29\/luis-diaz-gran-figura-en-triunfo-del-bayern-munich-con-gol-y-asistencia\/#primaryimage\",\"url\":\"https:\/\/futbolhoy.co\/wp-content\/uploads\/2025\/11\/G68AOClWkAAObtY-scaled.jpg\",\"contentUrl\":\"https:\/\/futbolhoy.co\/wp-content\/uploads\/2025\/11\/G68AOClWkAAObtY-scaled.jpg\",\"width\":2560,\"height\":1707},{\"@type\":\"BreadcrumbList\",\"@id\":\"https:\/\/futbolhoy.co\/index.php\/2025\/11\/29\/luis-diaz-gran-figura-en-triunfo-del-bayern-munich-con-gol-y-asistencia\/#breadcrumb\",\"itemListElement\":[{\"@type\":\"ListItem\",\"position\":1,\"name\":\"Portada\",\"item\":\"https:\/\/futbolhoy.co\/\"},{\"@type\":\"ListItem\",\"position\":2,\"name\":\"Luis D\u00edaz, gran figura en triunfo del Bayern M\u00fanich con gol y asistencia\"}]},{\"@type\":\"WebSite\",\"@id\":\"https:\/\/futbolhoy.co\/#website\",\"url\":\"https:\/\/futbolhoy.co\/\",\"name\":\"FutbolHoy\",\"description\":\"\",\"publisher\":{\"@id\":\"https:\/\/futbolhoy.co\/#organization\"},\"potentialAction\":[{\"@type\":\"SearchAction\",\"target\":{\"@type\":\"EntryPoint\",\"urlTemplate\":\"https:\/\/futbolhoy.co\/?s={search_term_string}\"},\"query-input\":{\"@type\":\"PropertyValueSpecification\",\"valueRequired\":true,\"valueName\":\"search_term_string\"}}],\"inLanguage\":\"es\"},{\"@type\":\"Organization\",\"@id\":\"https:\/\/futbolhoy.co\/#organization\",\"name\":\"Futbolhoy.co\",\"url\":\"https:\/\/futbolhoy.co\/\",\"logo\":{\"@type\":\"ImageObject\",\"inLanguage\":\"es\",\"@id\":\"https:\/\/futbolhoy.co\/#\/schema\/logo\/image\/\",\"url\":\"https:\/\/futbolhoy.co\/wp-content\/uploads\/2018\/08\/17426380_1906371736249227_6326180412931521141_n.jpg\",\"contentUrl\":\"https:\/\/futbolhoy.co\/wp-content\/uploads\/2018\/08\/17426380_1906371736249227_6326180412931521141_n.jpg\",\"width\":960,\"height\":960,\"caption\":\"Futbolhoy.co\"},\"image\":{\"@id\":\"https:\/\/futbolhoy.co\/#\/schema\/logo\/image\/\"},\"sameAs\":[\"https:\/\/www.facebook.com\/FutbolHoyCol\/\",\"https:\/\/x.com\/FutbolHoyCol\",\"https:\/\/www.instagram.com\/futbolhoycol\/\"]},{\"@type\":\"Person\",\"@id\":\"https:\/\/futbolhoy.co\/#\/schema\/person\/1721b69355b6623eaff15ac7b92d4cc3\",\"name\":\"contenido\",\"image\":{\"@type\":\"ImageObject\",\"inLanguage\":\"es\",\"@id\":\"https:\/\/futbolhoy.co\/#\/schema\/person\/image\/\",\"url\":\"https:\/\/secure.gravatar.com\/avatar\/4f656d3256f5134f466206e7c3941518?s=96&d=mm&r=g\",\"contentUrl\":\"https:\/\/secure.gravatar.com\/avatar\/4f656d3256f5134f466206e7c3941518?s=96&d=mm&r=g\",\"caption\":\"contenido\"}}]}<\/script>\n<!-- \/ Yoast SEO plugin. -->","yoast_head_json":{"title":"Luis D\u00edaz, gran figura en triunfo del Bayern M\u00fanich con gol y asistencia -","robots":{"index":"index","follow":"follow","max-snippet":"max-snippet:-1","max-image-preview":"max-image-preview:large","max-video-preview":"max-video-preview:-1"},"canonical":"https:\/\/futbolhoy.co\/index.php\/2025\/11\/29\/luis-diaz-gran-figura-en-triunfo-del-bayern-munich-con-gol-y-asistencia\/","og_locale":"es_ES","og_type":"article","og_title":"Luis D\u00edaz, gran figura en triunfo del Bayern M\u00fanich con gol y asistencia -","og_description":"Luis D\u00edaz fue la gran figura en la victoria del Bayern M\u00fanich 3-1 ante el St. Pauli, en juego por la fecha 12 de la Bundesliga. Los dirigidos por Vincent Kompany volvieron a remontar tras haberse ido en desventaja en el marcador. Lucho aport\u00f3 una asistencia para el gol de Raph\u00e4el Guerreiro, con un pase [&hellip;]","og_url":"https:\/\/futbolhoy.co\/index.php\/2025\/11\/29\/luis-diaz-gran-figura-en-triunfo-del-bayern-munich-con-gol-y-asistencia\/","article_publisher":"https:\/\/www.facebook.com\/FutbolHoyCol\/","article_published_time":"2025-11-29T17:09:21+00:00","article_modified_time":"2025-11-30T02:51:59+00:00","og_image":[{"width":2560,"height":1707,"url":"https:\/\/futbolhoy.co\/wp-content\/uploads\/2025\/11\/G68AOClWkAAObtY-scaled.jpg","type":"image\/jpeg"}],"author":"contenido","twitter_card":"summary_large_image","twitter_creator":"@FutbolHoyCol","twitter_site":"@FutbolHoyCol","twitter_misc":{"Escrito por":"contenido","Tiempo de lectura":"1 minuto"},"schema":{"@context":"https:\/\/schema.org","@graph":[{"@type":"Article","@id":"https:\/\/futbolhoy.co\/index.php\/2025\/11\/29\/luis-diaz-gran-figura-en-triunfo-del-bayern-munich-con-gol-y-asistencia\/#article","isPartOf":{"@id":"https:\/\/futbolhoy.co\/index.php\/2025\/11\/29\/luis-diaz-gran-figura-en-triunfo-del-bayern-munich-con-gol-y-asistencia\/"},"author":{"name":"contenido","@id":"https:\/\/futbolhoy.co\/#\/schema\/person\/1721b69355b6623eaff15ac7b92d4cc3"},"headline":"Luis D\u00edaz, gran figura en triunfo del Bayern M\u00fanich con gol y asistencia","datePublished":"2025-11-29T17:09:21+00:00","dateModified":"2025-11-30T02:51:59+00:00","mainEntityOfPage":{"@id":"https:\/\/futbolhoy.co\/index.php\/2025\/11\/29\/luis-diaz-gran-figura-en-triunfo-del-bayern-munich-con-gol-y-asistencia\/"},"wordCount":267,"commentCount":0,"publisher":{"@id":"https:\/\/futbolhoy.co\/#organization"},"image":{"@id":"https:\/\/futbolhoy.co\/index.php\/2025\/11\/29\/luis-diaz-gran-figura-en-triunfo-del-bayern-munich-con-gol-y-asistencia\/#primaryimage"},"thumbnailUrl":"https:\/\/futbolhoy.co\/wp-content\/uploads\/2025\/11\/G68AOClWkAAObtY-scaled.jpg","articleSection":["Colombia"],"inLanguage":"es","potentialAction":[{"@type":"CommentAction","name":"Comment","target":["https:\/\/futbolhoy.co\/index.php\/2025\/11\/29\/luis-diaz-gran-figura-en-triunfo-del-bayern-munich-con-gol-y-asistencia\/#respond"]}]},{"@type":"WebPage","@id":"https:\/\/futbolhoy.co\/index.php\/2025\/11\/29\/luis-diaz-gran-figura-en-triunfo-del-bayern-munich-con-gol-y-asistencia\/","url":"https:\/\/futbolhoy.co\/index.php\/2025\/11\/29\/luis-diaz-gran-figura-en-triunfo-del-bayern-munich-con-gol-y-asistencia\/","name":"Luis D\u00edaz, gran figura en triunfo del Bayern M\u00fanich con gol y asistencia -","isPartOf":{"@id":"https:\/\/futbolhoy.co\/#website"},"primaryImageOfPage":{"@id":"https:\/\/futbolhoy.co\/index.php\/2025\/11\/29\/luis-diaz-gran-figura-en-triunfo-del-bayern-munich-con-gol-y-asistencia\/#primaryimage"},"image":{"@id":"https:\/\/futbolhoy.co\/index.php\/2025\/11\/29\/luis-diaz-gran-figura-en-triunfo-del-bayern-munich-con-gol-y-asistencia\/#primaryimage"},"thumbnailUrl":"https:\/\/futbolhoy.co\/wp-content\/uploads\/2025\/11\/G68AOClWkAAObtY-scaled.jpg","datePublished":"2025-11-29T17:09:21+00:00","dateModified":"2025-11-30T02:51:59+00:00","breadcrumb":{"@id":"https:\/\/futbolhoy.co\/index.php\/2025\/11\/29\/luis-diaz-gran-figura-en-triunfo-del-bayern-munich-con-gol-y-asistencia\/#breadcrumb"},"inLanguage":"es","potentialAction":[{"@type":"ReadAction","target":["https:\/\/futbolhoy.co\/index.php\/2025\/11\/29\/luis-diaz-gran-figura-en-triunfo-del-bayern-munich-con-gol-y-asistencia\/"]}]},{"@type":"ImageObject","inLanguage":"es","@id":"https:\/\/futbolhoy.co\/index.php\/2025\/11\/29\/luis-diaz-gran-figura-en-triunfo-del-bayern-munich-con-gol-y-asistencia\/#primaryimage","url":"https:\/\/futbolhoy.co\/wp-content\/uploads\/2025\/11\/G68AOClWkAAObtY-scaled.jpg","contentUrl":"https:\/\/futbolhoy.co\/wp-content\/uploads\/2025\/11\/G68AOClWkAAObtY-scaled.jpg","width":2560,"height":1707},{"@type":"BreadcrumbList","@id":"https:\/\/futbolhoy.co\/index.php\/2025\/11\/29\/luis-diaz-gran-figura-en-triunfo-del-bayern-munich-con-gol-y-asistencia\/#breadcrumb","itemListElement":[{"@type":"ListItem","position":1,"name":"Portada","item":"https:\/\/futbolhoy.co\/"},{"@type":"ListItem","position":2,"name":"Luis D\u00edaz, gran figura en triunfo del Bayern M\u00fanich con gol y asistencia"}]},{"@type":"WebSite","@id":"https:\/\/futbolhoy.co\/#website","url":"https:\/\/futbolhoy.co\/","name":"FutbolHoy","description":"","publisher":{"@id":"https:\/\/futbolhoy.co\/#organization"},"potentialAction":[{"@type":"SearchAction","target":{"@type":"EntryPoint","urlTemplate":"https:\/\/futbolhoy.co\/?s={search_term_string}"},"query-input":{"@type":"PropertyValueSpecification","valueRequired":true,"valueName":"search_term_string"}}],"inLanguage":"es"},{"@type":"Organization","@id":"https:\/\/futbolhoy.co\/#organization","name":"Futbolhoy.co","url":"https:\/\/futbolhoy.co\/","logo":{"@type":"ImageObject","inLanguage":"es","@id":"https:\/\/futbolhoy.co\/#\/schema\/logo\/image\/","url":"https:\/\/futbolhoy.co\/wp-content\/uploads\/2018\/08\/17426380_1906371736249227_6326180412931521141_n.jpg","contentUrl":"https:\/\/futbolhoy.co\/wp-content\/uploads\/2018\/08\/17426380_1906371736249227_6326180412931521141_n.jpg","width":960,"height":960,"caption":"Futbolhoy.co"},"image":{"@id":"https:\/\/futbolhoy.co\/#\/schema\/logo\/image\/"},"sameAs":["https:\/\/www.facebook.com\/FutbolHoyCol\/","https:\/\/x.com\/FutbolHoyCol","https:\/\/www.instagram.com\/futbolhoycol\/"]},{"@type":"Person","@id":"https:\/\/futbolhoy.co\/#\/schema\/person\/1721b69355b6623eaff15ac7b92d4cc3","name":"contenido","image":{"@type":"ImageObject","inLanguage":"es","@id":"https:\/\/futbolhoy.co\/#\/schema\/person\/image\/","url":"https:\/\/secure.gravatar.com\/avatar\/4f656d3256f5134f466206e7c3941518?s=96&d=mm&r=g","contentUrl":"https:\/\/secure.gravatar.com\/avatar\/4f656d3256f5134f466206e7c3941518?s=96&d=mm&r=g","caption":"contenido"}}]}},"publishpress_future_action":{"enabled":false,"date":"2026-05-05 23:15:42","action":"change-status","newStatus":"draft","terms":[],"taxonomy":"category","extraData":[]},"publishpress_future_workflow_manual_trigger":{"enabledWorkflows":[]},"_links":{"self":[{"href":"https:\/\/futbolhoy.co\/index.php\/wp-json\/wp\/v2\/posts\/126673","targetHints":{"allow":["GET"]}}],"collection":[{"href":"https:\/\/futbolhoy.co\/index.php\/wp-json\/wp\/v2\/posts"}],"about":[{"href":"https:\/\/futbolhoy.co\/index.php\/wp-json\/wp\/v2\/types\/post"}],"author":[{"embeddable":true,"href":"https:\/\/futbolhoy.co\/index.php\/wp-json\/wp\/v2\/users\/4"}],"replies":[{"embeddable":true,"href":"https:\/\/futbolhoy.co\/index.php\/wp-json\/wp\/v2\/comments?post=126673"}],"version-history":[{"count":2,"href":"https:\/\/futbolhoy.co\/index.php\/wp-json\/wp\/v2\/posts\/126673\/revisions"}],"predecessor-version":[{"id":126693,"href":"https:\/\/futbolhoy.co\/index.php\/wp-json\/wp\/v2\/posts\/126673\/revisions\/126693"}],"wp:featuredmedia":[{"embeddable":true,"href":"https:\/\/futbolhoy.co\/index.php\/wp-json\/wp\/v2\/media\/126674"}],"wp:attachment":[{"href":"https:\/\/futbolhoy.co\/index.php\/wp-json\/wp\/v2\/media?parent=126673"}],"wp:term":[{"taxonomy":"category","embeddable":true,"href":"https:\/\/futbolhoy.co\/index.php\/wp-json\/wp\/v2\/categories?post=126673"},{"taxonomy":"post_tag","embeddable":true,"href":"https:\/\/futbolhoy.co\/index.php\/wp-json\/wp\/v2\/tags?post=126673"}],"curies":[{"name":"wp","href":"https:\/\/api.w.org\/{rel}","templated":true}]}}