{"id":127087,"date":"2025-12-07T10:28:18","date_gmt":"2025-12-07T15:28:18","guid":{"rendered":"https:\/\/futbolhoy.co\/?p=127087"},"modified":"2025-12-08T10:46:23","modified_gmt":"2025-12-08T15:46:23","slug":"colombia-entre-las-que-menos-descanso-tendran-en-el-mundial","status":"publish","type":"post","link":"https:\/\/futbolhoy.co\/index.php\/2025\/12\/07\/colombia-entre-las-que-menos-descanso-tendran-en-el-mundial\/","title":{"rendered":"Colombia, entre las que menos descanso tendr\u00e1n en el Mundial"},"content":{"rendered":"<p style=\"text-align: justify;\"><span style=\"font-family: helvetica, arial, sans-serif;\">Luego de conocerse el sorteo del <strong>Mundial 2026<\/strong>, as\u00ed como las sedes de cada equipo, las selecciones ya comienzan a pensar en lo que ser\u00e1 la log\u00edstica, los desplazamientos y todos los detalles para los partidos.<\/span><\/p>\n<p style=\"text-align: justify;\"><span style=\"font-family: helvetica, arial, sans-serif;\">En el caso de Colombia, qued\u00f3 ubicada en el Grupo K junto a <strong>Portugal<\/strong>, <strong>Uzbekist\u00e1n<\/strong> y un equipo que llegar\u00e1 por repechaje (Jamaica vs. Nueva Caledonia \/ Congo).<\/span><\/p>\n<p style=\"text-align: justify;\"><span style=\"font-family: helvetica, arial, sans-serif;\">Del mismo modo, la Tricolor conoci\u00f3 que debutar\u00e1 en <strong>Ciudad de M\u00e9xico<\/strong> ante Uzbekist\u00e1n, luego contra el repechaje en <strong>Guadalajara<\/strong> y cerrar\u00e1 con Portugal en <strong>Miami<\/strong>.<\/span><\/p>\n<p style=\"text-align: justify;\"><span style=\"font-family: helvetica, arial, sans-serif;\">Al entrenador, <strong>N\u00e9stor Lorenzo<\/strong>, poco le gust\u00f3 tener que ir a la altura de M\u00e9xico para sus dos primeros encuentros. De hecho, contempl\u00f3 que Bogot\u00e1 puede ser una sede de preparaci\u00f3n antes de ir a la Copa del Mundo.<\/span><\/p>\n<p style=\"text-align: justify;\"><span style=\"font-family: helvetica, arial, sans-serif;\">Pero Colombia tambi\u00e9n tendr\u00e1 otra desventaja que radica en los tiempos de descanso. La Tricolor ser\u00e1 una de las que menos tiempo de descanso tendr\u00e1 entre partidos en la primera fase, con un total de <strong>9.89 d\u00edas<\/strong>, los mismos que Uzbekist\u00e1n.<\/span><\/p>\n<p style=\"text-align: justify;\"><span style=\"font-family: helvetica, arial, sans-serif;\">La selecci\u00f3n con menor descanso ser\u00e1 <strong>Noruega<\/strong> con 9.87 d\u00edas, mientras que las que m\u00e1s descanso tendr\u00e1n ser\u00e1n <strong>M\u00e9xico<\/strong> y Sud\u00e1frica, con 13.25. <strong>Estados Unidos<\/strong> tendr\u00e1 13.04, misma cantidad que Paraguay.<\/span><\/p>\n<p style=\"text-align: justify;\"><span style=\"font-family: helvetica, arial, sans-serif;\"><strong>Colombia debutar\u00e1 el 17 de junio<\/strong>, luego jugar\u00e1 el 23 de junio y terminar\u00e1 la fase de grupos el 27 de junio.<\/span><\/p>\n","protected":false},"excerpt":{"rendered":"<p>Luego de conocerse el sorteo del Mundial 2026, as\u00ed como las sedes de cada equipo, las selecciones ya comienzan a pensar en lo que ser\u00e1 la log\u00edstica, los desplazamientos y todos los detalles para los partidos. En el caso de Colombia, qued\u00f3 ubicada en el Grupo K junto a Portugal, Uzbekist\u00e1n y un equipo que [&hellip;]<\/p>\n","protected":false},"author":4,"featured_media":127088,"comment_status":"open","ping_status":"closed","sticky":false,"template":"","format":"standard","meta":{"_acf_changed":false,"footnotes":""},"categories":[418],"tags":[],"class_list":{"0":"post-127087","1":"post","2":"type-post","3":"status-publish","4":"format-standard","5":"has-post-thumbnail","7":"category-colombia"},"acf":[],"_links":{"self":[{"href":"https:\/\/futbolhoy.co\/index.php\/wp-json\/wp\/v2\/posts\/127087","targetHints":{"allow":["GET"]}}],"collection":[{"href":"https:\/\/futbolhoy.co\/index.php\/wp-json\/wp\/v2\/posts"}],"about":[{"href":"https:\/\/futbolhoy.co\/index.php\/wp-json\/wp\/v2\/types\/post"}],"author":[{"embeddable":true,"href":"https:\/\/futbolhoy.co\/index.php\/wp-json\/wp\/v2\/users\/4"}],"replies":[{"embeddable":true,"href":"https:\/\/futbolhoy.co\/index.php\/wp-json\/wp\/v2\/comments?post=127087"}],"version-history":[{"count":1,"href":"https:\/\/futbolhoy.co\/index.php\/wp-json\/wp\/v2\/posts\/127087\/revisions"}],"predecessor-version":[{"id":127089,"href":"https:\/\/futbolhoy.co\/index.php\/wp-json\/wp\/v2\/posts\/127087\/revisions\/127089"}],"wp:featuredmedia":[{"embeddable":true,"href":"https:\/\/futbolhoy.co\/index.php\/wp-json\/wp\/v2\/media\/127088"}],"wp:attachment":[{"href":"https:\/\/futbolhoy.co\/index.php\/wp-json\/wp\/v2\/media?parent=127087"}],"wp:term":[{"taxonomy":"category","embeddable":true,"href":"https:\/\/futbolhoy.co\/index.php\/wp-json\/wp\/v2\/categories?post=127087"},{"taxonomy":"post_tag","embeddable":true,"href":"https:\/\/futbolhoy.co\/index.php\/wp-json\/wp\/v2\/tags?post=127087"}],"curies":[{"name":"wp","href":"https:\/\/api.w.org\/{rel}","templated":true}]}}