{"id":127102,"date":"2025-12-08T09:32:51","date_gmt":"2025-12-08T14:32:51","guid":{"rendered":"https:\/\/futbolhoy.co\/?p=127102"},"modified":"2025-12-09T07:47:09","modified_gmt":"2025-12-09T12:47:09","slug":"goles-de-colombianos-por-el-mundo-cordoba-cucho-y-carbonero-se-reportaron","status":"publish","type":"post","link":"https:\/\/futbolhoy.co\/index.php\/2025\/12\/08\/goles-de-colombianos-por-el-mundo-cordoba-cucho-y-carbonero-se-reportaron\/","title":{"rendered":"Goles de colombianos por el mundo: C\u00f3rdoba, &#8216;Cucho&#8217; y Carbonero se reportaron"},"content":{"rendered":"<p style=\"text-align: justify;\"><span style=\"font-family: helvetica, arial, sans-serif;\">Mientras en Estados Unidos se revelaron los grupos, sedes y horarios para el <strong>Mundial 2026<\/strong>, donde la <strong>Selecci\u00f3n Colombia<\/strong> enfrentar\u00e1 a Portugal, Uzbekist\u00e1n y un equipo del repechaje entre Jamaica, Nueva Caledonia y Congo; los colombianos trabajan por elevar su rendimiento y llegar en plenitud de forma f\u00edsica para la cita entre junio y julio.<\/span><\/p>\n<p style=\"text-align: justify;\"><span style=\"font-family: helvetica, arial, sans-serif;\"><strong>Jhon Andr\u00e9s C\u00f3rdoba<\/strong>, <strong>Johan Stiven Carbonero<\/strong> y <strong>Juan Camilo &#8216;Cucho&#8217; Hern\u00e1ndez<\/strong>, todos considerados en el proceso del t\u00e9cnico N\u00e9stor Lorenzo, se reportaron con gol durante el fin de semana, desde las ligas de Rusia, Brasil y Espa\u00f1a, respectivamente.<\/span><\/p>\n<h2 style=\"text-align: justify;\"><span style=\"font-family: helvetica, arial, sans-serif;\">Los goles de colombianos durante el fin de semana<\/span><\/h2>\n<p style=\"text-align: justify;\"><span style=\"font-family: helvetica, arial, sans-serif;\">Jhon C\u00f3rdoba igual\u00f3 el encuentro de <strong>Krasnodar<\/strong> frente a CSKA de Mosc\u00fa al 38&#8242;, y su equipo remont\u00f3 y gan\u00f3 el compromiso v\u00e1lido por la fecha 18 de la Liga de Rusia, 3-2.<\/span><\/p>\n<p style=\"text-align: justify;\"><span style=\"font-family: helvetica, arial, sans-serif;\">El chocoano de 32 a\u00f1os suma a <strong>70 goles y 33 asistencias<\/strong> en 139 partidos jugados, y su \u00faltimo tanto lo consigui\u00f3 despu\u00e9s de comandar y finalizar el siguiente contragolpe:<\/span><\/p>\n<div style=\"width: 696px;\" class=\"wp-video\"><video class=\"wp-video-shortcode\" id=\"video-127102-1\" width=\"696\" height=\"392\" preload=\"metadata\" controls=\"controls\"><source type=\"video\/mp4\" src=\"https:\/\/futbolhoy.co\/wp-content\/uploads\/2025\/12\/WhatsApp-Video-2025-12-07-at-1.16.23-PM.mp4?_=1\" \/><a href=\"https:\/\/futbolhoy.co\/wp-content\/uploads\/2025\/12\/WhatsApp-Video-2025-12-07-at-1.16.23-PM.mp4\">https:\/\/futbolhoy.co\/wp-content\/uploads\/2025\/12\/WhatsApp-Video-2025-12-07-at-1.16.23-PM.mp4<\/a><\/video><\/div>\n<p style=\"text-align: justify;\"><span style=\"font-family: helvetica, arial, sans-serif;\">Otro de los goleadores fue <strong>Juan Camilo &#8216;Cucho&#8217; Hern\u00e1ndez<\/strong>, que descont\u00f3 en la derrota de Real Betis, 3-5 ante <strong>Barcelona<\/strong> durante la jornada 15 de LaLiga.<\/span><\/p>\n<p style=\"text-align: justify;\"><span style=\"font-family: helvetica, arial, sans-serif;\">El pereirano de 26 a\u00f1os alcanz\u00f3 <strong>12 goles y 3 asistencias<\/strong> con el cuadro b\u00e9tico, repartidos en 2.567 minutos en cancha.<\/span><\/p>\n<p style=\"text-align: justify;\"><span style=\"font-family: helvetica, arial, sans-serif;\">As\u00ed fue el gol de penalti de Juan Camilo Hern\u00e1ndez frente a Barcelona:<\/span><\/p>\n<blockquote class=\"twitter-tweet\" data-media-max-width=\"560\">\n<p dir=\"ltr\" lang=\"es\">CUCHO GOL: Hern\u00e1ndez esper\u00f3 a Joan Garc\u00eda y marc\u00f3 el 3-5 de Betis vs. Barcelona.<\/p>\n<p>\ud83d\udcfa Mir\u00e1 <a href=\"https:\/\/twitter.com\/hashtag\/LaLiga?src=hash&amp;ref_src=twsrc%5Etfw\">#LaLiga<\/a> por <a href=\"https:\/\/twitter.com\/hashtag\/DisneyPlus?src=hash&amp;ref_src=twsrc%5Etfw\">#DisneyPlus<\/a> Plan Premium <a href=\"https:\/\/t.co\/pVMfRHXpR3\">pic.twitter.com\/pVMfRHXpR3<\/a><\/p>\n<p>\u2014 SportsCenter (@SC_ESPN) <a href=\"https:\/\/twitter.com\/SC_ESPN\/status\/1997387622096756748?ref_src=twsrc%5Etfw\">December 6, 2025<\/a><\/p><\/blockquote>\n<p style=\"text-align: justify;\"><script async src=\"https:\/\/platform.twitter.com\/widgets.js\" charset=\"utf-8\"><\/script> <span style=\"font-family: helvetica, arial, sans-serif;\">Finalmente, <strong>Johan Carbonero<\/strong> con origen en Quilichao-Santander, anot\u00f3 su <strong>gol #8<\/strong> con Internacional de Brasil, donde tambi\u00e9n pertenece su compatriota <strong>Rafael Santos Borr\u00e9<\/strong>.<\/span><\/p>\n<p style=\"text-align: justify;\"><span style=\"font-family: helvetica, arial, sans-serif;\">Carbonero marc\u00f3 luego de partir desde su propio campo ante el pase en profundidad de Ricardo Mathias.<\/span><\/p>\n<p style=\"text-align: justify;\"><span style=\"font-family: helvetica, arial, sans-serif;\">El atacante de 26 a\u00f1os sell\u00f3 la victoria 3-1 sobre <strong>Bragantinho<\/strong>, y su equipo rescat\u00f3 la m\u00e1xima categor\u00eda del f\u00fatbol brasilero para el a\u00f1o entrante.<\/span><\/p>\n<p style=\"text-align: justify;\"><span style=\"font-family: helvetica, arial, sans-serif;\">Vea el gol de Johan Carbonero:<\/span><\/p>\n<blockquote class=\"twitter-tweet\" data-media-max-width=\"560\">\n<p dir=\"ltr\" lang=\"pt\">Bol\u00e3o do Ricardo Mathias, e gol de Carbonero: Internacional 3&#215;0 Red Bull Bragantino <a href=\"https:\/\/t.co\/mY980Ys7uJ\">pic.twitter.com\/mY980Ys7uJ<\/a><\/p>\n<p>\u2014 Papo de Boleiros \ud83c\udde7\ud83c\uddf7 (@_papoboleiros) <a href=\"https:\/\/twitter.com\/_papoboleiros\/status\/1997770632017166758?ref_src=twsrc%5Etfw\">December 7, 2025<\/a><\/p><\/blockquote>\n<p style=\"text-align: justify;\"><script async src=\"https:\/\/platform.twitter.com\/widgets.js\" charset=\"utf-8\"><\/script><span style=\"font-family: helvetica, arial, sans-serif;\">Cabe mencionar que en Am\u00e9rica latina, los campeonatos atraviesan por el cierre del calendario, mientras que en Europa, avanzan por la mitad de la temporada, y esto provoc\u00f3 en que <strong>no todos los jugadores de &#8216;La Tricolor&#8217; sumaron minutos durante esta \u00e9poca del a\u00f1o<\/strong>.<\/span><\/p>\n","protected":false},"excerpt":{"rendered":"<p>Mientras en Estados Unidos se revelaron los grupos, sedes y horarios para el Mundial 2026, donde la Selecci\u00f3n Colombia enfrentar\u00e1 a Portugal, Uzbekist\u00e1n y un equipo del repechaje entre Jamaica, Nueva Caledonia y Congo; los colombianos trabajan por elevar su rendimiento y llegar en plenitud de forma f\u00edsica para la cita entre junio y julio. [&hellip;]<\/p>\n","protected":false},"author":4,"featured_media":127106,"comment_status":"open","ping_status":"closed","sticky":false,"template":"","format":"standard","meta":{"_acf_changed":false,"footnotes":""},"categories":[418],"tags":[],"class_list":{"0":"post-127102","1":"post","2":"type-post","3":"status-publish","4":"format-standard","5":"has-post-thumbnail","7":"category-colombia"},"acf":[],"_links":{"self":[{"href":"https:\/\/futbolhoy.co\/index.php\/wp-json\/wp\/v2\/posts\/127102","targetHints":{"allow":["GET"]}}],"collection":[{"href":"https:\/\/futbolhoy.co\/index.php\/wp-json\/wp\/v2\/posts"}],"about":[{"href":"https:\/\/futbolhoy.co\/index.php\/wp-json\/wp\/v2\/types\/post"}],"author":[{"embeddable":true,"href":"https:\/\/futbolhoy.co\/index.php\/wp-json\/wp\/v2\/users\/4"}],"replies":[{"embeddable":true,"href":"https:\/\/futbolhoy.co\/index.php\/wp-json\/wp\/v2\/comments?post=127102"}],"version-history":[{"count":1,"href":"https:\/\/futbolhoy.co\/index.php\/wp-json\/wp\/v2\/posts\/127102\/revisions"}],"predecessor-version":[{"id":127107,"href":"https:\/\/futbolhoy.co\/index.php\/wp-json\/wp\/v2\/posts\/127102\/revisions\/127107"}],"wp:featuredmedia":[{"embeddable":true,"href":"https:\/\/futbolhoy.co\/index.php\/wp-json\/wp\/v2\/media\/127106"}],"wp:attachment":[{"href":"https:\/\/futbolhoy.co\/index.php\/wp-json\/wp\/v2\/media?parent=127102"}],"wp:term":[{"taxonomy":"category","embeddable":true,"href":"https:\/\/futbolhoy.co\/index.php\/wp-json\/wp\/v2\/categories?post=127102"},{"taxonomy":"post_tag","embeddable":true,"href":"https:\/\/futbolhoy.co\/index.php\/wp-json\/wp\/v2\/tags?post=127102"}],"curies":[{"name":"wp","href":"https:\/\/api.w.org\/{rel}","templated":true}]}}