{"id":127177,"date":"2025-12-10T08:52:49","date_gmt":"2025-12-10T13:52:49","guid":{"rendered":"https:\/\/futbolhoy.co\/?p=127177"},"modified":"2025-12-10T08:52:49","modified_gmt":"2025-12-10T13:52:49","slug":"jhon-arias-aclaro-rumores-sobre-su-posible-regreso-a-brasil-aumentaran-las-especulaciones","status":"publish","type":"post","link":"https:\/\/futbolhoy.co\/index.php\/2025\/12\/10\/jhon-arias-aclaro-rumores-sobre-su-posible-regreso-a-brasil-aumentaran-las-especulaciones\/","title":{"rendered":"Jhon Arias aclar\u00f3 rumores sobre su posible regreso a Brasil: \u00abAumentar\u00e1n las especulaciones\u00bb"},"content":{"rendered":"<p style=\"text-align: justify;\"><span style=\"font-family: helvetica, arial, sans-serif;\">El mediocampista de la <strong>Selecci\u00f3n Colombia<\/strong>, <strong>Jhon Arias<\/strong>, quien lleg\u00f3 a Wolverhampton para la temporada en curso en un traspaso de<strong> 22 millones euros<\/strong>, despej\u00f3 dudas sobre los rumores que lo vinculan con su regreso al f\u00fatbol brasilero.<\/span><\/p>\n<p style=\"text-align: justify;\"><span style=\"font-family: helvetica, arial, sans-serif;\">En di\u00e1logo con <em>Flashscore<\/em>, el chocoano de 28 a\u00f1os, que tambi\u00e9n se desempe\u00f1a como atacante por la banda derecha, fue consultado sobre su momento en Inglaterra, donde solo gan\u00f3 dos partidos en Carabao Cup y marcha <strong>\u00faltimo de la Premier League<\/strong>.<\/span><\/p>\n<p style=\"text-align: justify;\"><span style=\"font-family: helvetica, arial, sans-serif;\">Asimismo, Arias, con contrato en Wolves hasta <strong>junio de 2029<\/strong>, respondi\u00f3 ante los rumores que lo vinculan con un posible regreso al f\u00fatbol brasilero. Estas fueron sus declaraciones:<\/span><\/p>\n<p style=\"text-align: justify;\"><span style=\"font-family: helvetica, arial, sans-serif;\">\u00abCreo que es normal. En el f\u00fatbol, \u200b\u200bsiempre hay rumores y especulaciones, m\u00e1s a\u00fan por todo lo que he logrado en Brasil. Es natural que me vinculen con un club u otro; es parte del proceso. Dada la situaci\u00f3n actual del club, que no es la mejor (tuvimos un mal comienzo de temporada), y como las temporadas son diferentes, <strong>en Brasil la gente ya est\u00e1 pensando en la pr\u00f3xima temporada<\/strong>, surgen estos rumores\u00bb, explic\u00f3.<\/span><\/p>\n<p style=\"text-align: justify;\"><span style=\"font-family: helvetica, arial, sans-serif;\">\u00abCreo que, con el mercado de fichajes abierto, <strong>aumentar\u00e1n las especulaciones<\/strong> sobre alg\u00fan gran club brasile\u00f1o, pero estoy tranquilo, <strong>consciente del momento que vivimos en el Wolverhampton<\/strong>, trabajando duro para conseguir nuestro objetivo y cambiar lo que estamos viviendo\u00bb, indic\u00f3.<\/span><\/p>\n<blockquote class=\"twitter-tweet\">\n<p dir=\"ltr\" lang=\"pt\">\ud83d\udea8 ATEN\u00c7\u00c3O!<\/p>\n<p>Em entrevista ao Flashscore, Jhon Arias falou sobre uma poss\u00edvel volta para o Brasil.<\/p>\n<p>\u00abAcho que isso \u00e9 normal. No futebol sempre existem rumores e especula\u00e7\u00f5es, ainda mais por tudo que conquistei no Brasil. \u00c9 natural que me vinculem a um ou outro clube, faz parte do\u2026 <a href=\"https:\/\/t.co\/PUffryhvkI\">pic.twitter.com\/PUffryhvkI<\/a><\/p>\n<p>\u2014 Planeta do Palmeiras \ud83c\udf0e (@Verdao_infos) <a href=\"https:\/\/twitter.com\/Verdao_infos\/status\/1998484049539817551?ref_src=twsrc%5Etfw\">December 9, 2025<\/a><\/p><\/blockquote>\n<p style=\"text-align: justify;\"><script async src=\"https:\/\/platform.twitter.com\/widgets.js\" charset=\"utf-8\"><\/script> <span style=\"font-family: helvetica, arial, sans-serif;\">Arias lleg\u00f3 a Inglaterra (donde pertenece su compatriota <strong>Yerson Mosquera<\/strong>), tras ser una de las principales figuras del Mundial de Clubes, cuando Fluminense cay\u00f3 eliminado en la semifinal ante el campe\u00f3n, <strong>Chelsea<\/strong>.\u00a0<\/span><\/p>\n<p style=\"text-align: justify;\"><span style=\"font-family: helvetica, arial, sans-serif;\">Los Wolves, bajo la direcci\u00f3n del t\u00e9cnico Rob Edwards buscan enderezar su presente ante el l\u00edder del campeonato, <strong>Arsenal<\/strong>, en calidad de visitante durante la fecha 16. El partido est\u00e1 programado para el <strong>s\u00e1bado 13 de diciembre<\/strong> a partir de las <strong>3:00 pm<\/strong> (hora Colombia).<\/span><\/p>\n","protected":false},"excerpt":{"rendered":"<p>El mediocampista de la Selecci\u00f3n Colombia, Jhon Arias, quien lleg\u00f3 a Wolverhampton para la temporada en curso en un traspaso de 22 millones euros, despej\u00f3 dudas sobre los rumores que lo vinculan con su regreso al f\u00fatbol brasilero. En di\u00e1logo con Flashscore, el chocoano de 28 a\u00f1os, que tambi\u00e9n se desempe\u00f1a como atacante por la [&hellip;]<\/p>\n","protected":false},"author":4,"featured_media":127182,"comment_status":"open","ping_status":"closed","sticky":false,"template":"","format":"standard","meta":{"_acf_changed":false,"footnotes":""},"categories":[5],"tags":[],"class_list":{"0":"post-127177","1":"post","2":"type-post","3":"status-publish","4":"format-standard","5":"has-post-thumbnail","7":"category-destacados"},"acf":[],"_links":{"self":[{"href":"https:\/\/futbolhoy.co\/index.php\/wp-json\/wp\/v2\/posts\/127177","targetHints":{"allow":["GET"]}}],"collection":[{"href":"https:\/\/futbolhoy.co\/index.php\/wp-json\/wp\/v2\/posts"}],"about":[{"href":"https:\/\/futbolhoy.co\/index.php\/wp-json\/wp\/v2\/types\/post"}],"author":[{"embeddable":true,"href":"https:\/\/futbolhoy.co\/index.php\/wp-json\/wp\/v2\/users\/4"}],"replies":[{"embeddable":true,"href":"https:\/\/futbolhoy.co\/index.php\/wp-json\/wp\/v2\/comments?post=127177"}],"version-history":[{"count":1,"href":"https:\/\/futbolhoy.co\/index.php\/wp-json\/wp\/v2\/posts\/127177\/revisions"}],"predecessor-version":[{"id":127183,"href":"https:\/\/futbolhoy.co\/index.php\/wp-json\/wp\/v2\/posts\/127177\/revisions\/127183"}],"wp:featuredmedia":[{"embeddable":true,"href":"https:\/\/futbolhoy.co\/index.php\/wp-json\/wp\/v2\/media\/127182"}],"wp:attachment":[{"href":"https:\/\/futbolhoy.co\/index.php\/wp-json\/wp\/v2\/media?parent=127177"}],"wp:term":[{"taxonomy":"category","embeddable":true,"href":"https:\/\/futbolhoy.co\/index.php\/wp-json\/wp\/v2\/categories?post=127177"},{"taxonomy":"post_tag","embeddable":true,"href":"https:\/\/futbolhoy.co\/index.php\/wp-json\/wp\/v2\/tags?post=127177"}],"curies":[{"name":"wp","href":"https:\/\/api.w.org\/{rel}","templated":true}]}}