{"id":127223,"date":"2025-12-11T21:56:33","date_gmt":"2025-12-12T02:56:33","guid":{"rendered":"https:\/\/futbolhoy.co\/?p=127223"},"modified":"2025-12-13T19:26:06","modified_gmt":"2025-12-14T00:26:06","slug":"richard-rios-recibio-gran-reconocimiento-tras-ser-figura-en-champions","status":"publish","type":"post","link":"https:\/\/futbolhoy.co\/index.php\/2025\/12\/11\/richard-rios-recibio-gran-reconocimiento-tras-ser-figura-en-champions\/","title":{"rendered":"Richard R\u00edos recibi\u00f3 gran reconocimiento tras ser figura en Champions"},"content":{"rendered":"<p style=\"text-align: justify;\"><span style=\"font-family: helvetica, arial, sans-serif;\"><strong>Richard R\u00edos<\/strong> fue una de las figuras de la semana en la <strong>Champions League.<\/strong> El colombiano marc\u00f3 gol y dio asistencia para la victoria de <strong>Benfica<\/strong> 2-0 sobre <strong>Napoli<\/strong> por la fecha 6 de la fase de liga.<\/span><\/p>\n<p style=\"text-align: justify;\"><span style=\"font-family: helvetica, arial, sans-serif;\">Tras su gran presentaci\u00f3n, la <strong>UEFA<\/strong> lo incluy\u00f3 en el equipo de la semana, el cual comparte con jugadores como <strong>Jules Kound\u00e9 de Barcelona, D\u00e1vid Hancko de Atl\u00e9tico de Madrid, Nico O\u2019Reilly de Manchester City, Lennart Karl de Bayern M\u00fcnchen y Noni Madueke<\/strong> de <strong>Arsenal<\/strong>, entre otros.<\/span><\/p>\n<p style=\"text-align: justify;\"><span style=\"font-family: helvetica, arial, sans-serif;\">\u201cCon sus oportunas carreras, el influyente colombiano marc\u00f3 el primer gol del Benfica contra el Napoli y asisti\u00f3 en el segundo, en una noche en la que cubri\u00f3 mucho terreno y lider\u00f3 con eficacia la agresiva presi\u00f3n del Benfica\u201c, describieron sobre R\u00edos en la p\u00e1gina.<\/span><\/p>\n<p style=\"text-align: justify;\"><strong><span style=\"font-family: helvetica, arial, sans-serif;\">XI ideal de la semana<\/span><\/strong><\/p>\n<p style=\"text-align: justify;\"><span style=\"font-family: helvetica, arial, sans-serif;\">4-3-3: Unai Sim\u00f3n (Athletic Club); Jules Kound\u00e9 (Barcelona), D\u00e1vid Hancko (Atl\u00e9tico de Madrid), Mohammed Salisu (AS M\u00f3naco), Nico O\u2019Reilly (Manchester City); Richard R\u00edos (Benfica), Charles De Ketelaere (Atalanta), Lennart Karl (Bayern M\u00fanich); Noni Madueke (Arsenal), Mason Greenwood (Marseille) y Anthony Gordon (Newcastle).<\/span><\/p>\n<blockquote class=\"twitter-tweet\">\n<p dir=\"ltr\" lang=\"en\">Team of the Week for MD6 \ud83d\udc47<a href=\"https:\/\/twitter.com\/cryptocom?ref_src=twsrc%5Etfw\">@cryptocom<\/a> | <a href=\"https:\/\/twitter.com\/hashtag\/UCLTOTW?src=hash&amp;ref_src=twsrc%5Etfw\">#UCLTOTW<\/a> <a href=\"https:\/\/t.co\/DGhHgJoBhN\">pic.twitter.com\/DGhHgJoBhN<\/a><\/p>\n<p>\u2014 UEFA Champions League (@ChampionsLeague) <a href=\"https:\/\/twitter.com\/ChampionsLeague\/status\/1999147164539163095?ref_src=twsrc%5Etfw\">December 11, 2025<\/a><\/p><\/blockquote>\n<p><script async src=\"https:\/\/platform.twitter.com\/widgets.js\" charset=\"utf-8\"><\/script><\/p>\n","protected":false},"excerpt":{"rendered":"<p>Richard R\u00edos fue una de las figuras de la semana en la Champions League. El colombiano marc\u00f3 gol y dio asistencia para la victoria de Benfica 2-0 sobre Napoli por la fecha 6 de la fase de liga. Tras su gran presentaci\u00f3n, la UEFA lo incluy\u00f3 en el equipo de la semana, el cual comparte [&hellip;]<\/p>\n","protected":false},"author":4,"featured_media":127224,"comment_status":"open","ping_status":"closed","sticky":false,"template":"","format":"standard","meta":{"_acf_changed":false,"footnotes":""},"categories":[4],"tags":[],"class_list":{"0":"post-127223","1":"post","2":"type-post","3":"status-publish","4":"format-standard","5":"has-post-thumbnail","7":"category-champions-league"},"acf":[],"_links":{"self":[{"href":"https:\/\/futbolhoy.co\/index.php\/wp-json\/wp\/v2\/posts\/127223","targetHints":{"allow":["GET"]}}],"collection":[{"href":"https:\/\/futbolhoy.co\/index.php\/wp-json\/wp\/v2\/posts"}],"about":[{"href":"https:\/\/futbolhoy.co\/index.php\/wp-json\/wp\/v2\/types\/post"}],"author":[{"embeddable":true,"href":"https:\/\/futbolhoy.co\/index.php\/wp-json\/wp\/v2\/users\/4"}],"replies":[{"embeddable":true,"href":"https:\/\/futbolhoy.co\/index.php\/wp-json\/wp\/v2\/comments?post=127223"}],"version-history":[{"count":1,"href":"https:\/\/futbolhoy.co\/index.php\/wp-json\/wp\/v2\/posts\/127223\/revisions"}],"predecessor-version":[{"id":127225,"href":"https:\/\/futbolhoy.co\/index.php\/wp-json\/wp\/v2\/posts\/127223\/revisions\/127225"}],"wp:featuredmedia":[{"embeddable":true,"href":"https:\/\/futbolhoy.co\/index.php\/wp-json\/wp\/v2\/media\/127224"}],"wp:attachment":[{"href":"https:\/\/futbolhoy.co\/index.php\/wp-json\/wp\/v2\/media?parent=127223"}],"wp:term":[{"taxonomy":"category","embeddable":true,"href":"https:\/\/futbolhoy.co\/index.php\/wp-json\/wp\/v2\/categories?post=127223"},{"taxonomy":"post_tag","embeddable":true,"href":"https:\/\/futbolhoy.co\/index.php\/wp-json\/wp\/v2\/tags?post=127223"}],"curies":[{"name":"wp","href":"https:\/\/api.w.org\/{rel}","templated":true}]}}