{"id":127367,"date":"2025-12-17T09:20:07","date_gmt":"2025-12-17T14:20:07","guid":{"rendered":"https:\/\/futbolhoy.co\/?p=127367"},"modified":"2025-12-17T21:40:27","modified_gmt":"2025-12-18T02:40:27","slug":"alfredo-arias-rompio-la-racha-y-salio-campeon-eramos-los-unicos-que-creiamos","status":"publish","type":"post","link":"https:\/\/futbolhoy.co\/index.php\/2025\/12\/17\/alfredo-arias-rompio-la-racha-y-salio-campeon-eramos-los-unicos-que-creiamos\/","title":{"rendered":"Alfredo Arias rompi\u00f3 la racha y sali\u00f3 campe\u00f3n: \u201c\u00c9ramos los \u00fanicos que cre\u00edamos\u201d"},"content":{"rendered":"<p style=\"text-align: justify;\"><span style=\"font-family: helvetica, arial, sans-serif;\"><strong>Alfredo Arias<\/strong> rompi\u00f3 su maleficio en <strong>Colombia<\/strong> y por fin pudo gritar campe\u00f3n. El t\u00e9cnico uruguayo pas\u00f3 por tres equipos antes de lograr el t\u00edtulo con <strong>Junior,<\/strong> club que justamente fue verdugo en 2023 cuando estaba al frente del <strong>Medell\u00edn<\/strong>.<\/span><\/p>\n<p style=\"text-align: justify;\"><span style=\"font-family: helvetica, arial, sans-serif;\">Lleg\u00f3 en 2020 para dirigir al <strong>Cali<\/strong>, pero se qued\u00f3 en cuartos de final. En 2021 fu destituido del Azucarero y a los pocos meses <strong>Dudamel<\/strong> fue el que lavant\u00f3 el t\u00edtulo.<\/span><\/p>\n<p style=\"text-align: justify;\"><span style=\"font-family: helvetica, arial, sans-serif;\">En 2022 aterriz\u00f3 en <strong>Santa Fe<\/strong> y, si bien su equipo pintaba para ser campe\u00f3n, el equipo se cay\u00f3 tras conocerse que ten\u00eda un acuerdo con <strong>Pe\u00f1arol<\/strong> y que deb\u00eda volver a Uruguay por temas familiares.<\/span><\/p>\n<p style=\"text-align: justify;\"><span style=\"font-family: helvetica, arial, sans-serif;\">En Pe\u00f1arol dur\u00f3 seis meses y a mediados de 2023 fue presentado en <strong>Medell\u00edn,<\/strong> con el que disput\u00f3 un gran campeonato y lo meti\u00f3 a la final. Sin embargo, perdi\u00f3 la final de local ante el club que hoy lo llev\u00f3 a la gloria tras poco m\u00e1s de cinco meses de su llegada a <strong>Barranquilla.<\/strong><\/span><\/p>\n<p style=\"text-align: justify;\"><span style=\"font-family: helvetica, arial, sans-serif;\">\u201cHab\u00edamos llegado a las finales y las perd\u00edamos, la vida no es de resultados, es la vida que le da valor a esos resultados cuando el camino es bueno y despu\u00e9s de eso nos levantamos despu\u00e9s de perder\u201d, dijo en rueda de prensa.<\/span><\/p>\n<p style=\"text-align: justify;\"><span style=\"font-family: helvetica, arial, sans-serif;\">\u201cEl equipo dio el alma no solo los titulares sino los suplentes. Nosotros \u00e9ramos los \u00fanicos que cre\u00edamos que \u00edbamos a ser campeones. Hab\u00edamos llegado a las finales y las perd\u00edamos, la vida no es de resultados, es la vida que le da valor a esos resultados cuando el camino es bueno y despu\u00e9s de eso nos levantamos despu\u00e9s de perder\u201d, a\u00f1adi\u00f3 mostrando la confianza que hab\u00eda en el plantel.<\/span><\/p>\n","protected":false},"excerpt":{"rendered":"<p>Alfredo Arias rompi\u00f3 su maleficio en Colombia y por fin pudo gritar campe\u00f3n. El t\u00e9cnico uruguayo pas\u00f3 por tres equipos antes de lograr el t\u00edtulo con Junior, club que justamente fue verdugo en 2023 cuando estaba al frente del Medell\u00edn. Lleg\u00f3 en 2020 para dirigir al Cali, pero se qued\u00f3 en cuartos de final. En [&hellip;]<\/p>\n","protected":false},"author":4,"featured_media":127368,"comment_status":"open","ping_status":"open","sticky":false,"template":"","format":"standard","meta":{"_acf_changed":false,"footnotes":""},"categories":[7],"tags":[],"class_list":{"0":"post-127367","1":"post","2":"type-post","3":"status-publish","4":"format-standard","5":"has-post-thumbnail","7":"category-liga-betplay"},"acf":[],"yoast_head":"<!-- This site is optimized with the Yoast SEO plugin v26.8 - https:\/\/yoast.com\/product\/yoast-seo-wordpress\/ -->\n<title>Alfredo Arias rompi\u00f3 la racha y sali\u00f3 campe\u00f3n: \u201c\u00c9ramos los \u00fanicos que cre\u00edamos\u201d -<\/title>\n<meta name=\"robots\" content=\"index, follow, max-snippet:-1, max-image-preview:large, max-video-preview:-1\" \/>\n<link rel=\"canonical\" href=\"https:\/\/futbolhoy.co\/index.php\/2025\/12\/17\/alfredo-arias-rompio-la-racha-y-salio-campeon-eramos-los-unicos-que-creiamos\/\" \/>\n<meta property=\"og:locale\" content=\"es_ES\" \/>\n<meta property=\"og:type\" content=\"article\" \/>\n<meta property=\"og:title\" content=\"Alfredo Arias rompi\u00f3 la racha y sali\u00f3 campe\u00f3n: \u201c\u00c9ramos los \u00fanicos que cre\u00edamos\u201d -\" \/>\n<meta property=\"og:description\" content=\"Alfredo Arias rompi\u00f3 su maleficio en Colombia y por fin pudo gritar campe\u00f3n. El t\u00e9cnico uruguayo pas\u00f3 por tres equipos antes de lograr el t\u00edtulo con Junior, club que justamente fue verdugo en 2023 cuando estaba al frente del Medell\u00edn. Lleg\u00f3 en 2020 para dirigir al Cali, pero se qued\u00f3 en cuartos de final. En [&hellip;]\" \/>\n<meta property=\"og:url\" content=\"https:\/\/futbolhoy.co\/index.php\/2025\/12\/17\/alfredo-arias-rompio-la-racha-y-salio-campeon-eramos-los-unicos-que-creiamos\/\" \/>\n<meta property=\"article:publisher\" content=\"https:\/\/www.facebook.com\/FutbolHoyCol\/\" \/>\n<meta property=\"article:published_time\" content=\"2025-12-17T14:20:07+00:00\" \/>\n<meta property=\"article:modified_time\" content=\"2025-12-18T02:40:27+00:00\" \/>\n<meta property=\"og:image\" content=\"https:\/\/futbolhoy.co\/wp-content\/uploads\/2025\/12\/IMG_3659.jpeg\" \/>\n\t<meta property=\"og:image:width\" content=\"986\" \/>\n\t<meta property=\"og:image:height\" content=\"658\" \/>\n\t<meta property=\"og:image:type\" content=\"image\/jpeg\" \/>\n<meta name=\"author\" content=\"contenido\" \/>\n<meta name=\"twitter:card\" content=\"summary_large_image\" \/>\n<meta name=\"twitter:creator\" content=\"@FutbolHoyCol\" \/>\n<meta name=\"twitter:site\" content=\"@FutbolHoyCol\" \/>\n<meta name=\"twitter:label1\" content=\"Escrito por\" \/>\n\t<meta name=\"twitter:data1\" content=\"contenido\" \/>\n\t<meta name=\"twitter:label2\" content=\"Tiempo de lectura\" \/>\n\t<meta name=\"twitter:data2\" content=\"1 minuto\" \/>\n<script type=\"application\/ld+json\" class=\"yoast-schema-graph\">{\"@context\":\"https:\/\/schema.org\",\"@graph\":[{\"@type\":\"Article\",\"@id\":\"https:\/\/futbolhoy.co\/index.php\/2025\/12\/17\/alfredo-arias-rompio-la-racha-y-salio-campeon-eramos-los-unicos-que-creiamos\/#article\",\"isPartOf\":{\"@id\":\"https:\/\/futbolhoy.co\/index.php\/2025\/12\/17\/alfredo-arias-rompio-la-racha-y-salio-campeon-eramos-los-unicos-que-creiamos\/\"},\"author\":{\"name\":\"contenido\",\"@id\":\"https:\/\/futbolhoy.co\/#\/schema\/person\/1721b69355b6623eaff15ac7b92d4cc3\"},\"headline\":\"Alfredo Arias rompi\u00f3 la racha y sali\u00f3 campe\u00f3n: \u201c\u00c9ramos los \u00fanicos que cre\u00edamos\u201d\",\"datePublished\":\"2025-12-17T14:20:07+00:00\",\"dateModified\":\"2025-12-18T02:40:27+00:00\",\"mainEntityOfPage\":{\"@id\":\"https:\/\/futbolhoy.co\/index.php\/2025\/12\/17\/alfredo-arias-rompio-la-racha-y-salio-campeon-eramos-los-unicos-que-creiamos\/\"},\"wordCount\":309,\"commentCount\":0,\"publisher\":{\"@id\":\"https:\/\/futbolhoy.co\/#organization\"},\"image\":{\"@id\":\"https:\/\/futbolhoy.co\/index.php\/2025\/12\/17\/alfredo-arias-rompio-la-racha-y-salio-campeon-eramos-los-unicos-que-creiamos\/#primaryimage\"},\"thumbnailUrl\":\"https:\/\/futbolhoy.co\/wp-content\/uploads\/2025\/12\/IMG_3659.jpeg\",\"articleSection\":[\"Liga BetPlay\"],\"inLanguage\":\"es\",\"potentialAction\":[{\"@type\":\"CommentAction\",\"name\":\"Comment\",\"target\":[\"https:\/\/futbolhoy.co\/index.php\/2025\/12\/17\/alfredo-arias-rompio-la-racha-y-salio-campeon-eramos-los-unicos-que-creiamos\/#respond\"]}]},{\"@type\":\"WebPage\",\"@id\":\"https:\/\/futbolhoy.co\/index.php\/2025\/12\/17\/alfredo-arias-rompio-la-racha-y-salio-campeon-eramos-los-unicos-que-creiamos\/\",\"url\":\"https:\/\/futbolhoy.co\/index.php\/2025\/12\/17\/alfredo-arias-rompio-la-racha-y-salio-campeon-eramos-los-unicos-que-creiamos\/\",\"name\":\"Alfredo Arias rompi\u00f3 la racha y sali\u00f3 campe\u00f3n: \u201c\u00c9ramos los \u00fanicos que cre\u00edamos\u201d -\",\"isPartOf\":{\"@id\":\"https:\/\/futbolhoy.co\/#website\"},\"primaryImageOfPage\":{\"@id\":\"https:\/\/futbolhoy.co\/index.php\/2025\/12\/17\/alfredo-arias-rompio-la-racha-y-salio-campeon-eramos-los-unicos-que-creiamos\/#primaryimage\"},\"image\":{\"@id\":\"https:\/\/futbolhoy.co\/index.php\/2025\/12\/17\/alfredo-arias-rompio-la-racha-y-salio-campeon-eramos-los-unicos-que-creiamos\/#primaryimage\"},\"thumbnailUrl\":\"https:\/\/futbolhoy.co\/wp-content\/uploads\/2025\/12\/IMG_3659.jpeg\",\"datePublished\":\"2025-12-17T14:20:07+00:00\",\"dateModified\":\"2025-12-18T02:40:27+00:00\",\"breadcrumb\":{\"@id\":\"https:\/\/futbolhoy.co\/index.php\/2025\/12\/17\/alfredo-arias-rompio-la-racha-y-salio-campeon-eramos-los-unicos-que-creiamos\/#breadcrumb\"},\"inLanguage\":\"es\",\"potentialAction\":[{\"@type\":\"ReadAction\",\"target\":[\"https:\/\/futbolhoy.co\/index.php\/2025\/12\/17\/alfredo-arias-rompio-la-racha-y-salio-campeon-eramos-los-unicos-que-creiamos\/\"]}]},{\"@type\":\"ImageObject\",\"inLanguage\":\"es\",\"@id\":\"https:\/\/futbolhoy.co\/index.php\/2025\/12\/17\/alfredo-arias-rompio-la-racha-y-salio-campeon-eramos-los-unicos-que-creiamos\/#primaryimage\",\"url\":\"https:\/\/futbolhoy.co\/wp-content\/uploads\/2025\/12\/IMG_3659.jpeg\",\"contentUrl\":\"https:\/\/futbolhoy.co\/wp-content\/uploads\/2025\/12\/IMG_3659.jpeg\",\"width\":986,\"height\":658},{\"@type\":\"BreadcrumbList\",\"@id\":\"https:\/\/futbolhoy.co\/index.php\/2025\/12\/17\/alfredo-arias-rompio-la-racha-y-salio-campeon-eramos-los-unicos-que-creiamos\/#breadcrumb\",\"itemListElement\":[{\"@type\":\"ListItem\",\"position\":1,\"name\":\"Portada\",\"item\":\"https:\/\/futbolhoy.co\/\"},{\"@type\":\"ListItem\",\"position\":2,\"name\":\"Alfredo Arias rompi\u00f3 la racha y sali\u00f3 campe\u00f3n: \u201c\u00c9ramos los \u00fanicos que cre\u00edamos\u201d\"}]},{\"@type\":\"WebSite\",\"@id\":\"https:\/\/futbolhoy.co\/#website\",\"url\":\"https:\/\/futbolhoy.co\/\",\"name\":\"FutbolHoy\",\"description\":\"\",\"publisher\":{\"@id\":\"https:\/\/futbolhoy.co\/#organization\"},\"potentialAction\":[{\"@type\":\"SearchAction\",\"target\":{\"@type\":\"EntryPoint\",\"urlTemplate\":\"https:\/\/futbolhoy.co\/?s={search_term_string}\"},\"query-input\":{\"@type\":\"PropertyValueSpecification\",\"valueRequired\":true,\"valueName\":\"search_term_string\"}}],\"inLanguage\":\"es\"},{\"@type\":\"Organization\",\"@id\":\"https:\/\/futbolhoy.co\/#organization\",\"name\":\"Futbolhoy.co\",\"url\":\"https:\/\/futbolhoy.co\/\",\"logo\":{\"@type\":\"ImageObject\",\"inLanguage\":\"es\",\"@id\":\"https:\/\/futbolhoy.co\/#\/schema\/logo\/image\/\",\"url\":\"https:\/\/futbolhoy.co\/wp-content\/uploads\/2018\/08\/17426380_1906371736249227_6326180412931521141_n.jpg\",\"contentUrl\":\"https:\/\/futbolhoy.co\/wp-content\/uploads\/2018\/08\/17426380_1906371736249227_6326180412931521141_n.jpg\",\"width\":960,\"height\":960,\"caption\":\"Futbolhoy.co\"},\"image\":{\"@id\":\"https:\/\/futbolhoy.co\/#\/schema\/logo\/image\/\"},\"sameAs\":[\"https:\/\/www.facebook.com\/FutbolHoyCol\/\",\"https:\/\/x.com\/FutbolHoyCol\",\"https:\/\/www.instagram.com\/futbolhoycol\/\"]},{\"@type\":\"Person\",\"@id\":\"https:\/\/futbolhoy.co\/#\/schema\/person\/1721b69355b6623eaff15ac7b92d4cc3\",\"name\":\"contenido\",\"image\":{\"@type\":\"ImageObject\",\"inLanguage\":\"es\",\"@id\":\"https:\/\/futbolhoy.co\/#\/schema\/person\/image\/\",\"url\":\"https:\/\/secure.gravatar.com\/avatar\/4f656d3256f5134f466206e7c3941518?s=96&d=mm&r=g\",\"contentUrl\":\"https:\/\/secure.gravatar.com\/avatar\/4f656d3256f5134f466206e7c3941518?s=96&d=mm&r=g\",\"caption\":\"contenido\"}}]}<\/script>\n<!-- \/ Yoast SEO plugin. -->","yoast_head_json":{"title":"Alfredo Arias rompi\u00f3 la racha y sali\u00f3 campe\u00f3n: \u201c\u00c9ramos los \u00fanicos que cre\u00edamos\u201d -","robots":{"index":"index","follow":"follow","max-snippet":"max-snippet:-1","max-image-preview":"max-image-preview:large","max-video-preview":"max-video-preview:-1"},"canonical":"https:\/\/futbolhoy.co\/index.php\/2025\/12\/17\/alfredo-arias-rompio-la-racha-y-salio-campeon-eramos-los-unicos-que-creiamos\/","og_locale":"es_ES","og_type":"article","og_title":"Alfredo Arias rompi\u00f3 la racha y sali\u00f3 campe\u00f3n: \u201c\u00c9ramos los \u00fanicos que cre\u00edamos\u201d -","og_description":"Alfredo Arias rompi\u00f3 su maleficio en Colombia y por fin pudo gritar campe\u00f3n. El t\u00e9cnico uruguayo pas\u00f3 por tres equipos antes de lograr el t\u00edtulo con Junior, club que justamente fue verdugo en 2023 cuando estaba al frente del Medell\u00edn. Lleg\u00f3 en 2020 para dirigir al Cali, pero se qued\u00f3 en cuartos de final. En [&hellip;]","og_url":"https:\/\/futbolhoy.co\/index.php\/2025\/12\/17\/alfredo-arias-rompio-la-racha-y-salio-campeon-eramos-los-unicos-que-creiamos\/","article_publisher":"https:\/\/www.facebook.com\/FutbolHoyCol\/","article_published_time":"2025-12-17T14:20:07+00:00","article_modified_time":"2025-12-18T02:40:27+00:00","og_image":[{"width":986,"height":658,"url":"https:\/\/futbolhoy.co\/wp-content\/uploads\/2025\/12\/IMG_3659.jpeg","type":"image\/jpeg"}],"author":"contenido","twitter_card":"summary_large_image","twitter_creator":"@FutbolHoyCol","twitter_site":"@FutbolHoyCol","twitter_misc":{"Escrito por":"contenido","Tiempo de lectura":"1 minuto"},"schema":{"@context":"https:\/\/schema.org","@graph":[{"@type":"Article","@id":"https:\/\/futbolhoy.co\/index.php\/2025\/12\/17\/alfredo-arias-rompio-la-racha-y-salio-campeon-eramos-los-unicos-que-creiamos\/#article","isPartOf":{"@id":"https:\/\/futbolhoy.co\/index.php\/2025\/12\/17\/alfredo-arias-rompio-la-racha-y-salio-campeon-eramos-los-unicos-que-creiamos\/"},"author":{"name":"contenido","@id":"https:\/\/futbolhoy.co\/#\/schema\/person\/1721b69355b6623eaff15ac7b92d4cc3"},"headline":"Alfredo Arias rompi\u00f3 la racha y sali\u00f3 campe\u00f3n: \u201c\u00c9ramos los \u00fanicos que cre\u00edamos\u201d","datePublished":"2025-12-17T14:20:07+00:00","dateModified":"2025-12-18T02:40:27+00:00","mainEntityOfPage":{"@id":"https:\/\/futbolhoy.co\/index.php\/2025\/12\/17\/alfredo-arias-rompio-la-racha-y-salio-campeon-eramos-los-unicos-que-creiamos\/"},"wordCount":309,"commentCount":0,"publisher":{"@id":"https:\/\/futbolhoy.co\/#organization"},"image":{"@id":"https:\/\/futbolhoy.co\/index.php\/2025\/12\/17\/alfredo-arias-rompio-la-racha-y-salio-campeon-eramos-los-unicos-que-creiamos\/#primaryimage"},"thumbnailUrl":"https:\/\/futbolhoy.co\/wp-content\/uploads\/2025\/12\/IMG_3659.jpeg","articleSection":["Liga BetPlay"],"inLanguage":"es","potentialAction":[{"@type":"CommentAction","name":"Comment","target":["https:\/\/futbolhoy.co\/index.php\/2025\/12\/17\/alfredo-arias-rompio-la-racha-y-salio-campeon-eramos-los-unicos-que-creiamos\/#respond"]}]},{"@type":"WebPage","@id":"https:\/\/futbolhoy.co\/index.php\/2025\/12\/17\/alfredo-arias-rompio-la-racha-y-salio-campeon-eramos-los-unicos-que-creiamos\/","url":"https:\/\/futbolhoy.co\/index.php\/2025\/12\/17\/alfredo-arias-rompio-la-racha-y-salio-campeon-eramos-los-unicos-que-creiamos\/","name":"Alfredo Arias rompi\u00f3 la racha y sali\u00f3 campe\u00f3n: \u201c\u00c9ramos los \u00fanicos que cre\u00edamos\u201d -","isPartOf":{"@id":"https:\/\/futbolhoy.co\/#website"},"primaryImageOfPage":{"@id":"https:\/\/futbolhoy.co\/index.php\/2025\/12\/17\/alfredo-arias-rompio-la-racha-y-salio-campeon-eramos-los-unicos-que-creiamos\/#primaryimage"},"image":{"@id":"https:\/\/futbolhoy.co\/index.php\/2025\/12\/17\/alfredo-arias-rompio-la-racha-y-salio-campeon-eramos-los-unicos-que-creiamos\/#primaryimage"},"thumbnailUrl":"https:\/\/futbolhoy.co\/wp-content\/uploads\/2025\/12\/IMG_3659.jpeg","datePublished":"2025-12-17T14:20:07+00:00","dateModified":"2025-12-18T02:40:27+00:00","breadcrumb":{"@id":"https:\/\/futbolhoy.co\/index.php\/2025\/12\/17\/alfredo-arias-rompio-la-racha-y-salio-campeon-eramos-los-unicos-que-creiamos\/#breadcrumb"},"inLanguage":"es","potentialAction":[{"@type":"ReadAction","target":["https:\/\/futbolhoy.co\/index.php\/2025\/12\/17\/alfredo-arias-rompio-la-racha-y-salio-campeon-eramos-los-unicos-que-creiamos\/"]}]},{"@type":"ImageObject","inLanguage":"es","@id":"https:\/\/futbolhoy.co\/index.php\/2025\/12\/17\/alfredo-arias-rompio-la-racha-y-salio-campeon-eramos-los-unicos-que-creiamos\/#primaryimage","url":"https:\/\/futbolhoy.co\/wp-content\/uploads\/2025\/12\/IMG_3659.jpeg","contentUrl":"https:\/\/futbolhoy.co\/wp-content\/uploads\/2025\/12\/IMG_3659.jpeg","width":986,"height":658},{"@type":"BreadcrumbList","@id":"https:\/\/futbolhoy.co\/index.php\/2025\/12\/17\/alfredo-arias-rompio-la-racha-y-salio-campeon-eramos-los-unicos-que-creiamos\/#breadcrumb","itemListElement":[{"@type":"ListItem","position":1,"name":"Portada","item":"https:\/\/futbolhoy.co\/"},{"@type":"ListItem","position":2,"name":"Alfredo Arias rompi\u00f3 la racha y sali\u00f3 campe\u00f3n: \u201c\u00c9ramos los \u00fanicos que cre\u00edamos\u201d"}]},{"@type":"WebSite","@id":"https:\/\/futbolhoy.co\/#website","url":"https:\/\/futbolhoy.co\/","name":"FutbolHoy","description":"","publisher":{"@id":"https:\/\/futbolhoy.co\/#organization"},"potentialAction":[{"@type":"SearchAction","target":{"@type":"EntryPoint","urlTemplate":"https:\/\/futbolhoy.co\/?s={search_term_string}"},"query-input":{"@type":"PropertyValueSpecification","valueRequired":true,"valueName":"search_term_string"}}],"inLanguage":"es"},{"@type":"Organization","@id":"https:\/\/futbolhoy.co\/#organization","name":"Futbolhoy.co","url":"https:\/\/futbolhoy.co\/","logo":{"@type":"ImageObject","inLanguage":"es","@id":"https:\/\/futbolhoy.co\/#\/schema\/logo\/image\/","url":"https:\/\/futbolhoy.co\/wp-content\/uploads\/2018\/08\/17426380_1906371736249227_6326180412931521141_n.jpg","contentUrl":"https:\/\/futbolhoy.co\/wp-content\/uploads\/2018\/08\/17426380_1906371736249227_6326180412931521141_n.jpg","width":960,"height":960,"caption":"Futbolhoy.co"},"image":{"@id":"https:\/\/futbolhoy.co\/#\/schema\/logo\/image\/"},"sameAs":["https:\/\/www.facebook.com\/FutbolHoyCol\/","https:\/\/x.com\/FutbolHoyCol","https:\/\/www.instagram.com\/futbolhoycol\/"]},{"@type":"Person","@id":"https:\/\/futbolhoy.co\/#\/schema\/person\/1721b69355b6623eaff15ac7b92d4cc3","name":"contenido","image":{"@type":"ImageObject","inLanguage":"es","@id":"https:\/\/futbolhoy.co\/#\/schema\/person\/image\/","url":"https:\/\/secure.gravatar.com\/avatar\/4f656d3256f5134f466206e7c3941518?s=96&d=mm&r=g","contentUrl":"https:\/\/secure.gravatar.com\/avatar\/4f656d3256f5134f466206e7c3941518?s=96&d=mm&r=g","caption":"contenido"}}]}},"publishpress_future_action":{"enabled":false,"date":"2026-05-03 14:34:18","action":"change-status","newStatus":"draft","terms":[],"taxonomy":"category","extraData":[]},"publishpress_future_workflow_manual_trigger":{"enabledWorkflows":[]},"_links":{"self":[{"href":"https:\/\/futbolhoy.co\/index.php\/wp-json\/wp\/v2\/posts\/127367","targetHints":{"allow":["GET"]}}],"collection":[{"href":"https:\/\/futbolhoy.co\/index.php\/wp-json\/wp\/v2\/posts"}],"about":[{"href":"https:\/\/futbolhoy.co\/index.php\/wp-json\/wp\/v2\/types\/post"}],"author":[{"embeddable":true,"href":"https:\/\/futbolhoy.co\/index.php\/wp-json\/wp\/v2\/users\/4"}],"replies":[{"embeddable":true,"href":"https:\/\/futbolhoy.co\/index.php\/wp-json\/wp\/v2\/comments?post=127367"}],"version-history":[{"count":3,"href":"https:\/\/futbolhoy.co\/index.php\/wp-json\/wp\/v2\/posts\/127367\/revisions"}],"predecessor-version":[{"id":127371,"href":"https:\/\/futbolhoy.co\/index.php\/wp-json\/wp\/v2\/posts\/127367\/revisions\/127371"}],"wp:featuredmedia":[{"embeddable":true,"href":"https:\/\/futbolhoy.co\/index.php\/wp-json\/wp\/v2\/media\/127368"}],"wp:attachment":[{"href":"https:\/\/futbolhoy.co\/index.php\/wp-json\/wp\/v2\/media?parent=127367"}],"wp:term":[{"taxonomy":"category","embeddable":true,"href":"https:\/\/futbolhoy.co\/index.php\/wp-json\/wp\/v2\/categories?post=127367"},{"taxonomy":"post_tag","embeddable":true,"href":"https:\/\/futbolhoy.co\/index.php\/wp-json\/wp\/v2\/tags?post=127367"}],"curies":[{"name":"wp","href":"https:\/\/api.w.org\/{rel}","templated":true}]}}