{"id":127932,"date":"2026-01-05T10:58:14","date_gmt":"2026-01-05T15:58:14","guid":{"rendered":"https:\/\/futbolhoy.co\/?p=127932"},"modified":"2026-01-06T08:54:36","modified_gmt":"2026-01-06T13:54:36","slug":"jermein-pena-confirma-tener-ofertas-de-turquia-argentina-y-brasil","status":"publish","type":"post","link":"https:\/\/futbolhoy.co\/index.php\/2026\/01\/05\/jermein-pena-confirma-tener-ofertas-de-turquia-argentina-y-brasil\/","title":{"rendered":"Jermein Pe\u00f1a confirma tener ofertas de Turqu\u00eda, Argentina y Brasil"},"content":{"rendered":"<p style=\"text-align: justify;\"><span style=\"font-family: helvetica, arial, sans-serif;\"><strong>Junior de Barranquilla<\/strong> inici\u00f3 la <strong>pretemporada<\/strong> con los ex\u00e1menes m\u00e9dicos correspondientes al plantel de jugadores. En medio de todo este proceso, <strong>Jermein Pe\u00f1a<\/strong> habl\u00f3 ante los medios de comunicaci\u00f3n sobre lo que ser\u00e1 su futuro deportivo.<\/span><\/p>\n<p style=\"text-align: justify;\"><span style=\"font-family: helvetica, arial, sans-serif;\">Inicialmente, el defensor central advirti\u00f3 que \"<strong>lo que m\u00e1s quiero es quedarme ac\u00e1 en Junior<\/strong>\", debido a que <strong>le restan seis meses de contrato<\/strong> y est\u00e1 por disputar la fase de grupos de la <strong>Copa Libertadores 2026<\/strong>.<\/span><\/p>\n<p style=\"text-align: justify;\"><span style=\"font-family: helvetica, arial, sans-serif;\">Ahora bien, tambi\u00e9n tiene la oportunidad de salir al f\u00fatbol del exterior, pero todav\u00eda no hay nada concreto de cara a lo que viene: \"<strong>Hay ofertas de Turqu\u00eda, Argentina y Brasil.<\/strong> Toca esperar porque todav\u00eda soy parte de Junior\".<\/span><\/p>\n<p style=\"text-align: justify;\"><span style=\"font-family: helvetica, arial, sans-serif;\">En este orden de ideas, habr\u00e1 que esperar por lo que ocurra las pr\u00f3ximas semanas con <strong>Pe\u00f1a<\/strong>, recordando que el mercado de pases permanece abierto hasta finales del mes de enero. Con 26 a\u00f1os, el zaguero lleva ya dos a\u00f1os y medio en la instituci\u00f3n rojiblanca y su pase est\u00e1 avaluado en <strong>650 mil euros<\/strong>.<\/span><\/p>\n","protected":false},"excerpt":{"rendered":"<p>Junior de Barranquilla inici\u00f3 la pretemporada con los ex\u00e1menes m\u00e9dicos correspondientes al plantel de jugadores. En medio de todo este proceso, Jermein Pe\u00f1a habl\u00f3 ante los medios de comunicaci\u00f3n sobre lo que ser\u00e1 su futuro deportivo. Inicialmente, el defensor central advirti\u00f3 que \"lo que m\u00e1s quiero es quedarme ac\u00e1 en Junior\", debido a que le [&hellip;]<\/p>\n","protected":false},"author":4,"featured_media":127933,"comment_status":"open","ping_status":"open","sticky":false,"template":"","format":"standard","meta":{"_acf_changed":false,"footnotes":""},"categories":[7],"tags":[],"class_list":{"0":"post-127932","1":"post","2":"type-post","3":"status-publish","4":"format-standard","5":"has-post-thumbnail","7":"category-liga-betplay"},"acf":[],"yoast_head":"<!-- This site is optimized with the Yoast SEO plugin v26.8 - https:\/\/yoast.com\/product\/yoast-seo-wordpress\/ -->\n<title>Jermein Pe\u00f1a confirma tener ofertas de Turqu\u00eda, Argentina y Brasil -<\/title>\n<meta name=\"robots\" content=\"index, follow, max-snippet:-1, max-image-preview:large, max-video-preview:-1\" \/>\n<link rel=\"canonical\" href=\"https:\/\/futbolhoy.co\/index.php\/2026\/01\/05\/jermein-pena-confirma-tener-ofertas-de-turquia-argentina-y-brasil\/\" \/>\n<meta property=\"og:locale\" content=\"es_ES\" \/>\n<meta property=\"og:type\" content=\"article\" \/>\n<meta property=\"og:title\" content=\"Jermein Pe\u00f1a confirma tener ofertas de Turqu\u00eda, Argentina y Brasil -\" \/>\n<meta property=\"og:description\" content=\"Junior de Barranquilla inici\u00f3 la pretemporada con los ex\u00e1menes m\u00e9dicos correspondientes al plantel de jugadores. En medio de todo este proceso, Jermein Pe\u00f1a habl\u00f3 ante los medios de comunicaci\u00f3n sobre lo que ser\u00e1 su futuro deportivo. Inicialmente, el defensor central advirti\u00f3 que &quot;lo que m\u00e1s quiero es quedarme ac\u00e1 en Junior&quot;, debido a que le [&hellip;]\" \/>\n<meta property=\"og:url\" content=\"https:\/\/futbolhoy.co\/index.php\/2026\/01\/05\/jermein-pena-confirma-tener-ofertas-de-turquia-argentina-y-brasil\/\" \/>\n<meta property=\"article:publisher\" content=\"https:\/\/www.facebook.com\/FutbolHoyCol\/\" \/>\n<meta property=\"article:published_time\" content=\"2026-01-05T15:58:14+00:00\" \/>\n<meta property=\"article:modified_time\" content=\"2026-01-06T13:54:36+00:00\" \/>\n<meta property=\"og:image\" content=\"https:\/\/futbolhoy.co\/wp-content\/uploads\/2026\/01\/Estudiar-SENA-768-x-576-px-1-1.png\" \/>\n\t<meta property=\"og:image:width\" content=\"768\" \/>\n\t<meta property=\"og:image:height\" content=\"576\" \/>\n\t<meta property=\"og:image:type\" content=\"image\/png\" \/>\n<meta name=\"author\" content=\"contenido\" \/>\n<meta name=\"twitter:card\" content=\"summary_large_image\" \/>\n<meta name=\"twitter:creator\" content=\"@FutbolHoyCol\" \/>\n<meta name=\"twitter:site\" content=\"@FutbolHoyCol\" \/>\n<meta name=\"twitter:label1\" content=\"Escrito por\" \/>\n\t<meta name=\"twitter:data1\" content=\"contenido\" \/>\n\t<meta name=\"twitter:label2\" content=\"Tiempo de lectura\" \/>\n\t<meta name=\"twitter:data2\" content=\"1 minuto\" \/>\n<script type=\"application\/ld+json\" class=\"yoast-schema-graph\">{\"@context\":\"https:\/\/schema.org\",\"@graph\":[{\"@type\":\"Article\",\"@id\":\"https:\/\/futbolhoy.co\/index.php\/2026\/01\/05\/jermein-pena-confirma-tener-ofertas-de-turquia-argentina-y-brasil\/#article\",\"isPartOf\":{\"@id\":\"https:\/\/futbolhoy.co\/index.php\/2026\/01\/05\/jermein-pena-confirma-tener-ofertas-de-turquia-argentina-y-brasil\/\"},\"author\":{\"name\":\"contenido\",\"@id\":\"https:\/\/futbolhoy.co\/#\/schema\/person\/1721b69355b6623eaff15ac7b92d4cc3\"},\"headline\":\"Jermein Pe\u00f1a confirma tener ofertas de Turqu\u00eda, Argentina y Brasil\",\"datePublished\":\"2026-01-05T15:58:14+00:00\",\"dateModified\":\"2026-01-06T13:54:36+00:00\",\"mainEntityOfPage\":{\"@id\":\"https:\/\/futbolhoy.co\/index.php\/2026\/01\/05\/jermein-pena-confirma-tener-ofertas-de-turquia-argentina-y-brasil\/\"},\"wordCount\":191,\"commentCount\":0,\"publisher\":{\"@id\":\"https:\/\/futbolhoy.co\/#organization\"},\"image\":{\"@id\":\"https:\/\/futbolhoy.co\/index.php\/2026\/01\/05\/jermein-pena-confirma-tener-ofertas-de-turquia-argentina-y-brasil\/#primaryimage\"},\"thumbnailUrl\":\"https:\/\/futbolhoy.co\/wp-content\/uploads\/2026\/01\/Estudiar-SENA-768-x-576-px-1-1.png\",\"articleSection\":[\"Liga BetPlay\"],\"inLanguage\":\"es\",\"potentialAction\":[{\"@type\":\"CommentAction\",\"name\":\"Comment\",\"target\":[\"https:\/\/futbolhoy.co\/index.php\/2026\/01\/05\/jermein-pena-confirma-tener-ofertas-de-turquia-argentina-y-brasil\/#respond\"]}]},{\"@type\":\"WebPage\",\"@id\":\"https:\/\/futbolhoy.co\/index.php\/2026\/01\/05\/jermein-pena-confirma-tener-ofertas-de-turquia-argentina-y-brasil\/\",\"url\":\"https:\/\/futbolhoy.co\/index.php\/2026\/01\/05\/jermein-pena-confirma-tener-ofertas-de-turquia-argentina-y-brasil\/\",\"name\":\"Jermein Pe\u00f1a confirma tener ofertas de Turqu\u00eda, Argentina y Brasil -\",\"isPartOf\":{\"@id\":\"https:\/\/futbolhoy.co\/#website\"},\"primaryImageOfPage\":{\"@id\":\"https:\/\/futbolhoy.co\/index.php\/2026\/01\/05\/jermein-pena-confirma-tener-ofertas-de-turquia-argentina-y-brasil\/#primaryimage\"},\"image\":{\"@id\":\"https:\/\/futbolhoy.co\/index.php\/2026\/01\/05\/jermein-pena-confirma-tener-ofertas-de-turquia-argentina-y-brasil\/#primaryimage\"},\"thumbnailUrl\":\"https:\/\/futbolhoy.co\/wp-content\/uploads\/2026\/01\/Estudiar-SENA-768-x-576-px-1-1.png\",\"datePublished\":\"2026-01-05T15:58:14+00:00\",\"dateModified\":\"2026-01-06T13:54:36+00:00\",\"breadcrumb\":{\"@id\":\"https:\/\/futbolhoy.co\/index.php\/2026\/01\/05\/jermein-pena-confirma-tener-ofertas-de-turquia-argentina-y-brasil\/#breadcrumb\"},\"inLanguage\":\"es\",\"potentialAction\":[{\"@type\":\"ReadAction\",\"target\":[\"https:\/\/futbolhoy.co\/index.php\/2026\/01\/05\/jermein-pena-confirma-tener-ofertas-de-turquia-argentina-y-brasil\/\"]}]},{\"@type\":\"ImageObject\",\"inLanguage\":\"es\",\"@id\":\"https:\/\/futbolhoy.co\/index.php\/2026\/01\/05\/jermein-pena-confirma-tener-ofertas-de-turquia-argentina-y-brasil\/#primaryimage\",\"url\":\"https:\/\/futbolhoy.co\/wp-content\/uploads\/2026\/01\/Estudiar-SENA-768-x-576-px-1-1.png\",\"contentUrl\":\"https:\/\/futbolhoy.co\/wp-content\/uploads\/2026\/01\/Estudiar-SENA-768-x-576-px-1-1.png\",\"width\":768,\"height\":576},{\"@type\":\"BreadcrumbList\",\"@id\":\"https:\/\/futbolhoy.co\/index.php\/2026\/01\/05\/jermein-pena-confirma-tener-ofertas-de-turquia-argentina-y-brasil\/#breadcrumb\",\"itemListElement\":[{\"@type\":\"ListItem\",\"position\":1,\"name\":\"Portada\",\"item\":\"https:\/\/futbolhoy.co\/\"},{\"@type\":\"ListItem\",\"position\":2,\"name\":\"Jermein Pe\u00f1a confirma tener ofertas de Turqu\u00eda, Argentina y Brasil\"}]},{\"@type\":\"WebSite\",\"@id\":\"https:\/\/futbolhoy.co\/#website\",\"url\":\"https:\/\/futbolhoy.co\/\",\"name\":\"FutbolHoy\",\"description\":\"\",\"publisher\":{\"@id\":\"https:\/\/futbolhoy.co\/#organization\"},\"potentialAction\":[{\"@type\":\"SearchAction\",\"target\":{\"@type\":\"EntryPoint\",\"urlTemplate\":\"https:\/\/futbolhoy.co\/?s={search_term_string}\"},\"query-input\":{\"@type\":\"PropertyValueSpecification\",\"valueRequired\":true,\"valueName\":\"search_term_string\"}}],\"inLanguage\":\"es\"},{\"@type\":\"Organization\",\"@id\":\"https:\/\/futbolhoy.co\/#organization\",\"name\":\"Futbolhoy.co\",\"url\":\"https:\/\/futbolhoy.co\/\",\"logo\":{\"@type\":\"ImageObject\",\"inLanguage\":\"es\",\"@id\":\"https:\/\/futbolhoy.co\/#\/schema\/logo\/image\/\",\"url\":\"https:\/\/futbolhoy.co\/wp-content\/uploads\/2018\/08\/17426380_1906371736249227_6326180412931521141_n.jpg\",\"contentUrl\":\"https:\/\/futbolhoy.co\/wp-content\/uploads\/2018\/08\/17426380_1906371736249227_6326180412931521141_n.jpg\",\"width\":960,\"height\":960,\"caption\":\"Futbolhoy.co\"},\"image\":{\"@id\":\"https:\/\/futbolhoy.co\/#\/schema\/logo\/image\/\"},\"sameAs\":[\"https:\/\/www.facebook.com\/FutbolHoyCol\/\",\"https:\/\/x.com\/FutbolHoyCol\",\"https:\/\/www.instagram.com\/futbolhoycol\/\"]},{\"@type\":\"Person\",\"@id\":\"https:\/\/futbolhoy.co\/#\/schema\/person\/1721b69355b6623eaff15ac7b92d4cc3\",\"name\":\"contenido\",\"image\":{\"@type\":\"ImageObject\",\"inLanguage\":\"es\",\"@id\":\"https:\/\/futbolhoy.co\/#\/schema\/person\/image\/\",\"url\":\"https:\/\/secure.gravatar.com\/avatar\/4f656d3256f5134f466206e7c3941518?s=96&d=mm&r=g\",\"contentUrl\":\"https:\/\/secure.gravatar.com\/avatar\/4f656d3256f5134f466206e7c3941518?s=96&d=mm&r=g\",\"caption\":\"contenido\"}}]}<\/script>\n<!-- \/ Yoast SEO plugin. -->","yoast_head_json":{"title":"Jermein Pe\u00f1a confirma tener ofertas de Turqu\u00eda, Argentina y Brasil -","robots":{"index":"index","follow":"follow","max-snippet":"max-snippet:-1","max-image-preview":"max-image-preview:large","max-video-preview":"max-video-preview:-1"},"canonical":"https:\/\/futbolhoy.co\/index.php\/2026\/01\/05\/jermein-pena-confirma-tener-ofertas-de-turquia-argentina-y-brasil\/","og_locale":"es_ES","og_type":"article","og_title":"Jermein Pe\u00f1a confirma tener ofertas de Turqu\u00eda, Argentina y Brasil -","og_description":"Junior de Barranquilla inici\u00f3 la pretemporada con los ex\u00e1menes m\u00e9dicos correspondientes al plantel de jugadores. En medio de todo este proceso, Jermein Pe\u00f1a habl\u00f3 ante los medios de comunicaci\u00f3n sobre lo que ser\u00e1 su futuro deportivo. Inicialmente, el defensor central advirti\u00f3 que \"lo que m\u00e1s quiero es quedarme ac\u00e1 en Junior\", debido a que le [&hellip;]","og_url":"https:\/\/futbolhoy.co\/index.php\/2026\/01\/05\/jermein-pena-confirma-tener-ofertas-de-turquia-argentina-y-brasil\/","article_publisher":"https:\/\/www.facebook.com\/FutbolHoyCol\/","article_published_time":"2026-01-05T15:58:14+00:00","article_modified_time":"2026-01-06T13:54:36+00:00","og_image":[{"width":768,"height":576,"url":"https:\/\/futbolhoy.co\/wp-content\/uploads\/2026\/01\/Estudiar-SENA-768-x-576-px-1-1.png","type":"image\/png"}],"author":"contenido","twitter_card":"summary_large_image","twitter_creator":"@FutbolHoyCol","twitter_site":"@FutbolHoyCol","twitter_misc":{"Escrito por":"contenido","Tiempo de lectura":"1 minuto"},"schema":{"@context":"https:\/\/schema.org","@graph":[{"@type":"Article","@id":"https:\/\/futbolhoy.co\/index.php\/2026\/01\/05\/jermein-pena-confirma-tener-ofertas-de-turquia-argentina-y-brasil\/#article","isPartOf":{"@id":"https:\/\/futbolhoy.co\/index.php\/2026\/01\/05\/jermein-pena-confirma-tener-ofertas-de-turquia-argentina-y-brasil\/"},"author":{"name":"contenido","@id":"https:\/\/futbolhoy.co\/#\/schema\/person\/1721b69355b6623eaff15ac7b92d4cc3"},"headline":"Jermein Pe\u00f1a confirma tener ofertas de Turqu\u00eda, Argentina y Brasil","datePublished":"2026-01-05T15:58:14+00:00","dateModified":"2026-01-06T13:54:36+00:00","mainEntityOfPage":{"@id":"https:\/\/futbolhoy.co\/index.php\/2026\/01\/05\/jermein-pena-confirma-tener-ofertas-de-turquia-argentina-y-brasil\/"},"wordCount":191,"commentCount":0,"publisher":{"@id":"https:\/\/futbolhoy.co\/#organization"},"image":{"@id":"https:\/\/futbolhoy.co\/index.php\/2026\/01\/05\/jermein-pena-confirma-tener-ofertas-de-turquia-argentina-y-brasil\/#primaryimage"},"thumbnailUrl":"https:\/\/futbolhoy.co\/wp-content\/uploads\/2026\/01\/Estudiar-SENA-768-x-576-px-1-1.png","articleSection":["Liga BetPlay"],"inLanguage":"es","potentialAction":[{"@type":"CommentAction","name":"Comment","target":["https:\/\/futbolhoy.co\/index.php\/2026\/01\/05\/jermein-pena-confirma-tener-ofertas-de-turquia-argentina-y-brasil\/#respond"]}]},{"@type":"WebPage","@id":"https:\/\/futbolhoy.co\/index.php\/2026\/01\/05\/jermein-pena-confirma-tener-ofertas-de-turquia-argentina-y-brasil\/","url":"https:\/\/futbolhoy.co\/index.php\/2026\/01\/05\/jermein-pena-confirma-tener-ofertas-de-turquia-argentina-y-brasil\/","name":"Jermein Pe\u00f1a confirma tener ofertas de Turqu\u00eda, Argentina y Brasil -","isPartOf":{"@id":"https:\/\/futbolhoy.co\/#website"},"primaryImageOfPage":{"@id":"https:\/\/futbolhoy.co\/index.php\/2026\/01\/05\/jermein-pena-confirma-tener-ofertas-de-turquia-argentina-y-brasil\/#primaryimage"},"image":{"@id":"https:\/\/futbolhoy.co\/index.php\/2026\/01\/05\/jermein-pena-confirma-tener-ofertas-de-turquia-argentina-y-brasil\/#primaryimage"},"thumbnailUrl":"https:\/\/futbolhoy.co\/wp-content\/uploads\/2026\/01\/Estudiar-SENA-768-x-576-px-1-1.png","datePublished":"2026-01-05T15:58:14+00:00","dateModified":"2026-01-06T13:54:36+00:00","breadcrumb":{"@id":"https:\/\/futbolhoy.co\/index.php\/2026\/01\/05\/jermein-pena-confirma-tener-ofertas-de-turquia-argentina-y-brasil\/#breadcrumb"},"inLanguage":"es","potentialAction":[{"@type":"ReadAction","target":["https:\/\/futbolhoy.co\/index.php\/2026\/01\/05\/jermein-pena-confirma-tener-ofertas-de-turquia-argentina-y-brasil\/"]}]},{"@type":"ImageObject","inLanguage":"es","@id":"https:\/\/futbolhoy.co\/index.php\/2026\/01\/05\/jermein-pena-confirma-tener-ofertas-de-turquia-argentina-y-brasil\/#primaryimage","url":"https:\/\/futbolhoy.co\/wp-content\/uploads\/2026\/01\/Estudiar-SENA-768-x-576-px-1-1.png","contentUrl":"https:\/\/futbolhoy.co\/wp-content\/uploads\/2026\/01\/Estudiar-SENA-768-x-576-px-1-1.png","width":768,"height":576},{"@type":"BreadcrumbList","@id":"https:\/\/futbolhoy.co\/index.php\/2026\/01\/05\/jermein-pena-confirma-tener-ofertas-de-turquia-argentina-y-brasil\/#breadcrumb","itemListElement":[{"@type":"ListItem","position":1,"name":"Portada","item":"https:\/\/futbolhoy.co\/"},{"@type":"ListItem","position":2,"name":"Jermein Pe\u00f1a confirma tener ofertas de Turqu\u00eda, Argentina y Brasil"}]},{"@type":"WebSite","@id":"https:\/\/futbolhoy.co\/#website","url":"https:\/\/futbolhoy.co\/","name":"FutbolHoy","description":"","publisher":{"@id":"https:\/\/futbolhoy.co\/#organization"},"potentialAction":[{"@type":"SearchAction","target":{"@type":"EntryPoint","urlTemplate":"https:\/\/futbolhoy.co\/?s={search_term_string}"},"query-input":{"@type":"PropertyValueSpecification","valueRequired":true,"valueName":"search_term_string"}}],"inLanguage":"es"},{"@type":"Organization","@id":"https:\/\/futbolhoy.co\/#organization","name":"Futbolhoy.co","url":"https:\/\/futbolhoy.co\/","logo":{"@type":"ImageObject","inLanguage":"es","@id":"https:\/\/futbolhoy.co\/#\/schema\/logo\/image\/","url":"https:\/\/futbolhoy.co\/wp-content\/uploads\/2018\/08\/17426380_1906371736249227_6326180412931521141_n.jpg","contentUrl":"https:\/\/futbolhoy.co\/wp-content\/uploads\/2018\/08\/17426380_1906371736249227_6326180412931521141_n.jpg","width":960,"height":960,"caption":"Futbolhoy.co"},"image":{"@id":"https:\/\/futbolhoy.co\/#\/schema\/logo\/image\/"},"sameAs":["https:\/\/www.facebook.com\/FutbolHoyCol\/","https:\/\/x.com\/FutbolHoyCol","https:\/\/www.instagram.com\/futbolhoycol\/"]},{"@type":"Person","@id":"https:\/\/futbolhoy.co\/#\/schema\/person\/1721b69355b6623eaff15ac7b92d4cc3","name":"contenido","image":{"@type":"ImageObject","inLanguage":"es","@id":"https:\/\/futbolhoy.co\/#\/schema\/person\/image\/","url":"https:\/\/secure.gravatar.com\/avatar\/4f656d3256f5134f466206e7c3941518?s=96&d=mm&r=g","contentUrl":"https:\/\/secure.gravatar.com\/avatar\/4f656d3256f5134f466206e7c3941518?s=96&d=mm&r=g","caption":"contenido"}}]}},"publishpress_future_action":{"enabled":false,"date":"2026-05-03 10:40:20","action":"change-status","newStatus":"draft","terms":[],"taxonomy":"category","extraData":[]},"publishpress_future_workflow_manual_trigger":{"enabledWorkflows":[]},"_links":{"self":[{"href":"https:\/\/futbolhoy.co\/index.php\/wp-json\/wp\/v2\/posts\/127932","targetHints":{"allow":["GET"]}}],"collection":[{"href":"https:\/\/futbolhoy.co\/index.php\/wp-json\/wp\/v2\/posts"}],"about":[{"href":"https:\/\/futbolhoy.co\/index.php\/wp-json\/wp\/v2\/types\/post"}],"author":[{"embeddable":true,"href":"https:\/\/futbolhoy.co\/index.php\/wp-json\/wp\/v2\/users\/4"}],"replies":[{"embeddable":true,"href":"https:\/\/futbolhoy.co\/index.php\/wp-json\/wp\/v2\/comments?post=127932"}],"version-history":[{"count":1,"href":"https:\/\/futbolhoy.co\/index.php\/wp-json\/wp\/v2\/posts\/127932\/revisions"}],"predecessor-version":[{"id":127934,"href":"https:\/\/futbolhoy.co\/index.php\/wp-json\/wp\/v2\/posts\/127932\/revisions\/127934"}],"wp:featuredmedia":[{"embeddable":true,"href":"https:\/\/futbolhoy.co\/index.php\/wp-json\/wp\/v2\/media\/127933"}],"wp:attachment":[{"href":"https:\/\/futbolhoy.co\/index.php\/wp-json\/wp\/v2\/media?parent=127932"}],"wp:term":[{"taxonomy":"category","embeddable":true,"href":"https:\/\/futbolhoy.co\/index.php\/wp-json\/wp\/v2\/categories?post=127932"},{"taxonomy":"post_tag","embeddable":true,"href":"https:\/\/futbolhoy.co\/index.php\/wp-json\/wp\/v2\/tags?post=127932"}],"curies":[{"name":"wp","href":"https:\/\/api.w.org\/{rel}","templated":true}]}}