{"id":127944,"date":"2026-01-05T18:16:43","date_gmt":"2026-01-05T23:16:43","guid":{"rendered":"https:\/\/futbolhoy.co\/?p=127944"},"modified":"2026-01-06T11:54:57","modified_gmt":"2026-01-06T16:54:57","slug":"santa-fe-anuncia-sus-refuerzos-para-2026","status":"publish","type":"post","link":"https:\/\/futbolhoy.co\/index.php\/2026\/01\/05\/santa-fe-anuncia-sus-refuerzos-para-2026\/","title":{"rendered":"Santa Fe anuncia sus refuerzos para 2026"},"content":{"rendered":"<p style=\"text-align: justify;\"><span style=\"font-family: helvetica, arial, sans-serif;\">El campe\u00f3n del primer semestre del 2025, <strong>Santa<\/strong> <strong>Fe<\/strong>, anunci\u00f3 los refuerzos de cara a las competencias que disputar\u00e1 en el 2026, a\u00f1o en el que resalta la participaci\u00f3n en la <strong>Copa Libertadores.<\/strong><\/span><\/p>\n<p style=\"text-align: justify;\"><span style=\"font-family: helvetica, arial, sans-serif;\">El primero en ser anunciado fue el delantero uruguayo <strong>Franco Fagundez,<\/strong> quien llega a la instituci\u00f3n tras su paso por <strong>Santos Laguna de M\u00e9xico,<\/strong> club due\u00f1o de sus servicios. El delantero de 25 a\u00f1os llega en reemplazo de <strong>Angelo Rodr\u00edguez<\/strong>, aunque tambi\u00e9n se puede desempe\u00f1ar como mediapunta.<\/span><\/p>\n<p style=\"text-align: justify;\"><span style=\"font-family: helvetica, arial, sans-serif;\">Otro de los anunciados fue <strong>Helibelton Palacios<\/strong>, a quien se le termin\u00f3 el contrato con <strong>Millonarios<\/strong> y cambia de equipo en la capital. El experimentado lateral derecho de 32 a\u00f1os ocupar\u00e1 la plaza dejada por <strong>Elvis Perlaza.<\/strong><\/span><\/p>\n<p style=\"text-align: justify;\"><span style=\"font-family: helvetica, arial, sans-serif;\">Por su parte, <strong>Atl\u00e9tico Nacional<\/strong> cedi\u00f3 al conjunto Cardenal al volante de 21 a\u00f1os, <strong>Kilian Toscano.<\/strong> Asimismo, est\u00e1 por confirmarse la incorporaci\u00f3n de <strong>Yerson Candelo,<\/strong> quien inici\u00f3 pretemporada con la instituci\u00f3n.<\/span><\/p>\n<p style=\"text-align: justify;\"><span style=\"font-family: helvetica, arial, sans-serif;\">Se dice que el otro que estar\u00eda cerca de llegar al conjunto Le\u00f3n ser\u00eda <strong>Luis Palacios<\/strong>, procedente de <strong>Once Caldas<\/strong>.<\/span><\/p>\n<p style=\"text-align: justify;\"><span style=\"font-family: helvetica, arial, sans-serif;\">Las bajas de Santa Fe han sido: <strong>Yairo Moreno, \u00c1ngelo Rodr\u00edguez, Harold Santiago Mosquera, Marcelo Meli, Elvis Perlaza, Joaqu\u00edn Sosa, Edward L\u00f3pez, Jeison Angulo, Juan Espitia, Juan Aristiz\u00e1bal<\/strong><\/span><\/p>\n","protected":false},"excerpt":{"rendered":"<p>El campe\u00f3n del primer semestre del 2025, Santa Fe, anunci\u00f3 los refuerzos de cara a las competencias que disputar\u00e1 en el 2026, a\u00f1o en el que resalta la participaci\u00f3n en la Copa Libertadores. El primero en ser anunciado fue el delantero uruguayo Franco Fagundez, quien llega a la instituci\u00f3n tras su paso por Santos Laguna [&hellip;]<\/p>\n","protected":false},"author":4,"featured_media":127945,"comment_status":"open","ping_status":"open","sticky":false,"template":"","format":"standard","meta":{"_acf_changed":false,"footnotes":""},"categories":[7],"tags":[],"class_list":{"0":"post-127944","1":"post","2":"type-post","3":"status-publish","4":"format-standard","5":"has-post-thumbnail","7":"category-liga-betplay"},"acf":[],"yoast_head":"<!-- This site is optimized with the Yoast SEO plugin v26.8 - https:\/\/yoast.com\/product\/yoast-seo-wordpress\/ -->\n<title>Santa Fe anuncia sus refuerzos para 2026 -<\/title>\n<meta name=\"robots\" content=\"index, follow, max-snippet:-1, max-image-preview:large, max-video-preview:-1\" \/>\n<link rel=\"canonical\" href=\"https:\/\/futbolhoy.co\/index.php\/2026\/01\/05\/santa-fe-anuncia-sus-refuerzos-para-2026\/\" \/>\n<meta property=\"og:locale\" content=\"es_ES\" \/>\n<meta property=\"og:type\" content=\"article\" \/>\n<meta property=\"og:title\" content=\"Santa Fe anuncia sus refuerzos para 2026 -\" \/>\n<meta property=\"og:description\" content=\"El campe\u00f3n del primer semestre del 2025, Santa Fe, anunci\u00f3 los refuerzos de cara a las competencias que disputar\u00e1 en el 2026, a\u00f1o en el que resalta la participaci\u00f3n en la Copa Libertadores. El primero en ser anunciado fue el delantero uruguayo Franco Fagundez, quien llega a la instituci\u00f3n tras su paso por Santos Laguna [&hellip;]\" \/>\n<meta property=\"og:url\" content=\"https:\/\/futbolhoy.co\/index.php\/2026\/01\/05\/santa-fe-anuncia-sus-refuerzos-para-2026\/\" \/>\n<meta property=\"article:publisher\" content=\"https:\/\/www.facebook.com\/FutbolHoyCol\/\" \/>\n<meta property=\"article:published_time\" content=\"2026-01-05T23:16:43+00:00\" \/>\n<meta property=\"article:modified_time\" content=\"2026-01-06T16:54:57+00:00\" \/>\n<meta property=\"og:image\" content=\"https:\/\/futbolhoy.co\/wp-content\/uploads\/2026\/01\/IMG_4146.jpeg\" \/>\n\t<meta property=\"og:image:width\" content=\"1206\" \/>\n\t<meta property=\"og:image:height\" content=\"1139\" \/>\n\t<meta property=\"og:image:type\" content=\"image\/jpeg\" \/>\n<meta name=\"author\" content=\"contenido\" \/>\n<meta name=\"twitter:card\" content=\"summary_large_image\" \/>\n<meta name=\"twitter:creator\" content=\"@FutbolHoyCol\" \/>\n<meta name=\"twitter:site\" content=\"@FutbolHoyCol\" \/>\n<meta name=\"twitter:label1\" content=\"Escrito por\" \/>\n\t<meta name=\"twitter:data1\" content=\"contenido\" \/>\n\t<meta name=\"twitter:label2\" content=\"Tiempo de lectura\" \/>\n\t<meta name=\"twitter:data2\" content=\"1 minuto\" \/>\n<script type=\"application\/ld+json\" class=\"yoast-schema-graph\">{\"@context\":\"https:\/\/schema.org\",\"@graph\":[{\"@type\":\"Article\",\"@id\":\"https:\/\/futbolhoy.co\/index.php\/2026\/01\/05\/santa-fe-anuncia-sus-refuerzos-para-2026\/#article\",\"isPartOf\":{\"@id\":\"https:\/\/futbolhoy.co\/index.php\/2026\/01\/05\/santa-fe-anuncia-sus-refuerzos-para-2026\/\"},\"author\":{\"name\":\"contenido\",\"@id\":\"https:\/\/futbolhoy.co\/#\/schema\/person\/1721b69355b6623eaff15ac7b92d4cc3\"},\"headline\":\"Santa Fe anuncia sus refuerzos para 2026\",\"datePublished\":\"2026-01-05T23:16:43+00:00\",\"dateModified\":\"2026-01-06T16:54:57+00:00\",\"mainEntityOfPage\":{\"@id\":\"https:\/\/futbolhoy.co\/index.php\/2026\/01\/05\/santa-fe-anuncia-sus-refuerzos-para-2026\/\"},\"wordCount\":219,\"commentCount\":0,\"publisher\":{\"@id\":\"https:\/\/futbolhoy.co\/#organization\"},\"image\":{\"@id\":\"https:\/\/futbolhoy.co\/index.php\/2026\/01\/05\/santa-fe-anuncia-sus-refuerzos-para-2026\/#primaryimage\"},\"thumbnailUrl\":\"https:\/\/futbolhoy.co\/wp-content\/uploads\/2026\/01\/IMG_4146.jpeg\",\"articleSection\":[\"Liga BetPlay\"],\"inLanguage\":\"es\",\"potentialAction\":[{\"@type\":\"CommentAction\",\"name\":\"Comment\",\"target\":[\"https:\/\/futbolhoy.co\/index.php\/2026\/01\/05\/santa-fe-anuncia-sus-refuerzos-para-2026\/#respond\"]}]},{\"@type\":\"WebPage\",\"@id\":\"https:\/\/futbolhoy.co\/index.php\/2026\/01\/05\/santa-fe-anuncia-sus-refuerzos-para-2026\/\",\"url\":\"https:\/\/futbolhoy.co\/index.php\/2026\/01\/05\/santa-fe-anuncia-sus-refuerzos-para-2026\/\",\"name\":\"Santa Fe anuncia sus refuerzos para 2026 -\",\"isPartOf\":{\"@id\":\"https:\/\/futbolhoy.co\/#website\"},\"primaryImageOfPage\":{\"@id\":\"https:\/\/futbolhoy.co\/index.php\/2026\/01\/05\/santa-fe-anuncia-sus-refuerzos-para-2026\/#primaryimage\"},\"image\":{\"@id\":\"https:\/\/futbolhoy.co\/index.php\/2026\/01\/05\/santa-fe-anuncia-sus-refuerzos-para-2026\/#primaryimage\"},\"thumbnailUrl\":\"https:\/\/futbolhoy.co\/wp-content\/uploads\/2026\/01\/IMG_4146.jpeg\",\"datePublished\":\"2026-01-05T23:16:43+00:00\",\"dateModified\":\"2026-01-06T16:54:57+00:00\",\"breadcrumb\":{\"@id\":\"https:\/\/futbolhoy.co\/index.php\/2026\/01\/05\/santa-fe-anuncia-sus-refuerzos-para-2026\/#breadcrumb\"},\"inLanguage\":\"es\",\"potentialAction\":[{\"@type\":\"ReadAction\",\"target\":[\"https:\/\/futbolhoy.co\/index.php\/2026\/01\/05\/santa-fe-anuncia-sus-refuerzos-para-2026\/\"]}]},{\"@type\":\"ImageObject\",\"inLanguage\":\"es\",\"@id\":\"https:\/\/futbolhoy.co\/index.php\/2026\/01\/05\/santa-fe-anuncia-sus-refuerzos-para-2026\/#primaryimage\",\"url\":\"https:\/\/futbolhoy.co\/wp-content\/uploads\/2026\/01\/IMG_4146.jpeg\",\"contentUrl\":\"https:\/\/futbolhoy.co\/wp-content\/uploads\/2026\/01\/IMG_4146.jpeg\",\"width\":1206,\"height\":1139,\"caption\":\"Screenshot\"},{\"@type\":\"BreadcrumbList\",\"@id\":\"https:\/\/futbolhoy.co\/index.php\/2026\/01\/05\/santa-fe-anuncia-sus-refuerzos-para-2026\/#breadcrumb\",\"itemListElement\":[{\"@type\":\"ListItem\",\"position\":1,\"name\":\"Portada\",\"item\":\"https:\/\/futbolhoy.co\/\"},{\"@type\":\"ListItem\",\"position\":2,\"name\":\"Santa Fe anuncia sus refuerzos para 2026\"}]},{\"@type\":\"WebSite\",\"@id\":\"https:\/\/futbolhoy.co\/#website\",\"url\":\"https:\/\/futbolhoy.co\/\",\"name\":\"FutbolHoy\",\"description\":\"\",\"publisher\":{\"@id\":\"https:\/\/futbolhoy.co\/#organization\"},\"potentialAction\":[{\"@type\":\"SearchAction\",\"target\":{\"@type\":\"EntryPoint\",\"urlTemplate\":\"https:\/\/futbolhoy.co\/?s={search_term_string}\"},\"query-input\":{\"@type\":\"PropertyValueSpecification\",\"valueRequired\":true,\"valueName\":\"search_term_string\"}}],\"inLanguage\":\"es\"},{\"@type\":\"Organization\",\"@id\":\"https:\/\/futbolhoy.co\/#organization\",\"name\":\"Futbolhoy.co\",\"url\":\"https:\/\/futbolhoy.co\/\",\"logo\":{\"@type\":\"ImageObject\",\"inLanguage\":\"es\",\"@id\":\"https:\/\/futbolhoy.co\/#\/schema\/logo\/image\/\",\"url\":\"https:\/\/futbolhoy.co\/wp-content\/uploads\/2018\/08\/17426380_1906371736249227_6326180412931521141_n.jpg\",\"contentUrl\":\"https:\/\/futbolhoy.co\/wp-content\/uploads\/2018\/08\/17426380_1906371736249227_6326180412931521141_n.jpg\",\"width\":960,\"height\":960,\"caption\":\"Futbolhoy.co\"},\"image\":{\"@id\":\"https:\/\/futbolhoy.co\/#\/schema\/logo\/image\/\"},\"sameAs\":[\"https:\/\/www.facebook.com\/FutbolHoyCol\/\",\"https:\/\/x.com\/FutbolHoyCol\",\"https:\/\/www.instagram.com\/futbolhoycol\/\"]},{\"@type\":\"Person\",\"@id\":\"https:\/\/futbolhoy.co\/#\/schema\/person\/1721b69355b6623eaff15ac7b92d4cc3\",\"name\":\"contenido\",\"image\":{\"@type\":\"ImageObject\",\"inLanguage\":\"es\",\"@id\":\"https:\/\/futbolhoy.co\/#\/schema\/person\/image\/\",\"url\":\"https:\/\/secure.gravatar.com\/avatar\/4f656d3256f5134f466206e7c3941518?s=96&d=mm&r=g\",\"contentUrl\":\"https:\/\/secure.gravatar.com\/avatar\/4f656d3256f5134f466206e7c3941518?s=96&d=mm&r=g\",\"caption\":\"contenido\"}}]}<\/script>\n<!-- \/ Yoast SEO plugin. -->","yoast_head_json":{"title":"Santa Fe anuncia sus refuerzos para 2026 -","robots":{"index":"index","follow":"follow","max-snippet":"max-snippet:-1","max-image-preview":"max-image-preview:large","max-video-preview":"max-video-preview:-1"},"canonical":"https:\/\/futbolhoy.co\/index.php\/2026\/01\/05\/santa-fe-anuncia-sus-refuerzos-para-2026\/","og_locale":"es_ES","og_type":"article","og_title":"Santa Fe anuncia sus refuerzos para 2026 -","og_description":"El campe\u00f3n del primer semestre del 2025, Santa Fe, anunci\u00f3 los refuerzos de cara a las competencias que disputar\u00e1 en el 2026, a\u00f1o en el que resalta la participaci\u00f3n en la Copa Libertadores. El primero en ser anunciado fue el delantero uruguayo Franco Fagundez, quien llega a la instituci\u00f3n tras su paso por Santos Laguna [&hellip;]","og_url":"https:\/\/futbolhoy.co\/index.php\/2026\/01\/05\/santa-fe-anuncia-sus-refuerzos-para-2026\/","article_publisher":"https:\/\/www.facebook.com\/FutbolHoyCol\/","article_published_time":"2026-01-05T23:16:43+00:00","article_modified_time":"2026-01-06T16:54:57+00:00","og_image":[{"width":1206,"height":1139,"url":"https:\/\/futbolhoy.co\/wp-content\/uploads\/2026\/01\/IMG_4146.jpeg","type":"image\/jpeg"}],"author":"contenido","twitter_card":"summary_large_image","twitter_creator":"@FutbolHoyCol","twitter_site":"@FutbolHoyCol","twitter_misc":{"Escrito por":"contenido","Tiempo de lectura":"1 minuto"},"schema":{"@context":"https:\/\/schema.org","@graph":[{"@type":"Article","@id":"https:\/\/futbolhoy.co\/index.php\/2026\/01\/05\/santa-fe-anuncia-sus-refuerzos-para-2026\/#article","isPartOf":{"@id":"https:\/\/futbolhoy.co\/index.php\/2026\/01\/05\/santa-fe-anuncia-sus-refuerzos-para-2026\/"},"author":{"name":"contenido","@id":"https:\/\/futbolhoy.co\/#\/schema\/person\/1721b69355b6623eaff15ac7b92d4cc3"},"headline":"Santa Fe anuncia sus refuerzos para 2026","datePublished":"2026-01-05T23:16:43+00:00","dateModified":"2026-01-06T16:54:57+00:00","mainEntityOfPage":{"@id":"https:\/\/futbolhoy.co\/index.php\/2026\/01\/05\/santa-fe-anuncia-sus-refuerzos-para-2026\/"},"wordCount":219,"commentCount":0,"publisher":{"@id":"https:\/\/futbolhoy.co\/#organization"},"image":{"@id":"https:\/\/futbolhoy.co\/index.php\/2026\/01\/05\/santa-fe-anuncia-sus-refuerzos-para-2026\/#primaryimage"},"thumbnailUrl":"https:\/\/futbolhoy.co\/wp-content\/uploads\/2026\/01\/IMG_4146.jpeg","articleSection":["Liga BetPlay"],"inLanguage":"es","potentialAction":[{"@type":"CommentAction","name":"Comment","target":["https:\/\/futbolhoy.co\/index.php\/2026\/01\/05\/santa-fe-anuncia-sus-refuerzos-para-2026\/#respond"]}]},{"@type":"WebPage","@id":"https:\/\/futbolhoy.co\/index.php\/2026\/01\/05\/santa-fe-anuncia-sus-refuerzos-para-2026\/","url":"https:\/\/futbolhoy.co\/index.php\/2026\/01\/05\/santa-fe-anuncia-sus-refuerzos-para-2026\/","name":"Santa Fe anuncia sus refuerzos para 2026 -","isPartOf":{"@id":"https:\/\/futbolhoy.co\/#website"},"primaryImageOfPage":{"@id":"https:\/\/futbolhoy.co\/index.php\/2026\/01\/05\/santa-fe-anuncia-sus-refuerzos-para-2026\/#primaryimage"},"image":{"@id":"https:\/\/futbolhoy.co\/index.php\/2026\/01\/05\/santa-fe-anuncia-sus-refuerzos-para-2026\/#primaryimage"},"thumbnailUrl":"https:\/\/futbolhoy.co\/wp-content\/uploads\/2026\/01\/IMG_4146.jpeg","datePublished":"2026-01-05T23:16:43+00:00","dateModified":"2026-01-06T16:54:57+00:00","breadcrumb":{"@id":"https:\/\/futbolhoy.co\/index.php\/2026\/01\/05\/santa-fe-anuncia-sus-refuerzos-para-2026\/#breadcrumb"},"inLanguage":"es","potentialAction":[{"@type":"ReadAction","target":["https:\/\/futbolhoy.co\/index.php\/2026\/01\/05\/santa-fe-anuncia-sus-refuerzos-para-2026\/"]}]},{"@type":"ImageObject","inLanguage":"es","@id":"https:\/\/futbolhoy.co\/index.php\/2026\/01\/05\/santa-fe-anuncia-sus-refuerzos-para-2026\/#primaryimage","url":"https:\/\/futbolhoy.co\/wp-content\/uploads\/2026\/01\/IMG_4146.jpeg","contentUrl":"https:\/\/futbolhoy.co\/wp-content\/uploads\/2026\/01\/IMG_4146.jpeg","width":1206,"height":1139,"caption":"Screenshot"},{"@type":"BreadcrumbList","@id":"https:\/\/futbolhoy.co\/index.php\/2026\/01\/05\/santa-fe-anuncia-sus-refuerzos-para-2026\/#breadcrumb","itemListElement":[{"@type":"ListItem","position":1,"name":"Portada","item":"https:\/\/futbolhoy.co\/"},{"@type":"ListItem","position":2,"name":"Santa Fe anuncia sus refuerzos para 2026"}]},{"@type":"WebSite","@id":"https:\/\/futbolhoy.co\/#website","url":"https:\/\/futbolhoy.co\/","name":"FutbolHoy","description":"","publisher":{"@id":"https:\/\/futbolhoy.co\/#organization"},"potentialAction":[{"@type":"SearchAction","target":{"@type":"EntryPoint","urlTemplate":"https:\/\/futbolhoy.co\/?s={search_term_string}"},"query-input":{"@type":"PropertyValueSpecification","valueRequired":true,"valueName":"search_term_string"}}],"inLanguage":"es"},{"@type":"Organization","@id":"https:\/\/futbolhoy.co\/#organization","name":"Futbolhoy.co","url":"https:\/\/futbolhoy.co\/","logo":{"@type":"ImageObject","inLanguage":"es","@id":"https:\/\/futbolhoy.co\/#\/schema\/logo\/image\/","url":"https:\/\/futbolhoy.co\/wp-content\/uploads\/2018\/08\/17426380_1906371736249227_6326180412931521141_n.jpg","contentUrl":"https:\/\/futbolhoy.co\/wp-content\/uploads\/2018\/08\/17426380_1906371736249227_6326180412931521141_n.jpg","width":960,"height":960,"caption":"Futbolhoy.co"},"image":{"@id":"https:\/\/futbolhoy.co\/#\/schema\/logo\/image\/"},"sameAs":["https:\/\/www.facebook.com\/FutbolHoyCol\/","https:\/\/x.com\/FutbolHoyCol","https:\/\/www.instagram.com\/futbolhoycol\/"]},{"@type":"Person","@id":"https:\/\/futbolhoy.co\/#\/schema\/person\/1721b69355b6623eaff15ac7b92d4cc3","name":"contenido","image":{"@type":"ImageObject","inLanguage":"es","@id":"https:\/\/futbolhoy.co\/#\/schema\/person\/image\/","url":"https:\/\/secure.gravatar.com\/avatar\/4f656d3256f5134f466206e7c3941518?s=96&d=mm&r=g","contentUrl":"https:\/\/secure.gravatar.com\/avatar\/4f656d3256f5134f466206e7c3941518?s=96&d=mm&r=g","caption":"contenido"}}]}},"publishpress_future_action":{"enabled":false,"date":"2026-05-06 11:42:21","action":"change-status","newStatus":"draft","terms":[],"taxonomy":"category","extraData":[]},"publishpress_future_workflow_manual_trigger":{"enabledWorkflows":[]},"_links":{"self":[{"href":"https:\/\/futbolhoy.co\/index.php\/wp-json\/wp\/v2\/posts\/127944","targetHints":{"allow":["GET"]}}],"collection":[{"href":"https:\/\/futbolhoy.co\/index.php\/wp-json\/wp\/v2\/posts"}],"about":[{"href":"https:\/\/futbolhoy.co\/index.php\/wp-json\/wp\/v2\/types\/post"}],"author":[{"embeddable":true,"href":"https:\/\/futbolhoy.co\/index.php\/wp-json\/wp\/v2\/users\/4"}],"replies":[{"embeddable":true,"href":"https:\/\/futbolhoy.co\/index.php\/wp-json\/wp\/v2\/comments?post=127944"}],"version-history":[{"count":3,"href":"https:\/\/futbolhoy.co\/index.php\/wp-json\/wp\/v2\/posts\/127944\/revisions"}],"predecessor-version":[{"id":127948,"href":"https:\/\/futbolhoy.co\/index.php\/wp-json\/wp\/v2\/posts\/127944\/revisions\/127948"}],"wp:featuredmedia":[{"embeddable":true,"href":"https:\/\/futbolhoy.co\/index.php\/wp-json\/wp\/v2\/media\/127945"}],"wp:attachment":[{"href":"https:\/\/futbolhoy.co\/index.php\/wp-json\/wp\/v2\/media?parent=127944"}],"wp:term":[{"taxonomy":"category","embeddable":true,"href":"https:\/\/futbolhoy.co\/index.php\/wp-json\/wp\/v2\/categories?post=127944"},{"taxonomy":"post_tag","embeddable":true,"href":"https:\/\/futbolhoy.co\/index.php\/wp-json\/wp\/v2\/tags?post=127944"}],"curies":[{"name":"wp","href":"https:\/\/api.w.org\/{rel}","templated":true}]}}