{"id":127950,"date":"2026-01-05T21:06:13","date_gmt":"2026-01-06T02:06:13","guid":{"rendered":"https:\/\/futbolhoy.co\/?p=127950"},"modified":"2026-01-06T19:37:16","modified_gmt":"2026-01-07T00:37:16","slug":"la-razon-por-la-que-river-se-habria-negado-a-fichar-a-sebastian-villa","status":"publish","type":"post","link":"https:\/\/futbolhoy.co\/index.php\/2026\/01\/05\/la-razon-por-la-que-river-se-habria-negado-a-fichar-a-sebastian-villa\/","title":{"rendered":"La raz\u00f3n por la que River se habr\u00eda negado a fichar a Sebasti\u00e1n Villa"},"content":{"rendered":"<p style=\"text-align: justify;\"><span style=\"font-family: helvetica, arial, sans-serif;\"><strong>Sebasti\u00e1n Villa<\/strong> tiene el deseo de salir de <strong>Independiente Rivadavia<\/strong> e incluso se despidi\u00f3 del club en una entrevista antes de partir a sus vacaciones en <strong>Colombia<\/strong>. El futbolista le dej\u00f3 todo en manos de su representante y el club para poder encontrar beneficios para todas las partes.<\/span><\/p>\n<p style=\"text-align: justify;\"><span style=\"font-family: helvetica, arial, sans-serif;\">Uno de los clubes que mostr\u00f3 inter\u00e9s, e incluso se habla de una oferta formal, fue <strong>River Plate<\/strong>, lo cual caus\u00f3 pol\u00e9mica por su pasado en <strong>Boca Juniors.<\/strong> Sin embargo, las negociaciones con el equipo de <strong>N\u00fa\u00f1ez<\/strong> estar\u00edan terminadas.<\/span><\/p>\n<p style=\"text-align: justify;\"><span style=\"font-family: helvetica, arial, sans-serif;\">As\u00ed lo dio a conocer el <strong><em>diario Ol\u00e9<\/em> <\/strong>de <strong>Argentina,<\/strong> que revel\u00f3 que River no est\u00e1 dispuesto a alcanzar los 12 millones de euros que pidi\u00f3 Independiente por los servicios del colombiano.<\/span><\/p>\n<p style=\"text-align: justify;\"><span style=\"font-family: helvetica, arial, sans-serif;\">\u201cSalvo por un cambio de escenario radical que surja desde Independiente Rivadavia, Sebasti\u00e1n Villa no jugar\u00e1 en River... Se decidi\u00f3 a estructurar una propuesta formal de <strong>u$s 4.000.000<\/strong> para ficharlo. \u00bfLa respuesta de Vila (presidente de Ind. Rivadavia)? <strong>Pidi\u00f3 tres veces m\u00e1s, u$s 12 M,<\/strong> y as\u00ed fue como River lo dio inmediatamente por ca\u00eddo y no quiso seguir en conversaciones\", menciona el medio.<\/span><\/p>\n<p style=\"text-align: justify;\"><span style=\"font-family: helvetica, arial, sans-serif;\">Villa no se present\u00f3 al primer d\u00eda de pretemporada con Independiente, que le dio una licencia. Incluso, el equipo est\u00e1 abierto a su salida, pero parece dif\u00edcil que alg\u00fan club iguale las pretensiones que estableci\u00f3 el presidente <strong>Daniel Vila<\/strong>.<\/span><\/p>\n","protected":false},"excerpt":{"rendered":"<p>Sebasti\u00e1n Villa tiene el deseo de salir de Independiente Rivadavia e incluso se despidi\u00f3 del club en una entrevista antes de partir a sus vacaciones en Colombia. El futbolista le dej\u00f3 todo en manos de su representante y el club para poder encontrar beneficios para todas las partes. Uno de los clubes que mostr\u00f3 inter\u00e9s, [&hellip;]<\/p>\n","protected":false},"author":4,"featured_media":124946,"comment_status":"open","ping_status":"open","sticky":false,"template":"","format":"standard","meta":{"_acf_changed":false,"footnotes":""},"categories":[418],"tags":[],"class_list":{"0":"post-127950","1":"post","2":"type-post","3":"status-publish","4":"format-standard","5":"has-post-thumbnail","7":"category-colombia"},"acf":[],"yoast_head":"<!-- This site is optimized with the Yoast SEO plugin v26.8 - https:\/\/yoast.com\/product\/yoast-seo-wordpress\/ -->\n<title>La raz\u00f3n por la que River se habr\u00eda negado a fichar a Sebasti\u00e1n Villa -<\/title>\n<meta name=\"robots\" content=\"index, follow, max-snippet:-1, max-image-preview:large, max-video-preview:-1\" \/>\n<link rel=\"canonical\" href=\"https:\/\/futbolhoy.co\/index.php\/2026\/01\/05\/la-razon-por-la-que-river-se-habria-negado-a-fichar-a-sebastian-villa\/\" \/>\n<meta property=\"og:locale\" content=\"es_ES\" \/>\n<meta property=\"og:type\" content=\"article\" \/>\n<meta property=\"og:title\" content=\"La raz\u00f3n por la que River se habr\u00eda negado a fichar a Sebasti\u00e1n Villa -\" \/>\n<meta property=\"og:description\" content=\"Sebasti\u00e1n Villa tiene el deseo de salir de Independiente Rivadavia e incluso se despidi\u00f3 del club en una entrevista antes de partir a sus vacaciones en Colombia. El futbolista le dej\u00f3 todo en manos de su representante y el club para poder encontrar beneficios para todas las partes. Uno de los clubes que mostr\u00f3 inter\u00e9s, [&hellip;]\" \/>\n<meta property=\"og:url\" content=\"https:\/\/futbolhoy.co\/index.php\/2026\/01\/05\/la-razon-por-la-que-river-se-habria-negado-a-fichar-a-sebastian-villa\/\" \/>\n<meta property=\"article:publisher\" content=\"https:\/\/www.facebook.com\/FutbolHoyCol\/\" \/>\n<meta property=\"article:published_time\" content=\"2026-01-06T02:06:13+00:00\" \/>\n<meta property=\"article:modified_time\" content=\"2026-01-07T00:37:16+00:00\" \/>\n<meta property=\"og:image\" content=\"https:\/\/futbolhoy.co\/wp-content\/uploads\/2025\/10\/WhatsApp-Image-2025-10-21-at-4.26.32-PM.jpeg\" \/>\n\t<meta property=\"og:image:width\" content=\"828\" \/>\n\t<meta property=\"og:image:height\" content=\"718\" \/>\n\t<meta property=\"og:image:type\" content=\"image\/jpeg\" \/>\n<meta name=\"author\" content=\"contenido\" \/>\n<meta name=\"twitter:card\" content=\"summary_large_image\" \/>\n<meta name=\"twitter:creator\" content=\"@FutbolHoyCol\" \/>\n<meta name=\"twitter:site\" content=\"@FutbolHoyCol\" \/>\n<meta name=\"twitter:label1\" content=\"Escrito por\" \/>\n\t<meta name=\"twitter:data1\" content=\"contenido\" \/>\n\t<meta name=\"twitter:label2\" content=\"Tiempo de lectura\" \/>\n\t<meta name=\"twitter:data2\" content=\"1 minuto\" \/>\n<script type=\"application\/ld+json\" class=\"yoast-schema-graph\">{\"@context\":\"https:\/\/schema.org\",\"@graph\":[{\"@type\":\"Article\",\"@id\":\"https:\/\/futbolhoy.co\/index.php\/2026\/01\/05\/la-razon-por-la-que-river-se-habria-negado-a-fichar-a-sebastian-villa\/#article\",\"isPartOf\":{\"@id\":\"https:\/\/futbolhoy.co\/index.php\/2026\/01\/05\/la-razon-por-la-que-river-se-habria-negado-a-fichar-a-sebastian-villa\/\"},\"author\":{\"name\":\"contenido\",\"@id\":\"https:\/\/futbolhoy.co\/#\/schema\/person\/1721b69355b6623eaff15ac7b92d4cc3\"},\"headline\":\"La raz\u00f3n por la que River se habr\u00eda negado a fichar a Sebasti\u00e1n Villa\",\"datePublished\":\"2026-01-06T02:06:13+00:00\",\"dateModified\":\"2026-01-07T00:37:16+00:00\",\"mainEntityOfPage\":{\"@id\":\"https:\/\/futbolhoy.co\/index.php\/2026\/01\/05\/la-razon-por-la-que-river-se-habria-negado-a-fichar-a-sebastian-villa\/\"},\"wordCount\":249,\"commentCount\":0,\"publisher\":{\"@id\":\"https:\/\/futbolhoy.co\/#organization\"},\"image\":{\"@id\":\"https:\/\/futbolhoy.co\/index.php\/2026\/01\/05\/la-razon-por-la-que-river-se-habria-negado-a-fichar-a-sebastian-villa\/#primaryimage\"},\"thumbnailUrl\":\"https:\/\/futbolhoy.co\/wp-content\/uploads\/2025\/10\/WhatsApp-Image-2025-10-21-at-4.26.32-PM.jpeg\",\"articleSection\":[\"Colombia\"],\"inLanguage\":\"es\",\"potentialAction\":[{\"@type\":\"CommentAction\",\"name\":\"Comment\",\"target\":[\"https:\/\/futbolhoy.co\/index.php\/2026\/01\/05\/la-razon-por-la-que-river-se-habria-negado-a-fichar-a-sebastian-villa\/#respond\"]}]},{\"@type\":\"WebPage\",\"@id\":\"https:\/\/futbolhoy.co\/index.php\/2026\/01\/05\/la-razon-por-la-que-river-se-habria-negado-a-fichar-a-sebastian-villa\/\",\"url\":\"https:\/\/futbolhoy.co\/index.php\/2026\/01\/05\/la-razon-por-la-que-river-se-habria-negado-a-fichar-a-sebastian-villa\/\",\"name\":\"La raz\u00f3n por la que River se habr\u00eda negado a fichar a Sebasti\u00e1n Villa -\",\"isPartOf\":{\"@id\":\"https:\/\/futbolhoy.co\/#website\"},\"primaryImageOfPage\":{\"@id\":\"https:\/\/futbolhoy.co\/index.php\/2026\/01\/05\/la-razon-por-la-que-river-se-habria-negado-a-fichar-a-sebastian-villa\/#primaryimage\"},\"image\":{\"@id\":\"https:\/\/futbolhoy.co\/index.php\/2026\/01\/05\/la-razon-por-la-que-river-se-habria-negado-a-fichar-a-sebastian-villa\/#primaryimage\"},\"thumbnailUrl\":\"https:\/\/futbolhoy.co\/wp-content\/uploads\/2025\/10\/WhatsApp-Image-2025-10-21-at-4.26.32-PM.jpeg\",\"datePublished\":\"2026-01-06T02:06:13+00:00\",\"dateModified\":\"2026-01-07T00:37:16+00:00\",\"breadcrumb\":{\"@id\":\"https:\/\/futbolhoy.co\/index.php\/2026\/01\/05\/la-razon-por-la-que-river-se-habria-negado-a-fichar-a-sebastian-villa\/#breadcrumb\"},\"inLanguage\":\"es\",\"potentialAction\":[{\"@type\":\"ReadAction\",\"target\":[\"https:\/\/futbolhoy.co\/index.php\/2026\/01\/05\/la-razon-por-la-que-river-se-habria-negado-a-fichar-a-sebastian-villa\/\"]}]},{\"@type\":\"ImageObject\",\"inLanguage\":\"es\",\"@id\":\"https:\/\/futbolhoy.co\/index.php\/2026\/01\/05\/la-razon-por-la-que-river-se-habria-negado-a-fichar-a-sebastian-villa\/#primaryimage\",\"url\":\"https:\/\/futbolhoy.co\/wp-content\/uploads\/2025\/10\/WhatsApp-Image-2025-10-21-at-4.26.32-PM.jpeg\",\"contentUrl\":\"https:\/\/futbolhoy.co\/wp-content\/uploads\/2025\/10\/WhatsApp-Image-2025-10-21-at-4.26.32-PM.jpeg\",\"width\":828,\"height\":718},{\"@type\":\"BreadcrumbList\",\"@id\":\"https:\/\/futbolhoy.co\/index.php\/2026\/01\/05\/la-razon-por-la-que-river-se-habria-negado-a-fichar-a-sebastian-villa\/#breadcrumb\",\"itemListElement\":[{\"@type\":\"ListItem\",\"position\":1,\"name\":\"Portada\",\"item\":\"https:\/\/futbolhoy.co\/\"},{\"@type\":\"ListItem\",\"position\":2,\"name\":\"La raz\u00f3n por la que River se habr\u00eda negado a fichar a Sebasti\u00e1n Villa\"}]},{\"@type\":\"WebSite\",\"@id\":\"https:\/\/futbolhoy.co\/#website\",\"url\":\"https:\/\/futbolhoy.co\/\",\"name\":\"FutbolHoy\",\"description\":\"\",\"publisher\":{\"@id\":\"https:\/\/futbolhoy.co\/#organization\"},\"potentialAction\":[{\"@type\":\"SearchAction\",\"target\":{\"@type\":\"EntryPoint\",\"urlTemplate\":\"https:\/\/futbolhoy.co\/?s={search_term_string}\"},\"query-input\":{\"@type\":\"PropertyValueSpecification\",\"valueRequired\":true,\"valueName\":\"search_term_string\"}}],\"inLanguage\":\"es\"},{\"@type\":\"Organization\",\"@id\":\"https:\/\/futbolhoy.co\/#organization\",\"name\":\"Futbolhoy.co\",\"url\":\"https:\/\/futbolhoy.co\/\",\"logo\":{\"@type\":\"ImageObject\",\"inLanguage\":\"es\",\"@id\":\"https:\/\/futbolhoy.co\/#\/schema\/logo\/image\/\",\"url\":\"https:\/\/futbolhoy.co\/wp-content\/uploads\/2018\/08\/17426380_1906371736249227_6326180412931521141_n.jpg\",\"contentUrl\":\"https:\/\/futbolhoy.co\/wp-content\/uploads\/2018\/08\/17426380_1906371736249227_6326180412931521141_n.jpg\",\"width\":960,\"height\":960,\"caption\":\"Futbolhoy.co\"},\"image\":{\"@id\":\"https:\/\/futbolhoy.co\/#\/schema\/logo\/image\/\"},\"sameAs\":[\"https:\/\/www.facebook.com\/FutbolHoyCol\/\",\"https:\/\/x.com\/FutbolHoyCol\",\"https:\/\/www.instagram.com\/futbolhoycol\/\"]},{\"@type\":\"Person\",\"@id\":\"https:\/\/futbolhoy.co\/#\/schema\/person\/1721b69355b6623eaff15ac7b92d4cc3\",\"name\":\"contenido\",\"image\":{\"@type\":\"ImageObject\",\"inLanguage\":\"es\",\"@id\":\"https:\/\/futbolhoy.co\/#\/schema\/person\/image\/\",\"url\":\"https:\/\/secure.gravatar.com\/avatar\/4f656d3256f5134f466206e7c3941518?s=96&d=mm&r=g\",\"contentUrl\":\"https:\/\/secure.gravatar.com\/avatar\/4f656d3256f5134f466206e7c3941518?s=96&d=mm&r=g\",\"caption\":\"contenido\"}}]}<\/script>\n<!-- \/ Yoast SEO plugin. -->","yoast_head_json":{"title":"La raz\u00f3n por la que River se habr\u00eda negado a fichar a Sebasti\u00e1n Villa -","robots":{"index":"index","follow":"follow","max-snippet":"max-snippet:-1","max-image-preview":"max-image-preview:large","max-video-preview":"max-video-preview:-1"},"canonical":"https:\/\/futbolhoy.co\/index.php\/2026\/01\/05\/la-razon-por-la-que-river-se-habria-negado-a-fichar-a-sebastian-villa\/","og_locale":"es_ES","og_type":"article","og_title":"La raz\u00f3n por la que River se habr\u00eda negado a fichar a Sebasti\u00e1n Villa -","og_description":"Sebasti\u00e1n Villa tiene el deseo de salir de Independiente Rivadavia e incluso se despidi\u00f3 del club en una entrevista antes de partir a sus vacaciones en Colombia. El futbolista le dej\u00f3 todo en manos de su representante y el club para poder encontrar beneficios para todas las partes. Uno de los clubes que mostr\u00f3 inter\u00e9s, [&hellip;]","og_url":"https:\/\/futbolhoy.co\/index.php\/2026\/01\/05\/la-razon-por-la-que-river-se-habria-negado-a-fichar-a-sebastian-villa\/","article_publisher":"https:\/\/www.facebook.com\/FutbolHoyCol\/","article_published_time":"2026-01-06T02:06:13+00:00","article_modified_time":"2026-01-07T00:37:16+00:00","og_image":[{"width":828,"height":718,"url":"https:\/\/futbolhoy.co\/wp-content\/uploads\/2025\/10\/WhatsApp-Image-2025-10-21-at-4.26.32-PM.jpeg","type":"image\/jpeg"}],"author":"contenido","twitter_card":"summary_large_image","twitter_creator":"@FutbolHoyCol","twitter_site":"@FutbolHoyCol","twitter_misc":{"Escrito por":"contenido","Tiempo de lectura":"1 minuto"},"schema":{"@context":"https:\/\/schema.org","@graph":[{"@type":"Article","@id":"https:\/\/futbolhoy.co\/index.php\/2026\/01\/05\/la-razon-por-la-que-river-se-habria-negado-a-fichar-a-sebastian-villa\/#article","isPartOf":{"@id":"https:\/\/futbolhoy.co\/index.php\/2026\/01\/05\/la-razon-por-la-que-river-se-habria-negado-a-fichar-a-sebastian-villa\/"},"author":{"name":"contenido","@id":"https:\/\/futbolhoy.co\/#\/schema\/person\/1721b69355b6623eaff15ac7b92d4cc3"},"headline":"La raz\u00f3n por la que River se habr\u00eda negado a fichar a Sebasti\u00e1n Villa","datePublished":"2026-01-06T02:06:13+00:00","dateModified":"2026-01-07T00:37:16+00:00","mainEntityOfPage":{"@id":"https:\/\/futbolhoy.co\/index.php\/2026\/01\/05\/la-razon-por-la-que-river-se-habria-negado-a-fichar-a-sebastian-villa\/"},"wordCount":249,"commentCount":0,"publisher":{"@id":"https:\/\/futbolhoy.co\/#organization"},"image":{"@id":"https:\/\/futbolhoy.co\/index.php\/2026\/01\/05\/la-razon-por-la-que-river-se-habria-negado-a-fichar-a-sebastian-villa\/#primaryimage"},"thumbnailUrl":"https:\/\/futbolhoy.co\/wp-content\/uploads\/2025\/10\/WhatsApp-Image-2025-10-21-at-4.26.32-PM.jpeg","articleSection":["Colombia"],"inLanguage":"es","potentialAction":[{"@type":"CommentAction","name":"Comment","target":["https:\/\/futbolhoy.co\/index.php\/2026\/01\/05\/la-razon-por-la-que-river-se-habria-negado-a-fichar-a-sebastian-villa\/#respond"]}]},{"@type":"WebPage","@id":"https:\/\/futbolhoy.co\/index.php\/2026\/01\/05\/la-razon-por-la-que-river-se-habria-negado-a-fichar-a-sebastian-villa\/","url":"https:\/\/futbolhoy.co\/index.php\/2026\/01\/05\/la-razon-por-la-que-river-se-habria-negado-a-fichar-a-sebastian-villa\/","name":"La raz\u00f3n por la que River se habr\u00eda negado a fichar a Sebasti\u00e1n Villa -","isPartOf":{"@id":"https:\/\/futbolhoy.co\/#website"},"primaryImageOfPage":{"@id":"https:\/\/futbolhoy.co\/index.php\/2026\/01\/05\/la-razon-por-la-que-river-se-habria-negado-a-fichar-a-sebastian-villa\/#primaryimage"},"image":{"@id":"https:\/\/futbolhoy.co\/index.php\/2026\/01\/05\/la-razon-por-la-que-river-se-habria-negado-a-fichar-a-sebastian-villa\/#primaryimage"},"thumbnailUrl":"https:\/\/futbolhoy.co\/wp-content\/uploads\/2025\/10\/WhatsApp-Image-2025-10-21-at-4.26.32-PM.jpeg","datePublished":"2026-01-06T02:06:13+00:00","dateModified":"2026-01-07T00:37:16+00:00","breadcrumb":{"@id":"https:\/\/futbolhoy.co\/index.php\/2026\/01\/05\/la-razon-por-la-que-river-se-habria-negado-a-fichar-a-sebastian-villa\/#breadcrumb"},"inLanguage":"es","potentialAction":[{"@type":"ReadAction","target":["https:\/\/futbolhoy.co\/index.php\/2026\/01\/05\/la-razon-por-la-que-river-se-habria-negado-a-fichar-a-sebastian-villa\/"]}]},{"@type":"ImageObject","inLanguage":"es","@id":"https:\/\/futbolhoy.co\/index.php\/2026\/01\/05\/la-razon-por-la-que-river-se-habria-negado-a-fichar-a-sebastian-villa\/#primaryimage","url":"https:\/\/futbolhoy.co\/wp-content\/uploads\/2025\/10\/WhatsApp-Image-2025-10-21-at-4.26.32-PM.jpeg","contentUrl":"https:\/\/futbolhoy.co\/wp-content\/uploads\/2025\/10\/WhatsApp-Image-2025-10-21-at-4.26.32-PM.jpeg","width":828,"height":718},{"@type":"BreadcrumbList","@id":"https:\/\/futbolhoy.co\/index.php\/2026\/01\/05\/la-razon-por-la-que-river-se-habria-negado-a-fichar-a-sebastian-villa\/#breadcrumb","itemListElement":[{"@type":"ListItem","position":1,"name":"Portada","item":"https:\/\/futbolhoy.co\/"},{"@type":"ListItem","position":2,"name":"La raz\u00f3n por la que River se habr\u00eda negado a fichar a Sebasti\u00e1n Villa"}]},{"@type":"WebSite","@id":"https:\/\/futbolhoy.co\/#website","url":"https:\/\/futbolhoy.co\/","name":"FutbolHoy","description":"","publisher":{"@id":"https:\/\/futbolhoy.co\/#organization"},"potentialAction":[{"@type":"SearchAction","target":{"@type":"EntryPoint","urlTemplate":"https:\/\/futbolhoy.co\/?s={search_term_string}"},"query-input":{"@type":"PropertyValueSpecification","valueRequired":true,"valueName":"search_term_string"}}],"inLanguage":"es"},{"@type":"Organization","@id":"https:\/\/futbolhoy.co\/#organization","name":"Futbolhoy.co","url":"https:\/\/futbolhoy.co\/","logo":{"@type":"ImageObject","inLanguage":"es","@id":"https:\/\/futbolhoy.co\/#\/schema\/logo\/image\/","url":"https:\/\/futbolhoy.co\/wp-content\/uploads\/2018\/08\/17426380_1906371736249227_6326180412931521141_n.jpg","contentUrl":"https:\/\/futbolhoy.co\/wp-content\/uploads\/2018\/08\/17426380_1906371736249227_6326180412931521141_n.jpg","width":960,"height":960,"caption":"Futbolhoy.co"},"image":{"@id":"https:\/\/futbolhoy.co\/#\/schema\/logo\/image\/"},"sameAs":["https:\/\/www.facebook.com\/FutbolHoyCol\/","https:\/\/x.com\/FutbolHoyCol","https:\/\/www.instagram.com\/futbolhoycol\/"]},{"@type":"Person","@id":"https:\/\/futbolhoy.co\/#\/schema\/person\/1721b69355b6623eaff15ac7b92d4cc3","name":"contenido","image":{"@type":"ImageObject","inLanguage":"es","@id":"https:\/\/futbolhoy.co\/#\/schema\/person\/image\/","url":"https:\/\/secure.gravatar.com\/avatar\/4f656d3256f5134f466206e7c3941518?s=96&d=mm&r=g","contentUrl":"https:\/\/secure.gravatar.com\/avatar\/4f656d3256f5134f466206e7c3941518?s=96&d=mm&r=g","caption":"contenido"}}]}},"publishpress_future_action":{"enabled":false,"date":"2026-05-06 11:39:27","action":"change-status","newStatus":"draft","terms":[],"taxonomy":"category","extraData":[]},"publishpress_future_workflow_manual_trigger":{"enabledWorkflows":[]},"_links":{"self":[{"href":"https:\/\/futbolhoy.co\/index.php\/wp-json\/wp\/v2\/posts\/127950","targetHints":{"allow":["GET"]}}],"collection":[{"href":"https:\/\/futbolhoy.co\/index.php\/wp-json\/wp\/v2\/posts"}],"about":[{"href":"https:\/\/futbolhoy.co\/index.php\/wp-json\/wp\/v2\/types\/post"}],"author":[{"embeddable":true,"href":"https:\/\/futbolhoy.co\/index.php\/wp-json\/wp\/v2\/users\/4"}],"replies":[{"embeddable":true,"href":"https:\/\/futbolhoy.co\/index.php\/wp-json\/wp\/v2\/comments?post=127950"}],"version-history":[{"count":4,"href":"https:\/\/futbolhoy.co\/index.php\/wp-json\/wp\/v2\/posts\/127950\/revisions"}],"predecessor-version":[{"id":127954,"href":"https:\/\/futbolhoy.co\/index.php\/wp-json\/wp\/v2\/posts\/127950\/revisions\/127954"}],"wp:featuredmedia":[{"embeddable":true,"href":"https:\/\/futbolhoy.co\/index.php\/wp-json\/wp\/v2\/media\/124946"}],"wp:attachment":[{"href":"https:\/\/futbolhoy.co\/index.php\/wp-json\/wp\/v2\/media?parent=127950"}],"wp:term":[{"taxonomy":"category","embeddable":true,"href":"https:\/\/futbolhoy.co\/index.php\/wp-json\/wp\/v2\/categories?post=127950"},{"taxonomy":"post_tag","embeddable":true,"href":"https:\/\/futbolhoy.co\/index.php\/wp-json\/wp\/v2\/tags?post=127950"}],"curies":[{"name":"wp","href":"https:\/\/api.w.org\/{rel}","templated":true}]}}