{"id":127973,"date":"2026-01-06T06:45:22","date_gmt":"2026-01-06T11:45:22","guid":{"rendered":"https:\/\/futbolhoy.co\/?p=127973"},"modified":"2026-01-06T20:39:13","modified_gmt":"2026-01-07T01:39:13","slug":"mbappe-sera-la-principal-baja-del-real-madrid-en-la-supercopa-de-espana","status":"publish","type":"post","link":"https:\/\/futbolhoy.co\/index.php\/2026\/01\/06\/mbappe-sera-la-principal-baja-del-real-madrid-en-la-supercopa-de-espana\/","title":{"rendered":"Mbapp\u00e9 ser\u00e1 la principal baja del Real Madrid en la Supercopa de Espa\u00f1a"},"content":{"rendered":"<p style=\"text-align: justify;\"><span style=\"font-family: helvetica, arial, sans-serif;\">El <strong>Real Madrid<\/strong> complet\u00f3 su segundo y \u00faltimo entrenamiento en la ciudad deportiva de Valdebebas, con la<strong> ausencia del franc\u00e9s Kylian Mbapp\u00e9<\/strong>, que no se pudo probar con el grupo y es baja en la <strong>semifinal de la Supercopa de Espa\u00f1a <\/strong>ante el<strong> Atl\u00e9tico de Madrid<\/strong>.<\/span><\/p>\n<p><span style=\"font-family: helvetica, arial, sans-serif;\">El <strong>esguince de rodilla que sufri\u00f3 Mbapp\u00e9<\/strong> en el entrenamiento abierto del Real Madrid ante su afici\u00f3n el pasado 30 de diciembre, le deja fuera del derbi madrile\u00f1o de semifinales de la <strong>Supercopa de Espa\u00f1a<\/strong>. Tras perderse el primer partido de 2026, ante el Real Betis en LaLiga, el delantero franc\u00e9s no pudo ejercitarse el martes y se queda en la capital de Espa\u00f1a para continuar con la recuperaci\u00f3n.<\/span><\/p>\n<blockquote class=\"twitter-tweet\">\n<p dir=\"ltr\" lang=\"en\">\ud83d\udccb\u2705 Our squad for the Spanish Super Cup! <a href=\"https:\/\/t.co\/T0hFGcSM77\">pic.twitter.com\/T0hFGcSM77<\/a><\/p>\n<p>\u2014 Real Madrid C.F. \ud83c\uddec\ud83c\udde7\ud83c\uddfa\ud83c\uddf8 (@realmadriden) <a href=\"https:\/\/twitter.com\/realmadriden\/status\/2008515288342688242?ref_src=twsrc%5Etfw\">January 6, 2026<\/a><\/p><\/blockquote>\n<p><script async src=\"https:\/\/platform.twitter.com\/widgets.js\" charset=\"utf-8\"><\/script><\/p>\n<p style=\"text-align: justify;\"><span style=\"font-family: helvetica, arial, sans-serif;\">En caso de que su evoluci\u00f3n fuese positiva y el <strong>Real Madrid<\/strong> accediese a la <strong>final de la Supercopa de Espa\u00f1a<\/strong>, que se disputa el domingo en el estadio rey Abdullah de Yeda, <strong>Mbapp\u00e9<\/strong> viajar\u00eda el viernes a Arabia Saud\u00ed para sumarse a la concentraci\u00f3n madridista.<\/span><\/p>\n<p style=\"text-align: justify;\"><span style=\"font-family: helvetica, arial, sans-serif;\">Junto al astro franc\u00e9s se ausentaron del grupo el brasile\u00f1o <strong>\u00c9der Militao<\/strong>, que prosigue con el tratamiento de su lesi\u00f3n muscular, y <strong>Trent Alexander-Arnold<\/strong>, que hace parte de la convocatoria pese a no poder tener minutos por un problema muscular.<\/span><\/p>\n<p style=\"text-align: justify;\"><span style=\"font-family: helvetica, arial, sans-serif;\"><strong>Real Madrid<\/strong>, que se enfrenta este jueves al<strong> Atl\u00e9tico de Madrid<\/strong> en la segunda semifinal en Yeda, tras la disputa de la primera entre el <strong>Barcelona y el Athletic Club<\/strong>, efectuar\u00e1 un \u00faltimo entrenamiento el mi\u00e9rcoles. <\/span><\/p>\n<p style=\"text-align: justify;\"><span style=\"font-family: helvetica, arial, sans-serif;\">EFE<\/span><\/p>\n","protected":false},"excerpt":{"rendered":"<p>El Real Madrid complet\u00f3 su segundo y \u00faltimo entrenamiento en la ciudad deportiva de Valdebebas, con la ausencia del franc\u00e9s Kylian Mbapp\u00e9, que no se pudo probar con el grupo y es baja en la semifinal de la Supercopa de Espa\u00f1a ante el Atl\u00e9tico de Madrid. El esguince de rodilla que sufri\u00f3 Mbapp\u00e9 en el [&hellip;]<\/p>\n","protected":false},"author":4,"featured_media":127974,"comment_status":"open","ping_status":"open","sticky":false,"template":"","format":"standard","meta":{"_acf_changed":false,"footnotes":""},"categories":[152],"tags":[],"class_list":{"0":"post-127973","1":"post","2":"type-post","3":"status-publish","4":"format-standard","5":"has-post-thumbnail","7":"category-mundo-futbol"},"acf":[],"yoast_head":"<!-- This site is optimized with the Yoast SEO plugin v26.8 - https:\/\/yoast.com\/product\/yoast-seo-wordpress\/ -->\n<title>Mbapp\u00e9 ser\u00e1 la principal baja del Real Madrid en la Supercopa de Espa\u00f1a -<\/title>\n<meta name=\"robots\" content=\"index, follow, max-snippet:-1, max-image-preview:large, max-video-preview:-1\" \/>\n<link rel=\"canonical\" href=\"https:\/\/futbolhoy.co\/index.php\/2026\/01\/06\/mbappe-sera-la-principal-baja-del-real-madrid-en-la-supercopa-de-espana\/\" \/>\n<meta property=\"og:locale\" content=\"es_ES\" \/>\n<meta property=\"og:type\" content=\"article\" \/>\n<meta property=\"og:title\" content=\"Mbapp\u00e9 ser\u00e1 la principal baja del Real Madrid en la Supercopa de Espa\u00f1a -\" \/>\n<meta property=\"og:description\" content=\"El Real Madrid complet\u00f3 su segundo y \u00faltimo entrenamiento en la ciudad deportiva de Valdebebas, con la ausencia del franc\u00e9s Kylian Mbapp\u00e9, que no se pudo probar con el grupo y es baja en la semifinal de la Supercopa de Espa\u00f1a ante el Atl\u00e9tico de Madrid. El esguince de rodilla que sufri\u00f3 Mbapp\u00e9 en el [&hellip;]\" \/>\n<meta property=\"og:url\" content=\"https:\/\/futbolhoy.co\/index.php\/2026\/01\/06\/mbappe-sera-la-principal-baja-del-real-madrid-en-la-supercopa-de-espana\/\" \/>\n<meta property=\"article:publisher\" content=\"https:\/\/www.facebook.com\/FutbolHoyCol\/\" \/>\n<meta property=\"article:published_time\" content=\"2026-01-06T11:45:22+00:00\" \/>\n<meta property=\"article:modified_time\" content=\"2026-01-07T01:39:13+00:00\" \/>\n<meta property=\"og:image\" content=\"https:\/\/futbolhoy.co\/wp-content\/uploads\/2026\/01\/FACEBOOK-5.png\" \/>\n\t<meta property=\"og:image:width\" content=\"768\" \/>\n\t<meta property=\"og:image:height\" content=\"576\" \/>\n\t<meta property=\"og:image:type\" content=\"image\/png\" \/>\n<meta name=\"author\" content=\"contenido\" \/>\n<meta name=\"twitter:card\" content=\"summary_large_image\" \/>\n<meta name=\"twitter:creator\" content=\"@FutbolHoyCol\" \/>\n<meta name=\"twitter:site\" content=\"@FutbolHoyCol\" \/>\n<meta name=\"twitter:label1\" content=\"Escrito por\" \/>\n\t<meta name=\"twitter:data1\" content=\"contenido\" \/>\n\t<meta name=\"twitter:label2\" content=\"Tiempo de lectura\" \/>\n\t<meta name=\"twitter:data2\" content=\"1 minuto\" \/>\n<script type=\"application\/ld+json\" class=\"yoast-schema-graph\">{\"@context\":\"https:\/\/schema.org\",\"@graph\":[{\"@type\":\"Article\",\"@id\":\"https:\/\/futbolhoy.co\/index.php\/2026\/01\/06\/mbappe-sera-la-principal-baja-del-real-madrid-en-la-supercopa-de-espana\/#article\",\"isPartOf\":{\"@id\":\"https:\/\/futbolhoy.co\/index.php\/2026\/01\/06\/mbappe-sera-la-principal-baja-del-real-madrid-en-la-supercopa-de-espana\/\"},\"author\":{\"name\":\"contenido\",\"@id\":\"https:\/\/futbolhoy.co\/#\/schema\/person\/1721b69355b6623eaff15ac7b92d4cc3\"},\"headline\":\"Mbapp\u00e9 ser\u00e1 la principal baja del Real Madrid en la Supercopa de Espa\u00f1a\",\"datePublished\":\"2026-01-06T11:45:22+00:00\",\"dateModified\":\"2026-01-07T01:39:13+00:00\",\"mainEntityOfPage\":{\"@id\":\"https:\/\/futbolhoy.co\/index.php\/2026\/01\/06\/mbappe-sera-la-principal-baja-del-real-madrid-en-la-supercopa-de-espana\/\"},\"wordCount\":286,\"commentCount\":0,\"publisher\":{\"@id\":\"https:\/\/futbolhoy.co\/#organization\"},\"image\":{\"@id\":\"https:\/\/futbolhoy.co\/index.php\/2026\/01\/06\/mbappe-sera-la-principal-baja-del-real-madrid-en-la-supercopa-de-espana\/#primaryimage\"},\"thumbnailUrl\":\"https:\/\/futbolhoy.co\/wp-content\/uploads\/2026\/01\/FACEBOOK-5.png\",\"articleSection\":[\"Mundo Futbol\"],\"inLanguage\":\"es\",\"potentialAction\":[{\"@type\":\"CommentAction\",\"name\":\"Comment\",\"target\":[\"https:\/\/futbolhoy.co\/index.php\/2026\/01\/06\/mbappe-sera-la-principal-baja-del-real-madrid-en-la-supercopa-de-espana\/#respond\"]}]},{\"@type\":\"WebPage\",\"@id\":\"https:\/\/futbolhoy.co\/index.php\/2026\/01\/06\/mbappe-sera-la-principal-baja-del-real-madrid-en-la-supercopa-de-espana\/\",\"url\":\"https:\/\/futbolhoy.co\/index.php\/2026\/01\/06\/mbappe-sera-la-principal-baja-del-real-madrid-en-la-supercopa-de-espana\/\",\"name\":\"Mbapp\u00e9 ser\u00e1 la principal baja del Real Madrid en la Supercopa de Espa\u00f1a -\",\"isPartOf\":{\"@id\":\"https:\/\/futbolhoy.co\/#website\"},\"primaryImageOfPage\":{\"@id\":\"https:\/\/futbolhoy.co\/index.php\/2026\/01\/06\/mbappe-sera-la-principal-baja-del-real-madrid-en-la-supercopa-de-espana\/#primaryimage\"},\"image\":{\"@id\":\"https:\/\/futbolhoy.co\/index.php\/2026\/01\/06\/mbappe-sera-la-principal-baja-del-real-madrid-en-la-supercopa-de-espana\/#primaryimage\"},\"thumbnailUrl\":\"https:\/\/futbolhoy.co\/wp-content\/uploads\/2026\/01\/FACEBOOK-5.png\",\"datePublished\":\"2026-01-06T11:45:22+00:00\",\"dateModified\":\"2026-01-07T01:39:13+00:00\",\"breadcrumb\":{\"@id\":\"https:\/\/futbolhoy.co\/index.php\/2026\/01\/06\/mbappe-sera-la-principal-baja-del-real-madrid-en-la-supercopa-de-espana\/#breadcrumb\"},\"inLanguage\":\"es\",\"potentialAction\":[{\"@type\":\"ReadAction\",\"target\":[\"https:\/\/futbolhoy.co\/index.php\/2026\/01\/06\/mbappe-sera-la-principal-baja-del-real-madrid-en-la-supercopa-de-espana\/\"]}]},{\"@type\":\"ImageObject\",\"inLanguage\":\"es\",\"@id\":\"https:\/\/futbolhoy.co\/index.php\/2026\/01\/06\/mbappe-sera-la-principal-baja-del-real-madrid-en-la-supercopa-de-espana\/#primaryimage\",\"url\":\"https:\/\/futbolhoy.co\/wp-content\/uploads\/2026\/01\/FACEBOOK-5.png\",\"contentUrl\":\"https:\/\/futbolhoy.co\/wp-content\/uploads\/2026\/01\/FACEBOOK-5.png\",\"width\":768,\"height\":576},{\"@type\":\"BreadcrumbList\",\"@id\":\"https:\/\/futbolhoy.co\/index.php\/2026\/01\/06\/mbappe-sera-la-principal-baja-del-real-madrid-en-la-supercopa-de-espana\/#breadcrumb\",\"itemListElement\":[{\"@type\":\"ListItem\",\"position\":1,\"name\":\"Portada\",\"item\":\"https:\/\/futbolhoy.co\/\"},{\"@type\":\"ListItem\",\"position\":2,\"name\":\"Mbapp\u00e9 ser\u00e1 la principal baja del Real Madrid en la Supercopa de Espa\u00f1a\"}]},{\"@type\":\"WebSite\",\"@id\":\"https:\/\/futbolhoy.co\/#website\",\"url\":\"https:\/\/futbolhoy.co\/\",\"name\":\"FutbolHoy\",\"description\":\"\",\"publisher\":{\"@id\":\"https:\/\/futbolhoy.co\/#organization\"},\"potentialAction\":[{\"@type\":\"SearchAction\",\"target\":{\"@type\":\"EntryPoint\",\"urlTemplate\":\"https:\/\/futbolhoy.co\/?s={search_term_string}\"},\"query-input\":{\"@type\":\"PropertyValueSpecification\",\"valueRequired\":true,\"valueName\":\"search_term_string\"}}],\"inLanguage\":\"es\"},{\"@type\":\"Organization\",\"@id\":\"https:\/\/futbolhoy.co\/#organization\",\"name\":\"Futbolhoy.co\",\"url\":\"https:\/\/futbolhoy.co\/\",\"logo\":{\"@type\":\"ImageObject\",\"inLanguage\":\"es\",\"@id\":\"https:\/\/futbolhoy.co\/#\/schema\/logo\/image\/\",\"url\":\"https:\/\/futbolhoy.co\/wp-content\/uploads\/2018\/08\/17426380_1906371736249227_6326180412931521141_n.jpg\",\"contentUrl\":\"https:\/\/futbolhoy.co\/wp-content\/uploads\/2018\/08\/17426380_1906371736249227_6326180412931521141_n.jpg\",\"width\":960,\"height\":960,\"caption\":\"Futbolhoy.co\"},\"image\":{\"@id\":\"https:\/\/futbolhoy.co\/#\/schema\/logo\/image\/\"},\"sameAs\":[\"https:\/\/www.facebook.com\/FutbolHoyCol\/\",\"https:\/\/x.com\/FutbolHoyCol\",\"https:\/\/www.instagram.com\/futbolhoycol\/\"]},{\"@type\":\"Person\",\"@id\":\"https:\/\/futbolhoy.co\/#\/schema\/person\/1721b69355b6623eaff15ac7b92d4cc3\",\"name\":\"contenido\",\"image\":{\"@type\":\"ImageObject\",\"inLanguage\":\"es\",\"@id\":\"https:\/\/futbolhoy.co\/#\/schema\/person\/image\/\",\"url\":\"https:\/\/secure.gravatar.com\/avatar\/4f656d3256f5134f466206e7c3941518?s=96&d=mm&r=g\",\"contentUrl\":\"https:\/\/secure.gravatar.com\/avatar\/4f656d3256f5134f466206e7c3941518?s=96&d=mm&r=g\",\"caption\":\"contenido\"}}]}<\/script>\n<!-- \/ Yoast SEO plugin. -->","yoast_head_json":{"title":"Mbapp\u00e9 ser\u00e1 la principal baja del Real Madrid en la Supercopa de Espa\u00f1a -","robots":{"index":"index","follow":"follow","max-snippet":"max-snippet:-1","max-image-preview":"max-image-preview:large","max-video-preview":"max-video-preview:-1"},"canonical":"https:\/\/futbolhoy.co\/index.php\/2026\/01\/06\/mbappe-sera-la-principal-baja-del-real-madrid-en-la-supercopa-de-espana\/","og_locale":"es_ES","og_type":"article","og_title":"Mbapp\u00e9 ser\u00e1 la principal baja del Real Madrid en la Supercopa de Espa\u00f1a -","og_description":"El Real Madrid complet\u00f3 su segundo y \u00faltimo entrenamiento en la ciudad deportiva de Valdebebas, con la ausencia del franc\u00e9s Kylian Mbapp\u00e9, que no se pudo probar con el grupo y es baja en la semifinal de la Supercopa de Espa\u00f1a ante el Atl\u00e9tico de Madrid. El esguince de rodilla que sufri\u00f3 Mbapp\u00e9 en el [&hellip;]","og_url":"https:\/\/futbolhoy.co\/index.php\/2026\/01\/06\/mbappe-sera-la-principal-baja-del-real-madrid-en-la-supercopa-de-espana\/","article_publisher":"https:\/\/www.facebook.com\/FutbolHoyCol\/","article_published_time":"2026-01-06T11:45:22+00:00","article_modified_time":"2026-01-07T01:39:13+00:00","og_image":[{"width":768,"height":576,"url":"https:\/\/futbolhoy.co\/wp-content\/uploads\/2026\/01\/FACEBOOK-5.png","type":"image\/png"}],"author":"contenido","twitter_card":"summary_large_image","twitter_creator":"@FutbolHoyCol","twitter_site":"@FutbolHoyCol","twitter_misc":{"Escrito por":"contenido","Tiempo de lectura":"1 minuto"},"schema":{"@context":"https:\/\/schema.org","@graph":[{"@type":"Article","@id":"https:\/\/futbolhoy.co\/index.php\/2026\/01\/06\/mbappe-sera-la-principal-baja-del-real-madrid-en-la-supercopa-de-espana\/#article","isPartOf":{"@id":"https:\/\/futbolhoy.co\/index.php\/2026\/01\/06\/mbappe-sera-la-principal-baja-del-real-madrid-en-la-supercopa-de-espana\/"},"author":{"name":"contenido","@id":"https:\/\/futbolhoy.co\/#\/schema\/person\/1721b69355b6623eaff15ac7b92d4cc3"},"headline":"Mbapp\u00e9 ser\u00e1 la principal baja del Real Madrid en la Supercopa de Espa\u00f1a","datePublished":"2026-01-06T11:45:22+00:00","dateModified":"2026-01-07T01:39:13+00:00","mainEntityOfPage":{"@id":"https:\/\/futbolhoy.co\/index.php\/2026\/01\/06\/mbappe-sera-la-principal-baja-del-real-madrid-en-la-supercopa-de-espana\/"},"wordCount":286,"commentCount":0,"publisher":{"@id":"https:\/\/futbolhoy.co\/#organization"},"image":{"@id":"https:\/\/futbolhoy.co\/index.php\/2026\/01\/06\/mbappe-sera-la-principal-baja-del-real-madrid-en-la-supercopa-de-espana\/#primaryimage"},"thumbnailUrl":"https:\/\/futbolhoy.co\/wp-content\/uploads\/2026\/01\/FACEBOOK-5.png","articleSection":["Mundo Futbol"],"inLanguage":"es","potentialAction":[{"@type":"CommentAction","name":"Comment","target":["https:\/\/futbolhoy.co\/index.php\/2026\/01\/06\/mbappe-sera-la-principal-baja-del-real-madrid-en-la-supercopa-de-espana\/#respond"]}]},{"@type":"WebPage","@id":"https:\/\/futbolhoy.co\/index.php\/2026\/01\/06\/mbappe-sera-la-principal-baja-del-real-madrid-en-la-supercopa-de-espana\/","url":"https:\/\/futbolhoy.co\/index.php\/2026\/01\/06\/mbappe-sera-la-principal-baja-del-real-madrid-en-la-supercopa-de-espana\/","name":"Mbapp\u00e9 ser\u00e1 la principal baja del Real Madrid en la Supercopa de Espa\u00f1a -","isPartOf":{"@id":"https:\/\/futbolhoy.co\/#website"},"primaryImageOfPage":{"@id":"https:\/\/futbolhoy.co\/index.php\/2026\/01\/06\/mbappe-sera-la-principal-baja-del-real-madrid-en-la-supercopa-de-espana\/#primaryimage"},"image":{"@id":"https:\/\/futbolhoy.co\/index.php\/2026\/01\/06\/mbappe-sera-la-principal-baja-del-real-madrid-en-la-supercopa-de-espana\/#primaryimage"},"thumbnailUrl":"https:\/\/futbolhoy.co\/wp-content\/uploads\/2026\/01\/FACEBOOK-5.png","datePublished":"2026-01-06T11:45:22+00:00","dateModified":"2026-01-07T01:39:13+00:00","breadcrumb":{"@id":"https:\/\/futbolhoy.co\/index.php\/2026\/01\/06\/mbappe-sera-la-principal-baja-del-real-madrid-en-la-supercopa-de-espana\/#breadcrumb"},"inLanguage":"es","potentialAction":[{"@type":"ReadAction","target":["https:\/\/futbolhoy.co\/index.php\/2026\/01\/06\/mbappe-sera-la-principal-baja-del-real-madrid-en-la-supercopa-de-espana\/"]}]},{"@type":"ImageObject","inLanguage":"es","@id":"https:\/\/futbolhoy.co\/index.php\/2026\/01\/06\/mbappe-sera-la-principal-baja-del-real-madrid-en-la-supercopa-de-espana\/#primaryimage","url":"https:\/\/futbolhoy.co\/wp-content\/uploads\/2026\/01\/FACEBOOK-5.png","contentUrl":"https:\/\/futbolhoy.co\/wp-content\/uploads\/2026\/01\/FACEBOOK-5.png","width":768,"height":576},{"@type":"BreadcrumbList","@id":"https:\/\/futbolhoy.co\/index.php\/2026\/01\/06\/mbappe-sera-la-principal-baja-del-real-madrid-en-la-supercopa-de-espana\/#breadcrumb","itemListElement":[{"@type":"ListItem","position":1,"name":"Portada","item":"https:\/\/futbolhoy.co\/"},{"@type":"ListItem","position":2,"name":"Mbapp\u00e9 ser\u00e1 la principal baja del Real Madrid en la Supercopa de Espa\u00f1a"}]},{"@type":"WebSite","@id":"https:\/\/futbolhoy.co\/#website","url":"https:\/\/futbolhoy.co\/","name":"FutbolHoy","description":"","publisher":{"@id":"https:\/\/futbolhoy.co\/#organization"},"potentialAction":[{"@type":"SearchAction","target":{"@type":"EntryPoint","urlTemplate":"https:\/\/futbolhoy.co\/?s={search_term_string}"},"query-input":{"@type":"PropertyValueSpecification","valueRequired":true,"valueName":"search_term_string"}}],"inLanguage":"es"},{"@type":"Organization","@id":"https:\/\/futbolhoy.co\/#organization","name":"Futbolhoy.co","url":"https:\/\/futbolhoy.co\/","logo":{"@type":"ImageObject","inLanguage":"es","@id":"https:\/\/futbolhoy.co\/#\/schema\/logo\/image\/","url":"https:\/\/futbolhoy.co\/wp-content\/uploads\/2018\/08\/17426380_1906371736249227_6326180412931521141_n.jpg","contentUrl":"https:\/\/futbolhoy.co\/wp-content\/uploads\/2018\/08\/17426380_1906371736249227_6326180412931521141_n.jpg","width":960,"height":960,"caption":"Futbolhoy.co"},"image":{"@id":"https:\/\/futbolhoy.co\/#\/schema\/logo\/image\/"},"sameAs":["https:\/\/www.facebook.com\/FutbolHoyCol\/","https:\/\/x.com\/FutbolHoyCol","https:\/\/www.instagram.com\/futbolhoycol\/"]},{"@type":"Person","@id":"https:\/\/futbolhoy.co\/#\/schema\/person\/1721b69355b6623eaff15ac7b92d4cc3","name":"contenido","image":{"@type":"ImageObject","inLanguage":"es","@id":"https:\/\/futbolhoy.co\/#\/schema\/person\/image\/","url":"https:\/\/secure.gravatar.com\/avatar\/4f656d3256f5134f466206e7c3941518?s=96&d=mm&r=g","contentUrl":"https:\/\/secure.gravatar.com\/avatar\/4f656d3256f5134f466206e7c3941518?s=96&d=mm&r=g","caption":"contenido"}}]}},"publishpress_future_action":{"enabled":false,"date":"2026-05-06 11:34:44","action":"change-status","newStatus":"draft","terms":[],"taxonomy":"category","extraData":[]},"publishpress_future_workflow_manual_trigger":{"enabledWorkflows":[]},"_links":{"self":[{"href":"https:\/\/futbolhoy.co\/index.php\/wp-json\/wp\/v2\/posts\/127973","targetHints":{"allow":["GET"]}}],"collection":[{"href":"https:\/\/futbolhoy.co\/index.php\/wp-json\/wp\/v2\/posts"}],"about":[{"href":"https:\/\/futbolhoy.co\/index.php\/wp-json\/wp\/v2\/types\/post"}],"author":[{"embeddable":true,"href":"https:\/\/futbolhoy.co\/index.php\/wp-json\/wp\/v2\/users\/4"}],"replies":[{"embeddable":true,"href":"https:\/\/futbolhoy.co\/index.php\/wp-json\/wp\/v2\/comments?post=127973"}],"version-history":[{"count":2,"href":"https:\/\/futbolhoy.co\/index.php\/wp-json\/wp\/v2\/posts\/127973\/revisions"}],"predecessor-version":[{"id":127983,"href":"https:\/\/futbolhoy.co\/index.php\/wp-json\/wp\/v2\/posts\/127973\/revisions\/127983"}],"wp:featuredmedia":[{"embeddable":true,"href":"https:\/\/futbolhoy.co\/index.php\/wp-json\/wp\/v2\/media\/127974"}],"wp:attachment":[{"href":"https:\/\/futbolhoy.co\/index.php\/wp-json\/wp\/v2\/media?parent=127973"}],"wp:term":[{"taxonomy":"category","embeddable":true,"href":"https:\/\/futbolhoy.co\/index.php\/wp-json\/wp\/v2\/categories?post=127973"},{"taxonomy":"post_tag","embeddable":true,"href":"https:\/\/futbolhoy.co\/index.php\/wp-json\/wp\/v2\/tags?post=127973"}],"curies":[{"name":"wp","href":"https:\/\/api.w.org\/{rel}","templated":true}]}}