{"id":128011,"date":"2026-01-07T17:37:24","date_gmt":"2026-01-07T22:37:24","guid":{"rendered":"https:\/\/futbolhoy.co\/?p=128011"},"modified":"2026-01-08T18:07:01","modified_gmt":"2026-01-08T23:07:01","slug":"barcelona-aplasto-a-athletic-bilbao-espera-por-el-madrid-o-el-atletico","status":"publish","type":"post","link":"https:\/\/futbolhoy.co\/index.php\/2026\/01\/07\/barcelona-aplasto-a-athletic-bilbao-espera-por-el-madrid-o-el-atletico\/","title":{"rendered":"Barcelona aplast\u00f3 a Athletic Bilbao: espera por el Madrid o el Atl\u00e9tico"},"content":{"rendered":"<p style=\"text-align: justify;\"><span style=\"font-family: helvetica, arial, sans-serif;\"><strong>Barcelona<\/strong> dio c\u00e1tedra y aprovech\u00f3 una noche desafortunada del <strong>Athletic Bilbao<\/strong> para imponerse por 5-0 en la semifinal de la <strong>Supercopa de Espa\u00f1a<\/strong>, juego que se disput\u00f3 en el <strong>King Abdullah de Arabia Saudita.<\/strong><\/span><\/p>\n<p style=\"text-align: justify;\"><span style=\"font-family: helvetica, arial, sans-serif;\"><strong>Ferm\u00edn L\u00f3pez<\/strong> fue una de las figuras del encuentro. Al minuto 22\u2019 asisti\u00f3 a <strong>Ferr\u00e1n Torres<\/strong> para la apertura del marcador y luego Ferm\u00edn puso el 2-0 al 30\u2019.<\/span><\/p>\n<p style=\"text-align: justify;\"><span style=\"font-family: helvetica, arial, sans-serif;\">En el tercero de la noche tambi\u00e9n estuvo involucrado Ferm\u00edn, pues asisti\u00f3 a <strong>Bardghji<\/strong> al minuto 34\u2019. Los otros dos fueron obra de <strong>Raphinha<\/strong>, al 38\u2019 y al 52\u2019.<\/span><\/p>\n<p style=\"text-align: justify;\"><span style=\"font-family: helvetica, arial, sans-serif;\">As\u00ed las cosas, Barcelona espera por el ganador de la serie entre <strong>Real Madrid y Atl\u00e9tico de Madrid,<\/strong> duelo que tendr\u00e1 lugar este jueves y que no contar\u00e1 con la gran ausencia, el franc\u00e9s <strong>Kylian Mbapp\u00e9<\/strong>.<\/span><\/p>\n<p style=\"text-align: justify;\"><span style=\"font-family: helvetica, arial, sans-serif;\">De ganar Real Madrid, se repetir\u00e1 la final de hace un a\u00f1o, en la que Barcelona se impuso 2-5 y se qued\u00f3 con el t\u00edtulo.<\/span><\/p>\n","protected":false},"excerpt":{"rendered":"<p>Barcelona dio c\u00e1tedra y aprovech\u00f3 una noche desafortunada del Athletic Bilbao para imponerse por 5-0 en la semifinal de la Supercopa de Espa\u00f1a, juego que se disput\u00f3 en el King Abdullah de Arabia Saudita. Ferm\u00edn L\u00f3pez fue una de las figuras del encuentro. Al minuto 22\u2019 asisti\u00f3 a Ferr\u00e1n Torres para la apertura del marcador [&hellip;]<\/p>\n","protected":false},"author":4,"featured_media":128012,"comment_status":"open","ping_status":"open","sticky":false,"template":"","format":"standard","meta":{"_acf_changed":false,"footnotes":""},"categories":[152],"tags":[],"class_list":{"0":"post-128011","1":"post","2":"type-post","3":"status-publish","4":"format-standard","5":"has-post-thumbnail","7":"category-mundo-futbol"},"acf":[],"yoast_head":"<!-- This site is optimized with the Yoast SEO plugin v26.8 - https:\/\/yoast.com\/product\/yoast-seo-wordpress\/ -->\n<title>Barcelona aplast\u00f3 a Athletic Bilbao: espera por el Madrid o el Atl\u00e9tico -<\/title>\n<meta name=\"robots\" content=\"index, follow, max-snippet:-1, max-image-preview:large, max-video-preview:-1\" \/>\n<link rel=\"canonical\" href=\"https:\/\/futbolhoy.co\/index.php\/2026\/01\/07\/barcelona-aplasto-a-athletic-bilbao-espera-por-el-madrid-o-el-atletico\/\" \/>\n<meta property=\"og:locale\" content=\"es_ES\" \/>\n<meta property=\"og:type\" content=\"article\" \/>\n<meta property=\"og:title\" content=\"Barcelona aplast\u00f3 a Athletic Bilbao: espera por el Madrid o el Atl\u00e9tico -\" \/>\n<meta property=\"og:description\" content=\"Barcelona dio c\u00e1tedra y aprovech\u00f3 una noche desafortunada del Athletic Bilbao para imponerse por 5-0 en la semifinal de la Supercopa de Espa\u00f1a, juego que se disput\u00f3 en el King Abdullah de Arabia Saudita. Ferm\u00edn L\u00f3pez fue una de las figuras del encuentro. Al minuto 22\u2019 asisti\u00f3 a Ferr\u00e1n Torres para la apertura del marcador [&hellip;]\" \/>\n<meta property=\"og:url\" content=\"https:\/\/futbolhoy.co\/index.php\/2026\/01\/07\/barcelona-aplasto-a-athletic-bilbao-espera-por-el-madrid-o-el-atletico\/\" \/>\n<meta property=\"article:publisher\" content=\"https:\/\/www.facebook.com\/FutbolHoyCol\/\" \/>\n<meta property=\"article:published_time\" content=\"2026-01-07T22:37:24+00:00\" \/>\n<meta property=\"article:modified_time\" content=\"2026-01-08T23:07:01+00:00\" \/>\n<meta property=\"og:image\" content=\"https:\/\/futbolhoy.co\/wp-content\/uploads\/2026\/01\/IMG_4229.jpeg\" \/>\n\t<meta property=\"og:image:width\" content=\"1206\" \/>\n\t<meta property=\"og:image:height\" content=\"853\" \/>\n\t<meta property=\"og:image:type\" content=\"image\/jpeg\" \/>\n<meta name=\"author\" content=\"contenido\" \/>\n<meta name=\"twitter:card\" content=\"summary_large_image\" \/>\n<meta name=\"twitter:creator\" content=\"@FutbolHoyCol\" \/>\n<meta name=\"twitter:site\" content=\"@FutbolHoyCol\" \/>\n<meta name=\"twitter:label1\" content=\"Escrito por\" \/>\n\t<meta name=\"twitter:data1\" content=\"contenido\" \/>\n\t<meta name=\"twitter:label2\" content=\"Tiempo de lectura\" \/>\n\t<meta name=\"twitter:data2\" content=\"1 minuto\" \/>\n<script type=\"application\/ld+json\" class=\"yoast-schema-graph\">{\"@context\":\"https:\/\/schema.org\",\"@graph\":[{\"@type\":\"Article\",\"@id\":\"https:\/\/futbolhoy.co\/index.php\/2026\/01\/07\/barcelona-aplasto-a-athletic-bilbao-espera-por-el-madrid-o-el-atletico\/#article\",\"isPartOf\":{\"@id\":\"https:\/\/futbolhoy.co\/index.php\/2026\/01\/07\/barcelona-aplasto-a-athletic-bilbao-espera-por-el-madrid-o-el-atletico\/\"},\"author\":{\"name\":\"contenido\",\"@id\":\"https:\/\/futbolhoy.co\/#\/schema\/person\/1721b69355b6623eaff15ac7b92d4cc3\"},\"headline\":\"Barcelona aplast\u00f3 a Athletic Bilbao: espera por el Madrid o el Atl\u00e9tico\",\"datePublished\":\"2026-01-07T22:37:24+00:00\",\"dateModified\":\"2026-01-08T23:07:01+00:00\",\"mainEntityOfPage\":{\"@id\":\"https:\/\/futbolhoy.co\/index.php\/2026\/01\/07\/barcelona-aplasto-a-athletic-bilbao-espera-por-el-madrid-o-el-atletico\/\"},\"wordCount\":173,\"commentCount\":0,\"publisher\":{\"@id\":\"https:\/\/futbolhoy.co\/#organization\"},\"image\":{\"@id\":\"https:\/\/futbolhoy.co\/index.php\/2026\/01\/07\/barcelona-aplasto-a-athletic-bilbao-espera-por-el-madrid-o-el-atletico\/#primaryimage\"},\"thumbnailUrl\":\"https:\/\/futbolhoy.co\/wp-content\/uploads\/2026\/01\/IMG_4229.jpeg\",\"articleSection\":[\"Mundo Futbol\"],\"inLanguage\":\"es\",\"potentialAction\":[{\"@type\":\"CommentAction\",\"name\":\"Comment\",\"target\":[\"https:\/\/futbolhoy.co\/index.php\/2026\/01\/07\/barcelona-aplasto-a-athletic-bilbao-espera-por-el-madrid-o-el-atletico\/#respond\"]}]},{\"@type\":\"WebPage\",\"@id\":\"https:\/\/futbolhoy.co\/index.php\/2026\/01\/07\/barcelona-aplasto-a-athletic-bilbao-espera-por-el-madrid-o-el-atletico\/\",\"url\":\"https:\/\/futbolhoy.co\/index.php\/2026\/01\/07\/barcelona-aplasto-a-athletic-bilbao-espera-por-el-madrid-o-el-atletico\/\",\"name\":\"Barcelona aplast\u00f3 a Athletic Bilbao: espera por el Madrid o el Atl\u00e9tico -\",\"isPartOf\":{\"@id\":\"https:\/\/futbolhoy.co\/#website\"},\"primaryImageOfPage\":{\"@id\":\"https:\/\/futbolhoy.co\/index.php\/2026\/01\/07\/barcelona-aplasto-a-athletic-bilbao-espera-por-el-madrid-o-el-atletico\/#primaryimage\"},\"image\":{\"@id\":\"https:\/\/futbolhoy.co\/index.php\/2026\/01\/07\/barcelona-aplasto-a-athletic-bilbao-espera-por-el-madrid-o-el-atletico\/#primaryimage\"},\"thumbnailUrl\":\"https:\/\/futbolhoy.co\/wp-content\/uploads\/2026\/01\/IMG_4229.jpeg\",\"datePublished\":\"2026-01-07T22:37:24+00:00\",\"dateModified\":\"2026-01-08T23:07:01+00:00\",\"breadcrumb\":{\"@id\":\"https:\/\/futbolhoy.co\/index.php\/2026\/01\/07\/barcelona-aplasto-a-athletic-bilbao-espera-por-el-madrid-o-el-atletico\/#breadcrumb\"},\"inLanguage\":\"es\",\"potentialAction\":[{\"@type\":\"ReadAction\",\"target\":[\"https:\/\/futbolhoy.co\/index.php\/2026\/01\/07\/barcelona-aplasto-a-athletic-bilbao-espera-por-el-madrid-o-el-atletico\/\"]}]},{\"@type\":\"ImageObject\",\"inLanguage\":\"es\",\"@id\":\"https:\/\/futbolhoy.co\/index.php\/2026\/01\/07\/barcelona-aplasto-a-athletic-bilbao-espera-por-el-madrid-o-el-atletico\/#primaryimage\",\"url\":\"https:\/\/futbolhoy.co\/wp-content\/uploads\/2026\/01\/IMG_4229.jpeg\",\"contentUrl\":\"https:\/\/futbolhoy.co\/wp-content\/uploads\/2026\/01\/IMG_4229.jpeg\",\"width\":1206,\"height\":853,\"caption\":\"Screenshot\"},{\"@type\":\"BreadcrumbList\",\"@id\":\"https:\/\/futbolhoy.co\/index.php\/2026\/01\/07\/barcelona-aplasto-a-athletic-bilbao-espera-por-el-madrid-o-el-atletico\/#breadcrumb\",\"itemListElement\":[{\"@type\":\"ListItem\",\"position\":1,\"name\":\"Portada\",\"item\":\"https:\/\/futbolhoy.co\/\"},{\"@type\":\"ListItem\",\"position\":2,\"name\":\"Barcelona aplast\u00f3 a Athletic Bilbao: espera por el Madrid o el Atl\u00e9tico\"}]},{\"@type\":\"WebSite\",\"@id\":\"https:\/\/futbolhoy.co\/#website\",\"url\":\"https:\/\/futbolhoy.co\/\",\"name\":\"FutbolHoy\",\"description\":\"\",\"publisher\":{\"@id\":\"https:\/\/futbolhoy.co\/#organization\"},\"potentialAction\":[{\"@type\":\"SearchAction\",\"target\":{\"@type\":\"EntryPoint\",\"urlTemplate\":\"https:\/\/futbolhoy.co\/?s={search_term_string}\"},\"query-input\":{\"@type\":\"PropertyValueSpecification\",\"valueRequired\":true,\"valueName\":\"search_term_string\"}}],\"inLanguage\":\"es\"},{\"@type\":\"Organization\",\"@id\":\"https:\/\/futbolhoy.co\/#organization\",\"name\":\"Futbolhoy.co\",\"url\":\"https:\/\/futbolhoy.co\/\",\"logo\":{\"@type\":\"ImageObject\",\"inLanguage\":\"es\",\"@id\":\"https:\/\/futbolhoy.co\/#\/schema\/logo\/image\/\",\"url\":\"https:\/\/futbolhoy.co\/wp-content\/uploads\/2018\/08\/17426380_1906371736249227_6326180412931521141_n.jpg\",\"contentUrl\":\"https:\/\/futbolhoy.co\/wp-content\/uploads\/2018\/08\/17426380_1906371736249227_6326180412931521141_n.jpg\",\"width\":960,\"height\":960,\"caption\":\"Futbolhoy.co\"},\"image\":{\"@id\":\"https:\/\/futbolhoy.co\/#\/schema\/logo\/image\/\"},\"sameAs\":[\"https:\/\/www.facebook.com\/FutbolHoyCol\/\",\"https:\/\/x.com\/FutbolHoyCol\",\"https:\/\/www.instagram.com\/futbolhoycol\/\"]},{\"@type\":\"Person\",\"@id\":\"https:\/\/futbolhoy.co\/#\/schema\/person\/1721b69355b6623eaff15ac7b92d4cc3\",\"name\":\"contenido\",\"image\":{\"@type\":\"ImageObject\",\"inLanguage\":\"es\",\"@id\":\"https:\/\/futbolhoy.co\/#\/schema\/person\/image\/\",\"url\":\"https:\/\/secure.gravatar.com\/avatar\/4f656d3256f5134f466206e7c3941518?s=96&d=mm&r=g\",\"contentUrl\":\"https:\/\/secure.gravatar.com\/avatar\/4f656d3256f5134f466206e7c3941518?s=96&d=mm&r=g\",\"caption\":\"contenido\"}}]}<\/script>\n<!-- \/ Yoast SEO plugin. -->","yoast_head_json":{"title":"Barcelona aplast\u00f3 a Athletic Bilbao: espera por el Madrid o el Atl\u00e9tico -","robots":{"index":"index","follow":"follow","max-snippet":"max-snippet:-1","max-image-preview":"max-image-preview:large","max-video-preview":"max-video-preview:-1"},"canonical":"https:\/\/futbolhoy.co\/index.php\/2026\/01\/07\/barcelona-aplasto-a-athletic-bilbao-espera-por-el-madrid-o-el-atletico\/","og_locale":"es_ES","og_type":"article","og_title":"Barcelona aplast\u00f3 a Athletic Bilbao: espera por el Madrid o el Atl\u00e9tico -","og_description":"Barcelona dio c\u00e1tedra y aprovech\u00f3 una noche desafortunada del Athletic Bilbao para imponerse por 5-0 en la semifinal de la Supercopa de Espa\u00f1a, juego que se disput\u00f3 en el King Abdullah de Arabia Saudita. Ferm\u00edn L\u00f3pez fue una de las figuras del encuentro. Al minuto 22\u2019 asisti\u00f3 a Ferr\u00e1n Torres para la apertura del marcador [&hellip;]","og_url":"https:\/\/futbolhoy.co\/index.php\/2026\/01\/07\/barcelona-aplasto-a-athletic-bilbao-espera-por-el-madrid-o-el-atletico\/","article_publisher":"https:\/\/www.facebook.com\/FutbolHoyCol\/","article_published_time":"2026-01-07T22:37:24+00:00","article_modified_time":"2026-01-08T23:07:01+00:00","og_image":[{"width":1206,"height":853,"url":"https:\/\/futbolhoy.co\/wp-content\/uploads\/2026\/01\/IMG_4229.jpeg","type":"image\/jpeg"}],"author":"contenido","twitter_card":"summary_large_image","twitter_creator":"@FutbolHoyCol","twitter_site":"@FutbolHoyCol","twitter_misc":{"Escrito por":"contenido","Tiempo de lectura":"1 minuto"},"schema":{"@context":"https:\/\/schema.org","@graph":[{"@type":"Article","@id":"https:\/\/futbolhoy.co\/index.php\/2026\/01\/07\/barcelona-aplasto-a-athletic-bilbao-espera-por-el-madrid-o-el-atletico\/#article","isPartOf":{"@id":"https:\/\/futbolhoy.co\/index.php\/2026\/01\/07\/barcelona-aplasto-a-athletic-bilbao-espera-por-el-madrid-o-el-atletico\/"},"author":{"name":"contenido","@id":"https:\/\/futbolhoy.co\/#\/schema\/person\/1721b69355b6623eaff15ac7b92d4cc3"},"headline":"Barcelona aplast\u00f3 a Athletic Bilbao: espera por el Madrid o el Atl\u00e9tico","datePublished":"2026-01-07T22:37:24+00:00","dateModified":"2026-01-08T23:07:01+00:00","mainEntityOfPage":{"@id":"https:\/\/futbolhoy.co\/index.php\/2026\/01\/07\/barcelona-aplasto-a-athletic-bilbao-espera-por-el-madrid-o-el-atletico\/"},"wordCount":173,"commentCount":0,"publisher":{"@id":"https:\/\/futbolhoy.co\/#organization"},"image":{"@id":"https:\/\/futbolhoy.co\/index.php\/2026\/01\/07\/barcelona-aplasto-a-athletic-bilbao-espera-por-el-madrid-o-el-atletico\/#primaryimage"},"thumbnailUrl":"https:\/\/futbolhoy.co\/wp-content\/uploads\/2026\/01\/IMG_4229.jpeg","articleSection":["Mundo Futbol"],"inLanguage":"es","potentialAction":[{"@type":"CommentAction","name":"Comment","target":["https:\/\/futbolhoy.co\/index.php\/2026\/01\/07\/barcelona-aplasto-a-athletic-bilbao-espera-por-el-madrid-o-el-atletico\/#respond"]}]},{"@type":"WebPage","@id":"https:\/\/futbolhoy.co\/index.php\/2026\/01\/07\/barcelona-aplasto-a-athletic-bilbao-espera-por-el-madrid-o-el-atletico\/","url":"https:\/\/futbolhoy.co\/index.php\/2026\/01\/07\/barcelona-aplasto-a-athletic-bilbao-espera-por-el-madrid-o-el-atletico\/","name":"Barcelona aplast\u00f3 a Athletic Bilbao: espera por el Madrid o el Atl\u00e9tico -","isPartOf":{"@id":"https:\/\/futbolhoy.co\/#website"},"primaryImageOfPage":{"@id":"https:\/\/futbolhoy.co\/index.php\/2026\/01\/07\/barcelona-aplasto-a-athletic-bilbao-espera-por-el-madrid-o-el-atletico\/#primaryimage"},"image":{"@id":"https:\/\/futbolhoy.co\/index.php\/2026\/01\/07\/barcelona-aplasto-a-athletic-bilbao-espera-por-el-madrid-o-el-atletico\/#primaryimage"},"thumbnailUrl":"https:\/\/futbolhoy.co\/wp-content\/uploads\/2026\/01\/IMG_4229.jpeg","datePublished":"2026-01-07T22:37:24+00:00","dateModified":"2026-01-08T23:07:01+00:00","breadcrumb":{"@id":"https:\/\/futbolhoy.co\/index.php\/2026\/01\/07\/barcelona-aplasto-a-athletic-bilbao-espera-por-el-madrid-o-el-atletico\/#breadcrumb"},"inLanguage":"es","potentialAction":[{"@type":"ReadAction","target":["https:\/\/futbolhoy.co\/index.php\/2026\/01\/07\/barcelona-aplasto-a-athletic-bilbao-espera-por-el-madrid-o-el-atletico\/"]}]},{"@type":"ImageObject","inLanguage":"es","@id":"https:\/\/futbolhoy.co\/index.php\/2026\/01\/07\/barcelona-aplasto-a-athletic-bilbao-espera-por-el-madrid-o-el-atletico\/#primaryimage","url":"https:\/\/futbolhoy.co\/wp-content\/uploads\/2026\/01\/IMG_4229.jpeg","contentUrl":"https:\/\/futbolhoy.co\/wp-content\/uploads\/2026\/01\/IMG_4229.jpeg","width":1206,"height":853,"caption":"Screenshot"},{"@type":"BreadcrumbList","@id":"https:\/\/futbolhoy.co\/index.php\/2026\/01\/07\/barcelona-aplasto-a-athletic-bilbao-espera-por-el-madrid-o-el-atletico\/#breadcrumb","itemListElement":[{"@type":"ListItem","position":1,"name":"Portada","item":"https:\/\/futbolhoy.co\/"},{"@type":"ListItem","position":2,"name":"Barcelona aplast\u00f3 a Athletic Bilbao: espera por el Madrid o el Atl\u00e9tico"}]},{"@type":"WebSite","@id":"https:\/\/futbolhoy.co\/#website","url":"https:\/\/futbolhoy.co\/","name":"FutbolHoy","description":"","publisher":{"@id":"https:\/\/futbolhoy.co\/#organization"},"potentialAction":[{"@type":"SearchAction","target":{"@type":"EntryPoint","urlTemplate":"https:\/\/futbolhoy.co\/?s={search_term_string}"},"query-input":{"@type":"PropertyValueSpecification","valueRequired":true,"valueName":"search_term_string"}}],"inLanguage":"es"},{"@type":"Organization","@id":"https:\/\/futbolhoy.co\/#organization","name":"Futbolhoy.co","url":"https:\/\/futbolhoy.co\/","logo":{"@type":"ImageObject","inLanguage":"es","@id":"https:\/\/futbolhoy.co\/#\/schema\/logo\/image\/","url":"https:\/\/futbolhoy.co\/wp-content\/uploads\/2018\/08\/17426380_1906371736249227_6326180412931521141_n.jpg","contentUrl":"https:\/\/futbolhoy.co\/wp-content\/uploads\/2018\/08\/17426380_1906371736249227_6326180412931521141_n.jpg","width":960,"height":960,"caption":"Futbolhoy.co"},"image":{"@id":"https:\/\/futbolhoy.co\/#\/schema\/logo\/image\/"},"sameAs":["https:\/\/www.facebook.com\/FutbolHoyCol\/","https:\/\/x.com\/FutbolHoyCol","https:\/\/www.instagram.com\/futbolhoycol\/"]},{"@type":"Person","@id":"https:\/\/futbolhoy.co\/#\/schema\/person\/1721b69355b6623eaff15ac7b92d4cc3","name":"contenido","image":{"@type":"ImageObject","inLanguage":"es","@id":"https:\/\/futbolhoy.co\/#\/schema\/person\/image\/","url":"https:\/\/secure.gravatar.com\/avatar\/4f656d3256f5134f466206e7c3941518?s=96&d=mm&r=g","contentUrl":"https:\/\/secure.gravatar.com\/avatar\/4f656d3256f5134f466206e7c3941518?s=96&d=mm&r=g","caption":"contenido"}}]}},"publishpress_future_action":{"enabled":false,"date":"2026-05-01 23:31:27","action":"change-status","newStatus":"draft","terms":[],"taxonomy":"category","extraData":[]},"publishpress_future_workflow_manual_trigger":{"enabledWorkflows":[]},"_links":{"self":[{"href":"https:\/\/futbolhoy.co\/index.php\/wp-json\/wp\/v2\/posts\/128011","targetHints":{"allow":["GET"]}}],"collection":[{"href":"https:\/\/futbolhoy.co\/index.php\/wp-json\/wp\/v2\/posts"}],"about":[{"href":"https:\/\/futbolhoy.co\/index.php\/wp-json\/wp\/v2\/types\/post"}],"author":[{"embeddable":true,"href":"https:\/\/futbolhoy.co\/index.php\/wp-json\/wp\/v2\/users\/4"}],"replies":[{"embeddable":true,"href":"https:\/\/futbolhoy.co\/index.php\/wp-json\/wp\/v2\/comments?post=128011"}],"version-history":[{"count":1,"href":"https:\/\/futbolhoy.co\/index.php\/wp-json\/wp\/v2\/posts\/128011\/revisions"}],"predecessor-version":[{"id":128013,"href":"https:\/\/futbolhoy.co\/index.php\/wp-json\/wp\/v2\/posts\/128011\/revisions\/128013"}],"wp:featuredmedia":[{"embeddable":true,"href":"https:\/\/futbolhoy.co\/index.php\/wp-json\/wp\/v2\/media\/128012"}],"wp:attachment":[{"href":"https:\/\/futbolhoy.co\/index.php\/wp-json\/wp\/v2\/media?parent=128011"}],"wp:term":[{"taxonomy":"category","embeddable":true,"href":"https:\/\/futbolhoy.co\/index.php\/wp-json\/wp\/v2\/categories?post=128011"},{"taxonomy":"post_tag","embeddable":true,"href":"https:\/\/futbolhoy.co\/index.php\/wp-json\/wp\/v2\/tags?post=128011"}],"curies":[{"name":"wp","href":"https:\/\/api.w.org\/{rel}","templated":true}]}}