{"id":128213,"date":"2026-01-12T20:43:12","date_gmt":"2026-01-13T01:43:12","guid":{"rendered":"https:\/\/futbolhoy.co\/?p=128213"},"modified":"2026-01-13T18:35:49","modified_gmt":"2026-01-13T23:35:49","slug":"yeison-guzman-nuevo-refuerzo-del-america","status":"publish","type":"post","link":"https:\/\/futbolhoy.co\/index.php\/2026\/01\/12\/yeison-guzman-nuevo-refuerzo-del-america\/","title":{"rendered":"Yeison Guzm\u00e1n, nuevo refuerzo del Am\u00e9rica"},"content":{"rendered":"<p style=\"text-align: justify;\">Ya son seis los refuerzos del <strong>Am\u00e9rica<\/strong> para afrontar los retos del 2026, en el que intentar\u00e1n volver a ganar un t\u00edtulo de liga y meterse en la<strong> Copa Sudamericana.<\/strong><\/p>\n<p style=\"text-align: justify;\">El equipo Escarlata hizo oficial la vinculaci\u00f3n del volante <strong>Yeison Guzm\u00e1n (27 a\u00f1os),<\/strong> que llega a la instituci\u00f3n mediante un pr\u00e9stamo por un a\u00f1o con opci\u00f3n de compra. Su pase sigue perteneciendo a Fortaleza de Brasil.<\/p>\n<blockquote class=\"twitter-tweet\">\n<p dir=\"ltr\" lang=\"es\">\ud83e\uddd9\u200d\u2642\ufe0f Procedente del f\u00fatbol brasile\u00f1o, el volante Yeison Guzm\u00e1n se viste de Rojo para aportar toda su calidad en el mediocampo americano. \u2728 <a href=\"https:\/\/t.co\/RCGGQqcMBs\">pic.twitter.com\/RCGGQqcMBs<\/a><\/p>\n<p>\u2014 Am\u00e9rica de Cali (@AmericadeCali) <a href=\"https:\/\/twitter.com\/AmericadeCali\/status\/2010878715073609824?ref_src=twsrc%5Etfw\">January 13, 2026<\/a><\/p><\/blockquote>\n<p><script async src=\"https:\/\/platform.twitter.com\/widgets.js\" charset=\"utf-8\"><\/script>\u00a0En su experiencia internacional, disput\u00f3 11 partidos con el <strong>Torpedo de Rusia,<\/strong> en los que contribuy\u00f3 con 5 goles y 1 asistencia. En Fortaleza <strong>apenas jug\u00f3 5 encuentros<\/strong> y no marc\u00f3 ni dio pases de gol.<\/p>\n<p style=\"text-align: justify;\">Guzm\u00e1n, con pasado en Envigado, Nacional y Tolima, se suma a <strong>Marlon Torres, Dany Rosero, Darwin Mach\u00eds, Carlos Sierra<\/strong> y el arquero <strong>Jean Fernandes<\/strong> como las incorporaciones Escarlatas.<\/p>\n<p>&nbsp;<\/p>\n","protected":false},"excerpt":{"rendered":"<p>Ya son seis los refuerzos del Am\u00e9rica para afrontar los retos del 2026, en el que intentar\u00e1n volver a ganar un t\u00edtulo de liga y meterse en la Copa Sudamericana. El equipo Escarlata hizo oficial la vinculaci\u00f3n del volante Yeison Guzm\u00e1n (27 a\u00f1os), que llega a la instituci\u00f3n mediante un pr\u00e9stamo por un a\u00f1o con [&hellip;]<\/p>\n","protected":false},"author":4,"featured_media":128214,"comment_status":"open","ping_status":"closed","sticky":false,"template":"","format":"standard","meta":{"_acf_changed":false,"footnotes":""},"categories":[7],"tags":[],"class_list":{"0":"post-128213","1":"post","2":"type-post","3":"status-publish","4":"format-standard","5":"has-post-thumbnail","7":"category-liga-betplay"},"acf":[],"_links":{"self":[{"href":"https:\/\/futbolhoy.co\/index.php\/wp-json\/wp\/v2\/posts\/128213","targetHints":{"allow":["GET"]}}],"collection":[{"href":"https:\/\/futbolhoy.co\/index.php\/wp-json\/wp\/v2\/posts"}],"about":[{"href":"https:\/\/futbolhoy.co\/index.php\/wp-json\/wp\/v2\/types\/post"}],"author":[{"embeddable":true,"href":"https:\/\/futbolhoy.co\/index.php\/wp-json\/wp\/v2\/users\/4"}],"replies":[{"embeddable":true,"href":"https:\/\/futbolhoy.co\/index.php\/wp-json\/wp\/v2\/comments?post=128213"}],"version-history":[{"count":1,"href":"https:\/\/futbolhoy.co\/index.php\/wp-json\/wp\/v2\/posts\/128213\/revisions"}],"predecessor-version":[{"id":128215,"href":"https:\/\/futbolhoy.co\/index.php\/wp-json\/wp\/v2\/posts\/128213\/revisions\/128215"}],"wp:featuredmedia":[{"embeddable":true,"href":"https:\/\/futbolhoy.co\/index.php\/wp-json\/wp\/v2\/media\/128214"}],"wp:attachment":[{"href":"https:\/\/futbolhoy.co\/index.php\/wp-json\/wp\/v2\/media?parent=128213"}],"wp:term":[{"taxonomy":"category","embeddable":true,"href":"https:\/\/futbolhoy.co\/index.php\/wp-json\/wp\/v2\/categories?post=128213"},{"taxonomy":"post_tag","embeddable":true,"href":"https:\/\/futbolhoy.co\/index.php\/wp-json\/wp\/v2\/tags?post=128213"}],"curies":[{"name":"wp","href":"https:\/\/api.w.org\/{rel}","templated":true}]}}