{"id":128376,"date":"2026-01-17T10:42:36","date_gmt":"2026-01-17T15:42:36","guid":{"rendered":"https:\/\/futbolhoy.co\/?p=128376"},"modified":"2026-01-17T22:34:24","modified_gmt":"2026-01-18T03:34:24","slug":"jhon-solis-dejo-girona-y-es-nuevo-jugador-del-birmingham","status":"publish","type":"post","link":"https:\/\/futbolhoy.co\/index.php\/2026\/01\/17\/jhon-solis-dejo-girona-y-es-nuevo-jugador-del-birmingham\/","title":{"rendered":"Jhon Sol\u00eds dej\u00f3 Girona y es nuevo jugador del Birmingham"},"content":{"rendered":"<p style=\"text-align: justify;\"><span style=\"font-family: helvetica, arial, sans-serif;\">El centrocampista colombiano <strong>Jhon Sol\u00eds<\/strong> <strong>jugar\u00e1 cedido en el Birmingham<\/strong> de la Segunda Divisi\u00f3n inglesa hasta el final de la presente temporada, seg\u00fan ha confirmado el cuadro brit\u00e1nico en sus redes sociales, con una <strong>opci\u00f3n de compra obligatoria<\/strong> en funci\u00f3n de objetivos.<\/span><\/p>\n<blockquote class=\"twitter-tweet\" data-media-max-width=\"560\">\n<p dir=\"ltr\" lang=\"en\">\u201cI\u2019m very excited and have high expectations\u201d \ud83d\udcc8<\/p>\n<p>Big Jhon\u2019s first words in blue. <a href=\"https:\/\/t.co\/NmijPlSUok\">pic.twitter.com\/NmijPlSUok<\/a><\/p>\n<p>\u2014 Birmingham City FC (@BCFC) <a href=\"https:\/\/twitter.com\/BCFC\/status\/2012497536896893112?ref_src=twsrc%5Etfw\">January 17, 2026<\/a><\/p><\/blockquote>\n<p><script async src=\"https:\/\/platform.twitter.com\/widgets.js\" charset=\"utf-8\"><\/script><\/p>\n<p style=\"text-align: justify;\"><span style=\"font-family: helvetica, arial, sans-serif;\">El <strong>Girona<\/strong> ten\u00eda que liberar una plaza de extracomunitario para poder concretar la cesi\u00f3n del atacante <strong>Claudio Echeverri (Manchester City)<\/strong>, que entrena bajo las \u00f3rdenes de <strong>M\u00edchel S\u00e1nchez<\/strong> desde hace dos semanas.<\/span><\/p>\n<p style=\"text-align: justify;\"><span style=\"font-family: helvetica, arial, sans-serif;\">El equipo catal\u00e1n <strong>pag\u00f3 6 millones de euros en 2023 al Atl\u00e9tico Nacional por Sol\u00eds<\/strong>, una apuesta de presente y de futuro, pero el centrocampista no ha acabado de convencer y no ha conseguido tener continuidad.<\/span><\/p>\n<p style=\"text-align: justify;\"><span style=\"font-family: helvetica, arial, sans-serif;\">Entre las temporadas 2023-2024 y 2024-2025 apenas sum\u00f3 <strong>diez titularidades y un \u00fanico partido completo<\/strong> entre todas las competiciones y este curso hab\u00eda participado en 12 encuentros de LaLiga EA Sports -tres como titular- y en otros dos, tambi\u00e9n partiendo el once inicial, en la Copa del Rey.<\/span><\/p>\n<blockquote class=\"twitter-tweet\">\n<p dir=\"ltr\" lang=\"en\">The first Colombian to don the royal blue. \ud83c\udde8\ud83c\uddf4 <a href=\"https:\/\/t.co\/KNVYzgaU2w\">pic.twitter.com\/KNVYzgaU2w<\/a><\/p>\n<p>\u2014 Birmingham City FC (@BCFC) <a href=\"https:\/\/twitter.com\/BCFC\/status\/2012486374906011673?ref_src=twsrc%5Etfw\">January 17, 2026<\/a><\/p><\/blockquote>\n<p><script async src=\"https:\/\/platform.twitter.com\/widgets.js\" charset=\"utf-8\"><\/script><\/p>\n<p style=\"text-align: justify;\"><span style=\"font-family: helvetica, arial, sans-serif;\">En total, Sol\u00eds se marcha a Birmingham tras <strong>disputar 61 partidos como rojiblanco<\/strong>: 49 en LaLiga EA Sports, 7 en la Copa del Rey y 5 en la Liga de Campeones.<\/span><\/p>\n<p style=\"text-align: justify;\"><span style=\"font-family: helvetica, arial, sans-serif;\">El colombiano ya <strong>hac\u00eda d\u00edas que no entrenaba con el equipo<\/strong>, y no entraba en las convocatorias de las victorias del fin de semana pasado contra el Osasuna (1-0) y de este viernes contra el Espanyol (0-2) porque ten\u00eda permiso del club para cerrar su salida a Inglaterra.\u00a0<\/span><\/p>\n<p style=\"text-align: justify;\"><span style=\"font-family: helvetica, arial, sans-serif;\">EFE<\/span><\/p>\n","protected":false},"excerpt":{"rendered":"<p>El centrocampista colombiano Jhon Sol\u00eds jugar\u00e1 cedido en el Birmingham de la Segunda Divisi\u00f3n inglesa hasta el final de la presente temporada, seg\u00fan ha confirmado el cuadro brit\u00e1nico en sus redes sociales, con una opci\u00f3n de compra obligatoria en funci\u00f3n de objetivos. \u201cI\u2019m very excited and have high expectations\u201d \ud83d\udcc8 Big Jhon\u2019s first words in [&hellip;]<\/p>\n","protected":false},"author":4,"featured_media":128377,"comment_status":"open","ping_status":"open","sticky":false,"template":"","format":"standard","meta":{"_acf_changed":false,"footnotes":""},"categories":[418],"tags":[],"class_list":{"0":"post-128376","1":"post","2":"type-post","3":"status-publish","4":"format-standard","5":"has-post-thumbnail","7":"category-colombia"},"acf":[],"yoast_head":"<!-- This site is optimized with the Yoast SEO plugin v26.8 - https:\/\/yoast.com\/product\/yoast-seo-wordpress\/ -->\n<title>Jhon Sol\u00eds dej\u00f3 Girona y es nuevo jugador del Birmingham -<\/title>\n<meta name=\"robots\" content=\"index, follow, max-snippet:-1, max-image-preview:large, max-video-preview:-1\" \/>\n<link rel=\"canonical\" href=\"https:\/\/futbolhoy.co\/index.php\/2026\/01\/17\/jhon-solis-dejo-girona-y-es-nuevo-jugador-del-birmingham\/\" \/>\n<meta property=\"og:locale\" content=\"es_ES\" \/>\n<meta property=\"og:type\" content=\"article\" \/>\n<meta property=\"og:title\" content=\"Jhon Sol\u00eds dej\u00f3 Girona y es nuevo jugador del Birmingham -\" \/>\n<meta property=\"og:description\" content=\"El centrocampista colombiano Jhon Sol\u00eds jugar\u00e1 cedido en el Birmingham de la Segunda Divisi\u00f3n inglesa hasta el final de la presente temporada, seg\u00fan ha confirmado el cuadro brit\u00e1nico en sus redes sociales, con una opci\u00f3n de compra obligatoria en funci\u00f3n de objetivos. \u201cI\u2019m very excited and have high expectations\u201d \ud83d\udcc8 Big Jhon\u2019s first words in [&hellip;]\" \/>\n<meta property=\"og:url\" content=\"https:\/\/futbolhoy.co\/index.php\/2026\/01\/17\/jhon-solis-dejo-girona-y-es-nuevo-jugador-del-birmingham\/\" \/>\n<meta property=\"article:publisher\" content=\"https:\/\/www.facebook.com\/FutbolHoyCol\/\" \/>\n<meta property=\"article:published_time\" content=\"2026-01-17T15:42:36+00:00\" \/>\n<meta property=\"article:modified_time\" content=\"2026-01-18T03:34:24+00:00\" \/>\n<meta property=\"og:image\" content=\"https:\/\/futbolhoy.co\/wp-content\/uploads\/2026\/01\/FACEBOOK-6-1.png\" \/>\n\t<meta property=\"og:image:width\" content=\"768\" \/>\n\t<meta property=\"og:image:height\" content=\"576\" \/>\n\t<meta property=\"og:image:type\" content=\"image\/png\" \/>\n<meta name=\"author\" content=\"contenido\" \/>\n<meta name=\"twitter:card\" content=\"summary_large_image\" \/>\n<meta name=\"twitter:creator\" content=\"@FutbolHoyCol\" \/>\n<meta name=\"twitter:site\" content=\"@FutbolHoyCol\" \/>\n<meta name=\"twitter:label1\" content=\"Escrito por\" \/>\n\t<meta name=\"twitter:data1\" content=\"contenido\" \/>\n\t<meta name=\"twitter:label2\" content=\"Tiempo de lectura\" \/>\n\t<meta name=\"twitter:data2\" content=\"1 minuto\" \/>\n<script type=\"application\/ld+json\" class=\"yoast-schema-graph\">{\"@context\":\"https:\/\/schema.org\",\"@graph\":[{\"@type\":\"Article\",\"@id\":\"https:\/\/futbolhoy.co\/index.php\/2026\/01\/17\/jhon-solis-dejo-girona-y-es-nuevo-jugador-del-birmingham\/#article\",\"isPartOf\":{\"@id\":\"https:\/\/futbolhoy.co\/index.php\/2026\/01\/17\/jhon-solis-dejo-girona-y-es-nuevo-jugador-del-birmingham\/\"},\"author\":{\"name\":\"contenido\",\"@id\":\"https:\/\/futbolhoy.co\/#\/schema\/person\/1721b69355b6623eaff15ac7b92d4cc3\"},\"headline\":\"Jhon Sol\u00eds dej\u00f3 Girona y es nuevo jugador del Birmingham\",\"datePublished\":\"2026-01-17T15:42:36+00:00\",\"dateModified\":\"2026-01-18T03:34:24+00:00\",\"mainEntityOfPage\":{\"@id\":\"https:\/\/futbolhoy.co\/index.php\/2026\/01\/17\/jhon-solis-dejo-girona-y-es-nuevo-jugador-del-birmingham\/\"},\"wordCount\":303,\"commentCount\":0,\"publisher\":{\"@id\":\"https:\/\/futbolhoy.co\/#organization\"},\"image\":{\"@id\":\"https:\/\/futbolhoy.co\/index.php\/2026\/01\/17\/jhon-solis-dejo-girona-y-es-nuevo-jugador-del-birmingham\/#primaryimage\"},\"thumbnailUrl\":\"https:\/\/futbolhoy.co\/wp-content\/uploads\/2026\/01\/FACEBOOK-6-1.png\",\"articleSection\":[\"Colombia\"],\"inLanguage\":\"es\",\"potentialAction\":[{\"@type\":\"CommentAction\",\"name\":\"Comment\",\"target\":[\"https:\/\/futbolhoy.co\/index.php\/2026\/01\/17\/jhon-solis-dejo-girona-y-es-nuevo-jugador-del-birmingham\/#respond\"]}]},{\"@type\":\"WebPage\",\"@id\":\"https:\/\/futbolhoy.co\/index.php\/2026\/01\/17\/jhon-solis-dejo-girona-y-es-nuevo-jugador-del-birmingham\/\",\"url\":\"https:\/\/futbolhoy.co\/index.php\/2026\/01\/17\/jhon-solis-dejo-girona-y-es-nuevo-jugador-del-birmingham\/\",\"name\":\"Jhon Sol\u00eds dej\u00f3 Girona y es nuevo jugador del Birmingham -\",\"isPartOf\":{\"@id\":\"https:\/\/futbolhoy.co\/#website\"},\"primaryImageOfPage\":{\"@id\":\"https:\/\/futbolhoy.co\/index.php\/2026\/01\/17\/jhon-solis-dejo-girona-y-es-nuevo-jugador-del-birmingham\/#primaryimage\"},\"image\":{\"@id\":\"https:\/\/futbolhoy.co\/index.php\/2026\/01\/17\/jhon-solis-dejo-girona-y-es-nuevo-jugador-del-birmingham\/#primaryimage\"},\"thumbnailUrl\":\"https:\/\/futbolhoy.co\/wp-content\/uploads\/2026\/01\/FACEBOOK-6-1.png\",\"datePublished\":\"2026-01-17T15:42:36+00:00\",\"dateModified\":\"2026-01-18T03:34:24+00:00\",\"breadcrumb\":{\"@id\":\"https:\/\/futbolhoy.co\/index.php\/2026\/01\/17\/jhon-solis-dejo-girona-y-es-nuevo-jugador-del-birmingham\/#breadcrumb\"},\"inLanguage\":\"es\",\"potentialAction\":[{\"@type\":\"ReadAction\",\"target\":[\"https:\/\/futbolhoy.co\/index.php\/2026\/01\/17\/jhon-solis-dejo-girona-y-es-nuevo-jugador-del-birmingham\/\"]}]},{\"@type\":\"ImageObject\",\"inLanguage\":\"es\",\"@id\":\"https:\/\/futbolhoy.co\/index.php\/2026\/01\/17\/jhon-solis-dejo-girona-y-es-nuevo-jugador-del-birmingham\/#primaryimage\",\"url\":\"https:\/\/futbolhoy.co\/wp-content\/uploads\/2026\/01\/FACEBOOK-6-1.png\",\"contentUrl\":\"https:\/\/futbolhoy.co\/wp-content\/uploads\/2026\/01\/FACEBOOK-6-1.png\",\"width\":768,\"height\":576},{\"@type\":\"BreadcrumbList\",\"@id\":\"https:\/\/futbolhoy.co\/index.php\/2026\/01\/17\/jhon-solis-dejo-girona-y-es-nuevo-jugador-del-birmingham\/#breadcrumb\",\"itemListElement\":[{\"@type\":\"ListItem\",\"position\":1,\"name\":\"Portada\",\"item\":\"https:\/\/futbolhoy.co\/\"},{\"@type\":\"ListItem\",\"position\":2,\"name\":\"Jhon Sol\u00eds dej\u00f3 Girona y es nuevo jugador del Birmingham\"}]},{\"@type\":\"WebSite\",\"@id\":\"https:\/\/futbolhoy.co\/#website\",\"url\":\"https:\/\/futbolhoy.co\/\",\"name\":\"FutbolHoy\",\"description\":\"\",\"publisher\":{\"@id\":\"https:\/\/futbolhoy.co\/#organization\"},\"potentialAction\":[{\"@type\":\"SearchAction\",\"target\":{\"@type\":\"EntryPoint\",\"urlTemplate\":\"https:\/\/futbolhoy.co\/?s={search_term_string}\"},\"query-input\":{\"@type\":\"PropertyValueSpecification\",\"valueRequired\":true,\"valueName\":\"search_term_string\"}}],\"inLanguage\":\"es\"},{\"@type\":\"Organization\",\"@id\":\"https:\/\/futbolhoy.co\/#organization\",\"name\":\"Futbolhoy.co\",\"url\":\"https:\/\/futbolhoy.co\/\",\"logo\":{\"@type\":\"ImageObject\",\"inLanguage\":\"es\",\"@id\":\"https:\/\/futbolhoy.co\/#\/schema\/logo\/image\/\",\"url\":\"https:\/\/futbolhoy.co\/wp-content\/uploads\/2018\/08\/17426380_1906371736249227_6326180412931521141_n.jpg\",\"contentUrl\":\"https:\/\/futbolhoy.co\/wp-content\/uploads\/2018\/08\/17426380_1906371736249227_6326180412931521141_n.jpg\",\"width\":960,\"height\":960,\"caption\":\"Futbolhoy.co\"},\"image\":{\"@id\":\"https:\/\/futbolhoy.co\/#\/schema\/logo\/image\/\"},\"sameAs\":[\"https:\/\/www.facebook.com\/FutbolHoyCol\/\",\"https:\/\/x.com\/FutbolHoyCol\",\"https:\/\/www.instagram.com\/futbolhoycol\/\"]},{\"@type\":\"Person\",\"@id\":\"https:\/\/futbolhoy.co\/#\/schema\/person\/1721b69355b6623eaff15ac7b92d4cc3\",\"name\":\"contenido\",\"image\":{\"@type\":\"ImageObject\",\"inLanguage\":\"es\",\"@id\":\"https:\/\/futbolhoy.co\/#\/schema\/person\/image\/\",\"url\":\"https:\/\/secure.gravatar.com\/avatar\/4f656d3256f5134f466206e7c3941518?s=96&d=mm&r=g\",\"contentUrl\":\"https:\/\/secure.gravatar.com\/avatar\/4f656d3256f5134f466206e7c3941518?s=96&d=mm&r=g\",\"caption\":\"contenido\"}}]}<\/script>\n<!-- \/ Yoast SEO plugin. -->","yoast_head_json":{"title":"Jhon Sol\u00eds dej\u00f3 Girona y es nuevo jugador del Birmingham -","robots":{"index":"index","follow":"follow","max-snippet":"max-snippet:-1","max-image-preview":"max-image-preview:large","max-video-preview":"max-video-preview:-1"},"canonical":"https:\/\/futbolhoy.co\/index.php\/2026\/01\/17\/jhon-solis-dejo-girona-y-es-nuevo-jugador-del-birmingham\/","og_locale":"es_ES","og_type":"article","og_title":"Jhon Sol\u00eds dej\u00f3 Girona y es nuevo jugador del Birmingham -","og_description":"El centrocampista colombiano Jhon Sol\u00eds jugar\u00e1 cedido en el Birmingham de la Segunda Divisi\u00f3n inglesa hasta el final de la presente temporada, seg\u00fan ha confirmado el cuadro brit\u00e1nico en sus redes sociales, con una opci\u00f3n de compra obligatoria en funci\u00f3n de objetivos. \u201cI\u2019m very excited and have high expectations\u201d \ud83d\udcc8 Big Jhon\u2019s first words in [&hellip;]","og_url":"https:\/\/futbolhoy.co\/index.php\/2026\/01\/17\/jhon-solis-dejo-girona-y-es-nuevo-jugador-del-birmingham\/","article_publisher":"https:\/\/www.facebook.com\/FutbolHoyCol\/","article_published_time":"2026-01-17T15:42:36+00:00","article_modified_time":"2026-01-18T03:34:24+00:00","og_image":[{"width":768,"height":576,"url":"https:\/\/futbolhoy.co\/wp-content\/uploads\/2026\/01\/FACEBOOK-6-1.png","type":"image\/png"}],"author":"contenido","twitter_card":"summary_large_image","twitter_creator":"@FutbolHoyCol","twitter_site":"@FutbolHoyCol","twitter_misc":{"Escrito por":"contenido","Tiempo de lectura":"1 minuto"},"schema":{"@context":"https:\/\/schema.org","@graph":[{"@type":"Article","@id":"https:\/\/futbolhoy.co\/index.php\/2026\/01\/17\/jhon-solis-dejo-girona-y-es-nuevo-jugador-del-birmingham\/#article","isPartOf":{"@id":"https:\/\/futbolhoy.co\/index.php\/2026\/01\/17\/jhon-solis-dejo-girona-y-es-nuevo-jugador-del-birmingham\/"},"author":{"name":"contenido","@id":"https:\/\/futbolhoy.co\/#\/schema\/person\/1721b69355b6623eaff15ac7b92d4cc3"},"headline":"Jhon Sol\u00eds dej\u00f3 Girona y es nuevo jugador del Birmingham","datePublished":"2026-01-17T15:42:36+00:00","dateModified":"2026-01-18T03:34:24+00:00","mainEntityOfPage":{"@id":"https:\/\/futbolhoy.co\/index.php\/2026\/01\/17\/jhon-solis-dejo-girona-y-es-nuevo-jugador-del-birmingham\/"},"wordCount":303,"commentCount":0,"publisher":{"@id":"https:\/\/futbolhoy.co\/#organization"},"image":{"@id":"https:\/\/futbolhoy.co\/index.php\/2026\/01\/17\/jhon-solis-dejo-girona-y-es-nuevo-jugador-del-birmingham\/#primaryimage"},"thumbnailUrl":"https:\/\/futbolhoy.co\/wp-content\/uploads\/2026\/01\/FACEBOOK-6-1.png","articleSection":["Colombia"],"inLanguage":"es","potentialAction":[{"@type":"CommentAction","name":"Comment","target":["https:\/\/futbolhoy.co\/index.php\/2026\/01\/17\/jhon-solis-dejo-girona-y-es-nuevo-jugador-del-birmingham\/#respond"]}]},{"@type":"WebPage","@id":"https:\/\/futbolhoy.co\/index.php\/2026\/01\/17\/jhon-solis-dejo-girona-y-es-nuevo-jugador-del-birmingham\/","url":"https:\/\/futbolhoy.co\/index.php\/2026\/01\/17\/jhon-solis-dejo-girona-y-es-nuevo-jugador-del-birmingham\/","name":"Jhon Sol\u00eds dej\u00f3 Girona y es nuevo jugador del Birmingham -","isPartOf":{"@id":"https:\/\/futbolhoy.co\/#website"},"primaryImageOfPage":{"@id":"https:\/\/futbolhoy.co\/index.php\/2026\/01\/17\/jhon-solis-dejo-girona-y-es-nuevo-jugador-del-birmingham\/#primaryimage"},"image":{"@id":"https:\/\/futbolhoy.co\/index.php\/2026\/01\/17\/jhon-solis-dejo-girona-y-es-nuevo-jugador-del-birmingham\/#primaryimage"},"thumbnailUrl":"https:\/\/futbolhoy.co\/wp-content\/uploads\/2026\/01\/FACEBOOK-6-1.png","datePublished":"2026-01-17T15:42:36+00:00","dateModified":"2026-01-18T03:34:24+00:00","breadcrumb":{"@id":"https:\/\/futbolhoy.co\/index.php\/2026\/01\/17\/jhon-solis-dejo-girona-y-es-nuevo-jugador-del-birmingham\/#breadcrumb"},"inLanguage":"es","potentialAction":[{"@type":"ReadAction","target":["https:\/\/futbolhoy.co\/index.php\/2026\/01\/17\/jhon-solis-dejo-girona-y-es-nuevo-jugador-del-birmingham\/"]}]},{"@type":"ImageObject","inLanguage":"es","@id":"https:\/\/futbolhoy.co\/index.php\/2026\/01\/17\/jhon-solis-dejo-girona-y-es-nuevo-jugador-del-birmingham\/#primaryimage","url":"https:\/\/futbolhoy.co\/wp-content\/uploads\/2026\/01\/FACEBOOK-6-1.png","contentUrl":"https:\/\/futbolhoy.co\/wp-content\/uploads\/2026\/01\/FACEBOOK-6-1.png","width":768,"height":576},{"@type":"BreadcrumbList","@id":"https:\/\/futbolhoy.co\/index.php\/2026\/01\/17\/jhon-solis-dejo-girona-y-es-nuevo-jugador-del-birmingham\/#breadcrumb","itemListElement":[{"@type":"ListItem","position":1,"name":"Portada","item":"https:\/\/futbolhoy.co\/"},{"@type":"ListItem","position":2,"name":"Jhon Sol\u00eds dej\u00f3 Girona y es nuevo jugador del Birmingham"}]},{"@type":"WebSite","@id":"https:\/\/futbolhoy.co\/#website","url":"https:\/\/futbolhoy.co\/","name":"FutbolHoy","description":"","publisher":{"@id":"https:\/\/futbolhoy.co\/#organization"},"potentialAction":[{"@type":"SearchAction","target":{"@type":"EntryPoint","urlTemplate":"https:\/\/futbolhoy.co\/?s={search_term_string}"},"query-input":{"@type":"PropertyValueSpecification","valueRequired":true,"valueName":"search_term_string"}}],"inLanguage":"es"},{"@type":"Organization","@id":"https:\/\/futbolhoy.co\/#organization","name":"Futbolhoy.co","url":"https:\/\/futbolhoy.co\/","logo":{"@type":"ImageObject","inLanguage":"es","@id":"https:\/\/futbolhoy.co\/#\/schema\/logo\/image\/","url":"https:\/\/futbolhoy.co\/wp-content\/uploads\/2018\/08\/17426380_1906371736249227_6326180412931521141_n.jpg","contentUrl":"https:\/\/futbolhoy.co\/wp-content\/uploads\/2018\/08\/17426380_1906371736249227_6326180412931521141_n.jpg","width":960,"height":960,"caption":"Futbolhoy.co"},"image":{"@id":"https:\/\/futbolhoy.co\/#\/schema\/logo\/image\/"},"sameAs":["https:\/\/www.facebook.com\/FutbolHoyCol\/","https:\/\/x.com\/FutbolHoyCol","https:\/\/www.instagram.com\/futbolhoycol\/"]},{"@type":"Person","@id":"https:\/\/futbolhoy.co\/#\/schema\/person\/1721b69355b6623eaff15ac7b92d4cc3","name":"contenido","image":{"@type":"ImageObject","inLanguage":"es","@id":"https:\/\/futbolhoy.co\/#\/schema\/person\/image\/","url":"https:\/\/secure.gravatar.com\/avatar\/4f656d3256f5134f466206e7c3941518?s=96&d=mm&r=g","contentUrl":"https:\/\/secure.gravatar.com\/avatar\/4f656d3256f5134f466206e7c3941518?s=96&d=mm&r=g","caption":"contenido"}}]}},"publishpress_future_action":{"enabled":false,"date":"2026-05-04 06:55:48","action":"change-status","newStatus":"draft","terms":[],"taxonomy":"category","extraData":[]},"publishpress_future_workflow_manual_trigger":{"enabledWorkflows":[]},"_links":{"self":[{"href":"https:\/\/futbolhoy.co\/index.php\/wp-json\/wp\/v2\/posts\/128376","targetHints":{"allow":["GET"]}}],"collection":[{"href":"https:\/\/futbolhoy.co\/index.php\/wp-json\/wp\/v2\/posts"}],"about":[{"href":"https:\/\/futbolhoy.co\/index.php\/wp-json\/wp\/v2\/types\/post"}],"author":[{"embeddable":true,"href":"https:\/\/futbolhoy.co\/index.php\/wp-json\/wp\/v2\/users\/4"}],"replies":[{"embeddable":true,"href":"https:\/\/futbolhoy.co\/index.php\/wp-json\/wp\/v2\/comments?post=128376"}],"version-history":[{"count":3,"href":"https:\/\/futbolhoy.co\/index.php\/wp-json\/wp\/v2\/posts\/128376\/revisions"}],"predecessor-version":[{"id":128381,"href":"https:\/\/futbolhoy.co\/index.php\/wp-json\/wp\/v2\/posts\/128376\/revisions\/128381"}],"wp:featuredmedia":[{"embeddable":true,"href":"https:\/\/futbolhoy.co\/index.php\/wp-json\/wp\/v2\/media\/128377"}],"wp:attachment":[{"href":"https:\/\/futbolhoy.co\/index.php\/wp-json\/wp\/v2\/media?parent=128376"}],"wp:term":[{"taxonomy":"category","embeddable":true,"href":"https:\/\/futbolhoy.co\/index.php\/wp-json\/wp\/v2\/categories?post=128376"},{"taxonomy":"post_tag","embeddable":true,"href":"https:\/\/futbolhoy.co\/index.php\/wp-json\/wp\/v2\/tags?post=128376"}],"curies":[{"name":"wp","href":"https:\/\/api.w.org\/{rel}","templated":true}]}}