{"id":128404,"date":"2026-01-18T08:56:16","date_gmt":"2026-01-18T13:56:16","guid":{"rendered":"https:\/\/futbolhoy.co\/?p=128404"},"modified":"2026-01-18T22:27:24","modified_gmt":"2026-01-19T03:27:24","slug":"hernan-torres-y-su-autocritica-por-la-derrota-de-millonarios-con-bucaramanga","status":"publish","type":"post","link":"https:\/\/futbolhoy.co\/index.php\/2026\/01\/18\/hernan-torres-y-su-autocritica-por-la-derrota-de-millonarios-con-bucaramanga\/","title":{"rendered":"Hern\u00e1n Torres y su autocr\u00edtica por la derrota de Millonarios con Bucaramanga"},"content":{"rendered":"<p style=\"text-align: justify;\"><span style=\"font-family: helvetica, arial, sans-serif;\"><strong>Millonarios<\/strong> inici\u00f3 su camino en la <strong>Liga colombiana<\/strong> con una derrota en su visita a <strong>Bucaramanga.<\/strong> En rueda de prensa, el entrenador <strong>Hern\u00e1n Torres <\/strong>fue autocr\u00edtico.<\/span><\/p>\n<p style=\"text-align: justify;\"><span style=\"font-family: helvetica, arial, sans-serif;\">\u201cSe hizo un planteamiento, iba bien, ordenados, tranquilos, hasta que lleg\u00f3 el gol del venezolano al \u00e1ngulo; nos descompusimos un poco, y el segundo gol viene muy r\u00e1pido. Se baj\u00f3 el \u00edmpetu que ten\u00edamos, hicimos cambios, tratamos de mejorar, tuvimos opciones y no se concretaron. La sensaci\u00f3n es que quedamos frustrados\u201d, comenz\u00f3 diciendo.<\/span><\/p>\n<p style=\"text-align: justify;\"><span style=\"font-family: helvetica, arial, sans-serif;\">\u201cPerd\u00edamos la pelota muy f\u00e1cil; la idea era tener 8 o 10 toques; nos metimos muy atr\u00e1s; en el empate agrandamos y dejamos patear, tocaba achicar, falt\u00f3 finura en la definici\u00f3n\u201d, a\u00f1adi\u00f3.<\/span><\/p>\n<p style=\"text-align: justify;\"><span style=\"font-family: helvetica, arial, sans-serif;\">Entretanto, se refiri\u00f3 a la plantilla con la que cuenta para este semestre. \u201c<strong>Ya estamos completos.<\/strong> La gente que est\u00e1 es la que va a trabajar, es lo que elegimos, esperamos consolidar m\u00e1s. hay cosas interesantes y otras que no para corregir. Las derrotas desbaratan todo, hay que revisar, cuando se pierde son solo peros. No hay tiempo para esperar. Millonarios tiene que ganar si o si y nos vamos aburridos\u201d.<\/span><\/p>\n<p style=\"text-align: justify;\"><span style=\"font-family: helvetica, arial, sans-serif;\">El cuadro Embajador volver\u00e1 a la acci\u00f3n el pr\u00f3ximo domingo 25 de enero desde las 6:10 p.m. enfrentando nada m\u00e1s y nada menos que al campe\u00f3n, <strong>Junior.<\/strong><\/span><\/p>\n","protected":false},"excerpt":{"rendered":"<p>Millonarios inici\u00f3 su camino en la Liga colombiana con una derrota en su visita a Bucaramanga. En rueda de prensa, el entrenador Hern\u00e1n Torres fue autocr\u00edtico. \u201cSe hizo un planteamiento, iba bien, ordenados, tranquilos, hasta que lleg\u00f3 el gol del venezolano al \u00e1ngulo; nos descompusimos un poco, y el segundo gol viene muy r\u00e1pido. Se [&hellip;]<\/p>\n","protected":false},"author":4,"featured_media":128405,"comment_status":"open","ping_status":"open","sticky":false,"template":"","format":"standard","meta":{"_acf_changed":false,"footnotes":""},"categories":[7],"tags":[],"class_list":{"0":"post-128404","1":"post","2":"type-post","3":"status-publish","4":"format-standard","5":"has-post-thumbnail","7":"category-liga-betplay"},"acf":[],"yoast_head":"<!-- This site is optimized with the Yoast SEO plugin v26.8 - https:\/\/yoast.com\/product\/yoast-seo-wordpress\/ -->\n<title>Hern\u00e1n Torres y su autocr\u00edtica por la derrota de Millonarios con Bucaramanga -<\/title>\n<meta name=\"robots\" content=\"index, follow, max-snippet:-1, max-image-preview:large, max-video-preview:-1\" \/>\n<link rel=\"canonical\" href=\"https:\/\/futbolhoy.co\/index.php\/2026\/01\/18\/hernan-torres-y-su-autocritica-por-la-derrota-de-millonarios-con-bucaramanga\/\" \/>\n<meta property=\"og:locale\" content=\"es_ES\" \/>\n<meta property=\"og:type\" content=\"article\" \/>\n<meta property=\"og:title\" content=\"Hern\u00e1n Torres y su autocr\u00edtica por la derrota de Millonarios con Bucaramanga -\" \/>\n<meta property=\"og:description\" content=\"Millonarios inici\u00f3 su camino en la Liga colombiana con una derrota en su visita a Bucaramanga. En rueda de prensa, el entrenador Hern\u00e1n Torres fue autocr\u00edtico. \u201cSe hizo un planteamiento, iba bien, ordenados, tranquilos, hasta que lleg\u00f3 el gol del venezolano al \u00e1ngulo; nos descompusimos un poco, y el segundo gol viene muy r\u00e1pido. Se [&hellip;]\" \/>\n<meta property=\"og:url\" content=\"https:\/\/futbolhoy.co\/index.php\/2026\/01\/18\/hernan-torres-y-su-autocritica-por-la-derrota-de-millonarios-con-bucaramanga\/\" \/>\n<meta property=\"article:publisher\" content=\"https:\/\/www.facebook.com\/FutbolHoyCol\/\" \/>\n<meta property=\"article:published_time\" content=\"2026-01-18T13:56:16+00:00\" \/>\n<meta property=\"article:modified_time\" content=\"2026-01-19T03:27:24+00:00\" \/>\n<meta property=\"og:image\" content=\"https:\/\/futbolhoy.co\/wp-content\/uploads\/2026\/01\/IMG_4511.jpeg\" \/>\n\t<meta property=\"og:image:width\" content=\"1206\" \/>\n\t<meta property=\"og:image:height\" content=\"1040\" \/>\n\t<meta property=\"og:image:type\" content=\"image\/jpeg\" \/>\n<meta name=\"author\" content=\"contenido\" \/>\n<meta name=\"twitter:card\" content=\"summary_large_image\" \/>\n<meta name=\"twitter:creator\" content=\"@FutbolHoyCol\" \/>\n<meta name=\"twitter:site\" content=\"@FutbolHoyCol\" \/>\n<meta name=\"twitter:label1\" content=\"Escrito por\" \/>\n\t<meta name=\"twitter:data1\" content=\"contenido\" \/>\n\t<meta name=\"twitter:label2\" content=\"Tiempo de lectura\" \/>\n\t<meta name=\"twitter:data2\" content=\"1 minuto\" \/>\n<script type=\"application\/ld+json\" class=\"yoast-schema-graph\">{\"@context\":\"https:\/\/schema.org\",\"@graph\":[{\"@type\":\"Article\",\"@id\":\"https:\/\/futbolhoy.co\/index.php\/2026\/01\/18\/hernan-torres-y-su-autocritica-por-la-derrota-de-millonarios-con-bucaramanga\/#article\",\"isPartOf\":{\"@id\":\"https:\/\/futbolhoy.co\/index.php\/2026\/01\/18\/hernan-torres-y-su-autocritica-por-la-derrota-de-millonarios-con-bucaramanga\/\"},\"author\":{\"name\":\"contenido\",\"@id\":\"https:\/\/futbolhoy.co\/#\/schema\/person\/1721b69355b6623eaff15ac7b92d4cc3\"},\"headline\":\"Hern\u00e1n Torres y su autocr\u00edtica por la derrota de Millonarios con Bucaramanga\",\"datePublished\":\"2026-01-18T13:56:16+00:00\",\"dateModified\":\"2026-01-19T03:27:24+00:00\",\"mainEntityOfPage\":{\"@id\":\"https:\/\/futbolhoy.co\/index.php\/2026\/01\/18\/hernan-torres-y-su-autocritica-por-la-derrota-de-millonarios-con-bucaramanga\/\"},\"wordCount\":235,\"commentCount\":0,\"publisher\":{\"@id\":\"https:\/\/futbolhoy.co\/#organization\"},\"image\":{\"@id\":\"https:\/\/futbolhoy.co\/index.php\/2026\/01\/18\/hernan-torres-y-su-autocritica-por-la-derrota-de-millonarios-con-bucaramanga\/#primaryimage\"},\"thumbnailUrl\":\"https:\/\/futbolhoy.co\/wp-content\/uploads\/2026\/01\/IMG_4511.jpeg\",\"articleSection\":[\"Liga BetPlay\"],\"inLanguage\":\"es\",\"potentialAction\":[{\"@type\":\"CommentAction\",\"name\":\"Comment\",\"target\":[\"https:\/\/futbolhoy.co\/index.php\/2026\/01\/18\/hernan-torres-y-su-autocritica-por-la-derrota-de-millonarios-con-bucaramanga\/#respond\"]}]},{\"@type\":\"WebPage\",\"@id\":\"https:\/\/futbolhoy.co\/index.php\/2026\/01\/18\/hernan-torres-y-su-autocritica-por-la-derrota-de-millonarios-con-bucaramanga\/\",\"url\":\"https:\/\/futbolhoy.co\/index.php\/2026\/01\/18\/hernan-torres-y-su-autocritica-por-la-derrota-de-millonarios-con-bucaramanga\/\",\"name\":\"Hern\u00e1n Torres y su autocr\u00edtica por la derrota de Millonarios con Bucaramanga -\",\"isPartOf\":{\"@id\":\"https:\/\/futbolhoy.co\/#website\"},\"primaryImageOfPage\":{\"@id\":\"https:\/\/futbolhoy.co\/index.php\/2026\/01\/18\/hernan-torres-y-su-autocritica-por-la-derrota-de-millonarios-con-bucaramanga\/#primaryimage\"},\"image\":{\"@id\":\"https:\/\/futbolhoy.co\/index.php\/2026\/01\/18\/hernan-torres-y-su-autocritica-por-la-derrota-de-millonarios-con-bucaramanga\/#primaryimage\"},\"thumbnailUrl\":\"https:\/\/futbolhoy.co\/wp-content\/uploads\/2026\/01\/IMG_4511.jpeg\",\"datePublished\":\"2026-01-18T13:56:16+00:00\",\"dateModified\":\"2026-01-19T03:27:24+00:00\",\"breadcrumb\":{\"@id\":\"https:\/\/futbolhoy.co\/index.php\/2026\/01\/18\/hernan-torres-y-su-autocritica-por-la-derrota-de-millonarios-con-bucaramanga\/#breadcrumb\"},\"inLanguage\":\"es\",\"potentialAction\":[{\"@type\":\"ReadAction\",\"target\":[\"https:\/\/futbolhoy.co\/index.php\/2026\/01\/18\/hernan-torres-y-su-autocritica-por-la-derrota-de-millonarios-con-bucaramanga\/\"]}]},{\"@type\":\"ImageObject\",\"inLanguage\":\"es\",\"@id\":\"https:\/\/futbolhoy.co\/index.php\/2026\/01\/18\/hernan-torres-y-su-autocritica-por-la-derrota-de-millonarios-con-bucaramanga\/#primaryimage\",\"url\":\"https:\/\/futbolhoy.co\/wp-content\/uploads\/2026\/01\/IMG_4511.jpeg\",\"contentUrl\":\"https:\/\/futbolhoy.co\/wp-content\/uploads\/2026\/01\/IMG_4511.jpeg\",\"width\":1206,\"height\":1040,\"caption\":\"Screenshot\"},{\"@type\":\"BreadcrumbList\",\"@id\":\"https:\/\/futbolhoy.co\/index.php\/2026\/01\/18\/hernan-torres-y-su-autocritica-por-la-derrota-de-millonarios-con-bucaramanga\/#breadcrumb\",\"itemListElement\":[{\"@type\":\"ListItem\",\"position\":1,\"name\":\"Portada\",\"item\":\"https:\/\/futbolhoy.co\/\"},{\"@type\":\"ListItem\",\"position\":2,\"name\":\"Hern\u00e1n Torres y su autocr\u00edtica por la derrota de Millonarios con Bucaramanga\"}]},{\"@type\":\"WebSite\",\"@id\":\"https:\/\/futbolhoy.co\/#website\",\"url\":\"https:\/\/futbolhoy.co\/\",\"name\":\"FutbolHoy\",\"description\":\"\",\"publisher\":{\"@id\":\"https:\/\/futbolhoy.co\/#organization\"},\"potentialAction\":[{\"@type\":\"SearchAction\",\"target\":{\"@type\":\"EntryPoint\",\"urlTemplate\":\"https:\/\/futbolhoy.co\/?s={search_term_string}\"},\"query-input\":{\"@type\":\"PropertyValueSpecification\",\"valueRequired\":true,\"valueName\":\"search_term_string\"}}],\"inLanguage\":\"es\"},{\"@type\":\"Organization\",\"@id\":\"https:\/\/futbolhoy.co\/#organization\",\"name\":\"Futbolhoy.co\",\"url\":\"https:\/\/futbolhoy.co\/\",\"logo\":{\"@type\":\"ImageObject\",\"inLanguage\":\"es\",\"@id\":\"https:\/\/futbolhoy.co\/#\/schema\/logo\/image\/\",\"url\":\"https:\/\/futbolhoy.co\/wp-content\/uploads\/2018\/08\/17426380_1906371736249227_6326180412931521141_n.jpg\",\"contentUrl\":\"https:\/\/futbolhoy.co\/wp-content\/uploads\/2018\/08\/17426380_1906371736249227_6326180412931521141_n.jpg\",\"width\":960,\"height\":960,\"caption\":\"Futbolhoy.co\"},\"image\":{\"@id\":\"https:\/\/futbolhoy.co\/#\/schema\/logo\/image\/\"},\"sameAs\":[\"https:\/\/www.facebook.com\/FutbolHoyCol\/\",\"https:\/\/x.com\/FutbolHoyCol\",\"https:\/\/www.instagram.com\/futbolhoycol\/\"]},{\"@type\":\"Person\",\"@id\":\"https:\/\/futbolhoy.co\/#\/schema\/person\/1721b69355b6623eaff15ac7b92d4cc3\",\"name\":\"contenido\",\"image\":{\"@type\":\"ImageObject\",\"inLanguage\":\"es\",\"@id\":\"https:\/\/futbolhoy.co\/#\/schema\/person\/image\/\",\"url\":\"https:\/\/secure.gravatar.com\/avatar\/4f656d3256f5134f466206e7c3941518?s=96&d=mm&r=g\",\"contentUrl\":\"https:\/\/secure.gravatar.com\/avatar\/4f656d3256f5134f466206e7c3941518?s=96&d=mm&r=g\",\"caption\":\"contenido\"}}]}<\/script>\n<!-- \/ Yoast SEO plugin. -->","yoast_head_json":{"title":"Hern\u00e1n Torres y su autocr\u00edtica por la derrota de Millonarios con Bucaramanga -","robots":{"index":"index","follow":"follow","max-snippet":"max-snippet:-1","max-image-preview":"max-image-preview:large","max-video-preview":"max-video-preview:-1"},"canonical":"https:\/\/futbolhoy.co\/index.php\/2026\/01\/18\/hernan-torres-y-su-autocritica-por-la-derrota-de-millonarios-con-bucaramanga\/","og_locale":"es_ES","og_type":"article","og_title":"Hern\u00e1n Torres y su autocr\u00edtica por la derrota de Millonarios con Bucaramanga -","og_description":"Millonarios inici\u00f3 su camino en la Liga colombiana con una derrota en su visita a Bucaramanga. En rueda de prensa, el entrenador Hern\u00e1n Torres fue autocr\u00edtico. \u201cSe hizo un planteamiento, iba bien, ordenados, tranquilos, hasta que lleg\u00f3 el gol del venezolano al \u00e1ngulo; nos descompusimos un poco, y el segundo gol viene muy r\u00e1pido. Se [&hellip;]","og_url":"https:\/\/futbolhoy.co\/index.php\/2026\/01\/18\/hernan-torres-y-su-autocritica-por-la-derrota-de-millonarios-con-bucaramanga\/","article_publisher":"https:\/\/www.facebook.com\/FutbolHoyCol\/","article_published_time":"2026-01-18T13:56:16+00:00","article_modified_time":"2026-01-19T03:27:24+00:00","og_image":[{"width":1206,"height":1040,"url":"https:\/\/futbolhoy.co\/wp-content\/uploads\/2026\/01\/IMG_4511.jpeg","type":"image\/jpeg"}],"author":"contenido","twitter_card":"summary_large_image","twitter_creator":"@FutbolHoyCol","twitter_site":"@FutbolHoyCol","twitter_misc":{"Escrito por":"contenido","Tiempo de lectura":"1 minuto"},"schema":{"@context":"https:\/\/schema.org","@graph":[{"@type":"Article","@id":"https:\/\/futbolhoy.co\/index.php\/2026\/01\/18\/hernan-torres-y-su-autocritica-por-la-derrota-de-millonarios-con-bucaramanga\/#article","isPartOf":{"@id":"https:\/\/futbolhoy.co\/index.php\/2026\/01\/18\/hernan-torres-y-su-autocritica-por-la-derrota-de-millonarios-con-bucaramanga\/"},"author":{"name":"contenido","@id":"https:\/\/futbolhoy.co\/#\/schema\/person\/1721b69355b6623eaff15ac7b92d4cc3"},"headline":"Hern\u00e1n Torres y su autocr\u00edtica por la derrota de Millonarios con Bucaramanga","datePublished":"2026-01-18T13:56:16+00:00","dateModified":"2026-01-19T03:27:24+00:00","mainEntityOfPage":{"@id":"https:\/\/futbolhoy.co\/index.php\/2026\/01\/18\/hernan-torres-y-su-autocritica-por-la-derrota-de-millonarios-con-bucaramanga\/"},"wordCount":235,"commentCount":0,"publisher":{"@id":"https:\/\/futbolhoy.co\/#organization"},"image":{"@id":"https:\/\/futbolhoy.co\/index.php\/2026\/01\/18\/hernan-torres-y-su-autocritica-por-la-derrota-de-millonarios-con-bucaramanga\/#primaryimage"},"thumbnailUrl":"https:\/\/futbolhoy.co\/wp-content\/uploads\/2026\/01\/IMG_4511.jpeg","articleSection":["Liga BetPlay"],"inLanguage":"es","potentialAction":[{"@type":"CommentAction","name":"Comment","target":["https:\/\/futbolhoy.co\/index.php\/2026\/01\/18\/hernan-torres-y-su-autocritica-por-la-derrota-de-millonarios-con-bucaramanga\/#respond"]}]},{"@type":"WebPage","@id":"https:\/\/futbolhoy.co\/index.php\/2026\/01\/18\/hernan-torres-y-su-autocritica-por-la-derrota-de-millonarios-con-bucaramanga\/","url":"https:\/\/futbolhoy.co\/index.php\/2026\/01\/18\/hernan-torres-y-su-autocritica-por-la-derrota-de-millonarios-con-bucaramanga\/","name":"Hern\u00e1n Torres y su autocr\u00edtica por la derrota de Millonarios con Bucaramanga -","isPartOf":{"@id":"https:\/\/futbolhoy.co\/#website"},"primaryImageOfPage":{"@id":"https:\/\/futbolhoy.co\/index.php\/2026\/01\/18\/hernan-torres-y-su-autocritica-por-la-derrota-de-millonarios-con-bucaramanga\/#primaryimage"},"image":{"@id":"https:\/\/futbolhoy.co\/index.php\/2026\/01\/18\/hernan-torres-y-su-autocritica-por-la-derrota-de-millonarios-con-bucaramanga\/#primaryimage"},"thumbnailUrl":"https:\/\/futbolhoy.co\/wp-content\/uploads\/2026\/01\/IMG_4511.jpeg","datePublished":"2026-01-18T13:56:16+00:00","dateModified":"2026-01-19T03:27:24+00:00","breadcrumb":{"@id":"https:\/\/futbolhoy.co\/index.php\/2026\/01\/18\/hernan-torres-y-su-autocritica-por-la-derrota-de-millonarios-con-bucaramanga\/#breadcrumb"},"inLanguage":"es","potentialAction":[{"@type":"ReadAction","target":["https:\/\/futbolhoy.co\/index.php\/2026\/01\/18\/hernan-torres-y-su-autocritica-por-la-derrota-de-millonarios-con-bucaramanga\/"]}]},{"@type":"ImageObject","inLanguage":"es","@id":"https:\/\/futbolhoy.co\/index.php\/2026\/01\/18\/hernan-torres-y-su-autocritica-por-la-derrota-de-millonarios-con-bucaramanga\/#primaryimage","url":"https:\/\/futbolhoy.co\/wp-content\/uploads\/2026\/01\/IMG_4511.jpeg","contentUrl":"https:\/\/futbolhoy.co\/wp-content\/uploads\/2026\/01\/IMG_4511.jpeg","width":1206,"height":1040,"caption":"Screenshot"},{"@type":"BreadcrumbList","@id":"https:\/\/futbolhoy.co\/index.php\/2026\/01\/18\/hernan-torres-y-su-autocritica-por-la-derrota-de-millonarios-con-bucaramanga\/#breadcrumb","itemListElement":[{"@type":"ListItem","position":1,"name":"Portada","item":"https:\/\/futbolhoy.co\/"},{"@type":"ListItem","position":2,"name":"Hern\u00e1n Torres y su autocr\u00edtica por la derrota de Millonarios con Bucaramanga"}]},{"@type":"WebSite","@id":"https:\/\/futbolhoy.co\/#website","url":"https:\/\/futbolhoy.co\/","name":"FutbolHoy","description":"","publisher":{"@id":"https:\/\/futbolhoy.co\/#organization"},"potentialAction":[{"@type":"SearchAction","target":{"@type":"EntryPoint","urlTemplate":"https:\/\/futbolhoy.co\/?s={search_term_string}"},"query-input":{"@type":"PropertyValueSpecification","valueRequired":true,"valueName":"search_term_string"}}],"inLanguage":"es"},{"@type":"Organization","@id":"https:\/\/futbolhoy.co\/#organization","name":"Futbolhoy.co","url":"https:\/\/futbolhoy.co\/","logo":{"@type":"ImageObject","inLanguage":"es","@id":"https:\/\/futbolhoy.co\/#\/schema\/logo\/image\/","url":"https:\/\/futbolhoy.co\/wp-content\/uploads\/2018\/08\/17426380_1906371736249227_6326180412931521141_n.jpg","contentUrl":"https:\/\/futbolhoy.co\/wp-content\/uploads\/2018\/08\/17426380_1906371736249227_6326180412931521141_n.jpg","width":960,"height":960,"caption":"Futbolhoy.co"},"image":{"@id":"https:\/\/futbolhoy.co\/#\/schema\/logo\/image\/"},"sameAs":["https:\/\/www.facebook.com\/FutbolHoyCol\/","https:\/\/x.com\/FutbolHoyCol","https:\/\/www.instagram.com\/futbolhoycol\/"]},{"@type":"Person","@id":"https:\/\/futbolhoy.co\/#\/schema\/person\/1721b69355b6623eaff15ac7b92d4cc3","name":"contenido","image":{"@type":"ImageObject","inLanguage":"es","@id":"https:\/\/futbolhoy.co\/#\/schema\/person\/image\/","url":"https:\/\/secure.gravatar.com\/avatar\/4f656d3256f5134f466206e7c3941518?s=96&d=mm&r=g","contentUrl":"https:\/\/secure.gravatar.com\/avatar\/4f656d3256f5134f466206e7c3941518?s=96&d=mm&r=g","caption":"contenido"}}]}},"publishpress_future_action":{"enabled":false,"date":"2026-05-03 20:45:53","action":"change-status","newStatus":"draft","terms":[],"taxonomy":"category","extraData":[]},"publishpress_future_workflow_manual_trigger":{"enabledWorkflows":[]},"_links":{"self":[{"href":"https:\/\/futbolhoy.co\/index.php\/wp-json\/wp\/v2\/posts\/128404","targetHints":{"allow":["GET"]}}],"collection":[{"href":"https:\/\/futbolhoy.co\/index.php\/wp-json\/wp\/v2\/posts"}],"about":[{"href":"https:\/\/futbolhoy.co\/index.php\/wp-json\/wp\/v2\/types\/post"}],"author":[{"embeddable":true,"href":"https:\/\/futbolhoy.co\/index.php\/wp-json\/wp\/v2\/users\/4"}],"replies":[{"embeddable":true,"href":"https:\/\/futbolhoy.co\/index.php\/wp-json\/wp\/v2\/comments?post=128404"}],"version-history":[{"count":3,"href":"https:\/\/futbolhoy.co\/index.php\/wp-json\/wp\/v2\/posts\/128404\/revisions"}],"predecessor-version":[{"id":128408,"href":"https:\/\/futbolhoy.co\/index.php\/wp-json\/wp\/v2\/posts\/128404\/revisions\/128408"}],"wp:featuredmedia":[{"embeddable":true,"href":"https:\/\/futbolhoy.co\/index.php\/wp-json\/wp\/v2\/media\/128405"}],"wp:attachment":[{"href":"https:\/\/futbolhoy.co\/index.php\/wp-json\/wp\/v2\/media?parent=128404"}],"wp:term":[{"taxonomy":"category","embeddable":true,"href":"https:\/\/futbolhoy.co\/index.php\/wp-json\/wp\/v2\/categories?post=128404"},{"taxonomy":"post_tag","embeddable":true,"href":"https:\/\/futbolhoy.co\/index.php\/wp-json\/wp\/v2\/tags?post=128404"}],"curies":[{"name":"wp","href":"https:\/\/api.w.org\/{rel}","templated":true}]}}