{"id":128410,"date":"2026-01-18T17:51:00","date_gmt":"2026-01-18T22:51:00","guid":{"rendered":"https:\/\/futbolhoy.co\/?p=128410"},"modified":"2026-01-19T09:51:56","modified_gmt":"2026-01-19T14:51:56","slug":"en-una-final-polemica-y-que-pasara-a-la-historia-senegal-vence-a-marruecos-y-es-campeon-de-la-copa-africana","status":"publish","type":"post","link":"https:\/\/futbolhoy.co\/index.php\/2026\/01\/18\/en-una-final-polemica-y-que-pasara-a-la-historia-senegal-vence-a-marruecos-y-es-campeon-de-la-copa-africana\/","title":{"rendered":"En una final pol\u00e9mica y que pasar\u00e1 a la historia, Senegal vence a Marruecos y es campe\u00f3n de la Copa Africana"},"content":{"rendered":"<p style=\"text-align: justify;\"><span style=\"font-family: helvetica, arial, sans-serif;\">En una final que roz\u00f3 el esc\u00e1ndalo, con amenaza de abandono por parte de <strong>Senegal<\/strong> por un penalti se\u00f1alado a favor de <strong>Marruecos<\/strong> en el a\u00f1adido antes de la pr\u00f3rroga, el atacante del Villarreal <strong>Pape Gueye<\/strong> coron\u00f3 a su selecci\u00f3n con su <strong>segunda Copa de \u00c1frica<\/strong> en un partido que dej\u00f3 marcado a <strong>Brahim D\u00edaz<\/strong>.<\/span><\/p>\n<p style=\"text-align: justify;\"><span style=\"font-family: helvetica, arial, sans-serif;\">El jugador del Real Madrid pudo erigirse en h\u00e9roe, pero se conden\u00f3 con un lanzamiento de penalti fallido, ejecutado a lo '<em>Panenka<\/em>'.<\/span><\/p>\n<p style=\"text-align: justify;\"><span style=\"font-family: helvetica, arial, sans-serif;\">Fue el tiro que pudo dar el t\u00edtulo a <strong>Marruecos<\/strong>. En una de las \u00faltimas acciones de la final, sin capacidad de reacci\u00f3n casi para los visitantes. Un penalti que lo enred\u00f3 todo. Que lo reclam\u00f3 <strong>Brahim<\/strong>, que lo concedi\u00f3 el \u00e1rbitro y el <strong>VAR<\/strong> y que el jugador del Real Madrid lo desperdici\u00f3. De h\u00e9roe a villano. Un error decisivo que pudo proclamar campe\u00f3n al local y que al final resucit\u00f3 a <strong>Senegal<\/strong>. <\/span><\/p>\n<p style=\"text-align: justify;\"><span style=\"font-family: helvetica, arial, sans-serif;\">Ejecut\u00f3 un tiro suave y centrado que agarr\u00f3 sin problemas <strong>Edouard Mendy<\/strong>. El partido, que borde\u00f3 el esc\u00e1ndalo, se soseg\u00f3. Supuso una condena para <strong>Brahim<\/strong>, que de ser el m\u00e1ximo goleador en la competici\u00f3n se qued\u00f3 con la imagen de la frustraci\u00f3n de todo el pa\u00eds que hab\u00eda depositado toda su ilusi\u00f3n en este torneo que organiz\u00f3. <\/span><\/p>\n<p style=\"text-align: justify;\"><span style=\"font-family: helvetica, arial, sans-serif;\">Despu\u00e9s, <strong>Senegal<\/strong> no desperdici\u00f3 su ocasi\u00f3n y al inicio de los treinta minutos extra P<strong>ape Gueye<\/strong> recibi\u00f3 el bal\u00f3n de <strong>Idrissa Gueye<\/strong> y su zapatazo super\u00f3 a <strong>Bono<\/strong>, impecable hasta ese momento. No desaprovech\u00f3 el conjunto senegal\u00e9s la ocasi\u00f3n para amarrar el segundo trofeo continental de su historia y alargar el maleficio de m\u00e1s de medio siglo de su rival.<\/span><\/p>\n<p style=\"text-align: justify;\"><span style=\"font-family: helvetica, arial, sans-serif;\"><strong>El esc\u00e1ndalo en la final<\/strong><\/span><\/p>\n<p style=\"text-align: justify;\"><span style=\"font-family: helvetica, arial, sans-serif;\">Todo cambi\u00f3 en el partido con el agarr\u00f3n que reclam\u00f3 con insistencia <strong>Brahim D\u00edaz<\/strong>\u00a0de <strong>El Hadji Malick Diouf<\/strong> en el minuto 100 y que llev\u00f3 al \u00e1rbitro a verlo en el <strong>VAR<\/strong>, que le convenci\u00f3.<\/span><\/p>\n<p style=\"text-align: justify;\"><span style=\"font-family: helvetica, arial, sans-serif;\">La jugada desencaden\u00f3 un final embarullado y pol\u00e9mico que llev\u00f3 a <strong>Senegal<\/strong> a amenazar con abandonar el partido antes del final. Incluso, el enojo fue tambi\u00e9n porque minutos antes, el \u00e1rbitro anul\u00f3 por falta en ataque un gol a Senegal. Marc\u00f3 <strong>Abdolaye Seck<\/strong>, pero el tanto fue invalidado por una falta previa de <strong>Abdoulaye Sack sobre Achraf<\/strong>.<\/span><\/p>\n<p style=\"text-align: justify;\"><span style=\"font-family: helvetica, arial, sans-serif;\">As\u00ed pues, el seleccionador senegal\u00e9s <strong>Pape Thiaw<\/strong> incit\u00f3 a sus futbolistas a abandonar el terreno de juego. Todos ellos, menos <strong>Sadio Man\u00e9<\/strong>, se marcharon al vestuario como protesta mientras <strong>Marruecos<\/strong> y el \u00e1rbitro permanecieron en el campo. Los jugadores visitantes volvieron y <strong>Brahim<\/strong> tom\u00f3 la responsabilidad de lanzar la pena m\u00e1xima que a la postre desperdici\u00f3.<\/span><\/p>\n<p style=\"text-align: justify;\"><span style=\"font-family: helvetica, arial, sans-serif;\">EFE<\/span><\/p>\n","protected":false},"excerpt":{"rendered":"<p>En una final que roz\u00f3 el esc\u00e1ndalo, con amenaza de abandono por parte de Senegal por un penalti se\u00f1alado a favor de Marruecos en el a\u00f1adido antes de la pr\u00f3rroga, el atacante del Villarreal Pape Gueye coron\u00f3 a su selecci\u00f3n con su segunda Copa de \u00c1frica en un partido que dej\u00f3 marcado a Brahim D\u00edaz. [&hellip;]<\/p>\n","protected":false},"author":4,"featured_media":128411,"comment_status":"open","ping_status":"open","sticky":false,"template":"","format":"standard","meta":{"_acf_changed":false,"footnotes":""},"categories":[152],"tags":[],"class_list":{"0":"post-128410","1":"post","2":"type-post","3":"status-publish","4":"format-standard","5":"has-post-thumbnail","7":"category-mundo-futbol"},"acf":[],"yoast_head":"<!-- This site is optimized with the Yoast SEO plugin v26.8 - https:\/\/yoast.com\/product\/yoast-seo-wordpress\/ -->\n<title>En una final pol\u00e9mica y que pasar\u00e1 a la historia, Senegal vence a Marruecos y es campe\u00f3n de la Copa Africana -<\/title>\n<meta name=\"robots\" content=\"index, follow, max-snippet:-1, max-image-preview:large, max-video-preview:-1\" \/>\n<link rel=\"canonical\" href=\"https:\/\/futbolhoy.co\/index.php\/2026\/01\/18\/en-una-final-polemica-y-que-pasara-a-la-historia-senegal-vence-a-marruecos-y-es-campeon-de-la-copa-africana\/\" \/>\n<meta property=\"og:locale\" content=\"es_ES\" \/>\n<meta property=\"og:type\" content=\"article\" \/>\n<meta property=\"og:title\" content=\"En una final pol\u00e9mica y que pasar\u00e1 a la historia, Senegal vence a Marruecos y es campe\u00f3n de la Copa Africana -\" \/>\n<meta property=\"og:description\" content=\"En una final que roz\u00f3 el esc\u00e1ndalo, con amenaza de abandono por parte de Senegal por un penalti se\u00f1alado a favor de Marruecos en el a\u00f1adido antes de la pr\u00f3rroga, el atacante del Villarreal Pape Gueye coron\u00f3 a su selecci\u00f3n con su segunda Copa de \u00c1frica en un partido que dej\u00f3 marcado a Brahim D\u00edaz. [&hellip;]\" \/>\n<meta property=\"og:url\" content=\"https:\/\/futbolhoy.co\/index.php\/2026\/01\/18\/en-una-final-polemica-y-que-pasara-a-la-historia-senegal-vence-a-marruecos-y-es-campeon-de-la-copa-africana\/\" \/>\n<meta property=\"article:publisher\" content=\"https:\/\/www.facebook.com\/FutbolHoyCol\/\" \/>\n<meta property=\"article:published_time\" content=\"2026-01-18T22:51:00+00:00\" \/>\n<meta property=\"article:modified_time\" content=\"2026-01-19T14:51:56+00:00\" \/>\n<meta property=\"og:image\" content=\"https:\/\/futbolhoy.co\/wp-content\/uploads\/2026\/01\/FACEBOOK-1-1.png\" \/>\n\t<meta property=\"og:image:width\" content=\"768\" \/>\n\t<meta property=\"og:image:height\" content=\"576\" \/>\n\t<meta property=\"og:image:type\" content=\"image\/png\" \/>\n<meta name=\"author\" content=\"contenido\" \/>\n<meta name=\"twitter:card\" content=\"summary_large_image\" \/>\n<meta name=\"twitter:creator\" content=\"@FutbolHoyCol\" \/>\n<meta name=\"twitter:site\" content=\"@FutbolHoyCol\" \/>\n<meta name=\"twitter:label1\" content=\"Escrito por\" \/>\n\t<meta name=\"twitter:data1\" content=\"contenido\" \/>\n\t<meta name=\"twitter:label2\" content=\"Tiempo de lectura\" \/>\n\t<meta name=\"twitter:data2\" content=\"2 minutos\" \/>\n<script type=\"application\/ld+json\" class=\"yoast-schema-graph\">{\"@context\":\"https:\/\/schema.org\",\"@graph\":[{\"@type\":\"Article\",\"@id\":\"https:\/\/futbolhoy.co\/index.php\/2026\/01\/18\/en-una-final-polemica-y-que-pasara-a-la-historia-senegal-vence-a-marruecos-y-es-campeon-de-la-copa-africana\/#article\",\"isPartOf\":{\"@id\":\"https:\/\/futbolhoy.co\/index.php\/2026\/01\/18\/en-una-final-polemica-y-que-pasara-a-la-historia-senegal-vence-a-marruecos-y-es-campeon-de-la-copa-africana\/\"},\"author\":{\"name\":\"contenido\",\"@id\":\"https:\/\/futbolhoy.co\/#\/schema\/person\/1721b69355b6623eaff15ac7b92d4cc3\"},\"headline\":\"En una final pol\u00e9mica y que pasar\u00e1 a la historia, Senegal vence a Marruecos y es campe\u00f3n de la Copa Africana\",\"datePublished\":\"2026-01-18T22:51:00+00:00\",\"dateModified\":\"2026-01-19T14:51:56+00:00\",\"mainEntityOfPage\":{\"@id\":\"https:\/\/futbolhoy.co\/index.php\/2026\/01\/18\/en-una-final-polemica-y-que-pasara-a-la-historia-senegal-vence-a-marruecos-y-es-campeon-de-la-copa-africana\/\"},\"wordCount\":476,\"commentCount\":0,\"publisher\":{\"@id\":\"https:\/\/futbolhoy.co\/#organization\"},\"image\":{\"@id\":\"https:\/\/futbolhoy.co\/index.php\/2026\/01\/18\/en-una-final-polemica-y-que-pasara-a-la-historia-senegal-vence-a-marruecos-y-es-campeon-de-la-copa-africana\/#primaryimage\"},\"thumbnailUrl\":\"https:\/\/futbolhoy.co\/wp-content\/uploads\/2026\/01\/FACEBOOK-1-1.png\",\"articleSection\":[\"Mundo Futbol\"],\"inLanguage\":\"es\",\"potentialAction\":[{\"@type\":\"CommentAction\",\"name\":\"Comment\",\"target\":[\"https:\/\/futbolhoy.co\/index.php\/2026\/01\/18\/en-una-final-polemica-y-que-pasara-a-la-historia-senegal-vence-a-marruecos-y-es-campeon-de-la-copa-africana\/#respond\"]}]},{\"@type\":\"WebPage\",\"@id\":\"https:\/\/futbolhoy.co\/index.php\/2026\/01\/18\/en-una-final-polemica-y-que-pasara-a-la-historia-senegal-vence-a-marruecos-y-es-campeon-de-la-copa-africana\/\",\"url\":\"https:\/\/futbolhoy.co\/index.php\/2026\/01\/18\/en-una-final-polemica-y-que-pasara-a-la-historia-senegal-vence-a-marruecos-y-es-campeon-de-la-copa-africana\/\",\"name\":\"En una final pol\u00e9mica y que pasar\u00e1 a la historia, Senegal vence a Marruecos y es campe\u00f3n de la Copa Africana -\",\"isPartOf\":{\"@id\":\"https:\/\/futbolhoy.co\/#website\"},\"primaryImageOfPage\":{\"@id\":\"https:\/\/futbolhoy.co\/index.php\/2026\/01\/18\/en-una-final-polemica-y-que-pasara-a-la-historia-senegal-vence-a-marruecos-y-es-campeon-de-la-copa-africana\/#primaryimage\"},\"image\":{\"@id\":\"https:\/\/futbolhoy.co\/index.php\/2026\/01\/18\/en-una-final-polemica-y-que-pasara-a-la-historia-senegal-vence-a-marruecos-y-es-campeon-de-la-copa-africana\/#primaryimage\"},\"thumbnailUrl\":\"https:\/\/futbolhoy.co\/wp-content\/uploads\/2026\/01\/FACEBOOK-1-1.png\",\"datePublished\":\"2026-01-18T22:51:00+00:00\",\"dateModified\":\"2026-01-19T14:51:56+00:00\",\"breadcrumb\":{\"@id\":\"https:\/\/futbolhoy.co\/index.php\/2026\/01\/18\/en-una-final-polemica-y-que-pasara-a-la-historia-senegal-vence-a-marruecos-y-es-campeon-de-la-copa-africana\/#breadcrumb\"},\"inLanguage\":\"es\",\"potentialAction\":[{\"@type\":\"ReadAction\",\"target\":[\"https:\/\/futbolhoy.co\/index.php\/2026\/01\/18\/en-una-final-polemica-y-que-pasara-a-la-historia-senegal-vence-a-marruecos-y-es-campeon-de-la-copa-africana\/\"]}]},{\"@type\":\"ImageObject\",\"inLanguage\":\"es\",\"@id\":\"https:\/\/futbolhoy.co\/index.php\/2026\/01\/18\/en-una-final-polemica-y-que-pasara-a-la-historia-senegal-vence-a-marruecos-y-es-campeon-de-la-copa-africana\/#primaryimage\",\"url\":\"https:\/\/futbolhoy.co\/wp-content\/uploads\/2026\/01\/FACEBOOK-1-1.png\",\"contentUrl\":\"https:\/\/futbolhoy.co\/wp-content\/uploads\/2026\/01\/FACEBOOK-1-1.png\",\"width\":768,\"height\":576},{\"@type\":\"BreadcrumbList\",\"@id\":\"https:\/\/futbolhoy.co\/index.php\/2026\/01\/18\/en-una-final-polemica-y-que-pasara-a-la-historia-senegal-vence-a-marruecos-y-es-campeon-de-la-copa-africana\/#breadcrumb\",\"itemListElement\":[{\"@type\":\"ListItem\",\"position\":1,\"name\":\"Portada\",\"item\":\"https:\/\/futbolhoy.co\/\"},{\"@type\":\"ListItem\",\"position\":2,\"name\":\"En una final pol\u00e9mica y que pasar\u00e1 a la historia, Senegal vence a Marruecos y es campe\u00f3n de la Copa Africana\"}]},{\"@type\":\"WebSite\",\"@id\":\"https:\/\/futbolhoy.co\/#website\",\"url\":\"https:\/\/futbolhoy.co\/\",\"name\":\"FutbolHoy\",\"description\":\"\",\"publisher\":{\"@id\":\"https:\/\/futbolhoy.co\/#organization\"},\"potentialAction\":[{\"@type\":\"SearchAction\",\"target\":{\"@type\":\"EntryPoint\",\"urlTemplate\":\"https:\/\/futbolhoy.co\/?s={search_term_string}\"},\"query-input\":{\"@type\":\"PropertyValueSpecification\",\"valueRequired\":true,\"valueName\":\"search_term_string\"}}],\"inLanguage\":\"es\"},{\"@type\":\"Organization\",\"@id\":\"https:\/\/futbolhoy.co\/#organization\",\"name\":\"Futbolhoy.co\",\"url\":\"https:\/\/futbolhoy.co\/\",\"logo\":{\"@type\":\"ImageObject\",\"inLanguage\":\"es\",\"@id\":\"https:\/\/futbolhoy.co\/#\/schema\/logo\/image\/\",\"url\":\"https:\/\/futbolhoy.co\/wp-content\/uploads\/2018\/08\/17426380_1906371736249227_6326180412931521141_n.jpg\",\"contentUrl\":\"https:\/\/futbolhoy.co\/wp-content\/uploads\/2018\/08\/17426380_1906371736249227_6326180412931521141_n.jpg\",\"width\":960,\"height\":960,\"caption\":\"Futbolhoy.co\"},\"image\":{\"@id\":\"https:\/\/futbolhoy.co\/#\/schema\/logo\/image\/\"},\"sameAs\":[\"https:\/\/www.facebook.com\/FutbolHoyCol\/\",\"https:\/\/x.com\/FutbolHoyCol\",\"https:\/\/www.instagram.com\/futbolhoycol\/\"]},{\"@type\":\"Person\",\"@id\":\"https:\/\/futbolhoy.co\/#\/schema\/person\/1721b69355b6623eaff15ac7b92d4cc3\",\"name\":\"contenido\",\"image\":{\"@type\":\"ImageObject\",\"inLanguage\":\"es\",\"@id\":\"https:\/\/futbolhoy.co\/#\/schema\/person\/image\/\",\"url\":\"https:\/\/secure.gravatar.com\/avatar\/4f656d3256f5134f466206e7c3941518?s=96&d=mm&r=g\",\"contentUrl\":\"https:\/\/secure.gravatar.com\/avatar\/4f656d3256f5134f466206e7c3941518?s=96&d=mm&r=g\",\"caption\":\"contenido\"}}]}<\/script>\n<!-- \/ Yoast SEO plugin. -->","yoast_head_json":{"title":"En una final pol\u00e9mica y que pasar\u00e1 a la historia, Senegal vence a Marruecos y es campe\u00f3n de la Copa Africana -","robots":{"index":"index","follow":"follow","max-snippet":"max-snippet:-1","max-image-preview":"max-image-preview:large","max-video-preview":"max-video-preview:-1"},"canonical":"https:\/\/futbolhoy.co\/index.php\/2026\/01\/18\/en-una-final-polemica-y-que-pasara-a-la-historia-senegal-vence-a-marruecos-y-es-campeon-de-la-copa-africana\/","og_locale":"es_ES","og_type":"article","og_title":"En una final pol\u00e9mica y que pasar\u00e1 a la historia, Senegal vence a Marruecos y es campe\u00f3n de la Copa Africana -","og_description":"En una final que roz\u00f3 el esc\u00e1ndalo, con amenaza de abandono por parte de Senegal por un penalti se\u00f1alado a favor de Marruecos en el a\u00f1adido antes de la pr\u00f3rroga, el atacante del Villarreal Pape Gueye coron\u00f3 a su selecci\u00f3n con su segunda Copa de \u00c1frica en un partido que dej\u00f3 marcado a Brahim D\u00edaz. [&hellip;]","og_url":"https:\/\/futbolhoy.co\/index.php\/2026\/01\/18\/en-una-final-polemica-y-que-pasara-a-la-historia-senegal-vence-a-marruecos-y-es-campeon-de-la-copa-africana\/","article_publisher":"https:\/\/www.facebook.com\/FutbolHoyCol\/","article_published_time":"2026-01-18T22:51:00+00:00","article_modified_time":"2026-01-19T14:51:56+00:00","og_image":[{"width":768,"height":576,"url":"https:\/\/futbolhoy.co\/wp-content\/uploads\/2026\/01\/FACEBOOK-1-1.png","type":"image\/png"}],"author":"contenido","twitter_card":"summary_large_image","twitter_creator":"@FutbolHoyCol","twitter_site":"@FutbolHoyCol","twitter_misc":{"Escrito por":"contenido","Tiempo de lectura":"2 minutos"},"schema":{"@context":"https:\/\/schema.org","@graph":[{"@type":"Article","@id":"https:\/\/futbolhoy.co\/index.php\/2026\/01\/18\/en-una-final-polemica-y-que-pasara-a-la-historia-senegal-vence-a-marruecos-y-es-campeon-de-la-copa-africana\/#article","isPartOf":{"@id":"https:\/\/futbolhoy.co\/index.php\/2026\/01\/18\/en-una-final-polemica-y-que-pasara-a-la-historia-senegal-vence-a-marruecos-y-es-campeon-de-la-copa-africana\/"},"author":{"name":"contenido","@id":"https:\/\/futbolhoy.co\/#\/schema\/person\/1721b69355b6623eaff15ac7b92d4cc3"},"headline":"En una final pol\u00e9mica y que pasar\u00e1 a la historia, Senegal vence a Marruecos y es campe\u00f3n de la Copa Africana","datePublished":"2026-01-18T22:51:00+00:00","dateModified":"2026-01-19T14:51:56+00:00","mainEntityOfPage":{"@id":"https:\/\/futbolhoy.co\/index.php\/2026\/01\/18\/en-una-final-polemica-y-que-pasara-a-la-historia-senegal-vence-a-marruecos-y-es-campeon-de-la-copa-africana\/"},"wordCount":476,"commentCount":0,"publisher":{"@id":"https:\/\/futbolhoy.co\/#organization"},"image":{"@id":"https:\/\/futbolhoy.co\/index.php\/2026\/01\/18\/en-una-final-polemica-y-que-pasara-a-la-historia-senegal-vence-a-marruecos-y-es-campeon-de-la-copa-africana\/#primaryimage"},"thumbnailUrl":"https:\/\/futbolhoy.co\/wp-content\/uploads\/2026\/01\/FACEBOOK-1-1.png","articleSection":["Mundo Futbol"],"inLanguage":"es","potentialAction":[{"@type":"CommentAction","name":"Comment","target":["https:\/\/futbolhoy.co\/index.php\/2026\/01\/18\/en-una-final-polemica-y-que-pasara-a-la-historia-senegal-vence-a-marruecos-y-es-campeon-de-la-copa-africana\/#respond"]}]},{"@type":"WebPage","@id":"https:\/\/futbolhoy.co\/index.php\/2026\/01\/18\/en-una-final-polemica-y-que-pasara-a-la-historia-senegal-vence-a-marruecos-y-es-campeon-de-la-copa-africana\/","url":"https:\/\/futbolhoy.co\/index.php\/2026\/01\/18\/en-una-final-polemica-y-que-pasara-a-la-historia-senegal-vence-a-marruecos-y-es-campeon-de-la-copa-africana\/","name":"En una final pol\u00e9mica y que pasar\u00e1 a la historia, Senegal vence a Marruecos y es campe\u00f3n de la Copa Africana -","isPartOf":{"@id":"https:\/\/futbolhoy.co\/#website"},"primaryImageOfPage":{"@id":"https:\/\/futbolhoy.co\/index.php\/2026\/01\/18\/en-una-final-polemica-y-que-pasara-a-la-historia-senegal-vence-a-marruecos-y-es-campeon-de-la-copa-africana\/#primaryimage"},"image":{"@id":"https:\/\/futbolhoy.co\/index.php\/2026\/01\/18\/en-una-final-polemica-y-que-pasara-a-la-historia-senegal-vence-a-marruecos-y-es-campeon-de-la-copa-africana\/#primaryimage"},"thumbnailUrl":"https:\/\/futbolhoy.co\/wp-content\/uploads\/2026\/01\/FACEBOOK-1-1.png","datePublished":"2026-01-18T22:51:00+00:00","dateModified":"2026-01-19T14:51:56+00:00","breadcrumb":{"@id":"https:\/\/futbolhoy.co\/index.php\/2026\/01\/18\/en-una-final-polemica-y-que-pasara-a-la-historia-senegal-vence-a-marruecos-y-es-campeon-de-la-copa-africana\/#breadcrumb"},"inLanguage":"es","potentialAction":[{"@type":"ReadAction","target":["https:\/\/futbolhoy.co\/index.php\/2026\/01\/18\/en-una-final-polemica-y-que-pasara-a-la-historia-senegal-vence-a-marruecos-y-es-campeon-de-la-copa-africana\/"]}]},{"@type":"ImageObject","inLanguage":"es","@id":"https:\/\/futbolhoy.co\/index.php\/2026\/01\/18\/en-una-final-polemica-y-que-pasara-a-la-historia-senegal-vence-a-marruecos-y-es-campeon-de-la-copa-africana\/#primaryimage","url":"https:\/\/futbolhoy.co\/wp-content\/uploads\/2026\/01\/FACEBOOK-1-1.png","contentUrl":"https:\/\/futbolhoy.co\/wp-content\/uploads\/2026\/01\/FACEBOOK-1-1.png","width":768,"height":576},{"@type":"BreadcrumbList","@id":"https:\/\/futbolhoy.co\/index.php\/2026\/01\/18\/en-una-final-polemica-y-que-pasara-a-la-historia-senegal-vence-a-marruecos-y-es-campeon-de-la-copa-africana\/#breadcrumb","itemListElement":[{"@type":"ListItem","position":1,"name":"Portada","item":"https:\/\/futbolhoy.co\/"},{"@type":"ListItem","position":2,"name":"En una final pol\u00e9mica y que pasar\u00e1 a la historia, Senegal vence a Marruecos y es campe\u00f3n de la Copa Africana"}]},{"@type":"WebSite","@id":"https:\/\/futbolhoy.co\/#website","url":"https:\/\/futbolhoy.co\/","name":"FutbolHoy","description":"","publisher":{"@id":"https:\/\/futbolhoy.co\/#organization"},"potentialAction":[{"@type":"SearchAction","target":{"@type":"EntryPoint","urlTemplate":"https:\/\/futbolhoy.co\/?s={search_term_string}"},"query-input":{"@type":"PropertyValueSpecification","valueRequired":true,"valueName":"search_term_string"}}],"inLanguage":"es"},{"@type":"Organization","@id":"https:\/\/futbolhoy.co\/#organization","name":"Futbolhoy.co","url":"https:\/\/futbolhoy.co\/","logo":{"@type":"ImageObject","inLanguage":"es","@id":"https:\/\/futbolhoy.co\/#\/schema\/logo\/image\/","url":"https:\/\/futbolhoy.co\/wp-content\/uploads\/2018\/08\/17426380_1906371736249227_6326180412931521141_n.jpg","contentUrl":"https:\/\/futbolhoy.co\/wp-content\/uploads\/2018\/08\/17426380_1906371736249227_6326180412931521141_n.jpg","width":960,"height":960,"caption":"Futbolhoy.co"},"image":{"@id":"https:\/\/futbolhoy.co\/#\/schema\/logo\/image\/"},"sameAs":["https:\/\/www.facebook.com\/FutbolHoyCol\/","https:\/\/x.com\/FutbolHoyCol","https:\/\/www.instagram.com\/futbolhoycol\/"]},{"@type":"Person","@id":"https:\/\/futbolhoy.co\/#\/schema\/person\/1721b69355b6623eaff15ac7b92d4cc3","name":"contenido","image":{"@type":"ImageObject","inLanguage":"es","@id":"https:\/\/futbolhoy.co\/#\/schema\/person\/image\/","url":"https:\/\/secure.gravatar.com\/avatar\/4f656d3256f5134f466206e7c3941518?s=96&d=mm&r=g","contentUrl":"https:\/\/secure.gravatar.com\/avatar\/4f656d3256f5134f466206e7c3941518?s=96&d=mm&r=g","caption":"contenido"}}]}},"publishpress_future_action":{"enabled":false,"date":"2026-05-03 19:17:46","action":"change-status","newStatus":"draft","terms":[],"taxonomy":"category","extraData":[]},"publishpress_future_workflow_manual_trigger":{"enabledWorkflows":[]},"_links":{"self":[{"href":"https:\/\/futbolhoy.co\/index.php\/wp-json\/wp\/v2\/posts\/128410","targetHints":{"allow":["GET"]}}],"collection":[{"href":"https:\/\/futbolhoy.co\/index.php\/wp-json\/wp\/v2\/posts"}],"about":[{"href":"https:\/\/futbolhoy.co\/index.php\/wp-json\/wp\/v2\/types\/post"}],"author":[{"embeddable":true,"href":"https:\/\/futbolhoy.co\/index.php\/wp-json\/wp\/v2\/users\/4"}],"replies":[{"embeddable":true,"href":"https:\/\/futbolhoy.co\/index.php\/wp-json\/wp\/v2\/comments?post=128410"}],"version-history":[{"count":1,"href":"https:\/\/futbolhoy.co\/index.php\/wp-json\/wp\/v2\/posts\/128410\/revisions"}],"predecessor-version":[{"id":128412,"href":"https:\/\/futbolhoy.co\/index.php\/wp-json\/wp\/v2\/posts\/128410\/revisions\/128412"}],"wp:featuredmedia":[{"embeddable":true,"href":"https:\/\/futbolhoy.co\/index.php\/wp-json\/wp\/v2\/media\/128411"}],"wp:attachment":[{"href":"https:\/\/futbolhoy.co\/index.php\/wp-json\/wp\/v2\/media?parent=128410"}],"wp:term":[{"taxonomy":"category","embeddable":true,"href":"https:\/\/futbolhoy.co\/index.php\/wp-json\/wp\/v2\/categories?post=128410"},{"taxonomy":"post_tag","embeddable":true,"href":"https:\/\/futbolhoy.co\/index.php\/wp-json\/wp\/v2\/tags?post=128410"}],"curies":[{"name":"wp","href":"https:\/\/api.w.org\/{rel}","templated":true}]}}