{"id":12845,"date":"2018-01-31T19:08:46","date_gmt":"2018-02-01T00:08:46","guid":{"rendered":"http:\/\/futbolhoy.co\/?p=12845"},"modified":"2018-01-31T19:08:46","modified_gmt":"2018-02-01T00:08:46","slug":"doble-rugido-del-tigre-en-francia","status":"publish","type":"post","link":"https:\/\/futbolhoy.co\/index.php\/2018\/01\/31\/doble-rugido-del-tigre-en-francia\/","title":{"rendered":"Doble rugido del \u201cTigre\u201d en Francia"},"content":{"rendered":"<p style=\"text-align: justify;\">Con doblete del colombiano <strong>Radamel Falcao Garc\u00eda<\/strong>, <strong>M\u00f3naco<\/strong> derrot\u00f3 2-0 al <strong>Montpellier<\/strong> y se clasific\u00f3 para la final de la Copa de la Liga francesa, en la que se enfrentar\u00e1 al Par\u00eds Saint Germain.<u><\/u><u><\/u><\/p>\n<p style=\"text-align: justify;\">El primer tanto naci\u00f3 en una jugada del lateral <strong>Djibil Sidib\u00e9<\/strong> por la derecha, <strong>Falcao<\/strong> super\u00f3 al arquero rival de un disparo cruzado, a los 15 minutos; mientras que un cuarto de hora m\u00e1s tarde, en una combinaci\u00f3n por la izquierda que acab\u00f3 con el centro de <strong>Rony Lopes<\/strong> y el remate del colombiano, con la pierna derecha.<u><\/u><u><\/u><\/p>\n<p style=\"text-align: justify;\"><strong>Falcao<\/strong> complet\u00f3 22 goles en la temporada: 16 en Liga, 3 en Copa de la Liga y 3 en Champions.<\/p>\n","protected":false},"excerpt":{"rendered":"<p>Con doblete del colombiano Radamel Falcao Garc\u00eda, M\u00f3naco derrot\u00f3 2-0 al Montpellier y se clasific\u00f3 para la final de la Copa de la Liga francesa, en la que se enfrentar\u00e1 al Par\u00eds Saint Germain. El primer tanto naci\u00f3 en una jugada del lateral Djibil Sidib\u00e9 por la derecha, Falcao super\u00f3 al arquero rival de un [&hellip;]<\/p>\n","protected":false},"author":5,"featured_media":12850,"comment_status":"open","ping_status":"closed","sticky":false,"template":"","format":"standard","meta":{"_acf_changed":false,"footnotes":""},"categories":[5,153],"tags":[225,141,165],"class_list":["post-12845","post","type-post","status-publish","format-standard","has-post-thumbnail","category-destacados","category-selecion-colombia","tag-as-monaco","tag-falcao-garcia","tag-jugadores-colombianos"],"acf":[],"yoast_head":"<!-- This site is optimized with the Yoast SEO plugin v28.3 - https:\/\/yoast.com\/product\/yoast-seo-wordpress\/ -->\n<title>Doble rugido del \u201cTigre\u201d en Francia -<\/title>\n<meta name=\"robots\" content=\"index, follow, max-snippet:-1, max-image-preview:large, max-video-preview:-1\" \/>\n<link rel=\"canonical\" href=\"https:\/\/futbolhoy.co\/index.php\/2018\/01\/31\/doble-rugido-del-tigre-en-francia\/\" \/>\n<meta property=\"og:locale\" content=\"es_ES\" \/>\n<meta property=\"og:type\" content=\"article\" \/>\n<meta property=\"og:title\" content=\"Doble rugido del \u201cTigre\u201d en Francia -\" \/>\n<meta property=\"og:description\" content=\"Con doblete del colombiano Radamel Falcao Garc\u00eda, M\u00f3naco derrot\u00f3 2-0 al Montpellier y se clasific\u00f3 para la final de la Copa de la Liga francesa, en la que se enfrentar\u00e1 al Par\u00eds Saint Germain. El primer tanto naci\u00f3 en una jugada del lateral Djibil Sidib\u00e9 por la derecha, Falcao super\u00f3 al arquero rival de un [&hellip;]\" \/>\n<meta property=\"og:url\" content=\"https:\/\/futbolhoy.co\/index.php\/2018\/01\/31\/doble-rugido-del-tigre-en-francia\/\" \/>\n<meta property=\"article:publisher\" content=\"https:\/\/www.facebook.com\/FutbolHoyCol\/\" \/>\n<meta property=\"article:published_time\" content=\"2018-02-01T00:08:46+00:00\" \/>\n<meta property=\"og:image\" content=\"https:\/\/futbolhoy.co\/wp-content\/uploads\/2018\/01\/DU54t10WAAAJSTU.jpg\" \/>\n\t<meta property=\"og:image:width\" content=\"1200\" \/>\n\t<meta property=\"og:image:height\" content=\"799\" \/>\n\t<meta property=\"og:image:type\" content=\"image\/jpeg\" \/>\n<meta name=\"author\" content=\"Laura Hern\u00e1ndez\" \/>\n<meta name=\"twitter:card\" content=\"summary_large_image\" \/>\n<meta name=\"twitter:creator\" content=\"@FutbolHoyCol\" \/>\n<meta name=\"twitter:site\" content=\"@FutbolHoyCol\" \/>\n<meta name=\"twitter:label1\" content=\"Escrito por\" \/>\n\t<meta name=\"twitter:data1\" content=\"Laura Hern\u00e1ndez\" \/>\n\t<meta name=\"twitter:label2\" content=\"Tiempo de lectura\" \/>\n\t<meta name=\"twitter:data2\" content=\"1 minuto\" \/>\n<script type=\"application\/ld+json\" class=\"yoast-schema-graph\">{\"@context\":\"https:\\\/\\\/schema.org\",\"@graph\":[{\"@type\":\"Article\",\"@id\":\"https:\\\/\\\/futbolhoy.co\\\/index.php\\\/2018\\\/01\\\/31\\\/doble-rugido-del-tigre-en-francia\\\/#article\",\"isPartOf\":{\"@id\":\"https:\\\/\\\/futbolhoy.co\\\/index.php\\\/2018\\\/01\\\/31\\\/doble-rugido-del-tigre-en-francia\\\/\"},\"author\":{\"name\":\"Laura Hern\u00e1ndez\",\"@id\":\"https:\\\/\\\/futbolhoy.co\\\/#\\\/schema\\\/person\\\/c4a353a512b127643723a34bb1812f7d\"},\"headline\":\"Doble rugido del \u201cTigre\u201d en Francia\",\"datePublished\":\"2018-02-01T00:08:46+00:00\",\"mainEntityOfPage\":{\"@id\":\"https:\\\/\\\/futbolhoy.co\\\/index.php\\\/2018\\\/01\\\/31\\\/doble-rugido-del-tigre-en-francia\\\/\"},\"wordCount\":118,\"commentCount\":0,\"image\":{\"@id\":\"https:\\\/\\\/futbolhoy.co\\\/index.php\\\/2018\\\/01\\\/31\\\/doble-rugido-del-tigre-en-francia\\\/#primaryimage\"},\"thumbnailUrl\":\"https:\\\/\\\/futbolhoy.co\\\/wp-content\\\/uploads\\\/2018\\\/01\\\/DU54t10WAAAJSTU.jpg\",\"keywords\":[\"As M\u00f3naco\",\"Falcao Garc\u00eda\",\"Jugadores Colombianos\"],\"articleSection\":[\"Destacados\",\"Selecci\u00f3n Colombia\"],\"inLanguage\":\"es\",\"potentialAction\":[{\"@type\":\"CommentAction\",\"name\":\"Comment\",\"target\":[\"https:\\\/\\\/futbolhoy.co\\\/index.php\\\/2018\\\/01\\\/31\\\/doble-rugido-del-tigre-en-francia\\\/#respond\"]}]},{\"@type\":\"WebPage\",\"@id\":\"https:\\\/\\\/futbolhoy.co\\\/index.php\\\/2018\\\/01\\\/31\\\/doble-rugido-del-tigre-en-francia\\\/\",\"url\":\"https:\\\/\\\/futbolhoy.co\\\/index.php\\\/2018\\\/01\\\/31\\\/doble-rugido-del-tigre-en-francia\\\/\",\"name\":\"Doble rugido del \u201cTigre\u201d en Francia -\",\"isPartOf\":{\"@id\":\"https:\\\/\\\/futbolhoy.co\\\/#website\"},\"primaryImageOfPage\":{\"@id\":\"https:\\\/\\\/futbolhoy.co\\\/index.php\\\/2018\\\/01\\\/31\\\/doble-rugido-del-tigre-en-francia\\\/#primaryimage\"},\"image\":{\"@id\":\"https:\\\/\\\/futbolhoy.co\\\/index.php\\\/2018\\\/01\\\/31\\\/doble-rugido-del-tigre-en-francia\\\/#primaryimage\"},\"thumbnailUrl\":\"https:\\\/\\\/futbolhoy.co\\\/wp-content\\\/uploads\\\/2018\\\/01\\\/DU54t10WAAAJSTU.jpg\",\"datePublished\":\"2018-02-01T00:08:46+00:00\",\"author\":{\"@id\":\"https:\\\/\\\/futbolhoy.co\\\/#\\\/schema\\\/person\\\/c4a353a512b127643723a34bb1812f7d\"},\"breadcrumb\":{\"@id\":\"https:\\\/\\\/futbolhoy.co\\\/index.php\\\/2018\\\/01\\\/31\\\/doble-rugido-del-tigre-en-francia\\\/#breadcrumb\"},\"inLanguage\":\"es\",\"potentialAction\":[{\"@type\":\"ReadAction\",\"target\":[\"https:\\\/\\\/futbolhoy.co\\\/index.php\\\/2018\\\/01\\\/31\\\/doble-rugido-del-tigre-en-francia\\\/\"]}]},{\"@type\":\"ImageObject\",\"inLanguage\":\"es\",\"@id\":\"https:\\\/\\\/futbolhoy.co\\\/index.php\\\/2018\\\/01\\\/31\\\/doble-rugido-del-tigre-en-francia\\\/#primaryimage\",\"url\":\"https:\\\/\\\/futbolhoy.co\\\/wp-content\\\/uploads\\\/2018\\\/01\\\/DU54t10WAAAJSTU.jpg\",\"contentUrl\":\"https:\\\/\\\/futbolhoy.co\\\/wp-content\\\/uploads\\\/2018\\\/01\\\/DU54t10WAAAJSTU.jpg\",\"width\":1200,\"height\":799},{\"@type\":\"BreadcrumbList\",\"@id\":\"https:\\\/\\\/futbolhoy.co\\\/index.php\\\/2018\\\/01\\\/31\\\/doble-rugido-del-tigre-en-francia\\\/#breadcrumb\",\"itemListElement\":[{\"@type\":\"ListItem\",\"position\":1,\"name\":\"Portada\",\"item\":\"https:\\\/\\\/futbolhoy.co\\\/\"},{\"@type\":\"ListItem\",\"position\":2,\"name\":\"Doble rugido del \u201cTigre\u201d en Francia\"}]},{\"@type\":\"WebSite\",\"@id\":\"https:\\\/\\\/futbolhoy.co\\\/#website\",\"url\":\"https:\\\/\\\/futbolhoy.co\\\/\",\"name\":\"FutbolHoy\",\"description\":\"\",\"potentialAction\":[{\"@type\":\"SearchAction\",\"target\":{\"@type\":\"EntryPoint\",\"urlTemplate\":\"https:\\\/\\\/futbolhoy.co\\\/?s={search_term_string}\"},\"query-input\":{\"@type\":\"PropertyValueSpecification\",\"valueRequired\":true,\"valueName\":\"search_term_string\"}}],\"inLanguage\":\"es\"},{\"@type\":\"Person\",\"@id\":\"https:\\\/\\\/futbolhoy.co\\\/#\\\/schema\\\/person\\\/c4a353a512b127643723a34bb1812f7d\",\"name\":\"Laura Hern\u00e1ndez\",\"image\":{\"@type\":\"ImageObject\",\"inLanguage\":\"es\",\"@id\":\"https:\\\/\\\/secure.gravatar.com\\\/avatar\\\/1ae6b7966942c60c822ea71afe0e5cf4105b8e983193883c6d026db4d508431d?s=96&d=mm&r=g\",\"url\":\"https:\\\/\\\/secure.gravatar.com\\\/avatar\\\/1ae6b7966942c60c822ea71afe0e5cf4105b8e983193883c6d026db4d508431d?s=96&d=mm&r=g\",\"contentUrl\":\"https:\\\/\\\/secure.gravatar.com\\\/avatar\\\/1ae6b7966942c60c822ea71afe0e5cf4105b8e983193883c6d026db4d508431d?s=96&d=mm&r=g\",\"caption\":\"Laura Hern\u00e1ndez\"}}]}<\/script>\n<!-- \/ Yoast SEO plugin. -->","yoast_head_json":{"title":"Doble rugido del \u201cTigre\u201d en Francia -","robots":{"index":"index","follow":"follow","max-snippet":"max-snippet:-1","max-image-preview":"max-image-preview:large","max-video-preview":"max-video-preview:-1"},"canonical":"https:\/\/futbolhoy.co\/index.php\/2018\/01\/31\/doble-rugido-del-tigre-en-francia\/","og_locale":"es_ES","og_type":"article","og_title":"Doble rugido del \u201cTigre\u201d en Francia -","og_description":"Con doblete del colombiano Radamel Falcao Garc\u00eda, M\u00f3naco derrot\u00f3 2-0 al Montpellier y se clasific\u00f3 para la final de la Copa de la Liga francesa, en la que se enfrentar\u00e1 al Par\u00eds Saint Germain. El primer tanto naci\u00f3 en una jugada del lateral Djibil Sidib\u00e9 por la derecha, Falcao super\u00f3 al arquero rival de un [&hellip;]","og_url":"https:\/\/futbolhoy.co\/index.php\/2018\/01\/31\/doble-rugido-del-tigre-en-francia\/","article_publisher":"https:\/\/www.facebook.com\/FutbolHoyCol\/","article_published_time":"2018-02-01T00:08:46+00:00","og_image":[{"width":1200,"height":799,"url":"https:\/\/futbolhoy.co\/wp-content\/uploads\/2018\/01\/DU54t10WAAAJSTU.jpg","type":"image\/jpeg"}],"author":"Laura Hern\u00e1ndez","twitter_card":"summary_large_image","twitter_creator":"@FutbolHoyCol","twitter_site":"@FutbolHoyCol","twitter_misc":{"Escrito por":"Laura Hern\u00e1ndez","Tiempo de lectura":"1 minuto"},"schema":{"@context":"https:\/\/schema.org","@graph":[{"@type":"Article","@id":"https:\/\/futbolhoy.co\/index.php\/2018\/01\/31\/doble-rugido-del-tigre-en-francia\/#article","isPartOf":{"@id":"https:\/\/futbolhoy.co\/index.php\/2018\/01\/31\/doble-rugido-del-tigre-en-francia\/"},"author":{"name":"Laura Hern\u00e1ndez","@id":"https:\/\/futbolhoy.co\/#\/schema\/person\/c4a353a512b127643723a34bb1812f7d"},"headline":"Doble rugido del \u201cTigre\u201d en Francia","datePublished":"2018-02-01T00:08:46+00:00","mainEntityOfPage":{"@id":"https:\/\/futbolhoy.co\/index.php\/2018\/01\/31\/doble-rugido-del-tigre-en-francia\/"},"wordCount":118,"commentCount":0,"image":{"@id":"https:\/\/futbolhoy.co\/index.php\/2018\/01\/31\/doble-rugido-del-tigre-en-francia\/#primaryimage"},"thumbnailUrl":"https:\/\/futbolhoy.co\/wp-content\/uploads\/2018\/01\/DU54t10WAAAJSTU.jpg","keywords":["As M\u00f3naco","Falcao Garc\u00eda","Jugadores Colombianos"],"articleSection":["Destacados","Selecci\u00f3n Colombia"],"inLanguage":"es","potentialAction":[{"@type":"CommentAction","name":"Comment","target":["https:\/\/futbolhoy.co\/index.php\/2018\/01\/31\/doble-rugido-del-tigre-en-francia\/#respond"]}]},{"@type":"WebPage","@id":"https:\/\/futbolhoy.co\/index.php\/2018\/01\/31\/doble-rugido-del-tigre-en-francia\/","url":"https:\/\/futbolhoy.co\/index.php\/2018\/01\/31\/doble-rugido-del-tigre-en-francia\/","name":"Doble rugido del \u201cTigre\u201d en Francia -","isPartOf":{"@id":"https:\/\/futbolhoy.co\/#website"},"primaryImageOfPage":{"@id":"https:\/\/futbolhoy.co\/index.php\/2018\/01\/31\/doble-rugido-del-tigre-en-francia\/#primaryimage"},"image":{"@id":"https:\/\/futbolhoy.co\/index.php\/2018\/01\/31\/doble-rugido-del-tigre-en-francia\/#primaryimage"},"thumbnailUrl":"https:\/\/futbolhoy.co\/wp-content\/uploads\/2018\/01\/DU54t10WAAAJSTU.jpg","datePublished":"2018-02-01T00:08:46+00:00","author":{"@id":"https:\/\/futbolhoy.co\/#\/schema\/person\/c4a353a512b127643723a34bb1812f7d"},"breadcrumb":{"@id":"https:\/\/futbolhoy.co\/index.php\/2018\/01\/31\/doble-rugido-del-tigre-en-francia\/#breadcrumb"},"inLanguage":"es","potentialAction":[{"@type":"ReadAction","target":["https:\/\/futbolhoy.co\/index.php\/2018\/01\/31\/doble-rugido-del-tigre-en-francia\/"]}]},{"@type":"ImageObject","inLanguage":"es","@id":"https:\/\/futbolhoy.co\/index.php\/2018\/01\/31\/doble-rugido-del-tigre-en-francia\/#primaryimage","url":"https:\/\/futbolhoy.co\/wp-content\/uploads\/2018\/01\/DU54t10WAAAJSTU.jpg","contentUrl":"https:\/\/futbolhoy.co\/wp-content\/uploads\/2018\/01\/DU54t10WAAAJSTU.jpg","width":1200,"height":799},{"@type":"BreadcrumbList","@id":"https:\/\/futbolhoy.co\/index.php\/2018\/01\/31\/doble-rugido-del-tigre-en-francia\/#breadcrumb","itemListElement":[{"@type":"ListItem","position":1,"name":"Portada","item":"https:\/\/futbolhoy.co\/"},{"@type":"ListItem","position":2,"name":"Doble rugido del \u201cTigre\u201d en Francia"}]},{"@type":"WebSite","@id":"https:\/\/futbolhoy.co\/#website","url":"https:\/\/futbolhoy.co\/","name":"FutbolHoy","description":"","potentialAction":[{"@type":"SearchAction","target":{"@type":"EntryPoint","urlTemplate":"https:\/\/futbolhoy.co\/?s={search_term_string}"},"query-input":{"@type":"PropertyValueSpecification","valueRequired":true,"valueName":"search_term_string"}}],"inLanguage":"es"},{"@type":"Person","@id":"https:\/\/futbolhoy.co\/#\/schema\/person\/c4a353a512b127643723a34bb1812f7d","name":"Laura Hern\u00e1ndez","image":{"@type":"ImageObject","inLanguage":"es","@id":"https:\/\/secure.gravatar.com\/avatar\/1ae6b7966942c60c822ea71afe0e5cf4105b8e983193883c6d026db4d508431d?s=96&d=mm&r=g","url":"https:\/\/secure.gravatar.com\/avatar\/1ae6b7966942c60c822ea71afe0e5cf4105b8e983193883c6d026db4d508431d?s=96&d=mm&r=g","contentUrl":"https:\/\/secure.gravatar.com\/avatar\/1ae6b7966942c60c822ea71afe0e5cf4105b8e983193883c6d026db4d508431d?s=96&d=mm&r=g","caption":"Laura Hern\u00e1ndez"}}]}},"_links":{"self":[{"href":"https:\/\/futbolhoy.co\/index.php\/wp-json\/wp\/v2\/posts\/12845","targetHints":{"allow":["GET"]}}],"collection":[{"href":"https:\/\/futbolhoy.co\/index.php\/wp-json\/wp\/v2\/posts"}],"about":[{"href":"https:\/\/futbolhoy.co\/index.php\/wp-json\/wp\/v2\/types\/post"}],"author":[{"embeddable":true,"href":"https:\/\/futbolhoy.co\/index.php\/wp-json\/wp\/v2\/users\/5"}],"replies":[{"embeddable":true,"href":"https:\/\/futbolhoy.co\/index.php\/wp-json\/wp\/v2\/comments?post=12845"}],"version-history":[{"count":1,"href":"https:\/\/futbolhoy.co\/index.php\/wp-json\/wp\/v2\/posts\/12845\/revisions"}],"predecessor-version":[{"id":12853,"href":"https:\/\/futbolhoy.co\/index.php\/wp-json\/wp\/v2\/posts\/12845\/revisions\/12853"}],"wp:featuredmedia":[{"embeddable":true,"href":"https:\/\/futbolhoy.co\/index.php\/wp-json\/wp\/v2\/media\/12850"}],"wp:attachment":[{"href":"https:\/\/futbolhoy.co\/index.php\/wp-json\/wp\/v2\/media?parent=12845"}],"wp:term":[{"taxonomy":"category","embeddable":true,"href":"https:\/\/futbolhoy.co\/index.php\/wp-json\/wp\/v2\/categories?post=12845"},{"taxonomy":"post_tag","embeddable":true,"href":"https:\/\/futbolhoy.co\/index.php\/wp-json\/wp\/v2\/tags?post=12845"}],"curies":[{"name":"wp","href":"https:\/\/api.w.org\/{rel}","templated":true}]}}