{"id":128475,"date":"2026-01-19T13:24:56","date_gmt":"2026-01-19T18:24:56","guid":{"rendered":"https:\/\/futbolhoy.co\/?p=128475"},"modified":"2026-01-20T13:58:38","modified_gmt":"2026-01-20T18:58:38","slug":"vasco-da-gama-se-entromete-en-el-negocio-boca-nacional-por-marino-hinestroza","status":"publish","type":"post","link":"https:\/\/futbolhoy.co\/index.php\/2026\/01\/19\/vasco-da-gama-se-entromete-en-el-negocio-boca-nacional-por-marino-hinestroza\/","title":{"rendered":"Vasco da Gama se entromete en el negocio Boca-Nacional por Marino Hinestroza"},"content":{"rendered":"<p style=\"text-align: justify;\"><span style=\"font-family: helvetica, arial, sans-serif;\">Un cap\u00edtulo m\u00e1s en la novela <strong>Marino Hinestroza<\/strong>. Cuando parec\u00eda definida su salida a <strong>Boca Juniors<\/strong>, el <strong>Vasco da Gama brasile\u00f1o<\/strong> ha entrado en escena con chequera en mano para llevarse al extremo colombiano de apenas 23 a\u00f1os.<\/span><\/p>\n<p style=\"text-align: justify;\"><span style=\"font-family: helvetica, arial, sans-serif;\">Seg\u00fan report\u00f3 el periodista Lucas Pedrosa, <strong>Marino \"siempre\" ha estado en el radar de Fernando Diniz<\/strong>, actual entrenador del Vasco y que en su momento lo quiso para Fluminense, y por tal motivo aprovechar\u00eda el 'stand-by' en las negociaciones con Boca Juniors para adelantar su fichaje.<\/span><\/p>\n<p style=\"text-align: justify;\"><span style=\"font-family: helvetica, arial, sans-serif;\">As\u00ed las cosas, el club estar\u00eda ofreciendo <strong>6 millones de d\u00f3lares por el pase del vallecaucano<\/strong>, 5 de ellos como parte de la transferencia y el restante en variables. Con lo anterior se espera suplir las bajas de los atacantes <strong>Brenner y Pablo Vegetti,<\/strong> quienes se marchan al exterior.<\/span><\/p>\n<p style=\"text-align: justify;\"><span style=\"font-family: helvetica, arial, sans-serif;\">De confirmarse la operaci\u00f3n, <strong>Marino<\/strong> se convertir\u00e1 en el tercer colombiano de la actual plantilla del Vasco, recordando que ya se encuentran <strong>Carlos Cuesta y Carlos Andr\u00e9s G\u00f3mez<\/strong>.<\/span><\/p>\n","protected":false},"excerpt":{"rendered":"<p>Un cap\u00edtulo m\u00e1s en la novela Marino Hinestroza. Cuando parec\u00eda definida su salida a Boca Juniors, el Vasco da Gama brasile\u00f1o ha entrado en escena con chequera en mano para llevarse al extremo colombiano de apenas 23 a\u00f1os. Seg\u00fan report\u00f3 el periodista Lucas Pedrosa, Marino \"siempre\" ha estado en el radar de Fernando Diniz, actual [&hellip;]<\/p>\n","protected":false},"author":4,"featured_media":128476,"comment_status":"open","ping_status":"open","sticky":false,"template":"","format":"standard","meta":{"_acf_changed":false,"footnotes":""},"categories":[418],"tags":[],"class_list":{"0":"post-128475","1":"post","2":"type-post","3":"status-publish","4":"format-standard","5":"has-post-thumbnail","7":"category-colombia"},"acf":[],"yoast_head":"<!-- This site is optimized with the Yoast SEO plugin v26.8 - https:\/\/yoast.com\/product\/yoast-seo-wordpress\/ -->\n<title>Vasco da Gama se entromete en el negocio Boca-Nacional por Marino Hinestroza -<\/title>\n<meta name=\"robots\" content=\"index, follow, max-snippet:-1, max-image-preview:large, max-video-preview:-1\" \/>\n<link rel=\"canonical\" href=\"https:\/\/futbolhoy.co\/index.php\/2026\/01\/19\/vasco-da-gama-se-entromete-en-el-negocio-boca-nacional-por-marino-hinestroza\/\" \/>\n<meta property=\"og:locale\" content=\"es_ES\" \/>\n<meta property=\"og:type\" content=\"article\" \/>\n<meta property=\"og:title\" content=\"Vasco da Gama se entromete en el negocio Boca-Nacional por Marino Hinestroza -\" \/>\n<meta property=\"og:description\" content=\"Un cap\u00edtulo m\u00e1s en la novela Marino Hinestroza. Cuando parec\u00eda definida su salida a Boca Juniors, el Vasco da Gama brasile\u00f1o ha entrado en escena con chequera en mano para llevarse al extremo colombiano de apenas 23 a\u00f1os. Seg\u00fan report\u00f3 el periodista Lucas Pedrosa, Marino &quot;siempre&quot; ha estado en el radar de Fernando Diniz, actual [&hellip;]\" \/>\n<meta property=\"og:url\" content=\"https:\/\/futbolhoy.co\/index.php\/2026\/01\/19\/vasco-da-gama-se-entromete-en-el-negocio-boca-nacional-por-marino-hinestroza\/\" \/>\n<meta property=\"article:publisher\" content=\"https:\/\/www.facebook.com\/FutbolHoyCol\/\" \/>\n<meta property=\"article:published_time\" content=\"2026-01-19T18:24:56+00:00\" \/>\n<meta property=\"article:modified_time\" content=\"2026-01-20T18:58:38+00:00\" \/>\n<meta property=\"og:image\" content=\"https:\/\/futbolhoy.co\/wp-content\/uploads\/2026\/01\/FACEBOOK-8.png\" \/>\n\t<meta property=\"og:image:width\" content=\"768\" \/>\n\t<meta property=\"og:image:height\" content=\"576\" \/>\n\t<meta property=\"og:image:type\" content=\"image\/png\" \/>\n<meta name=\"author\" content=\"contenido\" \/>\n<meta name=\"twitter:card\" content=\"summary_large_image\" \/>\n<meta name=\"twitter:creator\" content=\"@FutbolHoyCol\" \/>\n<meta name=\"twitter:site\" content=\"@FutbolHoyCol\" \/>\n<meta name=\"twitter:label1\" content=\"Escrito por\" \/>\n\t<meta name=\"twitter:data1\" content=\"contenido\" \/>\n\t<meta name=\"twitter:label2\" content=\"Tiempo de lectura\" \/>\n\t<meta name=\"twitter:data2\" content=\"1 minuto\" \/>\n<script type=\"application\/ld+json\" class=\"yoast-schema-graph\">{\"@context\":\"https:\/\/schema.org\",\"@graph\":[{\"@type\":\"Article\",\"@id\":\"https:\/\/futbolhoy.co\/index.php\/2026\/01\/19\/vasco-da-gama-se-entromete-en-el-negocio-boca-nacional-por-marino-hinestroza\/#article\",\"isPartOf\":{\"@id\":\"https:\/\/futbolhoy.co\/index.php\/2026\/01\/19\/vasco-da-gama-se-entromete-en-el-negocio-boca-nacional-por-marino-hinestroza\/\"},\"author\":{\"name\":\"contenido\",\"@id\":\"https:\/\/futbolhoy.co\/#\/schema\/person\/1721b69355b6623eaff15ac7b92d4cc3\"},\"headline\":\"Vasco da Gama se entromete en el negocio Boca-Nacional por Marino Hinestroza\",\"datePublished\":\"2026-01-19T18:24:56+00:00\",\"dateModified\":\"2026-01-20T18:58:38+00:00\",\"mainEntityOfPage\":{\"@id\":\"https:\/\/futbolhoy.co\/index.php\/2026\/01\/19\/vasco-da-gama-se-entromete-en-el-negocio-boca-nacional-por-marino-hinestroza\/\"},\"wordCount\":182,\"commentCount\":0,\"publisher\":{\"@id\":\"https:\/\/futbolhoy.co\/#organization\"},\"image\":{\"@id\":\"https:\/\/futbolhoy.co\/index.php\/2026\/01\/19\/vasco-da-gama-se-entromete-en-el-negocio-boca-nacional-por-marino-hinestroza\/#primaryimage\"},\"thumbnailUrl\":\"https:\/\/futbolhoy.co\/wp-content\/uploads\/2026\/01\/FACEBOOK-8.png\",\"articleSection\":[\"Colombia\"],\"inLanguage\":\"es\",\"potentialAction\":[{\"@type\":\"CommentAction\",\"name\":\"Comment\",\"target\":[\"https:\/\/futbolhoy.co\/index.php\/2026\/01\/19\/vasco-da-gama-se-entromete-en-el-negocio-boca-nacional-por-marino-hinestroza\/#respond\"]}]},{\"@type\":\"WebPage\",\"@id\":\"https:\/\/futbolhoy.co\/index.php\/2026\/01\/19\/vasco-da-gama-se-entromete-en-el-negocio-boca-nacional-por-marino-hinestroza\/\",\"url\":\"https:\/\/futbolhoy.co\/index.php\/2026\/01\/19\/vasco-da-gama-se-entromete-en-el-negocio-boca-nacional-por-marino-hinestroza\/\",\"name\":\"Vasco da Gama se entromete en el negocio Boca-Nacional por Marino Hinestroza -\",\"isPartOf\":{\"@id\":\"https:\/\/futbolhoy.co\/#website\"},\"primaryImageOfPage\":{\"@id\":\"https:\/\/futbolhoy.co\/index.php\/2026\/01\/19\/vasco-da-gama-se-entromete-en-el-negocio-boca-nacional-por-marino-hinestroza\/#primaryimage\"},\"image\":{\"@id\":\"https:\/\/futbolhoy.co\/index.php\/2026\/01\/19\/vasco-da-gama-se-entromete-en-el-negocio-boca-nacional-por-marino-hinestroza\/#primaryimage\"},\"thumbnailUrl\":\"https:\/\/futbolhoy.co\/wp-content\/uploads\/2026\/01\/FACEBOOK-8.png\",\"datePublished\":\"2026-01-19T18:24:56+00:00\",\"dateModified\":\"2026-01-20T18:58:38+00:00\",\"breadcrumb\":{\"@id\":\"https:\/\/futbolhoy.co\/index.php\/2026\/01\/19\/vasco-da-gama-se-entromete-en-el-negocio-boca-nacional-por-marino-hinestroza\/#breadcrumb\"},\"inLanguage\":\"es\",\"potentialAction\":[{\"@type\":\"ReadAction\",\"target\":[\"https:\/\/futbolhoy.co\/index.php\/2026\/01\/19\/vasco-da-gama-se-entromete-en-el-negocio-boca-nacional-por-marino-hinestroza\/\"]}]},{\"@type\":\"ImageObject\",\"inLanguage\":\"es\",\"@id\":\"https:\/\/futbolhoy.co\/index.php\/2026\/01\/19\/vasco-da-gama-se-entromete-en-el-negocio-boca-nacional-por-marino-hinestroza\/#primaryimage\",\"url\":\"https:\/\/futbolhoy.co\/wp-content\/uploads\/2026\/01\/FACEBOOK-8.png\",\"contentUrl\":\"https:\/\/futbolhoy.co\/wp-content\/uploads\/2026\/01\/FACEBOOK-8.png\",\"width\":768,\"height\":576},{\"@type\":\"BreadcrumbList\",\"@id\":\"https:\/\/futbolhoy.co\/index.php\/2026\/01\/19\/vasco-da-gama-se-entromete-en-el-negocio-boca-nacional-por-marino-hinestroza\/#breadcrumb\",\"itemListElement\":[{\"@type\":\"ListItem\",\"position\":1,\"name\":\"Portada\",\"item\":\"https:\/\/futbolhoy.co\/\"},{\"@type\":\"ListItem\",\"position\":2,\"name\":\"Vasco da Gama se entromete en el negocio Boca-Nacional por Marino Hinestroza\"}]},{\"@type\":\"WebSite\",\"@id\":\"https:\/\/futbolhoy.co\/#website\",\"url\":\"https:\/\/futbolhoy.co\/\",\"name\":\"FutbolHoy\",\"description\":\"\",\"publisher\":{\"@id\":\"https:\/\/futbolhoy.co\/#organization\"},\"potentialAction\":[{\"@type\":\"SearchAction\",\"target\":{\"@type\":\"EntryPoint\",\"urlTemplate\":\"https:\/\/futbolhoy.co\/?s={search_term_string}\"},\"query-input\":{\"@type\":\"PropertyValueSpecification\",\"valueRequired\":true,\"valueName\":\"search_term_string\"}}],\"inLanguage\":\"es\"},{\"@type\":\"Organization\",\"@id\":\"https:\/\/futbolhoy.co\/#organization\",\"name\":\"Futbolhoy.co\",\"url\":\"https:\/\/futbolhoy.co\/\",\"logo\":{\"@type\":\"ImageObject\",\"inLanguage\":\"es\",\"@id\":\"https:\/\/futbolhoy.co\/#\/schema\/logo\/image\/\",\"url\":\"https:\/\/futbolhoy.co\/wp-content\/uploads\/2018\/08\/17426380_1906371736249227_6326180412931521141_n.jpg\",\"contentUrl\":\"https:\/\/futbolhoy.co\/wp-content\/uploads\/2018\/08\/17426380_1906371736249227_6326180412931521141_n.jpg\",\"width\":960,\"height\":960,\"caption\":\"Futbolhoy.co\"},\"image\":{\"@id\":\"https:\/\/futbolhoy.co\/#\/schema\/logo\/image\/\"},\"sameAs\":[\"https:\/\/www.facebook.com\/FutbolHoyCol\/\",\"https:\/\/x.com\/FutbolHoyCol\",\"https:\/\/www.instagram.com\/futbolhoycol\/\"]},{\"@type\":\"Person\",\"@id\":\"https:\/\/futbolhoy.co\/#\/schema\/person\/1721b69355b6623eaff15ac7b92d4cc3\",\"name\":\"contenido\",\"image\":{\"@type\":\"ImageObject\",\"inLanguage\":\"es\",\"@id\":\"https:\/\/futbolhoy.co\/#\/schema\/person\/image\/\",\"url\":\"https:\/\/secure.gravatar.com\/avatar\/4f656d3256f5134f466206e7c3941518?s=96&d=mm&r=g\",\"contentUrl\":\"https:\/\/secure.gravatar.com\/avatar\/4f656d3256f5134f466206e7c3941518?s=96&d=mm&r=g\",\"caption\":\"contenido\"}}]}<\/script>\n<!-- \/ Yoast SEO plugin. -->","yoast_head_json":{"title":"Vasco da Gama se entromete en el negocio Boca-Nacional por Marino Hinestroza -","robots":{"index":"index","follow":"follow","max-snippet":"max-snippet:-1","max-image-preview":"max-image-preview:large","max-video-preview":"max-video-preview:-1"},"canonical":"https:\/\/futbolhoy.co\/index.php\/2026\/01\/19\/vasco-da-gama-se-entromete-en-el-negocio-boca-nacional-por-marino-hinestroza\/","og_locale":"es_ES","og_type":"article","og_title":"Vasco da Gama se entromete en el negocio Boca-Nacional por Marino Hinestroza -","og_description":"Un cap\u00edtulo m\u00e1s en la novela Marino Hinestroza. Cuando parec\u00eda definida su salida a Boca Juniors, el Vasco da Gama brasile\u00f1o ha entrado en escena con chequera en mano para llevarse al extremo colombiano de apenas 23 a\u00f1os. Seg\u00fan report\u00f3 el periodista Lucas Pedrosa, Marino \"siempre\" ha estado en el radar de Fernando Diniz, actual [&hellip;]","og_url":"https:\/\/futbolhoy.co\/index.php\/2026\/01\/19\/vasco-da-gama-se-entromete-en-el-negocio-boca-nacional-por-marino-hinestroza\/","article_publisher":"https:\/\/www.facebook.com\/FutbolHoyCol\/","article_published_time":"2026-01-19T18:24:56+00:00","article_modified_time":"2026-01-20T18:58:38+00:00","og_image":[{"width":768,"height":576,"url":"https:\/\/futbolhoy.co\/wp-content\/uploads\/2026\/01\/FACEBOOK-8.png","type":"image\/png"}],"author":"contenido","twitter_card":"summary_large_image","twitter_creator":"@FutbolHoyCol","twitter_site":"@FutbolHoyCol","twitter_misc":{"Escrito por":"contenido","Tiempo de lectura":"1 minuto"},"schema":{"@context":"https:\/\/schema.org","@graph":[{"@type":"Article","@id":"https:\/\/futbolhoy.co\/index.php\/2026\/01\/19\/vasco-da-gama-se-entromete-en-el-negocio-boca-nacional-por-marino-hinestroza\/#article","isPartOf":{"@id":"https:\/\/futbolhoy.co\/index.php\/2026\/01\/19\/vasco-da-gama-se-entromete-en-el-negocio-boca-nacional-por-marino-hinestroza\/"},"author":{"name":"contenido","@id":"https:\/\/futbolhoy.co\/#\/schema\/person\/1721b69355b6623eaff15ac7b92d4cc3"},"headline":"Vasco da Gama se entromete en el negocio Boca-Nacional por Marino Hinestroza","datePublished":"2026-01-19T18:24:56+00:00","dateModified":"2026-01-20T18:58:38+00:00","mainEntityOfPage":{"@id":"https:\/\/futbolhoy.co\/index.php\/2026\/01\/19\/vasco-da-gama-se-entromete-en-el-negocio-boca-nacional-por-marino-hinestroza\/"},"wordCount":182,"commentCount":0,"publisher":{"@id":"https:\/\/futbolhoy.co\/#organization"},"image":{"@id":"https:\/\/futbolhoy.co\/index.php\/2026\/01\/19\/vasco-da-gama-se-entromete-en-el-negocio-boca-nacional-por-marino-hinestroza\/#primaryimage"},"thumbnailUrl":"https:\/\/futbolhoy.co\/wp-content\/uploads\/2026\/01\/FACEBOOK-8.png","articleSection":["Colombia"],"inLanguage":"es","potentialAction":[{"@type":"CommentAction","name":"Comment","target":["https:\/\/futbolhoy.co\/index.php\/2026\/01\/19\/vasco-da-gama-se-entromete-en-el-negocio-boca-nacional-por-marino-hinestroza\/#respond"]}]},{"@type":"WebPage","@id":"https:\/\/futbolhoy.co\/index.php\/2026\/01\/19\/vasco-da-gama-se-entromete-en-el-negocio-boca-nacional-por-marino-hinestroza\/","url":"https:\/\/futbolhoy.co\/index.php\/2026\/01\/19\/vasco-da-gama-se-entromete-en-el-negocio-boca-nacional-por-marino-hinestroza\/","name":"Vasco da Gama se entromete en el negocio Boca-Nacional por Marino Hinestroza -","isPartOf":{"@id":"https:\/\/futbolhoy.co\/#website"},"primaryImageOfPage":{"@id":"https:\/\/futbolhoy.co\/index.php\/2026\/01\/19\/vasco-da-gama-se-entromete-en-el-negocio-boca-nacional-por-marino-hinestroza\/#primaryimage"},"image":{"@id":"https:\/\/futbolhoy.co\/index.php\/2026\/01\/19\/vasco-da-gama-se-entromete-en-el-negocio-boca-nacional-por-marino-hinestroza\/#primaryimage"},"thumbnailUrl":"https:\/\/futbolhoy.co\/wp-content\/uploads\/2026\/01\/FACEBOOK-8.png","datePublished":"2026-01-19T18:24:56+00:00","dateModified":"2026-01-20T18:58:38+00:00","breadcrumb":{"@id":"https:\/\/futbolhoy.co\/index.php\/2026\/01\/19\/vasco-da-gama-se-entromete-en-el-negocio-boca-nacional-por-marino-hinestroza\/#breadcrumb"},"inLanguage":"es","potentialAction":[{"@type":"ReadAction","target":["https:\/\/futbolhoy.co\/index.php\/2026\/01\/19\/vasco-da-gama-se-entromete-en-el-negocio-boca-nacional-por-marino-hinestroza\/"]}]},{"@type":"ImageObject","inLanguage":"es","@id":"https:\/\/futbolhoy.co\/index.php\/2026\/01\/19\/vasco-da-gama-se-entromete-en-el-negocio-boca-nacional-por-marino-hinestroza\/#primaryimage","url":"https:\/\/futbolhoy.co\/wp-content\/uploads\/2026\/01\/FACEBOOK-8.png","contentUrl":"https:\/\/futbolhoy.co\/wp-content\/uploads\/2026\/01\/FACEBOOK-8.png","width":768,"height":576},{"@type":"BreadcrumbList","@id":"https:\/\/futbolhoy.co\/index.php\/2026\/01\/19\/vasco-da-gama-se-entromete-en-el-negocio-boca-nacional-por-marino-hinestroza\/#breadcrumb","itemListElement":[{"@type":"ListItem","position":1,"name":"Portada","item":"https:\/\/futbolhoy.co\/"},{"@type":"ListItem","position":2,"name":"Vasco da Gama se entromete en el negocio Boca-Nacional por Marino Hinestroza"}]},{"@type":"WebSite","@id":"https:\/\/futbolhoy.co\/#website","url":"https:\/\/futbolhoy.co\/","name":"FutbolHoy","description":"","publisher":{"@id":"https:\/\/futbolhoy.co\/#organization"},"potentialAction":[{"@type":"SearchAction","target":{"@type":"EntryPoint","urlTemplate":"https:\/\/futbolhoy.co\/?s={search_term_string}"},"query-input":{"@type":"PropertyValueSpecification","valueRequired":true,"valueName":"search_term_string"}}],"inLanguage":"es"},{"@type":"Organization","@id":"https:\/\/futbolhoy.co\/#organization","name":"Futbolhoy.co","url":"https:\/\/futbolhoy.co\/","logo":{"@type":"ImageObject","inLanguage":"es","@id":"https:\/\/futbolhoy.co\/#\/schema\/logo\/image\/","url":"https:\/\/futbolhoy.co\/wp-content\/uploads\/2018\/08\/17426380_1906371736249227_6326180412931521141_n.jpg","contentUrl":"https:\/\/futbolhoy.co\/wp-content\/uploads\/2018\/08\/17426380_1906371736249227_6326180412931521141_n.jpg","width":960,"height":960,"caption":"Futbolhoy.co"},"image":{"@id":"https:\/\/futbolhoy.co\/#\/schema\/logo\/image\/"},"sameAs":["https:\/\/www.facebook.com\/FutbolHoyCol\/","https:\/\/x.com\/FutbolHoyCol","https:\/\/www.instagram.com\/futbolhoycol\/"]},{"@type":"Person","@id":"https:\/\/futbolhoy.co\/#\/schema\/person\/1721b69355b6623eaff15ac7b92d4cc3","name":"contenido","image":{"@type":"ImageObject","inLanguage":"es","@id":"https:\/\/futbolhoy.co\/#\/schema\/person\/image\/","url":"https:\/\/secure.gravatar.com\/avatar\/4f656d3256f5134f466206e7c3941518?s=96&d=mm&r=g","contentUrl":"https:\/\/secure.gravatar.com\/avatar\/4f656d3256f5134f466206e7c3941518?s=96&d=mm&r=g","caption":"contenido"}}]}},"publishpress_future_action":{"enabled":false,"date":"2026-05-03 06:57:27","action":"change-status","newStatus":"draft","terms":[],"taxonomy":"category","extraData":[]},"publishpress_future_workflow_manual_trigger":{"enabledWorkflows":[]},"_links":{"self":[{"href":"https:\/\/futbolhoy.co\/index.php\/wp-json\/wp\/v2\/posts\/128475","targetHints":{"allow":["GET"]}}],"collection":[{"href":"https:\/\/futbolhoy.co\/index.php\/wp-json\/wp\/v2\/posts"}],"about":[{"href":"https:\/\/futbolhoy.co\/index.php\/wp-json\/wp\/v2\/types\/post"}],"author":[{"embeddable":true,"href":"https:\/\/futbolhoy.co\/index.php\/wp-json\/wp\/v2\/users\/4"}],"replies":[{"embeddable":true,"href":"https:\/\/futbolhoy.co\/index.php\/wp-json\/wp\/v2\/comments?post=128475"}],"version-history":[{"count":1,"href":"https:\/\/futbolhoy.co\/index.php\/wp-json\/wp\/v2\/posts\/128475\/revisions"}],"predecessor-version":[{"id":128477,"href":"https:\/\/futbolhoy.co\/index.php\/wp-json\/wp\/v2\/posts\/128475\/revisions\/128477"}],"wp:featuredmedia":[{"embeddable":true,"href":"https:\/\/futbolhoy.co\/index.php\/wp-json\/wp\/v2\/media\/128476"}],"wp:attachment":[{"href":"https:\/\/futbolhoy.co\/index.php\/wp-json\/wp\/v2\/media?parent=128475"}],"wp:term":[{"taxonomy":"category","embeddable":true,"href":"https:\/\/futbolhoy.co\/index.php\/wp-json\/wp\/v2\/categories?post=128475"},{"taxonomy":"post_tag","embeddable":true,"href":"https:\/\/futbolhoy.co\/index.php\/wp-json\/wp\/v2\/tags?post=128475"}],"curies":[{"name":"wp","href":"https:\/\/api.w.org\/{rel}","templated":true}]}}