{"id":128479,"date":"2026-01-19T18:27:49","date_gmt":"2026-01-19T23:27:49","guid":{"rendered":"https:\/\/futbolhoy.co\/?p=128479"},"modified":"2026-01-20T17:23:39","modified_gmt":"2026-01-20T22:23:39","slug":"dayro-moreno-conduce-al-once-caldas-a-la-remontada-sobre-cucuta","status":"publish","type":"post","link":"https:\/\/futbolhoy.co\/index.php\/2026\/01\/19\/dayro-moreno-conduce-al-once-caldas-a-la-remontada-sobre-cucuta\/","title":{"rendered":"Dayro Moreno conduce al Once Caldas a la remontada sobre C\u00facuta"},"content":{"rendered":"<p style=\"text-align: justify;\"><span style=\"font-family: helvetica, arial, sans-serif;\"><strong>C\u00facuta<\/strong> regres\u00f3 a la primera divisi\u00f3n, pero <strong>Dayro Moreno<\/strong> les amarg\u00f3 la fiesta en el<strong> General Santander<\/strong> y condujo al <strong>Once Caldas<\/strong> a su primera victoria del a\u00f1o. <\/span><\/p>\n<p style=\"text-align: justify;\"><span style=\"font-family: helvetica, arial, sans-serif;\">Fue 1-2, en un partido que comenz\u00f3 ganando el cuadro <strong>Motil\u00f3n.<\/strong> El primero de la tarde cay\u00f3 mediante la v\u00eda de un penal que cometi\u00f3 <strong>Jorge Cardona<\/strong> sobre <strong>Arizalas<\/strong> y que cambi\u00f3 por gol <strong>Jaime Peralta<\/strong> al 35\u2019.<\/span><\/p>\n<p style=\"text-align: justify;\"><span style=\"font-family: helvetica, arial, sans-serif;\">No obstante, al 53 se fue expulsado el propio Peralta por doble amarilla, gan\u00e1ndose la segunda por un fuerte reclamo al \u00e1rbitro central y la primera por juego peligroso.<\/span><\/p>\n<p style=\"text-align: justify;\"><span style=\"font-family: helvetica, arial, sans-serif;\">Al minuto 60 <strong>Armando Ballesteros<\/strong> cometi\u00f3 infracci\u00f3n dentro del \u00e1rea sobre <strong>Michael Barrios.<\/strong> El juez sancion\u00f3 penal y<strong> Dayro Moreno convirti\u00f3.<\/strong><\/span><\/p>\n<p style=\"text-align: justify;\"><span style=\"font-family: helvetica, arial, sans-serif;\">El tanto del triunfo lleg\u00f3 al 87\u2019. <strong>Kevin Tamayo<\/strong> lanz\u00f3 un centro por bajo que <strong>Dayro<\/strong> mand\u00f3 a guardar para llegar a 375 goles en su carrera y extender la diferencia respecto a <strong>Falcao<\/strong> (356) como m\u00e1ximo anotador hist\u00f3rico de Colombia.<\/span><\/p>\n<p style=\"text-align: justify;\"><span style=\"font-family: helvetica, arial, sans-serif;\">Once Caldas jugar\u00e1 su pr\u00f3ximo partido contra <strong>Santa Fe<\/strong> en <strong>Palogrande,<\/strong> mientras que <strong>C\u00facuta,<\/strong> que inici\u00f3 con pie derecho su intenci\u00f3n de salvaci\u00f3n del descenso, visitar\u00e1 a <strong>Internacional de Bogot\u00e1.<\/strong><\/span><\/p>\n","protected":false},"excerpt":{"rendered":"<p>C\u00facuta regres\u00f3 a la primera divisi\u00f3n, pero Dayro Moreno les amarg\u00f3 la fiesta en el General Santander y condujo al Once Caldas a su primera victoria del a\u00f1o. Fue 1-2, en un partido que comenz\u00f3 ganando el cuadro Motil\u00f3n. El primero de la tarde cay\u00f3 mediante la v\u00eda de un penal que cometi\u00f3 Jorge Cardona [&hellip;]<\/p>\n","protected":false},"author":4,"featured_media":128480,"comment_status":"open","ping_status":"open","sticky":false,"template":"","format":"standard","meta":{"_acf_changed":false,"footnotes":""},"categories":[7],"tags":[],"class_list":{"0":"post-128479","1":"post","2":"type-post","3":"status-publish","4":"format-standard","5":"has-post-thumbnail","7":"category-liga-betplay"},"acf":[],"yoast_head":"<!-- This site is optimized with the Yoast SEO plugin v26.8 - https:\/\/yoast.com\/product\/yoast-seo-wordpress\/ -->\n<title>Dayro Moreno conduce al Once Caldas a la remontada sobre C\u00facuta -<\/title>\n<meta name=\"robots\" content=\"index, follow, max-snippet:-1, max-image-preview:large, max-video-preview:-1\" \/>\n<link rel=\"canonical\" href=\"https:\/\/futbolhoy.co\/index.php\/2026\/01\/19\/dayro-moreno-conduce-al-once-caldas-a-la-remontada-sobre-cucuta\/\" \/>\n<meta property=\"og:locale\" content=\"es_ES\" \/>\n<meta property=\"og:type\" content=\"article\" \/>\n<meta property=\"og:title\" content=\"Dayro Moreno conduce al Once Caldas a la remontada sobre C\u00facuta -\" \/>\n<meta property=\"og:description\" content=\"C\u00facuta regres\u00f3 a la primera divisi\u00f3n, pero Dayro Moreno les amarg\u00f3 la fiesta en el General Santander y condujo al Once Caldas a su primera victoria del a\u00f1o. Fue 1-2, en un partido que comenz\u00f3 ganando el cuadro Motil\u00f3n. El primero de la tarde cay\u00f3 mediante la v\u00eda de un penal que cometi\u00f3 Jorge Cardona [&hellip;]\" \/>\n<meta property=\"og:url\" content=\"https:\/\/futbolhoy.co\/index.php\/2026\/01\/19\/dayro-moreno-conduce-al-once-caldas-a-la-remontada-sobre-cucuta\/\" \/>\n<meta property=\"article:publisher\" content=\"https:\/\/www.facebook.com\/FutbolHoyCol\/\" \/>\n<meta property=\"article:published_time\" content=\"2026-01-19T23:27:49+00:00\" \/>\n<meta property=\"article:modified_time\" content=\"2026-01-20T22:23:39+00:00\" \/>\n<meta property=\"og:image\" content=\"https:\/\/futbolhoy.co\/wp-content\/uploads\/2026\/01\/WhatsApp-Image-2026-01-19-at-6.06.22-PM.jpeg\" \/>\n\t<meta property=\"og:image:width\" content=\"1206\" \/>\n\t<meta property=\"og:image:height\" content=\"757\" \/>\n\t<meta property=\"og:image:type\" content=\"image\/jpeg\" \/>\n<meta name=\"author\" content=\"contenido\" \/>\n<meta name=\"twitter:card\" content=\"summary_large_image\" \/>\n<meta name=\"twitter:creator\" content=\"@FutbolHoyCol\" \/>\n<meta name=\"twitter:site\" content=\"@FutbolHoyCol\" \/>\n<meta name=\"twitter:label1\" content=\"Escrito por\" \/>\n\t<meta name=\"twitter:data1\" content=\"contenido\" \/>\n\t<meta name=\"twitter:label2\" content=\"Tiempo de lectura\" \/>\n\t<meta name=\"twitter:data2\" content=\"1 minuto\" \/>\n<script type=\"application\/ld+json\" class=\"yoast-schema-graph\">{\"@context\":\"https:\/\/schema.org\",\"@graph\":[{\"@type\":\"Article\",\"@id\":\"https:\/\/futbolhoy.co\/index.php\/2026\/01\/19\/dayro-moreno-conduce-al-once-caldas-a-la-remontada-sobre-cucuta\/#article\",\"isPartOf\":{\"@id\":\"https:\/\/futbolhoy.co\/index.php\/2026\/01\/19\/dayro-moreno-conduce-al-once-caldas-a-la-remontada-sobre-cucuta\/\"},\"author\":{\"name\":\"contenido\",\"@id\":\"https:\/\/futbolhoy.co\/#\/schema\/person\/1721b69355b6623eaff15ac7b92d4cc3\"},\"headline\":\"Dayro Moreno conduce al Once Caldas a la remontada sobre C\u00facuta\",\"datePublished\":\"2026-01-19T23:27:49+00:00\",\"dateModified\":\"2026-01-20T22:23:39+00:00\",\"mainEntityOfPage\":{\"@id\":\"https:\/\/futbolhoy.co\/index.php\/2026\/01\/19\/dayro-moreno-conduce-al-once-caldas-a-la-remontada-sobre-cucuta\/\"},\"wordCount\":206,\"commentCount\":0,\"publisher\":{\"@id\":\"https:\/\/futbolhoy.co\/#organization\"},\"image\":{\"@id\":\"https:\/\/futbolhoy.co\/index.php\/2026\/01\/19\/dayro-moreno-conduce-al-once-caldas-a-la-remontada-sobre-cucuta\/#primaryimage\"},\"thumbnailUrl\":\"https:\/\/futbolhoy.co\/wp-content\/uploads\/2026\/01\/WhatsApp-Image-2026-01-19-at-6.06.22-PM.jpeg\",\"articleSection\":[\"Liga BetPlay\"],\"inLanguage\":\"es\",\"potentialAction\":[{\"@type\":\"CommentAction\",\"name\":\"Comment\",\"target\":[\"https:\/\/futbolhoy.co\/index.php\/2026\/01\/19\/dayro-moreno-conduce-al-once-caldas-a-la-remontada-sobre-cucuta\/#respond\"]}]},{\"@type\":\"WebPage\",\"@id\":\"https:\/\/futbolhoy.co\/index.php\/2026\/01\/19\/dayro-moreno-conduce-al-once-caldas-a-la-remontada-sobre-cucuta\/\",\"url\":\"https:\/\/futbolhoy.co\/index.php\/2026\/01\/19\/dayro-moreno-conduce-al-once-caldas-a-la-remontada-sobre-cucuta\/\",\"name\":\"Dayro Moreno conduce al Once Caldas a la remontada sobre C\u00facuta -\",\"isPartOf\":{\"@id\":\"https:\/\/futbolhoy.co\/#website\"},\"primaryImageOfPage\":{\"@id\":\"https:\/\/futbolhoy.co\/index.php\/2026\/01\/19\/dayro-moreno-conduce-al-once-caldas-a-la-remontada-sobre-cucuta\/#primaryimage\"},\"image\":{\"@id\":\"https:\/\/futbolhoy.co\/index.php\/2026\/01\/19\/dayro-moreno-conduce-al-once-caldas-a-la-remontada-sobre-cucuta\/#primaryimage\"},\"thumbnailUrl\":\"https:\/\/futbolhoy.co\/wp-content\/uploads\/2026\/01\/WhatsApp-Image-2026-01-19-at-6.06.22-PM.jpeg\",\"datePublished\":\"2026-01-19T23:27:49+00:00\",\"dateModified\":\"2026-01-20T22:23:39+00:00\",\"breadcrumb\":{\"@id\":\"https:\/\/futbolhoy.co\/index.php\/2026\/01\/19\/dayro-moreno-conduce-al-once-caldas-a-la-remontada-sobre-cucuta\/#breadcrumb\"},\"inLanguage\":\"es\",\"potentialAction\":[{\"@type\":\"ReadAction\",\"target\":[\"https:\/\/futbolhoy.co\/index.php\/2026\/01\/19\/dayro-moreno-conduce-al-once-caldas-a-la-remontada-sobre-cucuta\/\"]}]},{\"@type\":\"ImageObject\",\"inLanguage\":\"es\",\"@id\":\"https:\/\/futbolhoy.co\/index.php\/2026\/01\/19\/dayro-moreno-conduce-al-once-caldas-a-la-remontada-sobre-cucuta\/#primaryimage\",\"url\":\"https:\/\/futbolhoy.co\/wp-content\/uploads\/2026\/01\/WhatsApp-Image-2026-01-19-at-6.06.22-PM.jpeg\",\"contentUrl\":\"https:\/\/futbolhoy.co\/wp-content\/uploads\/2026\/01\/WhatsApp-Image-2026-01-19-at-6.06.22-PM.jpeg\",\"width\":1206,\"height\":757},{\"@type\":\"BreadcrumbList\",\"@id\":\"https:\/\/futbolhoy.co\/index.php\/2026\/01\/19\/dayro-moreno-conduce-al-once-caldas-a-la-remontada-sobre-cucuta\/#breadcrumb\",\"itemListElement\":[{\"@type\":\"ListItem\",\"position\":1,\"name\":\"Portada\",\"item\":\"https:\/\/futbolhoy.co\/\"},{\"@type\":\"ListItem\",\"position\":2,\"name\":\"Dayro Moreno conduce al Once Caldas a la remontada sobre C\u00facuta\"}]},{\"@type\":\"WebSite\",\"@id\":\"https:\/\/futbolhoy.co\/#website\",\"url\":\"https:\/\/futbolhoy.co\/\",\"name\":\"FutbolHoy\",\"description\":\"\",\"publisher\":{\"@id\":\"https:\/\/futbolhoy.co\/#organization\"},\"potentialAction\":[{\"@type\":\"SearchAction\",\"target\":{\"@type\":\"EntryPoint\",\"urlTemplate\":\"https:\/\/futbolhoy.co\/?s={search_term_string}\"},\"query-input\":{\"@type\":\"PropertyValueSpecification\",\"valueRequired\":true,\"valueName\":\"search_term_string\"}}],\"inLanguage\":\"es\"},{\"@type\":\"Organization\",\"@id\":\"https:\/\/futbolhoy.co\/#organization\",\"name\":\"Futbolhoy.co\",\"url\":\"https:\/\/futbolhoy.co\/\",\"logo\":{\"@type\":\"ImageObject\",\"inLanguage\":\"es\",\"@id\":\"https:\/\/futbolhoy.co\/#\/schema\/logo\/image\/\",\"url\":\"https:\/\/futbolhoy.co\/wp-content\/uploads\/2018\/08\/17426380_1906371736249227_6326180412931521141_n.jpg\",\"contentUrl\":\"https:\/\/futbolhoy.co\/wp-content\/uploads\/2018\/08\/17426380_1906371736249227_6326180412931521141_n.jpg\",\"width\":960,\"height\":960,\"caption\":\"Futbolhoy.co\"},\"image\":{\"@id\":\"https:\/\/futbolhoy.co\/#\/schema\/logo\/image\/\"},\"sameAs\":[\"https:\/\/www.facebook.com\/FutbolHoyCol\/\",\"https:\/\/x.com\/FutbolHoyCol\",\"https:\/\/www.instagram.com\/futbolhoycol\/\"]},{\"@type\":\"Person\",\"@id\":\"https:\/\/futbolhoy.co\/#\/schema\/person\/1721b69355b6623eaff15ac7b92d4cc3\",\"name\":\"contenido\",\"image\":{\"@type\":\"ImageObject\",\"inLanguage\":\"es\",\"@id\":\"https:\/\/futbolhoy.co\/#\/schema\/person\/image\/\",\"url\":\"https:\/\/secure.gravatar.com\/avatar\/4f656d3256f5134f466206e7c3941518?s=96&d=mm&r=g\",\"contentUrl\":\"https:\/\/secure.gravatar.com\/avatar\/4f656d3256f5134f466206e7c3941518?s=96&d=mm&r=g\",\"caption\":\"contenido\"}}]}<\/script>\n<!-- \/ Yoast SEO plugin. -->","yoast_head_json":{"title":"Dayro Moreno conduce al Once Caldas a la remontada sobre C\u00facuta -","robots":{"index":"index","follow":"follow","max-snippet":"max-snippet:-1","max-image-preview":"max-image-preview:large","max-video-preview":"max-video-preview:-1"},"canonical":"https:\/\/futbolhoy.co\/index.php\/2026\/01\/19\/dayro-moreno-conduce-al-once-caldas-a-la-remontada-sobre-cucuta\/","og_locale":"es_ES","og_type":"article","og_title":"Dayro Moreno conduce al Once Caldas a la remontada sobre C\u00facuta -","og_description":"C\u00facuta regres\u00f3 a la primera divisi\u00f3n, pero Dayro Moreno les amarg\u00f3 la fiesta en el General Santander y condujo al Once Caldas a su primera victoria del a\u00f1o. Fue 1-2, en un partido que comenz\u00f3 ganando el cuadro Motil\u00f3n. El primero de la tarde cay\u00f3 mediante la v\u00eda de un penal que cometi\u00f3 Jorge Cardona [&hellip;]","og_url":"https:\/\/futbolhoy.co\/index.php\/2026\/01\/19\/dayro-moreno-conduce-al-once-caldas-a-la-remontada-sobre-cucuta\/","article_publisher":"https:\/\/www.facebook.com\/FutbolHoyCol\/","article_published_time":"2026-01-19T23:27:49+00:00","article_modified_time":"2026-01-20T22:23:39+00:00","og_image":[{"width":1206,"height":757,"url":"https:\/\/futbolhoy.co\/wp-content\/uploads\/2026\/01\/WhatsApp-Image-2026-01-19-at-6.06.22-PM.jpeg","type":"image\/jpeg"}],"author":"contenido","twitter_card":"summary_large_image","twitter_creator":"@FutbolHoyCol","twitter_site":"@FutbolHoyCol","twitter_misc":{"Escrito por":"contenido","Tiempo de lectura":"1 minuto"},"schema":{"@context":"https:\/\/schema.org","@graph":[{"@type":"Article","@id":"https:\/\/futbolhoy.co\/index.php\/2026\/01\/19\/dayro-moreno-conduce-al-once-caldas-a-la-remontada-sobre-cucuta\/#article","isPartOf":{"@id":"https:\/\/futbolhoy.co\/index.php\/2026\/01\/19\/dayro-moreno-conduce-al-once-caldas-a-la-remontada-sobre-cucuta\/"},"author":{"name":"contenido","@id":"https:\/\/futbolhoy.co\/#\/schema\/person\/1721b69355b6623eaff15ac7b92d4cc3"},"headline":"Dayro Moreno conduce al Once Caldas a la remontada sobre C\u00facuta","datePublished":"2026-01-19T23:27:49+00:00","dateModified":"2026-01-20T22:23:39+00:00","mainEntityOfPage":{"@id":"https:\/\/futbolhoy.co\/index.php\/2026\/01\/19\/dayro-moreno-conduce-al-once-caldas-a-la-remontada-sobre-cucuta\/"},"wordCount":206,"commentCount":0,"publisher":{"@id":"https:\/\/futbolhoy.co\/#organization"},"image":{"@id":"https:\/\/futbolhoy.co\/index.php\/2026\/01\/19\/dayro-moreno-conduce-al-once-caldas-a-la-remontada-sobre-cucuta\/#primaryimage"},"thumbnailUrl":"https:\/\/futbolhoy.co\/wp-content\/uploads\/2026\/01\/WhatsApp-Image-2026-01-19-at-6.06.22-PM.jpeg","articleSection":["Liga BetPlay"],"inLanguage":"es","potentialAction":[{"@type":"CommentAction","name":"Comment","target":["https:\/\/futbolhoy.co\/index.php\/2026\/01\/19\/dayro-moreno-conduce-al-once-caldas-a-la-remontada-sobre-cucuta\/#respond"]}]},{"@type":"WebPage","@id":"https:\/\/futbolhoy.co\/index.php\/2026\/01\/19\/dayro-moreno-conduce-al-once-caldas-a-la-remontada-sobre-cucuta\/","url":"https:\/\/futbolhoy.co\/index.php\/2026\/01\/19\/dayro-moreno-conduce-al-once-caldas-a-la-remontada-sobre-cucuta\/","name":"Dayro Moreno conduce al Once Caldas a la remontada sobre C\u00facuta -","isPartOf":{"@id":"https:\/\/futbolhoy.co\/#website"},"primaryImageOfPage":{"@id":"https:\/\/futbolhoy.co\/index.php\/2026\/01\/19\/dayro-moreno-conduce-al-once-caldas-a-la-remontada-sobre-cucuta\/#primaryimage"},"image":{"@id":"https:\/\/futbolhoy.co\/index.php\/2026\/01\/19\/dayro-moreno-conduce-al-once-caldas-a-la-remontada-sobre-cucuta\/#primaryimage"},"thumbnailUrl":"https:\/\/futbolhoy.co\/wp-content\/uploads\/2026\/01\/WhatsApp-Image-2026-01-19-at-6.06.22-PM.jpeg","datePublished":"2026-01-19T23:27:49+00:00","dateModified":"2026-01-20T22:23:39+00:00","breadcrumb":{"@id":"https:\/\/futbolhoy.co\/index.php\/2026\/01\/19\/dayro-moreno-conduce-al-once-caldas-a-la-remontada-sobre-cucuta\/#breadcrumb"},"inLanguage":"es","potentialAction":[{"@type":"ReadAction","target":["https:\/\/futbolhoy.co\/index.php\/2026\/01\/19\/dayro-moreno-conduce-al-once-caldas-a-la-remontada-sobre-cucuta\/"]}]},{"@type":"ImageObject","inLanguage":"es","@id":"https:\/\/futbolhoy.co\/index.php\/2026\/01\/19\/dayro-moreno-conduce-al-once-caldas-a-la-remontada-sobre-cucuta\/#primaryimage","url":"https:\/\/futbolhoy.co\/wp-content\/uploads\/2026\/01\/WhatsApp-Image-2026-01-19-at-6.06.22-PM.jpeg","contentUrl":"https:\/\/futbolhoy.co\/wp-content\/uploads\/2026\/01\/WhatsApp-Image-2026-01-19-at-6.06.22-PM.jpeg","width":1206,"height":757},{"@type":"BreadcrumbList","@id":"https:\/\/futbolhoy.co\/index.php\/2026\/01\/19\/dayro-moreno-conduce-al-once-caldas-a-la-remontada-sobre-cucuta\/#breadcrumb","itemListElement":[{"@type":"ListItem","position":1,"name":"Portada","item":"https:\/\/futbolhoy.co\/"},{"@type":"ListItem","position":2,"name":"Dayro Moreno conduce al Once Caldas a la remontada sobre C\u00facuta"}]},{"@type":"WebSite","@id":"https:\/\/futbolhoy.co\/#website","url":"https:\/\/futbolhoy.co\/","name":"FutbolHoy","description":"","publisher":{"@id":"https:\/\/futbolhoy.co\/#organization"},"potentialAction":[{"@type":"SearchAction","target":{"@type":"EntryPoint","urlTemplate":"https:\/\/futbolhoy.co\/?s={search_term_string}"},"query-input":{"@type":"PropertyValueSpecification","valueRequired":true,"valueName":"search_term_string"}}],"inLanguage":"es"},{"@type":"Organization","@id":"https:\/\/futbolhoy.co\/#organization","name":"Futbolhoy.co","url":"https:\/\/futbolhoy.co\/","logo":{"@type":"ImageObject","inLanguage":"es","@id":"https:\/\/futbolhoy.co\/#\/schema\/logo\/image\/","url":"https:\/\/futbolhoy.co\/wp-content\/uploads\/2018\/08\/17426380_1906371736249227_6326180412931521141_n.jpg","contentUrl":"https:\/\/futbolhoy.co\/wp-content\/uploads\/2018\/08\/17426380_1906371736249227_6326180412931521141_n.jpg","width":960,"height":960,"caption":"Futbolhoy.co"},"image":{"@id":"https:\/\/futbolhoy.co\/#\/schema\/logo\/image\/"},"sameAs":["https:\/\/www.facebook.com\/FutbolHoyCol\/","https:\/\/x.com\/FutbolHoyCol","https:\/\/www.instagram.com\/futbolhoycol\/"]},{"@type":"Person","@id":"https:\/\/futbolhoy.co\/#\/schema\/person\/1721b69355b6623eaff15ac7b92d4cc3","name":"contenido","image":{"@type":"ImageObject","inLanguage":"es","@id":"https:\/\/futbolhoy.co\/#\/schema\/person\/image\/","url":"https:\/\/secure.gravatar.com\/avatar\/4f656d3256f5134f466206e7c3941518?s=96&d=mm&r=g","contentUrl":"https:\/\/secure.gravatar.com\/avatar\/4f656d3256f5134f466206e7c3941518?s=96&d=mm&r=g","caption":"contenido"}}]}},"publishpress_future_action":{"enabled":false,"date":"2026-05-03 12:30:36","action":"change-status","newStatus":"draft","terms":[],"taxonomy":"category","extraData":[]},"publishpress_future_workflow_manual_trigger":{"enabledWorkflows":[]},"_links":{"self":[{"href":"https:\/\/futbolhoy.co\/index.php\/wp-json\/wp\/v2\/posts\/128479","targetHints":{"allow":["GET"]}}],"collection":[{"href":"https:\/\/futbolhoy.co\/index.php\/wp-json\/wp\/v2\/posts"}],"about":[{"href":"https:\/\/futbolhoy.co\/index.php\/wp-json\/wp\/v2\/types\/post"}],"author":[{"embeddable":true,"href":"https:\/\/futbolhoy.co\/index.php\/wp-json\/wp\/v2\/users\/4"}],"replies":[{"embeddable":true,"href":"https:\/\/futbolhoy.co\/index.php\/wp-json\/wp\/v2\/comments?post=128479"}],"version-history":[{"count":1,"href":"https:\/\/futbolhoy.co\/index.php\/wp-json\/wp\/v2\/posts\/128479\/revisions"}],"predecessor-version":[{"id":128481,"href":"https:\/\/futbolhoy.co\/index.php\/wp-json\/wp\/v2\/posts\/128479\/revisions\/128481"}],"wp:featuredmedia":[{"embeddable":true,"href":"https:\/\/futbolhoy.co\/index.php\/wp-json\/wp\/v2\/media\/128480"}],"wp:attachment":[{"href":"https:\/\/futbolhoy.co\/index.php\/wp-json\/wp\/v2\/media?parent=128479"}],"wp:term":[{"taxonomy":"category","embeddable":true,"href":"https:\/\/futbolhoy.co\/index.php\/wp-json\/wp\/v2\/categories?post=128479"},{"taxonomy":"post_tag","embeddable":true,"href":"https:\/\/futbolhoy.co\/index.php\/wp-json\/wp\/v2\/tags?post=128479"}],"curies":[{"name":"wp","href":"https:\/\/api.w.org\/{rel}","templated":true}]}}