{"id":128482,"date":"2026-01-19T21:39:35","date_gmt":"2026-01-20T02:39:35","guid":{"rendered":"https:\/\/futbolhoy.co\/?p=128482"},"modified":"2026-01-20T19:16:16","modified_gmt":"2026-01-21T00:16:16","slug":"char-y-una-frase-contundente-sobre-james-y-su-intencion-de-llevarlo-al-junior","status":"publish","type":"post","link":"https:\/\/futbolhoy.co\/index.php\/2026\/01\/19\/char-y-una-frase-contundente-sobre-james-y-su-intencion-de-llevarlo-al-junior\/","title":{"rendered":"Char y una frase contundente sobre James y su intenci\u00f3n de llevarlo al Junior"},"content":{"rendered":"<p style=\"text-align: justify;\"><span style=\"font-family: helvetica, arial, sans-serif;\">En enero de 2025, <strong>Junior<\/strong> intent\u00f3 fichar a <strong>James Rodr\u00edguez<\/strong> e incluso el \u201810\u2019 se abri\u00f3 a la posibilidad. El m\u00e1ximo accionista del Tibur\u00f3n, <strong>Fuad Char,<\/strong> viaj\u00f3 a <strong>Medell\u00edn<\/strong> para convencerlo, pero se encontr\u00f3 con la negativa.<\/span><\/p>\n<p style=\"text-align: justify;\"><span style=\"font-family: helvetica, arial, sans-serif;\">En di\u00e1logo con <em><strong>Win Sports,<\/strong><\/em> a Char le preguntaron si volver\u00eda a intentar el fichaje de James para el cuadro barranquillero y fue tajante en asegurar que no lo har\u00eda.<\/span><\/p>\n<p style=\"text-align: justify;\"><span style=\"font-family: helvetica, arial, sans-serif;\"><strong>\u201cNo, no, no. Cogi\u00f3 un viejito como yo, me hizo viajar hasta Medell\u00edn<\/strong>, le est\u00e1bamos ofreciendo esta vida y la otra, y all\u00e1, cuando llego, ya me ten\u00eda un representante nuevo y me dijo que no se pod\u00eda. Eso ya es para el olvido\u201d, fueron sus palabras recordando la negociaci\u00f3n.<\/span><\/p>\n<p style=\"text-align: justify;\"><span style=\"font-family: helvetica, arial, sans-serif;\">Junior sali\u00f3 campe\u00f3n recientemente e hizo una incorporaci\u00f3n estelar al fichar a <strong>Luis Muriel<\/strong>. James, por su parte, se encuentra sin equipo a meses del Mundial.<\/span><\/p>\n","protected":false},"excerpt":{"rendered":"<p>En enero de 2025, Junior intent\u00f3 fichar a James Rodr\u00edguez e incluso el \u201810\u2019 se abri\u00f3 a la posibilidad. El m\u00e1ximo accionista del Tibur\u00f3n, Fuad Char, viaj\u00f3 a Medell\u00edn para convencerlo, pero se encontr\u00f3 con la negativa. En di\u00e1logo con Win Sports, a Char le preguntaron si volver\u00eda a intentar el fichaje de James para [&hellip;]<\/p>\n","protected":false},"author":4,"featured_media":123957,"comment_status":"open","ping_status":"open","sticky":false,"template":"","format":"standard","meta":{"_acf_changed":false,"footnotes":""},"categories":[7],"tags":[],"class_list":{"0":"post-128482","1":"post","2":"type-post","3":"status-publish","4":"format-standard","5":"has-post-thumbnail","7":"category-liga-betplay"},"acf":[],"yoast_head":"<!-- This site is optimized with the Yoast SEO plugin v26.8 - https:\/\/yoast.com\/product\/yoast-seo-wordpress\/ -->\n<title>Char y una frase contundente sobre James y su intenci\u00f3n de llevarlo al Junior -<\/title>\n<meta name=\"robots\" content=\"index, follow, max-snippet:-1, max-image-preview:large, max-video-preview:-1\" \/>\n<link rel=\"canonical\" href=\"https:\/\/futbolhoy.co\/index.php\/2026\/01\/19\/char-y-una-frase-contundente-sobre-james-y-su-intencion-de-llevarlo-al-junior\/\" \/>\n<meta property=\"og:locale\" content=\"es_ES\" \/>\n<meta property=\"og:type\" content=\"article\" \/>\n<meta property=\"og:title\" content=\"Char y una frase contundente sobre James y su intenci\u00f3n de llevarlo al Junior -\" \/>\n<meta property=\"og:description\" content=\"En enero de 2025, Junior intent\u00f3 fichar a James Rodr\u00edguez e incluso el \u201810\u2019 se abri\u00f3 a la posibilidad. El m\u00e1ximo accionista del Tibur\u00f3n, Fuad Char, viaj\u00f3 a Medell\u00edn para convencerlo, pero se encontr\u00f3 con la negativa. En di\u00e1logo con Win Sports, a Char le preguntaron si volver\u00eda a intentar el fichaje de James para [&hellip;]\" \/>\n<meta property=\"og:url\" content=\"https:\/\/futbolhoy.co\/index.php\/2026\/01\/19\/char-y-una-frase-contundente-sobre-james-y-su-intencion-de-llevarlo-al-junior\/\" \/>\n<meta property=\"article:publisher\" content=\"https:\/\/www.facebook.com\/FutbolHoyCol\/\" \/>\n<meta property=\"article:published_time\" content=\"2026-01-20T02:39:35+00:00\" \/>\n<meta property=\"article:modified_time\" content=\"2026-01-21T00:16:16+00:00\" \/>\n<meta property=\"og:image\" content=\"https:\/\/futbolhoy.co\/wp-content\/uploads\/2025\/09\/WhatsApp-Image-2025-09-29-at-1.55.27-PM.jpeg\" \/>\n\t<meta property=\"og:image:width\" content=\"745\" \/>\n\t<meta property=\"og:image:height\" content=\"574\" \/>\n\t<meta property=\"og:image:type\" content=\"image\/jpeg\" \/>\n<meta name=\"author\" content=\"contenido\" \/>\n<meta name=\"twitter:card\" content=\"summary_large_image\" \/>\n<meta name=\"twitter:creator\" content=\"@FutbolHoyCol\" \/>\n<meta name=\"twitter:site\" content=\"@FutbolHoyCol\" \/>\n<meta name=\"twitter:label1\" content=\"Escrito por\" \/>\n\t<meta name=\"twitter:data1\" content=\"contenido\" \/>\n\t<meta name=\"twitter:label2\" content=\"Tiempo de lectura\" \/>\n\t<meta name=\"twitter:data2\" content=\"1 minuto\" \/>\n<script type=\"application\/ld+json\" class=\"yoast-schema-graph\">{\"@context\":\"https:\/\/schema.org\",\"@graph\":[{\"@type\":\"Article\",\"@id\":\"https:\/\/futbolhoy.co\/index.php\/2026\/01\/19\/char-y-una-frase-contundente-sobre-james-y-su-intencion-de-llevarlo-al-junior\/#article\",\"isPartOf\":{\"@id\":\"https:\/\/futbolhoy.co\/index.php\/2026\/01\/19\/char-y-una-frase-contundente-sobre-james-y-su-intencion-de-llevarlo-al-junior\/\"},\"author\":{\"name\":\"contenido\",\"@id\":\"https:\/\/futbolhoy.co\/#\/schema\/person\/1721b69355b6623eaff15ac7b92d4cc3\"},\"headline\":\"Char y una frase contundente sobre James y su intenci\u00f3n de llevarlo al Junior\",\"datePublished\":\"2026-01-20T02:39:35+00:00\",\"dateModified\":\"2026-01-21T00:16:16+00:00\",\"mainEntityOfPage\":{\"@id\":\"https:\/\/futbolhoy.co\/index.php\/2026\/01\/19\/char-y-una-frase-contundente-sobre-james-y-su-intencion-de-llevarlo-al-junior\/\"},\"wordCount\":170,\"commentCount\":0,\"publisher\":{\"@id\":\"https:\/\/futbolhoy.co\/#organization\"},\"image\":{\"@id\":\"https:\/\/futbolhoy.co\/index.php\/2026\/01\/19\/char-y-una-frase-contundente-sobre-james-y-su-intencion-de-llevarlo-al-junior\/#primaryimage\"},\"thumbnailUrl\":\"https:\/\/futbolhoy.co\/wp-content\/uploads\/2025\/09\/WhatsApp-Image-2025-09-29-at-1.55.27-PM.jpeg\",\"articleSection\":[\"Liga BetPlay\"],\"inLanguage\":\"es\",\"potentialAction\":[{\"@type\":\"CommentAction\",\"name\":\"Comment\",\"target\":[\"https:\/\/futbolhoy.co\/index.php\/2026\/01\/19\/char-y-una-frase-contundente-sobre-james-y-su-intencion-de-llevarlo-al-junior\/#respond\"]}]},{\"@type\":\"WebPage\",\"@id\":\"https:\/\/futbolhoy.co\/index.php\/2026\/01\/19\/char-y-una-frase-contundente-sobre-james-y-su-intencion-de-llevarlo-al-junior\/\",\"url\":\"https:\/\/futbolhoy.co\/index.php\/2026\/01\/19\/char-y-una-frase-contundente-sobre-james-y-su-intencion-de-llevarlo-al-junior\/\",\"name\":\"Char y una frase contundente sobre James y su intenci\u00f3n de llevarlo al Junior -\",\"isPartOf\":{\"@id\":\"https:\/\/futbolhoy.co\/#website\"},\"primaryImageOfPage\":{\"@id\":\"https:\/\/futbolhoy.co\/index.php\/2026\/01\/19\/char-y-una-frase-contundente-sobre-james-y-su-intencion-de-llevarlo-al-junior\/#primaryimage\"},\"image\":{\"@id\":\"https:\/\/futbolhoy.co\/index.php\/2026\/01\/19\/char-y-una-frase-contundente-sobre-james-y-su-intencion-de-llevarlo-al-junior\/#primaryimage\"},\"thumbnailUrl\":\"https:\/\/futbolhoy.co\/wp-content\/uploads\/2025\/09\/WhatsApp-Image-2025-09-29-at-1.55.27-PM.jpeg\",\"datePublished\":\"2026-01-20T02:39:35+00:00\",\"dateModified\":\"2026-01-21T00:16:16+00:00\",\"breadcrumb\":{\"@id\":\"https:\/\/futbolhoy.co\/index.php\/2026\/01\/19\/char-y-una-frase-contundente-sobre-james-y-su-intencion-de-llevarlo-al-junior\/#breadcrumb\"},\"inLanguage\":\"es\",\"potentialAction\":[{\"@type\":\"ReadAction\",\"target\":[\"https:\/\/futbolhoy.co\/index.php\/2026\/01\/19\/char-y-una-frase-contundente-sobre-james-y-su-intencion-de-llevarlo-al-junior\/\"]}]},{\"@type\":\"ImageObject\",\"inLanguage\":\"es\",\"@id\":\"https:\/\/futbolhoy.co\/index.php\/2026\/01\/19\/char-y-una-frase-contundente-sobre-james-y-su-intencion-de-llevarlo-al-junior\/#primaryimage\",\"url\":\"https:\/\/futbolhoy.co\/wp-content\/uploads\/2025\/09\/WhatsApp-Image-2025-09-29-at-1.55.27-PM.jpeg\",\"contentUrl\":\"https:\/\/futbolhoy.co\/wp-content\/uploads\/2025\/09\/WhatsApp-Image-2025-09-29-at-1.55.27-PM.jpeg\",\"width\":745,\"height\":574},{\"@type\":\"BreadcrumbList\",\"@id\":\"https:\/\/futbolhoy.co\/index.php\/2026\/01\/19\/char-y-una-frase-contundente-sobre-james-y-su-intencion-de-llevarlo-al-junior\/#breadcrumb\",\"itemListElement\":[{\"@type\":\"ListItem\",\"position\":1,\"name\":\"Portada\",\"item\":\"https:\/\/futbolhoy.co\/\"},{\"@type\":\"ListItem\",\"position\":2,\"name\":\"Char y una frase contundente sobre James y su intenci\u00f3n de llevarlo al Junior\"}]},{\"@type\":\"WebSite\",\"@id\":\"https:\/\/futbolhoy.co\/#website\",\"url\":\"https:\/\/futbolhoy.co\/\",\"name\":\"FutbolHoy\",\"description\":\"\",\"publisher\":{\"@id\":\"https:\/\/futbolhoy.co\/#organization\"},\"potentialAction\":[{\"@type\":\"SearchAction\",\"target\":{\"@type\":\"EntryPoint\",\"urlTemplate\":\"https:\/\/futbolhoy.co\/?s={search_term_string}\"},\"query-input\":{\"@type\":\"PropertyValueSpecification\",\"valueRequired\":true,\"valueName\":\"search_term_string\"}}],\"inLanguage\":\"es\"},{\"@type\":\"Organization\",\"@id\":\"https:\/\/futbolhoy.co\/#organization\",\"name\":\"Futbolhoy.co\",\"url\":\"https:\/\/futbolhoy.co\/\",\"logo\":{\"@type\":\"ImageObject\",\"inLanguage\":\"es\",\"@id\":\"https:\/\/futbolhoy.co\/#\/schema\/logo\/image\/\",\"url\":\"https:\/\/futbolhoy.co\/wp-content\/uploads\/2018\/08\/17426380_1906371736249227_6326180412931521141_n.jpg\",\"contentUrl\":\"https:\/\/futbolhoy.co\/wp-content\/uploads\/2018\/08\/17426380_1906371736249227_6326180412931521141_n.jpg\",\"width\":960,\"height\":960,\"caption\":\"Futbolhoy.co\"},\"image\":{\"@id\":\"https:\/\/futbolhoy.co\/#\/schema\/logo\/image\/\"},\"sameAs\":[\"https:\/\/www.facebook.com\/FutbolHoyCol\/\",\"https:\/\/x.com\/FutbolHoyCol\",\"https:\/\/www.instagram.com\/futbolhoycol\/\"]},{\"@type\":\"Person\",\"@id\":\"https:\/\/futbolhoy.co\/#\/schema\/person\/1721b69355b6623eaff15ac7b92d4cc3\",\"name\":\"contenido\",\"image\":{\"@type\":\"ImageObject\",\"inLanguage\":\"es\",\"@id\":\"https:\/\/futbolhoy.co\/#\/schema\/person\/image\/\",\"url\":\"https:\/\/secure.gravatar.com\/avatar\/4f656d3256f5134f466206e7c3941518?s=96&d=mm&r=g\",\"contentUrl\":\"https:\/\/secure.gravatar.com\/avatar\/4f656d3256f5134f466206e7c3941518?s=96&d=mm&r=g\",\"caption\":\"contenido\"}}]}<\/script>\n<!-- \/ Yoast SEO plugin. -->","yoast_head_json":{"title":"Char y una frase contundente sobre James y su intenci\u00f3n de llevarlo al Junior -","robots":{"index":"index","follow":"follow","max-snippet":"max-snippet:-1","max-image-preview":"max-image-preview:large","max-video-preview":"max-video-preview:-1"},"canonical":"https:\/\/futbolhoy.co\/index.php\/2026\/01\/19\/char-y-una-frase-contundente-sobre-james-y-su-intencion-de-llevarlo-al-junior\/","og_locale":"es_ES","og_type":"article","og_title":"Char y una frase contundente sobre James y su intenci\u00f3n de llevarlo al Junior -","og_description":"En enero de 2025, Junior intent\u00f3 fichar a James Rodr\u00edguez e incluso el \u201810\u2019 se abri\u00f3 a la posibilidad. El m\u00e1ximo accionista del Tibur\u00f3n, Fuad Char, viaj\u00f3 a Medell\u00edn para convencerlo, pero se encontr\u00f3 con la negativa. En di\u00e1logo con Win Sports, a Char le preguntaron si volver\u00eda a intentar el fichaje de James para [&hellip;]","og_url":"https:\/\/futbolhoy.co\/index.php\/2026\/01\/19\/char-y-una-frase-contundente-sobre-james-y-su-intencion-de-llevarlo-al-junior\/","article_publisher":"https:\/\/www.facebook.com\/FutbolHoyCol\/","article_published_time":"2026-01-20T02:39:35+00:00","article_modified_time":"2026-01-21T00:16:16+00:00","og_image":[{"width":745,"height":574,"url":"https:\/\/futbolhoy.co\/wp-content\/uploads\/2025\/09\/WhatsApp-Image-2025-09-29-at-1.55.27-PM.jpeg","type":"image\/jpeg"}],"author":"contenido","twitter_card":"summary_large_image","twitter_creator":"@FutbolHoyCol","twitter_site":"@FutbolHoyCol","twitter_misc":{"Escrito por":"contenido","Tiempo de lectura":"1 minuto"},"schema":{"@context":"https:\/\/schema.org","@graph":[{"@type":"Article","@id":"https:\/\/futbolhoy.co\/index.php\/2026\/01\/19\/char-y-una-frase-contundente-sobre-james-y-su-intencion-de-llevarlo-al-junior\/#article","isPartOf":{"@id":"https:\/\/futbolhoy.co\/index.php\/2026\/01\/19\/char-y-una-frase-contundente-sobre-james-y-su-intencion-de-llevarlo-al-junior\/"},"author":{"name":"contenido","@id":"https:\/\/futbolhoy.co\/#\/schema\/person\/1721b69355b6623eaff15ac7b92d4cc3"},"headline":"Char y una frase contundente sobre James y su intenci\u00f3n de llevarlo al Junior","datePublished":"2026-01-20T02:39:35+00:00","dateModified":"2026-01-21T00:16:16+00:00","mainEntityOfPage":{"@id":"https:\/\/futbolhoy.co\/index.php\/2026\/01\/19\/char-y-una-frase-contundente-sobre-james-y-su-intencion-de-llevarlo-al-junior\/"},"wordCount":170,"commentCount":0,"publisher":{"@id":"https:\/\/futbolhoy.co\/#organization"},"image":{"@id":"https:\/\/futbolhoy.co\/index.php\/2026\/01\/19\/char-y-una-frase-contundente-sobre-james-y-su-intencion-de-llevarlo-al-junior\/#primaryimage"},"thumbnailUrl":"https:\/\/futbolhoy.co\/wp-content\/uploads\/2025\/09\/WhatsApp-Image-2025-09-29-at-1.55.27-PM.jpeg","articleSection":["Liga BetPlay"],"inLanguage":"es","potentialAction":[{"@type":"CommentAction","name":"Comment","target":["https:\/\/futbolhoy.co\/index.php\/2026\/01\/19\/char-y-una-frase-contundente-sobre-james-y-su-intencion-de-llevarlo-al-junior\/#respond"]}]},{"@type":"WebPage","@id":"https:\/\/futbolhoy.co\/index.php\/2026\/01\/19\/char-y-una-frase-contundente-sobre-james-y-su-intencion-de-llevarlo-al-junior\/","url":"https:\/\/futbolhoy.co\/index.php\/2026\/01\/19\/char-y-una-frase-contundente-sobre-james-y-su-intencion-de-llevarlo-al-junior\/","name":"Char y una frase contundente sobre James y su intenci\u00f3n de llevarlo al Junior -","isPartOf":{"@id":"https:\/\/futbolhoy.co\/#website"},"primaryImageOfPage":{"@id":"https:\/\/futbolhoy.co\/index.php\/2026\/01\/19\/char-y-una-frase-contundente-sobre-james-y-su-intencion-de-llevarlo-al-junior\/#primaryimage"},"image":{"@id":"https:\/\/futbolhoy.co\/index.php\/2026\/01\/19\/char-y-una-frase-contundente-sobre-james-y-su-intencion-de-llevarlo-al-junior\/#primaryimage"},"thumbnailUrl":"https:\/\/futbolhoy.co\/wp-content\/uploads\/2025\/09\/WhatsApp-Image-2025-09-29-at-1.55.27-PM.jpeg","datePublished":"2026-01-20T02:39:35+00:00","dateModified":"2026-01-21T00:16:16+00:00","breadcrumb":{"@id":"https:\/\/futbolhoy.co\/index.php\/2026\/01\/19\/char-y-una-frase-contundente-sobre-james-y-su-intencion-de-llevarlo-al-junior\/#breadcrumb"},"inLanguage":"es","potentialAction":[{"@type":"ReadAction","target":["https:\/\/futbolhoy.co\/index.php\/2026\/01\/19\/char-y-una-frase-contundente-sobre-james-y-su-intencion-de-llevarlo-al-junior\/"]}]},{"@type":"ImageObject","inLanguage":"es","@id":"https:\/\/futbolhoy.co\/index.php\/2026\/01\/19\/char-y-una-frase-contundente-sobre-james-y-su-intencion-de-llevarlo-al-junior\/#primaryimage","url":"https:\/\/futbolhoy.co\/wp-content\/uploads\/2025\/09\/WhatsApp-Image-2025-09-29-at-1.55.27-PM.jpeg","contentUrl":"https:\/\/futbolhoy.co\/wp-content\/uploads\/2025\/09\/WhatsApp-Image-2025-09-29-at-1.55.27-PM.jpeg","width":745,"height":574},{"@type":"BreadcrumbList","@id":"https:\/\/futbolhoy.co\/index.php\/2026\/01\/19\/char-y-una-frase-contundente-sobre-james-y-su-intencion-de-llevarlo-al-junior\/#breadcrumb","itemListElement":[{"@type":"ListItem","position":1,"name":"Portada","item":"https:\/\/futbolhoy.co\/"},{"@type":"ListItem","position":2,"name":"Char y una frase contundente sobre James y su intenci\u00f3n de llevarlo al Junior"}]},{"@type":"WebSite","@id":"https:\/\/futbolhoy.co\/#website","url":"https:\/\/futbolhoy.co\/","name":"FutbolHoy","description":"","publisher":{"@id":"https:\/\/futbolhoy.co\/#organization"},"potentialAction":[{"@type":"SearchAction","target":{"@type":"EntryPoint","urlTemplate":"https:\/\/futbolhoy.co\/?s={search_term_string}"},"query-input":{"@type":"PropertyValueSpecification","valueRequired":true,"valueName":"search_term_string"}}],"inLanguage":"es"},{"@type":"Organization","@id":"https:\/\/futbolhoy.co\/#organization","name":"Futbolhoy.co","url":"https:\/\/futbolhoy.co\/","logo":{"@type":"ImageObject","inLanguage":"es","@id":"https:\/\/futbolhoy.co\/#\/schema\/logo\/image\/","url":"https:\/\/futbolhoy.co\/wp-content\/uploads\/2018\/08\/17426380_1906371736249227_6326180412931521141_n.jpg","contentUrl":"https:\/\/futbolhoy.co\/wp-content\/uploads\/2018\/08\/17426380_1906371736249227_6326180412931521141_n.jpg","width":960,"height":960,"caption":"Futbolhoy.co"},"image":{"@id":"https:\/\/futbolhoy.co\/#\/schema\/logo\/image\/"},"sameAs":["https:\/\/www.facebook.com\/FutbolHoyCol\/","https:\/\/x.com\/FutbolHoyCol","https:\/\/www.instagram.com\/futbolhoycol\/"]},{"@type":"Person","@id":"https:\/\/futbolhoy.co\/#\/schema\/person\/1721b69355b6623eaff15ac7b92d4cc3","name":"contenido","image":{"@type":"ImageObject","inLanguage":"es","@id":"https:\/\/futbolhoy.co\/#\/schema\/person\/image\/","url":"https:\/\/secure.gravatar.com\/avatar\/4f656d3256f5134f466206e7c3941518?s=96&d=mm&r=g","contentUrl":"https:\/\/secure.gravatar.com\/avatar\/4f656d3256f5134f466206e7c3941518?s=96&d=mm&r=g","caption":"contenido"}}]}},"publishpress_future_action":{"enabled":false,"date":"2026-05-03 02:38:06","action":"change-status","newStatus":"draft","terms":[],"taxonomy":"category","extraData":[]},"publishpress_future_workflow_manual_trigger":{"enabledWorkflows":[]},"_links":{"self":[{"href":"https:\/\/futbolhoy.co\/index.php\/wp-json\/wp\/v2\/posts\/128482","targetHints":{"allow":["GET"]}}],"collection":[{"href":"https:\/\/futbolhoy.co\/index.php\/wp-json\/wp\/v2\/posts"}],"about":[{"href":"https:\/\/futbolhoy.co\/index.php\/wp-json\/wp\/v2\/types\/post"}],"author":[{"embeddable":true,"href":"https:\/\/futbolhoy.co\/index.php\/wp-json\/wp\/v2\/users\/4"}],"replies":[{"embeddable":true,"href":"https:\/\/futbolhoy.co\/index.php\/wp-json\/wp\/v2\/comments?post=128482"}],"version-history":[{"count":1,"href":"https:\/\/futbolhoy.co\/index.php\/wp-json\/wp\/v2\/posts\/128482\/revisions"}],"predecessor-version":[{"id":128483,"href":"https:\/\/futbolhoy.co\/index.php\/wp-json\/wp\/v2\/posts\/128482\/revisions\/128483"}],"wp:featuredmedia":[{"embeddable":true,"href":"https:\/\/futbolhoy.co\/index.php\/wp-json\/wp\/v2\/media\/123957"}],"wp:attachment":[{"href":"https:\/\/futbolhoy.co\/index.php\/wp-json\/wp\/v2\/media?parent=128482"}],"wp:term":[{"taxonomy":"category","embeddable":true,"href":"https:\/\/futbolhoy.co\/index.php\/wp-json\/wp\/v2\/categories?post=128482"},{"taxonomy":"post_tag","embeddable":true,"href":"https:\/\/futbolhoy.co\/index.php\/wp-json\/wp\/v2\/tags?post=128482"}],"curies":[{"name":"wp","href":"https:\/\/api.w.org\/{rel}","templated":true}]}}