{"id":128531,"date":"2026-01-20T11:58:53","date_gmt":"2026-01-20T16:58:53","guid":{"rendered":"https:\/\/futbolhoy.co\/?p=128531"},"modified":"2026-01-21T10:01:23","modified_gmt":"2026-01-21T15:01:23","slug":"mateo-cassierra-tiene-preacuerdo-dejara-el-futbol-ruso-y-llegara-al-brasileno","status":"publish","type":"post","link":"https:\/\/futbolhoy.co\/index.php\/2026\/01\/20\/mateo-cassierra-tiene-preacuerdo-dejara-el-futbol-ruso-y-llegara-al-brasileno\/","title":{"rendered":"Mateo Cassierra tiene preacuerdo: dejar\u00e1 el f\u00fatbol ruso y llegar\u00e1 al brasile\u00f1o"},"content":{"rendered":"<p style=\"text-align: justify;\"><span style=\"font-family: helvetica, arial, sans-serif;\"><strong>Mateo Cassierra<\/strong> espera por un nuevo desafi\u00f3 en su carrera, para acercarse nuevamente a la <strong>Selecci\u00f3n Colombia,<\/strong> en la que ya ha estado bajo el mando de <strong>N\u00e9stor Lorenzo.<\/strong><\/span><\/p>\n<p style=\"text-align: justify;\"><span style=\"font-family: helvetica, arial, sans-serif;\">El delantero de 28 a\u00f1os dejar\u00e1 el <strong>Zenit<\/strong> de <strong>Rusia,<\/strong> luego de tres a\u00f1os y medio, y est\u00e1 muy cerca de ser oficializado en <strong>Atl\u00e9tico Mineiro<\/strong> de <strong>Brasil,<\/strong> tal y como lo dio a conocer el director deportivo del club.<\/span><\/p>\n<p style=\"text-align: justify;\"><span style=\"font-family: helvetica, arial, sans-serif;\">\u201cLes informo que estamos muy cerca de cerrar nuestro sexto fichaje. A\u00fan no est\u00e1 cerrado, pero vamos por buen camino. Tenemos un preacuerdo con el delantero <strong>Mateo Cassierra,<\/strong> quien actualmente juega en el Zenit\u201d, declar\u00f3 Paulo Bracks, director deportivo de Mineiro.<\/span><\/p>\n<p style=\"text-align: justify;\"><span style=\"font-family: helvetica, arial, sans-serif;\">Cassierra llegar\u00e1 al equipo brasile\u00f1o a cambio de casi 10 millones de d\u00f3lares. Dejar\u00e1 al <strong>Zenit<\/strong> luego de 127 partidos, 49 goles y 23 asistencias.<\/span><\/p>\n<p style=\"text-align: justify;\"><span style=\"font-family: helvetica, arial, sans-serif;\">Asimismo, Mineiro ser\u00e1 octavo club del delantero en su carrera, tras<strong> Deportivo Cali, Ajax, Groningen, Racing de Argentina, Balenenses de Portugal, Sochi y Zenit.<\/strong><\/span><\/p>\n","protected":false},"excerpt":{"rendered":"<p>Mateo Cassierra espera por un nuevo desafi\u00f3 en su carrera, para acercarse nuevamente a la Selecci\u00f3n Colombia, en la que ya ha estado bajo el mando de N\u00e9stor Lorenzo. El delantero de 28 a\u00f1os dejar\u00e1 el Zenit de Rusia, luego de tres a\u00f1os y medio, y est\u00e1 muy cerca de ser oficializado en Atl\u00e9tico Mineiro [&hellip;]<\/p>\n","protected":false},"author":4,"featured_media":128532,"comment_status":"open","ping_status":"open","sticky":false,"template":"","format":"standard","meta":{"_acf_changed":false,"footnotes":""},"categories":[152],"tags":[],"class_list":{"0":"post-128531","1":"post","2":"type-post","3":"status-publish","4":"format-standard","5":"has-post-thumbnail","7":"category-mundo-futbol"},"acf":[],"yoast_head":"<!-- This site is optimized with the Yoast SEO plugin v26.8 - https:\/\/yoast.com\/product\/yoast-seo-wordpress\/ -->\n<title>Mateo Cassierra tiene preacuerdo: dejar\u00e1 el f\u00fatbol ruso y llegar\u00e1 al brasile\u00f1o -<\/title>\n<meta name=\"robots\" content=\"index, follow, max-snippet:-1, max-image-preview:large, max-video-preview:-1\" \/>\n<link rel=\"canonical\" href=\"https:\/\/futbolhoy.co\/index.php\/2026\/01\/20\/mateo-cassierra-tiene-preacuerdo-dejara-el-futbol-ruso-y-llegara-al-brasileno\/\" \/>\n<meta property=\"og:locale\" content=\"es_ES\" \/>\n<meta property=\"og:type\" content=\"article\" \/>\n<meta property=\"og:title\" content=\"Mateo Cassierra tiene preacuerdo: dejar\u00e1 el f\u00fatbol ruso y llegar\u00e1 al brasile\u00f1o -\" \/>\n<meta property=\"og:description\" content=\"Mateo Cassierra espera por un nuevo desafi\u00f3 en su carrera, para acercarse nuevamente a la Selecci\u00f3n Colombia, en la que ya ha estado bajo el mando de N\u00e9stor Lorenzo. El delantero de 28 a\u00f1os dejar\u00e1 el Zenit de Rusia, luego de tres a\u00f1os y medio, y est\u00e1 muy cerca de ser oficializado en Atl\u00e9tico Mineiro [&hellip;]\" \/>\n<meta property=\"og:url\" content=\"https:\/\/futbolhoy.co\/index.php\/2026\/01\/20\/mateo-cassierra-tiene-preacuerdo-dejara-el-futbol-ruso-y-llegara-al-brasileno\/\" \/>\n<meta property=\"article:publisher\" content=\"https:\/\/www.facebook.com\/FutbolHoyCol\/\" \/>\n<meta property=\"article:published_time\" content=\"2026-01-20T16:58:53+00:00\" \/>\n<meta property=\"article:modified_time\" content=\"2026-01-21T15:01:23+00:00\" \/>\n<meta property=\"og:image\" content=\"https:\/\/futbolhoy.co\/wp-content\/uploads\/2026\/01\/Cassierra.png\" \/>\n\t<meta property=\"og:image:width\" content=\"736\" \/>\n\t<meta property=\"og:image:height\" content=\"611\" \/>\n\t<meta property=\"og:image:type\" content=\"image\/png\" \/>\n<meta name=\"author\" content=\"contenido\" \/>\n<meta name=\"twitter:card\" content=\"summary_large_image\" \/>\n<meta name=\"twitter:creator\" content=\"@FutbolHoyCol\" \/>\n<meta name=\"twitter:site\" content=\"@FutbolHoyCol\" \/>\n<meta name=\"twitter:label1\" content=\"Escrito por\" \/>\n\t<meta name=\"twitter:data1\" content=\"contenido\" \/>\n\t<meta name=\"twitter:label2\" content=\"Tiempo de lectura\" \/>\n\t<meta name=\"twitter:data2\" content=\"1 minuto\" \/>\n<script type=\"application\/ld+json\" class=\"yoast-schema-graph\">{\"@context\":\"https:\/\/schema.org\",\"@graph\":[{\"@type\":\"Article\",\"@id\":\"https:\/\/futbolhoy.co\/index.php\/2026\/01\/20\/mateo-cassierra-tiene-preacuerdo-dejara-el-futbol-ruso-y-llegara-al-brasileno\/#article\",\"isPartOf\":{\"@id\":\"https:\/\/futbolhoy.co\/index.php\/2026\/01\/20\/mateo-cassierra-tiene-preacuerdo-dejara-el-futbol-ruso-y-llegara-al-brasileno\/\"},\"author\":{\"name\":\"contenido\",\"@id\":\"https:\/\/futbolhoy.co\/#\/schema\/person\/1721b69355b6623eaff15ac7b92d4cc3\"},\"headline\":\"Mateo Cassierra tiene preacuerdo: dejar\u00e1 el f\u00fatbol ruso y llegar\u00e1 al brasile\u00f1o\",\"datePublished\":\"2026-01-20T16:58:53+00:00\",\"dateModified\":\"2026-01-21T15:01:23+00:00\",\"mainEntityOfPage\":{\"@id\":\"https:\/\/futbolhoy.co\/index.php\/2026\/01\/20\/mateo-cassierra-tiene-preacuerdo-dejara-el-futbol-ruso-y-llegara-al-brasileno\/\"},\"wordCount\":176,\"commentCount\":0,\"publisher\":{\"@id\":\"https:\/\/futbolhoy.co\/#organization\"},\"image\":{\"@id\":\"https:\/\/futbolhoy.co\/index.php\/2026\/01\/20\/mateo-cassierra-tiene-preacuerdo-dejara-el-futbol-ruso-y-llegara-al-brasileno\/#primaryimage\"},\"thumbnailUrl\":\"https:\/\/futbolhoy.co\/wp-content\/uploads\/2026\/01\/Cassierra.png\",\"articleSection\":[\"Mundo Futbol\"],\"inLanguage\":\"es\",\"potentialAction\":[{\"@type\":\"CommentAction\",\"name\":\"Comment\",\"target\":[\"https:\/\/futbolhoy.co\/index.php\/2026\/01\/20\/mateo-cassierra-tiene-preacuerdo-dejara-el-futbol-ruso-y-llegara-al-brasileno\/#respond\"]}]},{\"@type\":\"WebPage\",\"@id\":\"https:\/\/futbolhoy.co\/index.php\/2026\/01\/20\/mateo-cassierra-tiene-preacuerdo-dejara-el-futbol-ruso-y-llegara-al-brasileno\/\",\"url\":\"https:\/\/futbolhoy.co\/index.php\/2026\/01\/20\/mateo-cassierra-tiene-preacuerdo-dejara-el-futbol-ruso-y-llegara-al-brasileno\/\",\"name\":\"Mateo Cassierra tiene preacuerdo: dejar\u00e1 el f\u00fatbol ruso y llegar\u00e1 al brasile\u00f1o -\",\"isPartOf\":{\"@id\":\"https:\/\/futbolhoy.co\/#website\"},\"primaryImageOfPage\":{\"@id\":\"https:\/\/futbolhoy.co\/index.php\/2026\/01\/20\/mateo-cassierra-tiene-preacuerdo-dejara-el-futbol-ruso-y-llegara-al-brasileno\/#primaryimage\"},\"image\":{\"@id\":\"https:\/\/futbolhoy.co\/index.php\/2026\/01\/20\/mateo-cassierra-tiene-preacuerdo-dejara-el-futbol-ruso-y-llegara-al-brasileno\/#primaryimage\"},\"thumbnailUrl\":\"https:\/\/futbolhoy.co\/wp-content\/uploads\/2026\/01\/Cassierra.png\",\"datePublished\":\"2026-01-20T16:58:53+00:00\",\"dateModified\":\"2026-01-21T15:01:23+00:00\",\"breadcrumb\":{\"@id\":\"https:\/\/futbolhoy.co\/index.php\/2026\/01\/20\/mateo-cassierra-tiene-preacuerdo-dejara-el-futbol-ruso-y-llegara-al-brasileno\/#breadcrumb\"},\"inLanguage\":\"es\",\"potentialAction\":[{\"@type\":\"ReadAction\",\"target\":[\"https:\/\/futbolhoy.co\/index.php\/2026\/01\/20\/mateo-cassierra-tiene-preacuerdo-dejara-el-futbol-ruso-y-llegara-al-brasileno\/\"]}]},{\"@type\":\"ImageObject\",\"inLanguage\":\"es\",\"@id\":\"https:\/\/futbolhoy.co\/index.php\/2026\/01\/20\/mateo-cassierra-tiene-preacuerdo-dejara-el-futbol-ruso-y-llegara-al-brasileno\/#primaryimage\",\"url\":\"https:\/\/futbolhoy.co\/wp-content\/uploads\/2026\/01\/Cassierra.png\",\"contentUrl\":\"https:\/\/futbolhoy.co\/wp-content\/uploads\/2026\/01\/Cassierra.png\",\"width\":736,\"height\":611},{\"@type\":\"BreadcrumbList\",\"@id\":\"https:\/\/futbolhoy.co\/index.php\/2026\/01\/20\/mateo-cassierra-tiene-preacuerdo-dejara-el-futbol-ruso-y-llegara-al-brasileno\/#breadcrumb\",\"itemListElement\":[{\"@type\":\"ListItem\",\"position\":1,\"name\":\"Portada\",\"item\":\"https:\/\/futbolhoy.co\/\"},{\"@type\":\"ListItem\",\"position\":2,\"name\":\"Mateo Cassierra tiene preacuerdo: dejar\u00e1 el f\u00fatbol ruso y llegar\u00e1 al brasile\u00f1o\"}]},{\"@type\":\"WebSite\",\"@id\":\"https:\/\/futbolhoy.co\/#website\",\"url\":\"https:\/\/futbolhoy.co\/\",\"name\":\"FutbolHoy\",\"description\":\"\",\"publisher\":{\"@id\":\"https:\/\/futbolhoy.co\/#organization\"},\"potentialAction\":[{\"@type\":\"SearchAction\",\"target\":{\"@type\":\"EntryPoint\",\"urlTemplate\":\"https:\/\/futbolhoy.co\/?s={search_term_string}\"},\"query-input\":{\"@type\":\"PropertyValueSpecification\",\"valueRequired\":true,\"valueName\":\"search_term_string\"}}],\"inLanguage\":\"es\"},{\"@type\":\"Organization\",\"@id\":\"https:\/\/futbolhoy.co\/#organization\",\"name\":\"Futbolhoy.co\",\"url\":\"https:\/\/futbolhoy.co\/\",\"logo\":{\"@type\":\"ImageObject\",\"inLanguage\":\"es\",\"@id\":\"https:\/\/futbolhoy.co\/#\/schema\/logo\/image\/\",\"url\":\"https:\/\/futbolhoy.co\/wp-content\/uploads\/2018\/08\/17426380_1906371736249227_6326180412931521141_n.jpg\",\"contentUrl\":\"https:\/\/futbolhoy.co\/wp-content\/uploads\/2018\/08\/17426380_1906371736249227_6326180412931521141_n.jpg\",\"width\":960,\"height\":960,\"caption\":\"Futbolhoy.co\"},\"image\":{\"@id\":\"https:\/\/futbolhoy.co\/#\/schema\/logo\/image\/\"},\"sameAs\":[\"https:\/\/www.facebook.com\/FutbolHoyCol\/\",\"https:\/\/x.com\/FutbolHoyCol\",\"https:\/\/www.instagram.com\/futbolhoycol\/\"]},{\"@type\":\"Person\",\"@id\":\"https:\/\/futbolhoy.co\/#\/schema\/person\/1721b69355b6623eaff15ac7b92d4cc3\",\"name\":\"contenido\",\"image\":{\"@type\":\"ImageObject\",\"inLanguage\":\"es\",\"@id\":\"https:\/\/futbolhoy.co\/#\/schema\/person\/image\/\",\"url\":\"https:\/\/secure.gravatar.com\/avatar\/4f656d3256f5134f466206e7c3941518?s=96&d=mm&r=g\",\"contentUrl\":\"https:\/\/secure.gravatar.com\/avatar\/4f656d3256f5134f466206e7c3941518?s=96&d=mm&r=g\",\"caption\":\"contenido\"}}]}<\/script>\n<!-- \/ Yoast SEO plugin. -->","yoast_head_json":{"title":"Mateo Cassierra tiene preacuerdo: dejar\u00e1 el f\u00fatbol ruso y llegar\u00e1 al brasile\u00f1o -","robots":{"index":"index","follow":"follow","max-snippet":"max-snippet:-1","max-image-preview":"max-image-preview:large","max-video-preview":"max-video-preview:-1"},"canonical":"https:\/\/futbolhoy.co\/index.php\/2026\/01\/20\/mateo-cassierra-tiene-preacuerdo-dejara-el-futbol-ruso-y-llegara-al-brasileno\/","og_locale":"es_ES","og_type":"article","og_title":"Mateo Cassierra tiene preacuerdo: dejar\u00e1 el f\u00fatbol ruso y llegar\u00e1 al brasile\u00f1o -","og_description":"Mateo Cassierra espera por un nuevo desafi\u00f3 en su carrera, para acercarse nuevamente a la Selecci\u00f3n Colombia, en la que ya ha estado bajo el mando de N\u00e9stor Lorenzo. El delantero de 28 a\u00f1os dejar\u00e1 el Zenit de Rusia, luego de tres a\u00f1os y medio, y est\u00e1 muy cerca de ser oficializado en Atl\u00e9tico Mineiro [&hellip;]","og_url":"https:\/\/futbolhoy.co\/index.php\/2026\/01\/20\/mateo-cassierra-tiene-preacuerdo-dejara-el-futbol-ruso-y-llegara-al-brasileno\/","article_publisher":"https:\/\/www.facebook.com\/FutbolHoyCol\/","article_published_time":"2026-01-20T16:58:53+00:00","article_modified_time":"2026-01-21T15:01:23+00:00","og_image":[{"width":736,"height":611,"url":"https:\/\/futbolhoy.co\/wp-content\/uploads\/2026\/01\/Cassierra.png","type":"image\/png"}],"author":"contenido","twitter_card":"summary_large_image","twitter_creator":"@FutbolHoyCol","twitter_site":"@FutbolHoyCol","twitter_misc":{"Escrito por":"contenido","Tiempo de lectura":"1 minuto"},"schema":{"@context":"https:\/\/schema.org","@graph":[{"@type":"Article","@id":"https:\/\/futbolhoy.co\/index.php\/2026\/01\/20\/mateo-cassierra-tiene-preacuerdo-dejara-el-futbol-ruso-y-llegara-al-brasileno\/#article","isPartOf":{"@id":"https:\/\/futbolhoy.co\/index.php\/2026\/01\/20\/mateo-cassierra-tiene-preacuerdo-dejara-el-futbol-ruso-y-llegara-al-brasileno\/"},"author":{"name":"contenido","@id":"https:\/\/futbolhoy.co\/#\/schema\/person\/1721b69355b6623eaff15ac7b92d4cc3"},"headline":"Mateo Cassierra tiene preacuerdo: dejar\u00e1 el f\u00fatbol ruso y llegar\u00e1 al brasile\u00f1o","datePublished":"2026-01-20T16:58:53+00:00","dateModified":"2026-01-21T15:01:23+00:00","mainEntityOfPage":{"@id":"https:\/\/futbolhoy.co\/index.php\/2026\/01\/20\/mateo-cassierra-tiene-preacuerdo-dejara-el-futbol-ruso-y-llegara-al-brasileno\/"},"wordCount":176,"commentCount":0,"publisher":{"@id":"https:\/\/futbolhoy.co\/#organization"},"image":{"@id":"https:\/\/futbolhoy.co\/index.php\/2026\/01\/20\/mateo-cassierra-tiene-preacuerdo-dejara-el-futbol-ruso-y-llegara-al-brasileno\/#primaryimage"},"thumbnailUrl":"https:\/\/futbolhoy.co\/wp-content\/uploads\/2026\/01\/Cassierra.png","articleSection":["Mundo Futbol"],"inLanguage":"es","potentialAction":[{"@type":"CommentAction","name":"Comment","target":["https:\/\/futbolhoy.co\/index.php\/2026\/01\/20\/mateo-cassierra-tiene-preacuerdo-dejara-el-futbol-ruso-y-llegara-al-brasileno\/#respond"]}]},{"@type":"WebPage","@id":"https:\/\/futbolhoy.co\/index.php\/2026\/01\/20\/mateo-cassierra-tiene-preacuerdo-dejara-el-futbol-ruso-y-llegara-al-brasileno\/","url":"https:\/\/futbolhoy.co\/index.php\/2026\/01\/20\/mateo-cassierra-tiene-preacuerdo-dejara-el-futbol-ruso-y-llegara-al-brasileno\/","name":"Mateo Cassierra tiene preacuerdo: dejar\u00e1 el f\u00fatbol ruso y llegar\u00e1 al brasile\u00f1o -","isPartOf":{"@id":"https:\/\/futbolhoy.co\/#website"},"primaryImageOfPage":{"@id":"https:\/\/futbolhoy.co\/index.php\/2026\/01\/20\/mateo-cassierra-tiene-preacuerdo-dejara-el-futbol-ruso-y-llegara-al-brasileno\/#primaryimage"},"image":{"@id":"https:\/\/futbolhoy.co\/index.php\/2026\/01\/20\/mateo-cassierra-tiene-preacuerdo-dejara-el-futbol-ruso-y-llegara-al-brasileno\/#primaryimage"},"thumbnailUrl":"https:\/\/futbolhoy.co\/wp-content\/uploads\/2026\/01\/Cassierra.png","datePublished":"2026-01-20T16:58:53+00:00","dateModified":"2026-01-21T15:01:23+00:00","breadcrumb":{"@id":"https:\/\/futbolhoy.co\/index.php\/2026\/01\/20\/mateo-cassierra-tiene-preacuerdo-dejara-el-futbol-ruso-y-llegara-al-brasileno\/#breadcrumb"},"inLanguage":"es","potentialAction":[{"@type":"ReadAction","target":["https:\/\/futbolhoy.co\/index.php\/2026\/01\/20\/mateo-cassierra-tiene-preacuerdo-dejara-el-futbol-ruso-y-llegara-al-brasileno\/"]}]},{"@type":"ImageObject","inLanguage":"es","@id":"https:\/\/futbolhoy.co\/index.php\/2026\/01\/20\/mateo-cassierra-tiene-preacuerdo-dejara-el-futbol-ruso-y-llegara-al-brasileno\/#primaryimage","url":"https:\/\/futbolhoy.co\/wp-content\/uploads\/2026\/01\/Cassierra.png","contentUrl":"https:\/\/futbolhoy.co\/wp-content\/uploads\/2026\/01\/Cassierra.png","width":736,"height":611},{"@type":"BreadcrumbList","@id":"https:\/\/futbolhoy.co\/index.php\/2026\/01\/20\/mateo-cassierra-tiene-preacuerdo-dejara-el-futbol-ruso-y-llegara-al-brasileno\/#breadcrumb","itemListElement":[{"@type":"ListItem","position":1,"name":"Portada","item":"https:\/\/futbolhoy.co\/"},{"@type":"ListItem","position":2,"name":"Mateo Cassierra tiene preacuerdo: dejar\u00e1 el f\u00fatbol ruso y llegar\u00e1 al brasile\u00f1o"}]},{"@type":"WebSite","@id":"https:\/\/futbolhoy.co\/#website","url":"https:\/\/futbolhoy.co\/","name":"FutbolHoy","description":"","publisher":{"@id":"https:\/\/futbolhoy.co\/#organization"},"potentialAction":[{"@type":"SearchAction","target":{"@type":"EntryPoint","urlTemplate":"https:\/\/futbolhoy.co\/?s={search_term_string}"},"query-input":{"@type":"PropertyValueSpecification","valueRequired":true,"valueName":"search_term_string"}}],"inLanguage":"es"},{"@type":"Organization","@id":"https:\/\/futbolhoy.co\/#organization","name":"Futbolhoy.co","url":"https:\/\/futbolhoy.co\/","logo":{"@type":"ImageObject","inLanguage":"es","@id":"https:\/\/futbolhoy.co\/#\/schema\/logo\/image\/","url":"https:\/\/futbolhoy.co\/wp-content\/uploads\/2018\/08\/17426380_1906371736249227_6326180412931521141_n.jpg","contentUrl":"https:\/\/futbolhoy.co\/wp-content\/uploads\/2018\/08\/17426380_1906371736249227_6326180412931521141_n.jpg","width":960,"height":960,"caption":"Futbolhoy.co"},"image":{"@id":"https:\/\/futbolhoy.co\/#\/schema\/logo\/image\/"},"sameAs":["https:\/\/www.facebook.com\/FutbolHoyCol\/","https:\/\/x.com\/FutbolHoyCol","https:\/\/www.instagram.com\/futbolhoycol\/"]},{"@type":"Person","@id":"https:\/\/futbolhoy.co\/#\/schema\/person\/1721b69355b6623eaff15ac7b92d4cc3","name":"contenido","image":{"@type":"ImageObject","inLanguage":"es","@id":"https:\/\/futbolhoy.co\/#\/schema\/person\/image\/","url":"https:\/\/secure.gravatar.com\/avatar\/4f656d3256f5134f466206e7c3941518?s=96&d=mm&r=g","contentUrl":"https:\/\/secure.gravatar.com\/avatar\/4f656d3256f5134f466206e7c3941518?s=96&d=mm&r=g","caption":"contenido"}}]}},"publishpress_future_action":{"enabled":false,"date":"2026-05-03 01:11:37","action":"change-status","newStatus":"draft","terms":[],"taxonomy":"category","extraData":[]},"publishpress_future_workflow_manual_trigger":{"enabledWorkflows":[]},"_links":{"self":[{"href":"https:\/\/futbolhoy.co\/index.php\/wp-json\/wp\/v2\/posts\/128531","targetHints":{"allow":["GET"]}}],"collection":[{"href":"https:\/\/futbolhoy.co\/index.php\/wp-json\/wp\/v2\/posts"}],"about":[{"href":"https:\/\/futbolhoy.co\/index.php\/wp-json\/wp\/v2\/types\/post"}],"author":[{"embeddable":true,"href":"https:\/\/futbolhoy.co\/index.php\/wp-json\/wp\/v2\/users\/4"}],"replies":[{"embeddable":true,"href":"https:\/\/futbolhoy.co\/index.php\/wp-json\/wp\/v2\/comments?post=128531"}],"version-history":[{"count":1,"href":"https:\/\/futbolhoy.co\/index.php\/wp-json\/wp\/v2\/posts\/128531\/revisions"}],"predecessor-version":[{"id":128533,"href":"https:\/\/futbolhoy.co\/index.php\/wp-json\/wp\/v2\/posts\/128531\/revisions\/128533"}],"wp:featuredmedia":[{"embeddable":true,"href":"https:\/\/futbolhoy.co\/index.php\/wp-json\/wp\/v2\/media\/128532"}],"wp:attachment":[{"href":"https:\/\/futbolhoy.co\/index.php\/wp-json\/wp\/v2\/media?parent=128531"}],"wp:term":[{"taxonomy":"category","embeddable":true,"href":"https:\/\/futbolhoy.co\/index.php\/wp-json\/wp\/v2\/categories?post=128531"},{"taxonomy":"post_tag","embeddable":true,"href":"https:\/\/futbolhoy.co\/index.php\/wp-json\/wp\/v2\/tags?post=128531"}],"curies":[{"name":"wp","href":"https:\/\/api.w.org\/{rel}","templated":true}]}}