{"id":128534,"date":"2026-01-20T14:05:18","date_gmt":"2026-01-20T19:05:18","guid":{"rendered":"https:\/\/futbolhoy.co\/?p=128534"},"modified":"2026-01-21T13:22:25","modified_gmt":"2026-01-21T18:22:25","slug":"hubo-oferta-de-nacional-muriel-revelo-por-que-prefirio-al-junior","status":"publish","type":"post","link":"https:\/\/futbolhoy.co\/index.php\/2026\/01\/20\/hubo-oferta-de-nacional-muriel-revelo-por-que-prefirio-al-junior\/","title":{"rendered":"\u00bfHubo oferta de Nacional? Muriel revel\u00f3 por qu\u00e9 prefiri\u00f3 al Junior"},"content":{"rendered":"<p style=\"text-align: justify;\"><span style=\"font-family: helvetica, arial, sans-serif;\"><strong>Luis Fernando Muriel<\/strong> ha sido una de las m\u00e1s grandes contrataciones del f\u00fatbol colombiano en los \u00faltimos a\u00f1os. El delantero rescindi\u00f3 contrato con <strong>Orlando City<\/strong> y firm\u00f3 con el <strong>Junior<\/strong> de <strong>Barranquilla.<\/strong><\/span><\/p>\n<p style=\"text-align: justify;\"><span style=\"font-family: helvetica, arial, sans-serif;\">Sin embargo, antes del cuadro Tibur\u00f3n hubo un acercamiento por parte de <strong>Nacional.<\/strong> El propio jugador confirm\u00f3 tal situaci\u00f3n, pero asegur\u00f3 que no hubo ninguna oferta, pues \u00e9l no dio para que se la presentaran.<\/span><\/p>\n<p style=\"text-align: justify;\"><span style=\"font-family: helvetica, arial, sans-serif;\">\u201cEl presidente me llam\u00f3 en un par de ocasiones, antes de la posibilidad de Junior. Se hablan muchas cosas, salen muchos temas. <strong>Dec\u00edan que hab\u00eda usado el tema de Nacional para buscar algo ac\u00e1. Eso es incorrecto<\/strong>\u201d, comenz\u00f3 diciendo.<\/span><\/p>\n<p style=\"text-align: justify;\"><span style=\"font-family: helvetica, arial, sans-serif;\">\u201cEllos me hicieron saber del inter\u00e9s que ten\u00eda, si yo quer\u00eda escucharlos y conversar. Yo desde el inicio le dije al presidente que para m\u00ed<strong>, por lo que significa el mundo Junior para m\u00ed, mi familia, para nosotros, aun sin haber vestido esta camiseta, el tema Barranquilla y Junior es algo especial<\/strong>\u201d, agreg\u00f3.<\/span><\/p>\n<p style=\"text-align: justify;\"><span style=\"font-family: helvetica, arial, sans-serif;\">As\u00ed las cosas, qued\u00f3 claro que Muriel eligi\u00f3 a Junior por un tema netamente sentimental. Del mismo modo, asegur\u00f3 que estar\u00e1 al 100% a nivel f\u00edsico en las pr\u00f3ximas dos o tres semanas.<\/span><\/p>\n","protected":false},"excerpt":{"rendered":"<p>Luis Fernando Muriel ha sido una de las m\u00e1s grandes contrataciones del f\u00fatbol colombiano en los \u00faltimos a\u00f1os. El delantero rescindi\u00f3 contrato con Orlando City y firm\u00f3 con el Junior de Barranquilla. Sin embargo, antes del cuadro Tibur\u00f3n hubo un acercamiento por parte de Nacional. El propio jugador confirm\u00f3 tal situaci\u00f3n, pero asegur\u00f3 que no [&hellip;]<\/p>\n","protected":false},"author":4,"featured_media":128535,"comment_status":"open","ping_status":"open","sticky":false,"template":"","format":"standard","meta":{"_acf_changed":false,"footnotes":""},"categories":[7],"tags":[],"class_list":{"0":"post-128534","1":"post","2":"type-post","3":"status-publish","4":"format-standard","5":"has-post-thumbnail","7":"category-liga-betplay"},"acf":[],"yoast_head":"<!-- This site is optimized with the Yoast SEO plugin v26.8 - https:\/\/yoast.com\/product\/yoast-seo-wordpress\/ -->\n<title>\u00bfHubo oferta de Nacional? Muriel revel\u00f3 por qu\u00e9 prefiri\u00f3 al Junior -<\/title>\n<meta name=\"robots\" content=\"index, follow, max-snippet:-1, max-image-preview:large, max-video-preview:-1\" \/>\n<link rel=\"canonical\" href=\"https:\/\/futbolhoy.co\/index.php\/2026\/01\/20\/hubo-oferta-de-nacional-muriel-revelo-por-que-prefirio-al-junior\/\" \/>\n<meta property=\"og:locale\" content=\"es_ES\" \/>\n<meta property=\"og:type\" content=\"article\" \/>\n<meta property=\"og:title\" content=\"\u00bfHubo oferta de Nacional? Muriel revel\u00f3 por qu\u00e9 prefiri\u00f3 al Junior -\" \/>\n<meta property=\"og:description\" content=\"Luis Fernando Muriel ha sido una de las m\u00e1s grandes contrataciones del f\u00fatbol colombiano en los \u00faltimos a\u00f1os. El delantero rescindi\u00f3 contrato con Orlando City y firm\u00f3 con el Junior de Barranquilla. Sin embargo, antes del cuadro Tibur\u00f3n hubo un acercamiento por parte de Nacional. El propio jugador confirm\u00f3 tal situaci\u00f3n, pero asegur\u00f3 que no [&hellip;]\" \/>\n<meta property=\"og:url\" content=\"https:\/\/futbolhoy.co\/index.php\/2026\/01\/20\/hubo-oferta-de-nacional-muriel-revelo-por-que-prefirio-al-junior\/\" \/>\n<meta property=\"article:publisher\" content=\"https:\/\/www.facebook.com\/FutbolHoyCol\/\" \/>\n<meta property=\"article:published_time\" content=\"2026-01-20T19:05:18+00:00\" \/>\n<meta property=\"article:modified_time\" content=\"2026-01-21T18:22:25+00:00\" \/>\n<meta property=\"og:image\" content=\"https:\/\/futbolhoy.co\/wp-content\/uploads\/2026\/01\/WhatsApp-Image-2026-01-20-at-1.47.06-PM.jpeg\" \/>\n\t<meta property=\"og:image:width\" content=\"1206\" \/>\n\t<meta property=\"og:image:height\" content=\"788\" \/>\n\t<meta property=\"og:image:type\" content=\"image\/jpeg\" \/>\n<meta name=\"author\" content=\"contenido\" \/>\n<meta name=\"twitter:card\" content=\"summary_large_image\" \/>\n<meta name=\"twitter:creator\" content=\"@FutbolHoyCol\" \/>\n<meta name=\"twitter:site\" content=\"@FutbolHoyCol\" \/>\n<meta name=\"twitter:label1\" content=\"Escrito por\" \/>\n\t<meta name=\"twitter:data1\" content=\"contenido\" \/>\n\t<meta name=\"twitter:label2\" content=\"Tiempo de lectura\" \/>\n\t<meta name=\"twitter:data2\" content=\"1 minuto\" \/>\n<script type=\"application\/ld+json\" class=\"yoast-schema-graph\">{\"@context\":\"https:\/\/schema.org\",\"@graph\":[{\"@type\":\"Article\",\"@id\":\"https:\/\/futbolhoy.co\/index.php\/2026\/01\/20\/hubo-oferta-de-nacional-muriel-revelo-por-que-prefirio-al-junior\/#article\",\"isPartOf\":{\"@id\":\"https:\/\/futbolhoy.co\/index.php\/2026\/01\/20\/hubo-oferta-de-nacional-muriel-revelo-por-que-prefirio-al-junior\/\"},\"author\":{\"name\":\"contenido\",\"@id\":\"https:\/\/futbolhoy.co\/#\/schema\/person\/1721b69355b6623eaff15ac7b92d4cc3\"},\"headline\":\"\u00bfHubo oferta de Nacional? Muriel revel\u00f3 por qu\u00e9 prefiri\u00f3 al Junior\",\"datePublished\":\"2026-01-20T19:05:18+00:00\",\"dateModified\":\"2026-01-21T18:22:25+00:00\",\"mainEntityOfPage\":{\"@id\":\"https:\/\/futbolhoy.co\/index.php\/2026\/01\/20\/hubo-oferta-de-nacional-muriel-revelo-por-que-prefirio-al-junior\/\"},\"wordCount\":214,\"commentCount\":0,\"publisher\":{\"@id\":\"https:\/\/futbolhoy.co\/#organization\"},\"image\":{\"@id\":\"https:\/\/futbolhoy.co\/index.php\/2026\/01\/20\/hubo-oferta-de-nacional-muriel-revelo-por-que-prefirio-al-junior\/#primaryimage\"},\"thumbnailUrl\":\"https:\/\/futbolhoy.co\/wp-content\/uploads\/2026\/01\/WhatsApp-Image-2026-01-20-at-1.47.06-PM.jpeg\",\"articleSection\":[\"Liga BetPlay\"],\"inLanguage\":\"es\",\"potentialAction\":[{\"@type\":\"CommentAction\",\"name\":\"Comment\",\"target\":[\"https:\/\/futbolhoy.co\/index.php\/2026\/01\/20\/hubo-oferta-de-nacional-muriel-revelo-por-que-prefirio-al-junior\/#respond\"]}]},{\"@type\":\"WebPage\",\"@id\":\"https:\/\/futbolhoy.co\/index.php\/2026\/01\/20\/hubo-oferta-de-nacional-muriel-revelo-por-que-prefirio-al-junior\/\",\"url\":\"https:\/\/futbolhoy.co\/index.php\/2026\/01\/20\/hubo-oferta-de-nacional-muriel-revelo-por-que-prefirio-al-junior\/\",\"name\":\"\u00bfHubo oferta de Nacional? Muriel revel\u00f3 por qu\u00e9 prefiri\u00f3 al Junior -\",\"isPartOf\":{\"@id\":\"https:\/\/futbolhoy.co\/#website\"},\"primaryImageOfPage\":{\"@id\":\"https:\/\/futbolhoy.co\/index.php\/2026\/01\/20\/hubo-oferta-de-nacional-muriel-revelo-por-que-prefirio-al-junior\/#primaryimage\"},\"image\":{\"@id\":\"https:\/\/futbolhoy.co\/index.php\/2026\/01\/20\/hubo-oferta-de-nacional-muriel-revelo-por-que-prefirio-al-junior\/#primaryimage\"},\"thumbnailUrl\":\"https:\/\/futbolhoy.co\/wp-content\/uploads\/2026\/01\/WhatsApp-Image-2026-01-20-at-1.47.06-PM.jpeg\",\"datePublished\":\"2026-01-20T19:05:18+00:00\",\"dateModified\":\"2026-01-21T18:22:25+00:00\",\"breadcrumb\":{\"@id\":\"https:\/\/futbolhoy.co\/index.php\/2026\/01\/20\/hubo-oferta-de-nacional-muriel-revelo-por-que-prefirio-al-junior\/#breadcrumb\"},\"inLanguage\":\"es\",\"potentialAction\":[{\"@type\":\"ReadAction\",\"target\":[\"https:\/\/futbolhoy.co\/index.php\/2026\/01\/20\/hubo-oferta-de-nacional-muriel-revelo-por-que-prefirio-al-junior\/\"]}]},{\"@type\":\"ImageObject\",\"inLanguage\":\"es\",\"@id\":\"https:\/\/futbolhoy.co\/index.php\/2026\/01\/20\/hubo-oferta-de-nacional-muriel-revelo-por-que-prefirio-al-junior\/#primaryimage\",\"url\":\"https:\/\/futbolhoy.co\/wp-content\/uploads\/2026\/01\/WhatsApp-Image-2026-01-20-at-1.47.06-PM.jpeg\",\"contentUrl\":\"https:\/\/futbolhoy.co\/wp-content\/uploads\/2026\/01\/WhatsApp-Image-2026-01-20-at-1.47.06-PM.jpeg\",\"width\":1206,\"height\":788},{\"@type\":\"BreadcrumbList\",\"@id\":\"https:\/\/futbolhoy.co\/index.php\/2026\/01\/20\/hubo-oferta-de-nacional-muriel-revelo-por-que-prefirio-al-junior\/#breadcrumb\",\"itemListElement\":[{\"@type\":\"ListItem\",\"position\":1,\"name\":\"Portada\",\"item\":\"https:\/\/futbolhoy.co\/\"},{\"@type\":\"ListItem\",\"position\":2,\"name\":\"\u00bfHubo oferta de Nacional? Muriel revel\u00f3 por qu\u00e9 prefiri\u00f3 al Junior\"}]},{\"@type\":\"WebSite\",\"@id\":\"https:\/\/futbolhoy.co\/#website\",\"url\":\"https:\/\/futbolhoy.co\/\",\"name\":\"FutbolHoy\",\"description\":\"\",\"publisher\":{\"@id\":\"https:\/\/futbolhoy.co\/#organization\"},\"potentialAction\":[{\"@type\":\"SearchAction\",\"target\":{\"@type\":\"EntryPoint\",\"urlTemplate\":\"https:\/\/futbolhoy.co\/?s={search_term_string}\"},\"query-input\":{\"@type\":\"PropertyValueSpecification\",\"valueRequired\":true,\"valueName\":\"search_term_string\"}}],\"inLanguage\":\"es\"},{\"@type\":\"Organization\",\"@id\":\"https:\/\/futbolhoy.co\/#organization\",\"name\":\"Futbolhoy.co\",\"url\":\"https:\/\/futbolhoy.co\/\",\"logo\":{\"@type\":\"ImageObject\",\"inLanguage\":\"es\",\"@id\":\"https:\/\/futbolhoy.co\/#\/schema\/logo\/image\/\",\"url\":\"https:\/\/futbolhoy.co\/wp-content\/uploads\/2018\/08\/17426380_1906371736249227_6326180412931521141_n.jpg\",\"contentUrl\":\"https:\/\/futbolhoy.co\/wp-content\/uploads\/2018\/08\/17426380_1906371736249227_6326180412931521141_n.jpg\",\"width\":960,\"height\":960,\"caption\":\"Futbolhoy.co\"},\"image\":{\"@id\":\"https:\/\/futbolhoy.co\/#\/schema\/logo\/image\/\"},\"sameAs\":[\"https:\/\/www.facebook.com\/FutbolHoyCol\/\",\"https:\/\/x.com\/FutbolHoyCol\",\"https:\/\/www.instagram.com\/futbolhoycol\/\"]},{\"@type\":\"Person\",\"@id\":\"https:\/\/futbolhoy.co\/#\/schema\/person\/1721b69355b6623eaff15ac7b92d4cc3\",\"name\":\"contenido\",\"image\":{\"@type\":\"ImageObject\",\"inLanguage\":\"es\",\"@id\":\"https:\/\/futbolhoy.co\/#\/schema\/person\/image\/\",\"url\":\"https:\/\/secure.gravatar.com\/avatar\/4f656d3256f5134f466206e7c3941518?s=96&d=mm&r=g\",\"contentUrl\":\"https:\/\/secure.gravatar.com\/avatar\/4f656d3256f5134f466206e7c3941518?s=96&d=mm&r=g\",\"caption\":\"contenido\"}}]}<\/script>\n<!-- \/ Yoast SEO plugin. -->","yoast_head_json":{"title":"\u00bfHubo oferta de Nacional? Muriel revel\u00f3 por qu\u00e9 prefiri\u00f3 al Junior -","robots":{"index":"index","follow":"follow","max-snippet":"max-snippet:-1","max-image-preview":"max-image-preview:large","max-video-preview":"max-video-preview:-1"},"canonical":"https:\/\/futbolhoy.co\/index.php\/2026\/01\/20\/hubo-oferta-de-nacional-muriel-revelo-por-que-prefirio-al-junior\/","og_locale":"es_ES","og_type":"article","og_title":"\u00bfHubo oferta de Nacional? Muriel revel\u00f3 por qu\u00e9 prefiri\u00f3 al Junior -","og_description":"Luis Fernando Muriel ha sido una de las m\u00e1s grandes contrataciones del f\u00fatbol colombiano en los \u00faltimos a\u00f1os. El delantero rescindi\u00f3 contrato con Orlando City y firm\u00f3 con el Junior de Barranquilla. Sin embargo, antes del cuadro Tibur\u00f3n hubo un acercamiento por parte de Nacional. El propio jugador confirm\u00f3 tal situaci\u00f3n, pero asegur\u00f3 que no [&hellip;]","og_url":"https:\/\/futbolhoy.co\/index.php\/2026\/01\/20\/hubo-oferta-de-nacional-muriel-revelo-por-que-prefirio-al-junior\/","article_publisher":"https:\/\/www.facebook.com\/FutbolHoyCol\/","article_published_time":"2026-01-20T19:05:18+00:00","article_modified_time":"2026-01-21T18:22:25+00:00","og_image":[{"width":1206,"height":788,"url":"https:\/\/futbolhoy.co\/wp-content\/uploads\/2026\/01\/WhatsApp-Image-2026-01-20-at-1.47.06-PM.jpeg","type":"image\/jpeg"}],"author":"contenido","twitter_card":"summary_large_image","twitter_creator":"@FutbolHoyCol","twitter_site":"@FutbolHoyCol","twitter_misc":{"Escrito por":"contenido","Tiempo de lectura":"1 minuto"},"schema":{"@context":"https:\/\/schema.org","@graph":[{"@type":"Article","@id":"https:\/\/futbolhoy.co\/index.php\/2026\/01\/20\/hubo-oferta-de-nacional-muriel-revelo-por-que-prefirio-al-junior\/#article","isPartOf":{"@id":"https:\/\/futbolhoy.co\/index.php\/2026\/01\/20\/hubo-oferta-de-nacional-muriel-revelo-por-que-prefirio-al-junior\/"},"author":{"name":"contenido","@id":"https:\/\/futbolhoy.co\/#\/schema\/person\/1721b69355b6623eaff15ac7b92d4cc3"},"headline":"\u00bfHubo oferta de Nacional? Muriel revel\u00f3 por qu\u00e9 prefiri\u00f3 al Junior","datePublished":"2026-01-20T19:05:18+00:00","dateModified":"2026-01-21T18:22:25+00:00","mainEntityOfPage":{"@id":"https:\/\/futbolhoy.co\/index.php\/2026\/01\/20\/hubo-oferta-de-nacional-muriel-revelo-por-que-prefirio-al-junior\/"},"wordCount":214,"commentCount":0,"publisher":{"@id":"https:\/\/futbolhoy.co\/#organization"},"image":{"@id":"https:\/\/futbolhoy.co\/index.php\/2026\/01\/20\/hubo-oferta-de-nacional-muriel-revelo-por-que-prefirio-al-junior\/#primaryimage"},"thumbnailUrl":"https:\/\/futbolhoy.co\/wp-content\/uploads\/2026\/01\/WhatsApp-Image-2026-01-20-at-1.47.06-PM.jpeg","articleSection":["Liga BetPlay"],"inLanguage":"es","potentialAction":[{"@type":"CommentAction","name":"Comment","target":["https:\/\/futbolhoy.co\/index.php\/2026\/01\/20\/hubo-oferta-de-nacional-muriel-revelo-por-que-prefirio-al-junior\/#respond"]}]},{"@type":"WebPage","@id":"https:\/\/futbolhoy.co\/index.php\/2026\/01\/20\/hubo-oferta-de-nacional-muriel-revelo-por-que-prefirio-al-junior\/","url":"https:\/\/futbolhoy.co\/index.php\/2026\/01\/20\/hubo-oferta-de-nacional-muriel-revelo-por-que-prefirio-al-junior\/","name":"\u00bfHubo oferta de Nacional? Muriel revel\u00f3 por qu\u00e9 prefiri\u00f3 al Junior -","isPartOf":{"@id":"https:\/\/futbolhoy.co\/#website"},"primaryImageOfPage":{"@id":"https:\/\/futbolhoy.co\/index.php\/2026\/01\/20\/hubo-oferta-de-nacional-muriel-revelo-por-que-prefirio-al-junior\/#primaryimage"},"image":{"@id":"https:\/\/futbolhoy.co\/index.php\/2026\/01\/20\/hubo-oferta-de-nacional-muriel-revelo-por-que-prefirio-al-junior\/#primaryimage"},"thumbnailUrl":"https:\/\/futbolhoy.co\/wp-content\/uploads\/2026\/01\/WhatsApp-Image-2026-01-20-at-1.47.06-PM.jpeg","datePublished":"2026-01-20T19:05:18+00:00","dateModified":"2026-01-21T18:22:25+00:00","breadcrumb":{"@id":"https:\/\/futbolhoy.co\/index.php\/2026\/01\/20\/hubo-oferta-de-nacional-muriel-revelo-por-que-prefirio-al-junior\/#breadcrumb"},"inLanguage":"es","potentialAction":[{"@type":"ReadAction","target":["https:\/\/futbolhoy.co\/index.php\/2026\/01\/20\/hubo-oferta-de-nacional-muriel-revelo-por-que-prefirio-al-junior\/"]}]},{"@type":"ImageObject","inLanguage":"es","@id":"https:\/\/futbolhoy.co\/index.php\/2026\/01\/20\/hubo-oferta-de-nacional-muriel-revelo-por-que-prefirio-al-junior\/#primaryimage","url":"https:\/\/futbolhoy.co\/wp-content\/uploads\/2026\/01\/WhatsApp-Image-2026-01-20-at-1.47.06-PM.jpeg","contentUrl":"https:\/\/futbolhoy.co\/wp-content\/uploads\/2026\/01\/WhatsApp-Image-2026-01-20-at-1.47.06-PM.jpeg","width":1206,"height":788},{"@type":"BreadcrumbList","@id":"https:\/\/futbolhoy.co\/index.php\/2026\/01\/20\/hubo-oferta-de-nacional-muriel-revelo-por-que-prefirio-al-junior\/#breadcrumb","itemListElement":[{"@type":"ListItem","position":1,"name":"Portada","item":"https:\/\/futbolhoy.co\/"},{"@type":"ListItem","position":2,"name":"\u00bfHubo oferta de Nacional? Muriel revel\u00f3 por qu\u00e9 prefiri\u00f3 al Junior"}]},{"@type":"WebSite","@id":"https:\/\/futbolhoy.co\/#website","url":"https:\/\/futbolhoy.co\/","name":"FutbolHoy","description":"","publisher":{"@id":"https:\/\/futbolhoy.co\/#organization"},"potentialAction":[{"@type":"SearchAction","target":{"@type":"EntryPoint","urlTemplate":"https:\/\/futbolhoy.co\/?s={search_term_string}"},"query-input":{"@type":"PropertyValueSpecification","valueRequired":true,"valueName":"search_term_string"}}],"inLanguage":"es"},{"@type":"Organization","@id":"https:\/\/futbolhoy.co\/#organization","name":"Futbolhoy.co","url":"https:\/\/futbolhoy.co\/","logo":{"@type":"ImageObject","inLanguage":"es","@id":"https:\/\/futbolhoy.co\/#\/schema\/logo\/image\/","url":"https:\/\/futbolhoy.co\/wp-content\/uploads\/2018\/08\/17426380_1906371736249227_6326180412931521141_n.jpg","contentUrl":"https:\/\/futbolhoy.co\/wp-content\/uploads\/2018\/08\/17426380_1906371736249227_6326180412931521141_n.jpg","width":960,"height":960,"caption":"Futbolhoy.co"},"image":{"@id":"https:\/\/futbolhoy.co\/#\/schema\/logo\/image\/"},"sameAs":["https:\/\/www.facebook.com\/FutbolHoyCol\/","https:\/\/x.com\/FutbolHoyCol","https:\/\/www.instagram.com\/futbolhoycol\/"]},{"@type":"Person","@id":"https:\/\/futbolhoy.co\/#\/schema\/person\/1721b69355b6623eaff15ac7b92d4cc3","name":"contenido","image":{"@type":"ImageObject","inLanguage":"es","@id":"https:\/\/futbolhoy.co\/#\/schema\/person\/image\/","url":"https:\/\/secure.gravatar.com\/avatar\/4f656d3256f5134f466206e7c3941518?s=96&d=mm&r=g","contentUrl":"https:\/\/secure.gravatar.com\/avatar\/4f656d3256f5134f466206e7c3941518?s=96&d=mm&r=g","caption":"contenido"}}]}},"publishpress_future_action":{"enabled":false,"date":"2026-05-03 02:38:31","action":"change-status","newStatus":"draft","terms":[],"taxonomy":"category","extraData":[]},"publishpress_future_workflow_manual_trigger":{"enabledWorkflows":[]},"_links":{"self":[{"href":"https:\/\/futbolhoy.co\/index.php\/wp-json\/wp\/v2\/posts\/128534","targetHints":{"allow":["GET"]}}],"collection":[{"href":"https:\/\/futbolhoy.co\/index.php\/wp-json\/wp\/v2\/posts"}],"about":[{"href":"https:\/\/futbolhoy.co\/index.php\/wp-json\/wp\/v2\/types\/post"}],"author":[{"embeddable":true,"href":"https:\/\/futbolhoy.co\/index.php\/wp-json\/wp\/v2\/users\/4"}],"replies":[{"embeddable":true,"href":"https:\/\/futbolhoy.co\/index.php\/wp-json\/wp\/v2\/comments?post=128534"}],"version-history":[{"count":1,"href":"https:\/\/futbolhoy.co\/index.php\/wp-json\/wp\/v2\/posts\/128534\/revisions"}],"predecessor-version":[{"id":128536,"href":"https:\/\/futbolhoy.co\/index.php\/wp-json\/wp\/v2\/posts\/128534\/revisions\/128536"}],"wp:featuredmedia":[{"embeddable":true,"href":"https:\/\/futbolhoy.co\/index.php\/wp-json\/wp\/v2\/media\/128535"}],"wp:attachment":[{"href":"https:\/\/futbolhoy.co\/index.php\/wp-json\/wp\/v2\/media?parent=128534"}],"wp:term":[{"taxonomy":"category","embeddable":true,"href":"https:\/\/futbolhoy.co\/index.php\/wp-json\/wp\/v2\/categories?post=128534"},{"taxonomy":"post_tag","embeddable":true,"href":"https:\/\/futbolhoy.co\/index.php\/wp-json\/wp\/v2\/tags?post=128534"}],"curies":[{"name":"wp","href":"https:\/\/api.w.org\/{rel}","templated":true}]}}