{"id":128540,"date":"2026-01-20T15:30:42","date_gmt":"2026-01-20T20:30:42","guid":{"rendered":"https:\/\/futbolhoy.co\/?p=128540"},"modified":"2026-01-21T15:22:00","modified_gmt":"2026-01-21T20:22:00","slug":"suarez-figura-triunfo-del-lider-arsenal-y-goleada-del-real-madrid-en-liga-de-campeones","status":"publish","type":"post","link":"https:\/\/futbolhoy.co\/index.php\/2026\/01\/20\/suarez-figura-triunfo-del-lider-arsenal-y-goleada-del-real-madrid-en-liga-de-campeones\/","title":{"rendered":"Su\u00e1rez figura, triunfo del l\u00edder Arsenal y goleada del Real Madrid en Liga de Campeones"},"content":{"rendered":"<p style=\"text-align: justify;\"><span style=\"font-family: helvetica, arial, sans-serif;\">Comenz\u00f3 la s\u00e9ptima jornada de la<strong> Liga de Campeones<\/strong> con resultados sorpresivos: desde la inesperada <strong>derrota del Manchester City a manos del Bodo\/Glimt<\/strong> hasta el <strong>ag\u00f3nico triunfo del Sporting sobre PSG<\/strong> con Luis Su\u00e1rez como gran figura. La fecha dej\u00f3 adem\u00e1s al l\u00edder <strong>Arsenal<\/strong> como \u00fanico clasificado, de manera anticipada, a los octavos de final.<\/span><\/p>\n<p style=\"text-align: justify;\"><span style=\"font-family: helvetica, arial, sans-serif;\">El d\u00eda comenz\u00f3 con el abultado <strong>4-1 de Brujas sobre el colero Kairat<\/strong> y, posteriormente, se dio el batacazo del modesto Bodo, que <strong>venci\u00f3 3-1 al City de Guardiola<\/strong>, que perdi\u00f3 la chance de ponerse como escolta del puntero.<\/span><\/p>\n<p style=\"text-align: justify;\"><span style=\"font-family: helvetica, arial, sans-serif;\">M\u00e1s adelante, en juegos que iniciaron a las 3 de la tarde, lleg\u00f3 la alegr\u00eda colombiana. <strong>Su\u00e1rez marc\u00f3 un doblete<\/strong> en la victoria 2-1 del Sporting de Lisboa sobre PSG en territorio portugu\u00e9s. Se trata de la <strong>cuarta anotaci\u00f3n del samario en la vigente Champions<\/strong>. Otro que anot\u00f3 por duplicado fue el franc\u00e9s<strong> Kylian Mbapp\u00e9<\/strong>, l\u00edder de la tabla de goleo con 11 dianas, que comand\u00f3 la <strong>goleada 6-1 del Real Madrid sobre el AS Monaco<\/strong>.<\/span><\/p>\n<p style=\"text-align: justify;\"><span style=\"font-family: helvetica, arial, sans-serif;\">Por otro lado, el <strong>Arsenal<\/strong> hizo la tarea en territorio italiano y<strong> derrot\u00f3 2-1 al Inter de Mil\u00e1n<\/strong> en el Giuseppe Meazza. Con ello, el equipo de Mikel Arteta asegur\u00f3 la presencia en octavos de final, salv\u00e1ndose as\u00ed de disputar play-offs, y podr\u00eda certificar su condici\u00f3n de l\u00edder con una fecha de antelaci\u00f3n, siempre y cuando el <strong>Bayern M\u00fanich de Luis D\u00edaz<\/strong> no se imponga en su partido.<\/span><\/p>\n<p style=\"text-align: justify;\"><span style=\"font-family: helvetica, arial, sans-serif;\"><strong>Resultados de la fecha 7 de la Liga de Campeones<\/strong><\/span><\/p>\n<ul>\n<li style=\"text-align: justify;\"><span style=\"font-family: helvetica, arial, sans-serif;\">Kairan 1-4 Brujas<\/span><\/li>\n<li style=\"text-align: justify;\"><span style=\"font-family: helvetica, arial, sans-serif;\">Bodo 3-1 Manchester City<\/span><\/li>\n<li style=\"text-align: justify;\"><span style=\"font-family: helvetica, arial, sans-serif;\">Villarreal 1-2 Ajax<\/span><\/li>\n<li style=\"text-align: justify;\"><span style=\"font-family: helvetica, arial, sans-serif;\">Tottenham 2-0 Borussia Dortmund<\/span><\/li>\n<li style=\"text-align: justify;\"><span style=\"font-family: helvetica, arial, sans-serif;\">Olympiacos 2-0 Bayer Leverkusen<\/span><\/li>\n<li style=\"text-align: justify;\"><span style=\"font-family: helvetica, arial, sans-serif;\">Sporting Lisboa 2-1 PSG<\/span><\/li>\n<li style=\"text-align: justify;\"><span style=\"font-family: helvetica, arial, sans-serif;\">Inter 1-3 Arsenal<\/span><\/li>\n<li style=\"text-align: justify;\"><span style=\"font-family: helvetica, arial, sans-serif;\">Real Madrid 6-1 AS Monaco<\/span><\/li>\n<li style=\"text-align: justify;\"><span style=\"font-family: helvetica, arial, sans-serif;\">Copenhague 1-1 Napoli<\/span><\/li>\n<\/ul>\n","protected":false},"excerpt":{"rendered":"<p>Comenz\u00f3 la s\u00e9ptima jornada de la Liga de Campeones con resultados sorpresivos: desde la inesperada derrota del Manchester City a manos del Bodo\/Glimt hasta el ag\u00f3nico triunfo del Sporting sobre PSG con Luis Su\u00e1rez como gran figura. La fecha dej\u00f3 adem\u00e1s al l\u00edder Arsenal como \u00fanico clasificado, de manera anticipada, a los octavos de final. [&hellip;]<\/p>\n","protected":false},"author":4,"featured_media":128543,"comment_status":"open","ping_status":"open","sticky":false,"template":"","format":"standard","meta":{"_acf_changed":false,"footnotes":""},"categories":[4,418],"tags":[],"class_list":{"0":"post-128540","1":"post","2":"type-post","3":"status-publish","4":"format-standard","5":"has-post-thumbnail","7":"category-champions-league","8":"category-colombia"},"acf":[],"yoast_head":"<!-- This site is optimized with the Yoast SEO plugin v26.8 - https:\/\/yoast.com\/product\/yoast-seo-wordpress\/ -->\n<title>Su\u00e1rez figura, triunfo del l\u00edder Arsenal y goleada del Real Madrid en Liga de Campeones -<\/title>\n<meta name=\"robots\" content=\"index, follow, max-snippet:-1, max-image-preview:large, max-video-preview:-1\" \/>\n<link rel=\"canonical\" href=\"https:\/\/futbolhoy.co\/index.php\/2026\/01\/20\/suarez-figura-triunfo-del-lider-arsenal-y-goleada-del-real-madrid-en-liga-de-campeones\/\" \/>\n<meta property=\"og:locale\" content=\"es_ES\" \/>\n<meta property=\"og:type\" content=\"article\" \/>\n<meta property=\"og:title\" content=\"Su\u00e1rez figura, triunfo del l\u00edder Arsenal y goleada del Real Madrid en Liga de Campeones -\" \/>\n<meta property=\"og:description\" content=\"Comenz\u00f3 la s\u00e9ptima jornada de la Liga de Campeones con resultados sorpresivos: desde la inesperada derrota del Manchester City a manos del Bodo\/Glimt hasta el ag\u00f3nico triunfo del Sporting sobre PSG con Luis Su\u00e1rez como gran figura. La fecha dej\u00f3 adem\u00e1s al l\u00edder Arsenal como \u00fanico clasificado, de manera anticipada, a los octavos de final. [&hellip;]\" \/>\n<meta property=\"og:url\" content=\"https:\/\/futbolhoy.co\/index.php\/2026\/01\/20\/suarez-figura-triunfo-del-lider-arsenal-y-goleada-del-real-madrid-en-liga-de-campeones\/\" \/>\n<meta property=\"article:publisher\" content=\"https:\/\/www.facebook.com\/FutbolHoyCol\/\" \/>\n<meta property=\"article:published_time\" content=\"2026-01-20T20:30:42+00:00\" \/>\n<meta property=\"article:modified_time\" content=\"2026-01-21T20:22:00+00:00\" \/>\n<meta property=\"og:image\" content=\"https:\/\/futbolhoy.co\/wp-content\/uploads\/2026\/01\/G_I_p24WYAA60wx-scaled.jpg\" \/>\n\t<meta property=\"og:image:width\" content=\"2560\" \/>\n\t<meta property=\"og:image:height\" content=\"1440\" \/>\n\t<meta property=\"og:image:type\" content=\"image\/jpeg\" \/>\n<meta name=\"author\" content=\"contenido\" \/>\n<meta name=\"twitter:card\" content=\"summary_large_image\" \/>\n<meta name=\"twitter:creator\" content=\"@FutbolHoyCol\" \/>\n<meta name=\"twitter:site\" content=\"@FutbolHoyCol\" \/>\n<meta name=\"twitter:label1\" content=\"Escrito por\" \/>\n\t<meta name=\"twitter:data1\" content=\"contenido\" \/>\n\t<meta name=\"twitter:label2\" content=\"Tiempo de lectura\" \/>\n\t<meta name=\"twitter:data2\" content=\"2 minutos\" \/>\n<script type=\"application\/ld+json\" class=\"yoast-schema-graph\">{\"@context\":\"https:\/\/schema.org\",\"@graph\":[{\"@type\":\"Article\",\"@id\":\"https:\/\/futbolhoy.co\/index.php\/2026\/01\/20\/suarez-figura-triunfo-del-lider-arsenal-y-goleada-del-real-madrid-en-liga-de-campeones\/#article\",\"isPartOf\":{\"@id\":\"https:\/\/futbolhoy.co\/index.php\/2026\/01\/20\/suarez-figura-triunfo-del-lider-arsenal-y-goleada-del-real-madrid-en-liga-de-campeones\/\"},\"author\":{\"name\":\"contenido\",\"@id\":\"https:\/\/futbolhoy.co\/#\/schema\/person\/1721b69355b6623eaff15ac7b92d4cc3\"},\"headline\":\"Su\u00e1rez figura, triunfo del l\u00edder Arsenal y goleada del Real Madrid en Liga de Campeones\",\"datePublished\":\"2026-01-20T20:30:42+00:00\",\"dateModified\":\"2026-01-21T20:22:00+00:00\",\"mainEntityOfPage\":{\"@id\":\"https:\/\/futbolhoy.co\/index.php\/2026\/01\/20\/suarez-figura-triunfo-del-lider-arsenal-y-goleada-del-real-madrid-en-liga-de-campeones\/\"},\"wordCount\":317,\"commentCount\":0,\"publisher\":{\"@id\":\"https:\/\/futbolhoy.co\/#organization\"},\"image\":{\"@id\":\"https:\/\/futbolhoy.co\/index.php\/2026\/01\/20\/suarez-figura-triunfo-del-lider-arsenal-y-goleada-del-real-madrid-en-liga-de-campeones\/#primaryimage\"},\"thumbnailUrl\":\"https:\/\/futbolhoy.co\/wp-content\/uploads\/2026\/01\/G_I_p24WYAA60wx-scaled.jpg\",\"articleSection\":[\"Champions League\",\"Colombia\"],\"inLanguage\":\"es\",\"potentialAction\":[{\"@type\":\"CommentAction\",\"name\":\"Comment\",\"target\":[\"https:\/\/futbolhoy.co\/index.php\/2026\/01\/20\/suarez-figura-triunfo-del-lider-arsenal-y-goleada-del-real-madrid-en-liga-de-campeones\/#respond\"]}]},{\"@type\":\"WebPage\",\"@id\":\"https:\/\/futbolhoy.co\/index.php\/2026\/01\/20\/suarez-figura-triunfo-del-lider-arsenal-y-goleada-del-real-madrid-en-liga-de-campeones\/\",\"url\":\"https:\/\/futbolhoy.co\/index.php\/2026\/01\/20\/suarez-figura-triunfo-del-lider-arsenal-y-goleada-del-real-madrid-en-liga-de-campeones\/\",\"name\":\"Su\u00e1rez figura, triunfo del l\u00edder Arsenal y goleada del Real Madrid en Liga de Campeones -\",\"isPartOf\":{\"@id\":\"https:\/\/futbolhoy.co\/#website\"},\"primaryImageOfPage\":{\"@id\":\"https:\/\/futbolhoy.co\/index.php\/2026\/01\/20\/suarez-figura-triunfo-del-lider-arsenal-y-goleada-del-real-madrid-en-liga-de-campeones\/#primaryimage\"},\"image\":{\"@id\":\"https:\/\/futbolhoy.co\/index.php\/2026\/01\/20\/suarez-figura-triunfo-del-lider-arsenal-y-goleada-del-real-madrid-en-liga-de-campeones\/#primaryimage\"},\"thumbnailUrl\":\"https:\/\/futbolhoy.co\/wp-content\/uploads\/2026\/01\/G_I_p24WYAA60wx-scaled.jpg\",\"datePublished\":\"2026-01-20T20:30:42+00:00\",\"dateModified\":\"2026-01-21T20:22:00+00:00\",\"breadcrumb\":{\"@id\":\"https:\/\/futbolhoy.co\/index.php\/2026\/01\/20\/suarez-figura-triunfo-del-lider-arsenal-y-goleada-del-real-madrid-en-liga-de-campeones\/#breadcrumb\"},\"inLanguage\":\"es\",\"potentialAction\":[{\"@type\":\"ReadAction\",\"target\":[\"https:\/\/futbolhoy.co\/index.php\/2026\/01\/20\/suarez-figura-triunfo-del-lider-arsenal-y-goleada-del-real-madrid-en-liga-de-campeones\/\"]}]},{\"@type\":\"ImageObject\",\"inLanguage\":\"es\",\"@id\":\"https:\/\/futbolhoy.co\/index.php\/2026\/01\/20\/suarez-figura-triunfo-del-lider-arsenal-y-goleada-del-real-madrid-en-liga-de-campeones\/#primaryimage\",\"url\":\"https:\/\/futbolhoy.co\/wp-content\/uploads\/2026\/01\/G_I_p24WYAA60wx-scaled.jpg\",\"contentUrl\":\"https:\/\/futbolhoy.co\/wp-content\/uploads\/2026\/01\/G_I_p24WYAA60wx-scaled.jpg\",\"width\":2560,\"height\":1440},{\"@type\":\"BreadcrumbList\",\"@id\":\"https:\/\/futbolhoy.co\/index.php\/2026\/01\/20\/suarez-figura-triunfo-del-lider-arsenal-y-goleada-del-real-madrid-en-liga-de-campeones\/#breadcrumb\",\"itemListElement\":[{\"@type\":\"ListItem\",\"position\":1,\"name\":\"Portada\",\"item\":\"https:\/\/futbolhoy.co\/\"},{\"@type\":\"ListItem\",\"position\":2,\"name\":\"Su\u00e1rez figura, triunfo del l\u00edder Arsenal y goleada del Real Madrid en Liga de Campeones\"}]},{\"@type\":\"WebSite\",\"@id\":\"https:\/\/futbolhoy.co\/#website\",\"url\":\"https:\/\/futbolhoy.co\/\",\"name\":\"FutbolHoy\",\"description\":\"\",\"publisher\":{\"@id\":\"https:\/\/futbolhoy.co\/#organization\"},\"potentialAction\":[{\"@type\":\"SearchAction\",\"target\":{\"@type\":\"EntryPoint\",\"urlTemplate\":\"https:\/\/futbolhoy.co\/?s={search_term_string}\"},\"query-input\":{\"@type\":\"PropertyValueSpecification\",\"valueRequired\":true,\"valueName\":\"search_term_string\"}}],\"inLanguage\":\"es\"},{\"@type\":\"Organization\",\"@id\":\"https:\/\/futbolhoy.co\/#organization\",\"name\":\"Futbolhoy.co\",\"url\":\"https:\/\/futbolhoy.co\/\",\"logo\":{\"@type\":\"ImageObject\",\"inLanguage\":\"es\",\"@id\":\"https:\/\/futbolhoy.co\/#\/schema\/logo\/image\/\",\"url\":\"https:\/\/futbolhoy.co\/wp-content\/uploads\/2018\/08\/17426380_1906371736249227_6326180412931521141_n.jpg\",\"contentUrl\":\"https:\/\/futbolhoy.co\/wp-content\/uploads\/2018\/08\/17426380_1906371736249227_6326180412931521141_n.jpg\",\"width\":960,\"height\":960,\"caption\":\"Futbolhoy.co\"},\"image\":{\"@id\":\"https:\/\/futbolhoy.co\/#\/schema\/logo\/image\/\"},\"sameAs\":[\"https:\/\/www.facebook.com\/FutbolHoyCol\/\",\"https:\/\/x.com\/FutbolHoyCol\",\"https:\/\/www.instagram.com\/futbolhoycol\/\"]},{\"@type\":\"Person\",\"@id\":\"https:\/\/futbolhoy.co\/#\/schema\/person\/1721b69355b6623eaff15ac7b92d4cc3\",\"name\":\"contenido\",\"image\":{\"@type\":\"ImageObject\",\"inLanguage\":\"es\",\"@id\":\"https:\/\/futbolhoy.co\/#\/schema\/person\/image\/\",\"url\":\"https:\/\/secure.gravatar.com\/avatar\/4f656d3256f5134f466206e7c3941518?s=96&d=mm&r=g\",\"contentUrl\":\"https:\/\/secure.gravatar.com\/avatar\/4f656d3256f5134f466206e7c3941518?s=96&d=mm&r=g\",\"caption\":\"contenido\"}}]}<\/script>\n<!-- \/ Yoast SEO plugin. -->","yoast_head_json":{"title":"Su\u00e1rez figura, triunfo del l\u00edder Arsenal y goleada del Real Madrid en Liga de Campeones -","robots":{"index":"index","follow":"follow","max-snippet":"max-snippet:-1","max-image-preview":"max-image-preview:large","max-video-preview":"max-video-preview:-1"},"canonical":"https:\/\/futbolhoy.co\/index.php\/2026\/01\/20\/suarez-figura-triunfo-del-lider-arsenal-y-goleada-del-real-madrid-en-liga-de-campeones\/","og_locale":"es_ES","og_type":"article","og_title":"Su\u00e1rez figura, triunfo del l\u00edder Arsenal y goleada del Real Madrid en Liga de Campeones -","og_description":"Comenz\u00f3 la s\u00e9ptima jornada de la Liga de Campeones con resultados sorpresivos: desde la inesperada derrota del Manchester City a manos del Bodo\/Glimt hasta el ag\u00f3nico triunfo del Sporting sobre PSG con Luis Su\u00e1rez como gran figura. La fecha dej\u00f3 adem\u00e1s al l\u00edder Arsenal como \u00fanico clasificado, de manera anticipada, a los octavos de final. [&hellip;]","og_url":"https:\/\/futbolhoy.co\/index.php\/2026\/01\/20\/suarez-figura-triunfo-del-lider-arsenal-y-goleada-del-real-madrid-en-liga-de-campeones\/","article_publisher":"https:\/\/www.facebook.com\/FutbolHoyCol\/","article_published_time":"2026-01-20T20:30:42+00:00","article_modified_time":"2026-01-21T20:22:00+00:00","og_image":[{"width":2560,"height":1440,"url":"https:\/\/futbolhoy.co\/wp-content\/uploads\/2026\/01\/G_I_p24WYAA60wx-scaled.jpg","type":"image\/jpeg"}],"author":"contenido","twitter_card":"summary_large_image","twitter_creator":"@FutbolHoyCol","twitter_site":"@FutbolHoyCol","twitter_misc":{"Escrito por":"contenido","Tiempo de lectura":"2 minutos"},"schema":{"@context":"https:\/\/schema.org","@graph":[{"@type":"Article","@id":"https:\/\/futbolhoy.co\/index.php\/2026\/01\/20\/suarez-figura-triunfo-del-lider-arsenal-y-goleada-del-real-madrid-en-liga-de-campeones\/#article","isPartOf":{"@id":"https:\/\/futbolhoy.co\/index.php\/2026\/01\/20\/suarez-figura-triunfo-del-lider-arsenal-y-goleada-del-real-madrid-en-liga-de-campeones\/"},"author":{"name":"contenido","@id":"https:\/\/futbolhoy.co\/#\/schema\/person\/1721b69355b6623eaff15ac7b92d4cc3"},"headline":"Su\u00e1rez figura, triunfo del l\u00edder Arsenal y goleada del Real Madrid en Liga de Campeones","datePublished":"2026-01-20T20:30:42+00:00","dateModified":"2026-01-21T20:22:00+00:00","mainEntityOfPage":{"@id":"https:\/\/futbolhoy.co\/index.php\/2026\/01\/20\/suarez-figura-triunfo-del-lider-arsenal-y-goleada-del-real-madrid-en-liga-de-campeones\/"},"wordCount":317,"commentCount":0,"publisher":{"@id":"https:\/\/futbolhoy.co\/#organization"},"image":{"@id":"https:\/\/futbolhoy.co\/index.php\/2026\/01\/20\/suarez-figura-triunfo-del-lider-arsenal-y-goleada-del-real-madrid-en-liga-de-campeones\/#primaryimage"},"thumbnailUrl":"https:\/\/futbolhoy.co\/wp-content\/uploads\/2026\/01\/G_I_p24WYAA60wx-scaled.jpg","articleSection":["Champions League","Colombia"],"inLanguage":"es","potentialAction":[{"@type":"CommentAction","name":"Comment","target":["https:\/\/futbolhoy.co\/index.php\/2026\/01\/20\/suarez-figura-triunfo-del-lider-arsenal-y-goleada-del-real-madrid-en-liga-de-campeones\/#respond"]}]},{"@type":"WebPage","@id":"https:\/\/futbolhoy.co\/index.php\/2026\/01\/20\/suarez-figura-triunfo-del-lider-arsenal-y-goleada-del-real-madrid-en-liga-de-campeones\/","url":"https:\/\/futbolhoy.co\/index.php\/2026\/01\/20\/suarez-figura-triunfo-del-lider-arsenal-y-goleada-del-real-madrid-en-liga-de-campeones\/","name":"Su\u00e1rez figura, triunfo del l\u00edder Arsenal y goleada del Real Madrid en Liga de Campeones -","isPartOf":{"@id":"https:\/\/futbolhoy.co\/#website"},"primaryImageOfPage":{"@id":"https:\/\/futbolhoy.co\/index.php\/2026\/01\/20\/suarez-figura-triunfo-del-lider-arsenal-y-goleada-del-real-madrid-en-liga-de-campeones\/#primaryimage"},"image":{"@id":"https:\/\/futbolhoy.co\/index.php\/2026\/01\/20\/suarez-figura-triunfo-del-lider-arsenal-y-goleada-del-real-madrid-en-liga-de-campeones\/#primaryimage"},"thumbnailUrl":"https:\/\/futbolhoy.co\/wp-content\/uploads\/2026\/01\/G_I_p24WYAA60wx-scaled.jpg","datePublished":"2026-01-20T20:30:42+00:00","dateModified":"2026-01-21T20:22:00+00:00","breadcrumb":{"@id":"https:\/\/futbolhoy.co\/index.php\/2026\/01\/20\/suarez-figura-triunfo-del-lider-arsenal-y-goleada-del-real-madrid-en-liga-de-campeones\/#breadcrumb"},"inLanguage":"es","potentialAction":[{"@type":"ReadAction","target":["https:\/\/futbolhoy.co\/index.php\/2026\/01\/20\/suarez-figura-triunfo-del-lider-arsenal-y-goleada-del-real-madrid-en-liga-de-campeones\/"]}]},{"@type":"ImageObject","inLanguage":"es","@id":"https:\/\/futbolhoy.co\/index.php\/2026\/01\/20\/suarez-figura-triunfo-del-lider-arsenal-y-goleada-del-real-madrid-en-liga-de-campeones\/#primaryimage","url":"https:\/\/futbolhoy.co\/wp-content\/uploads\/2026\/01\/G_I_p24WYAA60wx-scaled.jpg","contentUrl":"https:\/\/futbolhoy.co\/wp-content\/uploads\/2026\/01\/G_I_p24WYAA60wx-scaled.jpg","width":2560,"height":1440},{"@type":"BreadcrumbList","@id":"https:\/\/futbolhoy.co\/index.php\/2026\/01\/20\/suarez-figura-triunfo-del-lider-arsenal-y-goleada-del-real-madrid-en-liga-de-campeones\/#breadcrumb","itemListElement":[{"@type":"ListItem","position":1,"name":"Portada","item":"https:\/\/futbolhoy.co\/"},{"@type":"ListItem","position":2,"name":"Su\u00e1rez figura, triunfo del l\u00edder Arsenal y goleada del Real Madrid en Liga de Campeones"}]},{"@type":"WebSite","@id":"https:\/\/futbolhoy.co\/#website","url":"https:\/\/futbolhoy.co\/","name":"FutbolHoy","description":"","publisher":{"@id":"https:\/\/futbolhoy.co\/#organization"},"potentialAction":[{"@type":"SearchAction","target":{"@type":"EntryPoint","urlTemplate":"https:\/\/futbolhoy.co\/?s={search_term_string}"},"query-input":{"@type":"PropertyValueSpecification","valueRequired":true,"valueName":"search_term_string"}}],"inLanguage":"es"},{"@type":"Organization","@id":"https:\/\/futbolhoy.co\/#organization","name":"Futbolhoy.co","url":"https:\/\/futbolhoy.co\/","logo":{"@type":"ImageObject","inLanguage":"es","@id":"https:\/\/futbolhoy.co\/#\/schema\/logo\/image\/","url":"https:\/\/futbolhoy.co\/wp-content\/uploads\/2018\/08\/17426380_1906371736249227_6326180412931521141_n.jpg","contentUrl":"https:\/\/futbolhoy.co\/wp-content\/uploads\/2018\/08\/17426380_1906371736249227_6326180412931521141_n.jpg","width":960,"height":960,"caption":"Futbolhoy.co"},"image":{"@id":"https:\/\/futbolhoy.co\/#\/schema\/logo\/image\/"},"sameAs":["https:\/\/www.facebook.com\/FutbolHoyCol\/","https:\/\/x.com\/FutbolHoyCol","https:\/\/www.instagram.com\/futbolhoycol\/"]},{"@type":"Person","@id":"https:\/\/futbolhoy.co\/#\/schema\/person\/1721b69355b6623eaff15ac7b92d4cc3","name":"contenido","image":{"@type":"ImageObject","inLanguage":"es","@id":"https:\/\/futbolhoy.co\/#\/schema\/person\/image\/","url":"https:\/\/secure.gravatar.com\/avatar\/4f656d3256f5134f466206e7c3941518?s=96&d=mm&r=g","contentUrl":"https:\/\/secure.gravatar.com\/avatar\/4f656d3256f5134f466206e7c3941518?s=96&d=mm&r=g","caption":"contenido"}}]}},"publishpress_future_action":{"enabled":false,"date":"2026-05-03 05:21:20","action":"change-status","newStatus":"draft","terms":[],"taxonomy":"category","extraData":[]},"publishpress_future_workflow_manual_trigger":{"enabledWorkflows":[]},"_links":{"self":[{"href":"https:\/\/futbolhoy.co\/index.php\/wp-json\/wp\/v2\/posts\/128540","targetHints":{"allow":["GET"]}}],"collection":[{"href":"https:\/\/futbolhoy.co\/index.php\/wp-json\/wp\/v2\/posts"}],"about":[{"href":"https:\/\/futbolhoy.co\/index.php\/wp-json\/wp\/v2\/types\/post"}],"author":[{"embeddable":true,"href":"https:\/\/futbolhoy.co\/index.php\/wp-json\/wp\/v2\/users\/4"}],"replies":[{"embeddable":true,"href":"https:\/\/futbolhoy.co\/index.php\/wp-json\/wp\/v2\/comments?post=128540"}],"version-history":[{"count":1,"href":"https:\/\/futbolhoy.co\/index.php\/wp-json\/wp\/v2\/posts\/128540\/revisions"}],"predecessor-version":[{"id":128544,"href":"https:\/\/futbolhoy.co\/index.php\/wp-json\/wp\/v2\/posts\/128540\/revisions\/128544"}],"wp:featuredmedia":[{"embeddable":true,"href":"https:\/\/futbolhoy.co\/index.php\/wp-json\/wp\/v2\/media\/128543"}],"wp:attachment":[{"href":"https:\/\/futbolhoy.co\/index.php\/wp-json\/wp\/v2\/media?parent=128540"}],"wp:term":[{"taxonomy":"category","embeddable":true,"href":"https:\/\/futbolhoy.co\/index.php\/wp-json\/wp\/v2\/categories?post=128540"},{"taxonomy":"post_tag","embeddable":true,"href":"https:\/\/futbolhoy.co\/index.php\/wp-json\/wp\/v2\/tags?post=128540"}],"curies":[{"name":"wp","href":"https:\/\/api.w.org\/{rel}","templated":true}]}}