{"id":128553,"date":"2026-01-21T13:28:36","date_gmt":"2026-01-21T18:28:36","guid":{"rendered":"https:\/\/futbolhoy.co\/?p=128553"},"modified":"2026-01-21T21:38:12","modified_gmt":"2026-01-22T02:38:12","slug":"villa-cuesta-12-millones-de-dolares-la-verdad-detras-de-la-negociacion-fallida-con-river","status":"publish","type":"post","link":"https:\/\/futbolhoy.co\/index.php\/2026\/01\/21\/villa-cuesta-12-millones-de-dolares-la-verdad-detras-de-la-negociacion-fallida-con-river\/","title":{"rendered":"\u00bfVilla cuesta 12 millones de d\u00f3lares? La verdad detr\u00e1s de la negociaci\u00f3n fallida con River"},"content":{"rendered":"<p style=\"text-align: justify;\"><span style=\"font-family: helvetica, arial, sans-serif;\"><strong>Sebasti\u00e1n Villa<\/strong> estuvo vinculado con <strong>River Plate<\/strong>, e incluso hubo di\u00e1logos entre el equipo de N\u00fa\u00f1ez e Independiente Rivadavia, due\u00f1o de sus derechos. No obstante, las negociaciones <strong>se consideran terminadas.<\/strong><\/span><\/p>\n<p style=\"text-align: justify;\"><span style=\"font-family: helvetica, arial, sans-serif;\">El presidente del equipo de Mendoza, <strong>Daniel Vila<\/strong>, cont\u00f3 detalles de la negociaci\u00f3n fallida con River. Del mismo modo, asegur\u00f3 que<strong> no se descarta su regreso al club<\/strong>, a pesar de que se despidi\u00f3 de la instituci\u00f3n en diciembre del a\u00f1o pasado con el deseo de tomar nuevo rumbo.<\/span><\/p>\n<p style=\"text-align: justify;\"><span style=\"font-family: helvetica, arial, sans-serif;\">\u201cEst\u00e1 definitivamente cerrado. Las cosas tienen un tiempo y estirarlo en el tiempo no era bueno para el jugador, ni para nosotros, ni para River. <strong>Decidimos terminar las conversaciones y mirar para otro lado<\/strong>\u201d, inici\u00f3 diciendo.<\/span><\/p>\n<p style=\"text-align: justify;\"><span style=\"font-family: helvetica, arial, sans-serif;\">Sobre la cifra de los 12 millones de d\u00f3lares que supuestamente estaban pidiendo por Villa, dijo.<\/span><br \/>\n<span style=\"font-family: helvetica, arial, sans-serif;\">\u201cHubo mucho manoseo en redes sobre todo, por eso le dijimos a Sebasti\u00e1n que se quedara en Colombia hasta tener m\u00e1s claro su futuro.<strong> Nunca existi\u00f3 la cifra de 12 millones de d\u00f3lares. No s\u00e9 por qu\u00e9, pero se instal\u00f3 en las redes<\/strong>\u201d, a\u00f1adi\u00f3 al respecto.<\/span><\/p>\n<p style=\"text-align: justify;\"><span style=\"font-family: helvetica, arial, sans-serif;\">\u00abHubo conversaciones con River y, en el \u00faltimo minuto, despu\u00e9s de varias semanas en las que estuvieron haciendo el an\u00e1lisis en esa instituci\u00f3n colega, <b>decidieron no avanzar en la negociaci\u00f3n y ah\u00ed terminamos\u00bb<\/b><\/span><\/p>\n<p style=\"text-align: justify;\"><span style=\"font-family: helvetica, arial, sans-serif;\">Villa, en caso de no encontrar equipo en los pr\u00f3ximos d\u00edas, <strong>deber\u00e1 presentarse a entrenamientos en Independiente Rivadavia<\/strong> la siguiente semana.<\/span><\/p>\n<p>&nbsp;<\/p>\n","protected":false},"excerpt":{"rendered":"<p>Sebasti\u00e1n Villa estuvo vinculado con River Plate, e incluso hubo di\u00e1logos entre el equipo de N\u00fa\u00f1ez e Independiente Rivadavia, due\u00f1o de sus derechos. No obstante, las negociaciones se consideran terminadas. El presidente del equipo de Mendoza, Daniel Vila, cont\u00f3 detalles de la negociaci\u00f3n fallida con River. Del mismo modo, asegur\u00f3 que no se descarta su [&hellip;]<\/p>\n","protected":false},"author":4,"featured_media":128554,"comment_status":"open","ping_status":"closed","sticky":false,"template":"","format":"standard","meta":{"_acf_changed":false,"footnotes":""},"categories":[152],"tags":[],"class_list":{"0":"post-128553","1":"post","2":"type-post","3":"status-publish","4":"format-standard","5":"has-post-thumbnail","7":"category-mundo-futbol"},"acf":[],"_links":{"self":[{"href":"https:\/\/futbolhoy.co\/index.php\/wp-json\/wp\/v2\/posts\/128553","targetHints":{"allow":["GET"]}}],"collection":[{"href":"https:\/\/futbolhoy.co\/index.php\/wp-json\/wp\/v2\/posts"}],"about":[{"href":"https:\/\/futbolhoy.co\/index.php\/wp-json\/wp\/v2\/types\/post"}],"author":[{"embeddable":true,"href":"https:\/\/futbolhoy.co\/index.php\/wp-json\/wp\/v2\/users\/4"}],"replies":[{"embeddable":true,"href":"https:\/\/futbolhoy.co\/index.php\/wp-json\/wp\/v2\/comments?post=128553"}],"version-history":[{"count":1,"href":"https:\/\/futbolhoy.co\/index.php\/wp-json\/wp\/v2\/posts\/128553\/revisions"}],"predecessor-version":[{"id":128555,"href":"https:\/\/futbolhoy.co\/index.php\/wp-json\/wp\/v2\/posts\/128553\/revisions\/128555"}],"wp:featuredmedia":[{"embeddable":true,"href":"https:\/\/futbolhoy.co\/index.php\/wp-json\/wp\/v2\/media\/128554"}],"wp:attachment":[{"href":"https:\/\/futbolhoy.co\/index.php\/wp-json\/wp\/v2\/media?parent=128553"}],"wp:term":[{"taxonomy":"category","embeddable":true,"href":"https:\/\/futbolhoy.co\/index.php\/wp-json\/wp\/v2\/categories?post=128553"},{"taxonomy":"post_tag","embeddable":true,"href":"https:\/\/futbolhoy.co\/index.php\/wp-json\/wp\/v2\/tags?post=128553"}],"curies":[{"name":"wp","href":"https:\/\/api.w.org\/{rel}","templated":true}]}}