{"id":128594,"date":"2026-01-22T09:38:52","date_gmt":"2026-01-22T14:38:52","guid":{"rendered":"https:\/\/futbolhoy.co\/?p=128594"},"modified":"2026-01-23T04:36:07","modified_gmt":"2026-01-23T09:36:07","slug":"rodallega-figura-con-santa-fe-no-renuncia-a-volver-a-la-seleccion-colombia-que-dijo","status":"publish","type":"post","link":"https:\/\/futbolhoy.co\/index.php\/2026\/01\/22\/rodallega-figura-con-santa-fe-no-renuncia-a-volver-a-la-seleccion-colombia-que-dijo\/","title":{"rendered":"Rodallega, figura con Santa Fe, no renuncia a volver a la Selecci\u00f3n Colombia \u00bfQu\u00e9 dijo?"},"content":{"rendered":"<p style=\"text-align: justify;\"><span style=\"font-family: helvetica, arial, sans-serif;\"><strong>Hugo Rodallega<\/strong> sigue demostrando su vigencia con <strong>Santa Fe.<\/strong> Marc\u00f3 dos de los cuatro goles en la serie de la final de la <strong>Superliga<\/strong> en la que el equipo Cardenal se impuso 4-1 a Junior y una vez m\u00e1s sali\u00f3 entre aplausos.<\/span><\/p>\n<p style=\"text-align: justify;\"><span style=\"font-family: helvetica, arial, sans-serif;\">Posterior al juego, le agradeci\u00f3 a la hinchada, detall\u00f3 el trabajo detr\u00e1s de su golazo de tiro libre y se atrevi\u00f3 a hablar de su anhelo de regresar a la <strong>Selecci\u00f3n Colombia.<\/strong><\/span><\/p>\n<p style=\"text-align: justify;\"><span style=\"font-family: helvetica, arial, sans-serif;\">\u201cYo disfruto con <strong>Santa Fe<\/strong> y lo he hecho durante toda mi carrera tambi\u00e9n. Llevo muchos a\u00f1os sin ir a la Selecci\u00f3n, pero nunca he dejado de pensar en no ir a la Selecci\u00f3n. Cuando estaba en <strong>Inglaterra,<\/strong> en <strong>Turqu\u00eda,<\/strong> en <strong>Brasil,<\/strong> siempre hice goles y siempre me he mantenido vigente\u201d, comenz\u00f3 diciendo.<\/span><\/p>\n<p style=\"text-align: justify;\"><span style=\"font-family: helvetica, arial, sans-serif;\">Asimismo, manifest\u00f3 que tuvo conversaciones con el t\u00e9cnico de la <strong>Tricolor, N\u00e9stor Lorenzo,<\/strong> pero en ning\u00fan momento se abord\u00f3 el tema de una posible convocatoria.<\/span><\/p>\n<p style=\"text-align: justify;\"><span style=\"font-family: helvetica, arial, sans-serif;\">\u201cCon Santa Fe concentr\u00e1bamos en la<strong> Federaci\u00f3n<\/strong> el a\u00f1o pasado, tuve esa oportunidad de conversar con el profe <strong>(N\u00e9stor) Lorenzo, con Amaranto (Perea)<\/strong> y con su cuerpo t\u00e9cnico, pero no hac\u00edamos un \u00e9nfasis a un posible llamado, simplemente reconoc\u00edan lo bien que me est\u00e1 yendo en Santa Fe, resaltando mi carrera, ellos lo han manifestado muchas veces que nos hemos encontrado\u201d, concluy\u00f3.<\/span><\/p>\n<p style=\"text-align: justify;\"><span style=\"font-family: helvetica, arial, sans-serif;\"><strong>Hugo ya lleg\u00f3 a los 60 goles con la camiseta de Santa Fe en 141 partidos,<\/strong> adem\u00e1s de contar con 12 asistencias. Para este 2026 tendr\u00e1 el gran reto de la Copa Libertadores.<\/span><\/p>\n","protected":false},"excerpt":{"rendered":"<p>Hugo Rodallega sigue demostrando su vigencia con Santa Fe. Marc\u00f3 dos de los cuatro goles en la serie de la final de la Superliga en la que el equipo Cardenal se impuso 4-1 a Junior y una vez m\u00e1s sali\u00f3 entre aplausos. Posterior al juego, le agradeci\u00f3 a la hinchada, detall\u00f3 el trabajo detr\u00e1s de [&hellip;]<\/p>\n","protected":false},"author":4,"featured_media":128596,"comment_status":"open","ping_status":"closed","sticky":false,"template":"","format":"standard","meta":{"_acf_changed":false,"footnotes":""},"categories":[418],"tags":[],"class_list":{"0":"post-128594","1":"post","2":"type-post","3":"status-publish","4":"format-standard","5":"has-post-thumbnail","7":"category-colombia"},"acf":[],"_links":{"self":[{"href":"https:\/\/futbolhoy.co\/index.php\/wp-json\/wp\/v2\/posts\/128594","targetHints":{"allow":["GET"]}}],"collection":[{"href":"https:\/\/futbolhoy.co\/index.php\/wp-json\/wp\/v2\/posts"}],"about":[{"href":"https:\/\/futbolhoy.co\/index.php\/wp-json\/wp\/v2\/types\/post"}],"author":[{"embeddable":true,"href":"https:\/\/futbolhoy.co\/index.php\/wp-json\/wp\/v2\/users\/4"}],"replies":[{"embeddable":true,"href":"https:\/\/futbolhoy.co\/index.php\/wp-json\/wp\/v2\/comments?post=128594"}],"version-history":[{"count":1,"href":"https:\/\/futbolhoy.co\/index.php\/wp-json\/wp\/v2\/posts\/128594\/revisions"}],"predecessor-version":[{"id":128597,"href":"https:\/\/futbolhoy.co\/index.php\/wp-json\/wp\/v2\/posts\/128594\/revisions\/128597"}],"wp:featuredmedia":[{"embeddable":true,"href":"https:\/\/futbolhoy.co\/index.php\/wp-json\/wp\/v2\/media\/128596"}],"wp:attachment":[{"href":"https:\/\/futbolhoy.co\/index.php\/wp-json\/wp\/v2\/media?parent=128594"}],"wp:term":[{"taxonomy":"category","embeddable":true,"href":"https:\/\/futbolhoy.co\/index.php\/wp-json\/wp\/v2\/categories?post=128594"},{"taxonomy":"post_tag","embeddable":true,"href":"https:\/\/futbolhoy.co\/index.php\/wp-json\/wp\/v2\/tags?post=128594"}],"curies":[{"name":"wp","href":"https:\/\/api.w.org\/{rel}","templated":true}]}}