{"id":128598,"date":"2026-01-22T13:08:05","date_gmt":"2026-01-22T18:08:05","guid":{"rendered":"https:\/\/futbolhoy.co\/?p=128598"},"modified":"2026-01-23T13:20:28","modified_gmt":"2026-01-23T18:20:28","slug":"dt-de-vasco-da-gama-espera-por-marino-hinestroza-hizo-clara-revelacion","status":"publish","type":"post","link":"https:\/\/futbolhoy.co\/index.php\/2026\/01\/22\/dt-de-vasco-da-gama-espera-por-marino-hinestroza-hizo-clara-revelacion\/","title":{"rendered":"DT de Vasco da Gama espera por Marino Hinestroza: hizo clara revelaci\u00f3n"},"content":{"rendered":"<p style=\"text-align: justify;\"><span style=\"font-family: helvetica, arial, sans-serif;\"><strong>Vasco da Gama<\/strong> ser\u00e1 el pr\u00f3ximo equipo de <strong>Marino Hinestroza,<\/strong> salvo alguna novedad que detenga su vinculaci\u00f3n. Todo estaba encaminado para que fuera <strong>Boca Juniors<\/strong> su destino, pero la negociaci\u00f3n fracas\u00f3.<\/span><\/p>\n<p style=\"text-align: justify;\"><span style=\"font-family: helvetica, arial, sans-serif;\">Vasco cay\u00f3 ante <strong>Flamengo,<\/strong> con un gol de <strong>Jorge Carrrascal<\/strong> en el <strong>Torneo Carioca.<\/strong> Al t\u00e9rmino del juego, el DT, <strong>Fernando Diniz<\/strong>, habl\u00f3 de la vinculaci\u00f3n de Marino.<\/span><\/p>\n<p style=\"text-align: justify;\"><span style=\"font-family: helvetica, arial, sans-serif;\">\u201cHinestroza es un jugador con caracter\u00edsticas similares a las de<strong> Andr\u00e9s G\u00f3mez,<\/strong> un jugador r\u00e1pido, con mucha energ\u00eda f\u00edsica y buena t\u00e9cnica, que estuvo dos a\u00f1os en la cantera del <strong>Palmeiras.<\/strong> El a\u00f1o pasado lo seguimos m\u00e1s de cerca en <strong>Atl\u00e9tico Nacional\u201d,<\/strong> dijo Diniz en rueda de prensa.<\/span><\/p>\n<p style=\"text-align: justify;\"><span style=\"font-family: helvetica, arial, sans-serif;\">Luego, revel\u00f3 que lo intentaron fichar a mediados del 2025. \u201cYa hab\u00edamos intentado fichar a Hinestroza durante el mercado de fichajes de mitad de a\u00f1o. Creo que es un jugador con todas las de la ley para venir a ayudarnos\u201d, a\u00f1adi\u00f3.<\/span><\/p>\n<p style=\"text-align: justify;\"><span style=\"font-family: helvetica, arial, sans-serif;\">Marino viajar\u00e1 en los pr\u00f3ximos d\u00edas a Brasil para sellar su vinculaci\u00f3n con Vasco. Se unir\u00e1 a la legi\u00f3n colombiana de <strong>Andr\u00e9s G\u00f3mez, Carlos Cuesta y Johan Rojas.<\/strong><\/span><\/p>\n","protected":false},"excerpt":{"rendered":"<p>Vasco da Gama ser\u00e1 el pr\u00f3ximo equipo de Marino Hinestroza, salvo alguna novedad que detenga su vinculaci\u00f3n. Todo estaba encaminado para que fuera Boca Juniors su destino, pero la negociaci\u00f3n fracas\u00f3. Vasco cay\u00f3 ante Flamengo, con un gol de Jorge Carrrascal en el Torneo Carioca. Al t\u00e9rmino del juego, el DT, Fernando Diniz, habl\u00f3 de [&hellip;]<\/p>\n","protected":false},"author":4,"featured_media":128338,"comment_status":"open","ping_status":"closed","sticky":false,"template":"","format":"standard","meta":{"_acf_changed":false,"footnotes":""},"categories":[418],"tags":[],"class_list":{"0":"post-128598","1":"post","2":"type-post","3":"status-publish","4":"format-standard","5":"has-post-thumbnail","7":"category-colombia"},"acf":[],"_links":{"self":[{"href":"https:\/\/futbolhoy.co\/index.php\/wp-json\/wp\/v2\/posts\/128598","targetHints":{"allow":["GET"]}}],"collection":[{"href":"https:\/\/futbolhoy.co\/index.php\/wp-json\/wp\/v2\/posts"}],"about":[{"href":"https:\/\/futbolhoy.co\/index.php\/wp-json\/wp\/v2\/types\/post"}],"author":[{"embeddable":true,"href":"https:\/\/futbolhoy.co\/index.php\/wp-json\/wp\/v2\/users\/4"}],"replies":[{"embeddable":true,"href":"https:\/\/futbolhoy.co\/index.php\/wp-json\/wp\/v2\/comments?post=128598"}],"version-history":[{"count":1,"href":"https:\/\/futbolhoy.co\/index.php\/wp-json\/wp\/v2\/posts\/128598\/revisions"}],"predecessor-version":[{"id":128599,"href":"https:\/\/futbolhoy.co\/index.php\/wp-json\/wp\/v2\/posts\/128598\/revisions\/128599"}],"wp:featuredmedia":[{"embeddable":true,"href":"https:\/\/futbolhoy.co\/index.php\/wp-json\/wp\/v2\/media\/128338"}],"wp:attachment":[{"href":"https:\/\/futbolhoy.co\/index.php\/wp-json\/wp\/v2\/media?parent=128598"}],"wp:term":[{"taxonomy":"category","embeddable":true,"href":"https:\/\/futbolhoy.co\/index.php\/wp-json\/wp\/v2\/categories?post=128598"},{"taxonomy":"post_tag","embeddable":true,"href":"https:\/\/futbolhoy.co\/index.php\/wp-json\/wp\/v2\/tags?post=128598"}],"curies":[{"name":"wp","href":"https:\/\/api.w.org\/{rel}","templated":true}]}}