{"id":128600,"date":"2026-01-22T15:11:04","date_gmt":"2026-01-22T20:11:04","guid":{"rendered":"https:\/\/futbolhoy.co\/?p=128600"},"modified":"2026-01-24T21:05:55","modified_gmt":"2026-01-25T02:05:55","slug":"fenerbahce-de-duran-y-betis-de-deossa-perdieron-la-oportunidad-de-clasificarse-en-europa-league","status":"publish","type":"post","link":"https:\/\/futbolhoy.co\/index.php\/2026\/01\/22\/fenerbahce-de-duran-y-betis-de-deossa-perdieron-la-oportunidad-de-clasificarse-en-europa-league\/","title":{"rendered":"Fenerbahce de Dur\u00e1n y Betis de Deossa perdieron la oportunidad de clasificarse en Europa League"},"content":{"rendered":"<p style=\"text-align: justify;\"><span style=\"font-family: helvetica, arial, sans-serif;\">Se disput\u00f3 la s\u00e9ptima jornada de la <strong>Europa League <\/strong>con presencia colombiana, aunque los resultados no terminaron siendo los esperados. A pesar de que <strong>Jhon Jader Dur\u00e1n<\/strong> (Fenerbahce) y <strong>Nelson Deossa<\/strong> (Real Betis) fueron titulares con sus respectivos equipos, las derrotas sufridas les impidieron clasificarse anticipadamente a la siguiente ronda del certamen.<\/span><\/p>\n<p style=\"text-align: justify;\"><span style=\"font-family: helvetica, arial, sans-serif;\">En primera instancia, <strong>Dur\u00e1n<\/strong> hizo parte de la n\u00f3mina titular del Fenerbahce en su duelo frente al <strong>Aston Villa<\/strong>, ni m\u00e1s ni menos que su exequipo. Aunque se le vio con suma movilidad en el frente de ataque, no goz\u00f3 de acciones claras de gol. Dio una asistencia sobre el cierre del encuentro, cuando su club ca\u00eda 0-1, pero la acci\u00f3n termin\u00f3 siendo invalidada y la derrota se consum\u00f3.<\/span><\/p>\n<p style=\"text-align: justify;\"><span style=\"font-family: helvetica, arial, sans-serif;\">Posteriormente, <strong>Deossa<\/strong> entr\u00f3 en el once del entrenador Manuel Pellegrini, de cara al duelo entre el <strong>PAOK<\/strong> y el <strong>Betis<\/strong>. Si bien disput\u00f3 la totalidad del encuentro, poco pudo realizar para evitar la ca\u00edda 2-0 de su club en territorio griego con anotaciones de<strong> Andrija \u017divkovi\u0107 y Giorgos Giakoumakis<\/strong>.<\/span><\/p>\n<p style=\"text-align: justify;\"><span style=\"font-family: helvetica, arial, sans-serif;\">En la octava y \u00faltima jornada de esta primera fase, <strong>el Fenerbahce visitar\u00e1 al FCSB rumano<\/strong> con la obligaci\u00f3n de ganar para meterse a los play-offs de la Europa League, mientras que el <strong>Real Betis<\/strong> deber\u00e1 por lo menos empatar con el <strong>Feyenoord<\/strong> neerland\u00e9s para asegurar su presencia en los octavos de final.<\/span><\/p>\n","protected":false},"excerpt":{"rendered":"<p>Se disput\u00f3 la s\u00e9ptima jornada de la Europa League con presencia colombiana, aunque los resultados no terminaron siendo los esperados. A pesar de que Jhon Jader Dur\u00e1n (Fenerbahce) y Nelson Deossa (Real Betis) fueron titulares con sus respectivos equipos, las derrotas sufridas les impidieron clasificarse anticipadamente a la siguiente ronda del certamen. En primera instancia, [&hellip;]<\/p>\n","protected":false},"author":4,"featured_media":128603,"comment_status":"open","ping_status":"closed","sticky":false,"template":"","format":"standard","meta":{"_acf_changed":false,"footnotes":""},"categories":[418],"tags":[],"class_list":{"0":"post-128600","1":"post","2":"type-post","3":"status-publish","4":"format-standard","5":"has-post-thumbnail","7":"category-colombia"},"acf":[],"_links":{"self":[{"href":"https:\/\/futbolhoy.co\/index.php\/wp-json\/wp\/v2\/posts\/128600","targetHints":{"allow":["GET"]}}],"collection":[{"href":"https:\/\/futbolhoy.co\/index.php\/wp-json\/wp\/v2\/posts"}],"about":[{"href":"https:\/\/futbolhoy.co\/index.php\/wp-json\/wp\/v2\/types\/post"}],"author":[{"embeddable":true,"href":"https:\/\/futbolhoy.co\/index.php\/wp-json\/wp\/v2\/users\/4"}],"replies":[{"embeddable":true,"href":"https:\/\/futbolhoy.co\/index.php\/wp-json\/wp\/v2\/comments?post=128600"}],"version-history":[{"count":1,"href":"https:\/\/futbolhoy.co\/index.php\/wp-json\/wp\/v2\/posts\/128600\/revisions"}],"predecessor-version":[{"id":128606,"href":"https:\/\/futbolhoy.co\/index.php\/wp-json\/wp\/v2\/posts\/128600\/revisions\/128606"}],"wp:featuredmedia":[{"embeddable":true,"href":"https:\/\/futbolhoy.co\/index.php\/wp-json\/wp\/v2\/media\/128603"}],"wp:attachment":[{"href":"https:\/\/futbolhoy.co\/index.php\/wp-json\/wp\/v2\/media?parent=128600"}],"wp:term":[{"taxonomy":"category","embeddable":true,"href":"https:\/\/futbolhoy.co\/index.php\/wp-json\/wp\/v2\/categories?post=128600"},{"taxonomy":"post_tag","embeddable":true,"href":"https:\/\/futbolhoy.co\/index.php\/wp-json\/wp\/v2\/tags?post=128600"}],"curies":[{"name":"wp","href":"https:\/\/api.w.org\/{rel}","templated":true}]}}