{"id":128623,"date":"2026-01-23T13:30:38","date_gmt":"2026-01-23T18:30:38","guid":{"rendered":"https:\/\/futbolhoy.co\/?p=128623"},"modified":"2026-01-25T13:45:42","modified_gmt":"2026-01-25T18:45:42","slug":"borja-se-pronuncio-y-explico-por-que-se-frustro-su-llegada-a-cruz-azul","status":"publish","type":"post","link":"https:\/\/futbolhoy.co\/index.php\/2026\/01\/23\/borja-se-pronuncio-y-explico-por-que-se-frustro-su-llegada-a-cruz-azul\/","title":{"rendered":"Borja explic\u00f3 por qu\u00e9 se frustr\u00f3 su llegada a Cruz Azul: fue anunciado en su nuevo equipo"},"content":{"rendered":"<p style=\"text-align: justify;\"><span style=\"font-family: helvetica, arial, sans-serif;\"><strong>Miguel \u00c1ngel Borja<\/strong> finalmente no lleg\u00f3 a <strong>Cruz Azul.<\/strong> Luego de varias semanas de conversaciones, y que incluso el jugador viajara a <strong>M\u00e9xico,<\/strong> su vinculaci\u00f3n a La M\u00e1quina no se dar\u00e1.<\/span><\/p>\n<p style=\"text-align: justify;\"><span style=\"font-family: helvetica, arial, sans-serif;\">En su cuenta de <strong>Instagram,<\/strong> el delantero agradeci\u00f3 a las directivas del club por su intenci\u00f3n. Del mismo modo, explic\u00f3 que no llegar\u00e1 a Cruz Azul debido a un problema en la liberaci\u00f3n de cupos extranjeros.<\/span><\/p>\n<p style=\"text-align: justify;\"><span style=\"font-family: helvetica, arial, sans-serif;\">\"Quiero expresar mi agradecimiento por el respaldo y la total transparencia de Cruz Azul, de su presidente y de todas las personas que trabajaron para que se diera mi llegada\", expres\u00f3 inicialmente.<\/span><\/p>\n<p style=\"text-align: justify;\"><span style=\"font-family: helvetica, arial, sans-serif;\">Desafortunadamente,<strong> la liberaci\u00f3n del cupo de extranjeros se extendi\u00f3 m\u00e1s de lo esperado,<\/strong> lo que me llev\u00f3 a escuchar otras opciones ante la imposibilidad de jugar\", concluy\u00f3.<\/span><\/p>\n<p style=\"text-align: justify;\"><span style=\"font-size: 18pt;\"><span style=\"font-family: helvetica, arial, sans-serif;\">Miguel Borja, al f\u00fatbol de Emiratos \u00c1rabes Unidos<\/span><\/span><\/p>\n<p style=\"text-align: justify;\"><span style=\"font-family: helvetica, arial, sans-serif;\">Minutos despu\u00e9s de su mensaje en redes sociales, fue anunciado oficialmente como jugador del<strong> Al Wasl de Emiratos \u00c1rabes Unidos,<\/strong> club de la m\u00e1xima categor\u00eda de este pa\u00eds.<\/span><\/p>\n<p style=\"text-align: justify;\"><span style=\"font-family: helvetica, arial, sans-serif;\">Este ser\u00e1 el club n\u00famero 13 en la carrera de Miguel Borja, as\u00ed como se convertir\u00e1 en el quinto colombiano en llegar al Al Wasl. Actualmente, en ese equipo milita el extremo <strong>Brahian Palacios<\/strong> y han pasado <strong>Wason Renter\u00eda, Daniel Pedrozo y Alexis P\u00e9rez.<\/strong><\/span><\/p>\n<blockquote class=\"twitter-tweet\" data-media-max-width=\"560\">\n<p dir=\"rtl\" lang=\"ar\">\u0627\u0644\u0645\u0647\u0627\u062c\u0645 \u0645\u064a\u063a\u064a\u0644 \u0628\u0648\u0631\u062e\u0627 \u0648\u0635\u0644\u0627\u0648\u064a<\/p>\n<p>\ud83d\udfe1 <a href=\"https:\/\/twitter.com\/hashtag\/%D8%A7%D9%84%D9%88%D8%B5%D9%84?src=hash&amp;ref_src=twsrc%5Etfw\">#\u0627\u0644\u0648\u0635\u0644<\/a> | <a href=\"https:\/\/twitter.com\/hashtag\/ALWASl?src=hash&amp;ref_src=twsrc%5Etfw\">#ALWASl<\/a> <a href=\"https:\/\/t.co\/nUcXSx2t6a\">pic.twitter.com\/nUcXSx2t6a<\/a><\/p>\n<p>\u2014 AlWasl SC (@AlWaslSC) <a href=\"https:\/\/twitter.com\/AlWaslSC\/status\/2014781238545154492?ref_src=twsrc%5Etfw\">January 23, 2026<\/a><\/p><\/blockquote>\n<p><script async src=\"https:\/\/platform.twitter.com\/widgets.js\" charset=\"utf-8\"><\/script><\/p>\n","protected":false},"excerpt":{"rendered":"<p>Miguel \u00c1ngel Borja finalmente no lleg\u00f3 a Cruz Azul. Luego de varias semanas de conversaciones, y que incluso el jugador viajara a M\u00e9xico, su vinculaci\u00f3n a La M\u00e1quina no se dar\u00e1. En su cuenta de Instagram, el delantero agradeci\u00f3 a las directivas del club por su intenci\u00f3n. Del mismo modo, explic\u00f3 que no llegar\u00e1 a [&hellip;]<\/p>\n","protected":false},"author":4,"featured_media":128626,"comment_status":"open","ping_status":"open","sticky":false,"template":"","format":"standard","meta":{"_acf_changed":false,"footnotes":""},"categories":[152],"tags":[],"class_list":{"0":"post-128623","1":"post","2":"type-post","3":"status-publish","4":"format-standard","5":"has-post-thumbnail","7":"category-mundo-futbol"},"acf":[],"yoast_head":"<!-- This site is optimized with the Yoast SEO plugin v26.8 - https:\/\/yoast.com\/product\/yoast-seo-wordpress\/ -->\n<title>Borja explic\u00f3 por qu\u00e9 se frustr\u00f3 su llegada a Cruz Azul: fue anunciado en su nuevo equipo -<\/title>\n<meta name=\"robots\" content=\"index, follow, max-snippet:-1, max-image-preview:large, max-video-preview:-1\" \/>\n<link rel=\"canonical\" href=\"https:\/\/futbolhoy.co\/index.php\/2026\/01\/23\/borja-se-pronuncio-y-explico-por-que-se-frustro-su-llegada-a-cruz-azul\/\" \/>\n<meta property=\"og:locale\" content=\"es_ES\" \/>\n<meta property=\"og:type\" content=\"article\" \/>\n<meta property=\"og:title\" content=\"Borja explic\u00f3 por qu\u00e9 se frustr\u00f3 su llegada a Cruz Azul: fue anunciado en su nuevo equipo -\" \/>\n<meta property=\"og:description\" content=\"Miguel \u00c1ngel Borja finalmente no lleg\u00f3 a Cruz Azul. Luego de varias semanas de conversaciones, y que incluso el jugador viajara a M\u00e9xico, su vinculaci\u00f3n a La M\u00e1quina no se dar\u00e1. En su cuenta de Instagram, el delantero agradeci\u00f3 a las directivas del club por su intenci\u00f3n. Del mismo modo, explic\u00f3 que no llegar\u00e1 a [&hellip;]\" \/>\n<meta property=\"og:url\" content=\"https:\/\/futbolhoy.co\/index.php\/2026\/01\/23\/borja-se-pronuncio-y-explico-por-que-se-frustro-su-llegada-a-cruz-azul\/\" \/>\n<meta property=\"article:publisher\" content=\"https:\/\/www.facebook.com\/FutbolHoyCol\/\" \/>\n<meta property=\"article:published_time\" content=\"2026-01-23T18:30:38+00:00\" \/>\n<meta property=\"article:modified_time\" content=\"2026-01-25T18:45:42+00:00\" \/>\n<meta property=\"og:image\" content=\"https:\/\/futbolhoy.co\/wp-content\/uploads\/2026\/01\/G_Xw2r8boAAmmpm.jpg\" \/>\n\t<meta property=\"og:image:width\" content=\"2039\" \/>\n\t<meta property=\"og:image:height\" content=\"1615\" \/>\n\t<meta property=\"og:image:type\" content=\"image\/jpeg\" \/>\n<meta name=\"author\" content=\"contenido\" \/>\n<meta name=\"twitter:card\" content=\"summary_large_image\" \/>\n<meta name=\"twitter:creator\" content=\"@FutbolHoyCol\" \/>\n<meta name=\"twitter:site\" content=\"@FutbolHoyCol\" \/>\n<meta name=\"twitter:label1\" content=\"Escrito por\" \/>\n\t<meta name=\"twitter:data1\" content=\"contenido\" \/>\n\t<meta name=\"twitter:label2\" content=\"Tiempo de lectura\" \/>\n\t<meta name=\"twitter:data2\" content=\"1 minuto\" \/>\n<script type=\"application\/ld+json\" class=\"yoast-schema-graph\">{\"@context\":\"https:\/\/schema.org\",\"@graph\":[{\"@type\":\"Article\",\"@id\":\"https:\/\/futbolhoy.co\/index.php\/2026\/01\/23\/borja-se-pronuncio-y-explico-por-que-se-frustro-su-llegada-a-cruz-azul\/#article\",\"isPartOf\":{\"@id\":\"https:\/\/futbolhoy.co\/index.php\/2026\/01\/23\/borja-se-pronuncio-y-explico-por-que-se-frustro-su-llegada-a-cruz-azul\/\"},\"author\":{\"name\":\"contenido\",\"@id\":\"https:\/\/futbolhoy.co\/#\/schema\/person\/1721b69355b6623eaff15ac7b92d4cc3\"},\"headline\":\"Borja explic\u00f3 por qu\u00e9 se frustr\u00f3 su llegada a Cruz Azul: fue anunciado en su nuevo equipo\",\"datePublished\":\"2026-01-23T18:30:38+00:00\",\"dateModified\":\"2026-01-25T18:45:42+00:00\",\"mainEntityOfPage\":{\"@id\":\"https:\/\/futbolhoy.co\/index.php\/2026\/01\/23\/borja-se-pronuncio-y-explico-por-que-se-frustro-su-llegada-a-cruz-azul\/\"},\"wordCount\":248,\"commentCount\":0,\"publisher\":{\"@id\":\"https:\/\/futbolhoy.co\/#organization\"},\"image\":{\"@id\":\"https:\/\/futbolhoy.co\/index.php\/2026\/01\/23\/borja-se-pronuncio-y-explico-por-que-se-frustro-su-llegada-a-cruz-azul\/#primaryimage\"},\"thumbnailUrl\":\"https:\/\/futbolhoy.co\/wp-content\/uploads\/2026\/01\/G_Xw2r8boAAmmpm.jpg\",\"articleSection\":[\"Mundo Futbol\"],\"inLanguage\":\"es\",\"potentialAction\":[{\"@type\":\"CommentAction\",\"name\":\"Comment\",\"target\":[\"https:\/\/futbolhoy.co\/index.php\/2026\/01\/23\/borja-se-pronuncio-y-explico-por-que-se-frustro-su-llegada-a-cruz-azul\/#respond\"]}]},{\"@type\":\"WebPage\",\"@id\":\"https:\/\/futbolhoy.co\/index.php\/2026\/01\/23\/borja-se-pronuncio-y-explico-por-que-se-frustro-su-llegada-a-cruz-azul\/\",\"url\":\"https:\/\/futbolhoy.co\/index.php\/2026\/01\/23\/borja-se-pronuncio-y-explico-por-que-se-frustro-su-llegada-a-cruz-azul\/\",\"name\":\"Borja explic\u00f3 por qu\u00e9 se frustr\u00f3 su llegada a Cruz Azul: fue anunciado en su nuevo equipo -\",\"isPartOf\":{\"@id\":\"https:\/\/futbolhoy.co\/#website\"},\"primaryImageOfPage\":{\"@id\":\"https:\/\/futbolhoy.co\/index.php\/2026\/01\/23\/borja-se-pronuncio-y-explico-por-que-se-frustro-su-llegada-a-cruz-azul\/#primaryimage\"},\"image\":{\"@id\":\"https:\/\/futbolhoy.co\/index.php\/2026\/01\/23\/borja-se-pronuncio-y-explico-por-que-se-frustro-su-llegada-a-cruz-azul\/#primaryimage\"},\"thumbnailUrl\":\"https:\/\/futbolhoy.co\/wp-content\/uploads\/2026\/01\/G_Xw2r8boAAmmpm.jpg\",\"datePublished\":\"2026-01-23T18:30:38+00:00\",\"dateModified\":\"2026-01-25T18:45:42+00:00\",\"breadcrumb\":{\"@id\":\"https:\/\/futbolhoy.co\/index.php\/2026\/01\/23\/borja-se-pronuncio-y-explico-por-que-se-frustro-su-llegada-a-cruz-azul\/#breadcrumb\"},\"inLanguage\":\"es\",\"potentialAction\":[{\"@type\":\"ReadAction\",\"target\":[\"https:\/\/futbolhoy.co\/index.php\/2026\/01\/23\/borja-se-pronuncio-y-explico-por-que-se-frustro-su-llegada-a-cruz-azul\/\"]}]},{\"@type\":\"ImageObject\",\"inLanguage\":\"es\",\"@id\":\"https:\/\/futbolhoy.co\/index.php\/2026\/01\/23\/borja-se-pronuncio-y-explico-por-que-se-frustro-su-llegada-a-cruz-azul\/#primaryimage\",\"url\":\"https:\/\/futbolhoy.co\/wp-content\/uploads\/2026\/01\/G_Xw2r8boAAmmpm.jpg\",\"contentUrl\":\"https:\/\/futbolhoy.co\/wp-content\/uploads\/2026\/01\/G_Xw2r8boAAmmpm.jpg\",\"width\":2039,\"height\":1615},{\"@type\":\"BreadcrumbList\",\"@id\":\"https:\/\/futbolhoy.co\/index.php\/2026\/01\/23\/borja-se-pronuncio-y-explico-por-que-se-frustro-su-llegada-a-cruz-azul\/#breadcrumb\",\"itemListElement\":[{\"@type\":\"ListItem\",\"position\":1,\"name\":\"Portada\",\"item\":\"https:\/\/futbolhoy.co\/\"},{\"@type\":\"ListItem\",\"position\":2,\"name\":\"Borja explic\u00f3 por qu\u00e9 se frustr\u00f3 su llegada a Cruz Azul: fue anunciado en su nuevo equipo\"}]},{\"@type\":\"WebSite\",\"@id\":\"https:\/\/futbolhoy.co\/#website\",\"url\":\"https:\/\/futbolhoy.co\/\",\"name\":\"FutbolHoy\",\"description\":\"\",\"publisher\":{\"@id\":\"https:\/\/futbolhoy.co\/#organization\"},\"potentialAction\":[{\"@type\":\"SearchAction\",\"target\":{\"@type\":\"EntryPoint\",\"urlTemplate\":\"https:\/\/futbolhoy.co\/?s={search_term_string}\"},\"query-input\":{\"@type\":\"PropertyValueSpecification\",\"valueRequired\":true,\"valueName\":\"search_term_string\"}}],\"inLanguage\":\"es\"},{\"@type\":\"Organization\",\"@id\":\"https:\/\/futbolhoy.co\/#organization\",\"name\":\"Futbolhoy.co\",\"url\":\"https:\/\/futbolhoy.co\/\",\"logo\":{\"@type\":\"ImageObject\",\"inLanguage\":\"es\",\"@id\":\"https:\/\/futbolhoy.co\/#\/schema\/logo\/image\/\",\"url\":\"https:\/\/futbolhoy.co\/wp-content\/uploads\/2018\/08\/17426380_1906371736249227_6326180412931521141_n.jpg\",\"contentUrl\":\"https:\/\/futbolhoy.co\/wp-content\/uploads\/2018\/08\/17426380_1906371736249227_6326180412931521141_n.jpg\",\"width\":960,\"height\":960,\"caption\":\"Futbolhoy.co\"},\"image\":{\"@id\":\"https:\/\/futbolhoy.co\/#\/schema\/logo\/image\/\"},\"sameAs\":[\"https:\/\/www.facebook.com\/FutbolHoyCol\/\",\"https:\/\/x.com\/FutbolHoyCol\",\"https:\/\/www.instagram.com\/futbolhoycol\/\"]},{\"@type\":\"Person\",\"@id\":\"https:\/\/futbolhoy.co\/#\/schema\/person\/1721b69355b6623eaff15ac7b92d4cc3\",\"name\":\"contenido\",\"image\":{\"@type\":\"ImageObject\",\"inLanguage\":\"es\",\"@id\":\"https:\/\/futbolhoy.co\/#\/schema\/person\/image\/\",\"url\":\"https:\/\/secure.gravatar.com\/avatar\/4f656d3256f5134f466206e7c3941518?s=96&d=mm&r=g\",\"contentUrl\":\"https:\/\/secure.gravatar.com\/avatar\/4f656d3256f5134f466206e7c3941518?s=96&d=mm&r=g\",\"caption\":\"contenido\"}}]}<\/script>\n<!-- \/ Yoast SEO plugin. -->","yoast_head_json":{"title":"Borja explic\u00f3 por qu\u00e9 se frustr\u00f3 su llegada a Cruz Azul: fue anunciado en su nuevo equipo -","robots":{"index":"index","follow":"follow","max-snippet":"max-snippet:-1","max-image-preview":"max-image-preview:large","max-video-preview":"max-video-preview:-1"},"canonical":"https:\/\/futbolhoy.co\/index.php\/2026\/01\/23\/borja-se-pronuncio-y-explico-por-que-se-frustro-su-llegada-a-cruz-azul\/","og_locale":"es_ES","og_type":"article","og_title":"Borja explic\u00f3 por qu\u00e9 se frustr\u00f3 su llegada a Cruz Azul: fue anunciado en su nuevo equipo -","og_description":"Miguel \u00c1ngel Borja finalmente no lleg\u00f3 a Cruz Azul. Luego de varias semanas de conversaciones, y que incluso el jugador viajara a M\u00e9xico, su vinculaci\u00f3n a La M\u00e1quina no se dar\u00e1. En su cuenta de Instagram, el delantero agradeci\u00f3 a las directivas del club por su intenci\u00f3n. Del mismo modo, explic\u00f3 que no llegar\u00e1 a [&hellip;]","og_url":"https:\/\/futbolhoy.co\/index.php\/2026\/01\/23\/borja-se-pronuncio-y-explico-por-que-se-frustro-su-llegada-a-cruz-azul\/","article_publisher":"https:\/\/www.facebook.com\/FutbolHoyCol\/","article_published_time":"2026-01-23T18:30:38+00:00","article_modified_time":"2026-01-25T18:45:42+00:00","og_image":[{"width":2039,"height":1615,"url":"https:\/\/futbolhoy.co\/wp-content\/uploads\/2026\/01\/G_Xw2r8boAAmmpm.jpg","type":"image\/jpeg"}],"author":"contenido","twitter_card":"summary_large_image","twitter_creator":"@FutbolHoyCol","twitter_site":"@FutbolHoyCol","twitter_misc":{"Escrito por":"contenido","Tiempo de lectura":"1 minuto"},"schema":{"@context":"https:\/\/schema.org","@graph":[{"@type":"Article","@id":"https:\/\/futbolhoy.co\/index.php\/2026\/01\/23\/borja-se-pronuncio-y-explico-por-que-se-frustro-su-llegada-a-cruz-azul\/#article","isPartOf":{"@id":"https:\/\/futbolhoy.co\/index.php\/2026\/01\/23\/borja-se-pronuncio-y-explico-por-que-se-frustro-su-llegada-a-cruz-azul\/"},"author":{"name":"contenido","@id":"https:\/\/futbolhoy.co\/#\/schema\/person\/1721b69355b6623eaff15ac7b92d4cc3"},"headline":"Borja explic\u00f3 por qu\u00e9 se frustr\u00f3 su llegada a Cruz Azul: fue anunciado en su nuevo equipo","datePublished":"2026-01-23T18:30:38+00:00","dateModified":"2026-01-25T18:45:42+00:00","mainEntityOfPage":{"@id":"https:\/\/futbolhoy.co\/index.php\/2026\/01\/23\/borja-se-pronuncio-y-explico-por-que-se-frustro-su-llegada-a-cruz-azul\/"},"wordCount":248,"commentCount":0,"publisher":{"@id":"https:\/\/futbolhoy.co\/#organization"},"image":{"@id":"https:\/\/futbolhoy.co\/index.php\/2026\/01\/23\/borja-se-pronuncio-y-explico-por-que-se-frustro-su-llegada-a-cruz-azul\/#primaryimage"},"thumbnailUrl":"https:\/\/futbolhoy.co\/wp-content\/uploads\/2026\/01\/G_Xw2r8boAAmmpm.jpg","articleSection":["Mundo Futbol"],"inLanguage":"es","potentialAction":[{"@type":"CommentAction","name":"Comment","target":["https:\/\/futbolhoy.co\/index.php\/2026\/01\/23\/borja-se-pronuncio-y-explico-por-que-se-frustro-su-llegada-a-cruz-azul\/#respond"]}]},{"@type":"WebPage","@id":"https:\/\/futbolhoy.co\/index.php\/2026\/01\/23\/borja-se-pronuncio-y-explico-por-que-se-frustro-su-llegada-a-cruz-azul\/","url":"https:\/\/futbolhoy.co\/index.php\/2026\/01\/23\/borja-se-pronuncio-y-explico-por-que-se-frustro-su-llegada-a-cruz-azul\/","name":"Borja explic\u00f3 por qu\u00e9 se frustr\u00f3 su llegada a Cruz Azul: fue anunciado en su nuevo equipo -","isPartOf":{"@id":"https:\/\/futbolhoy.co\/#website"},"primaryImageOfPage":{"@id":"https:\/\/futbolhoy.co\/index.php\/2026\/01\/23\/borja-se-pronuncio-y-explico-por-que-se-frustro-su-llegada-a-cruz-azul\/#primaryimage"},"image":{"@id":"https:\/\/futbolhoy.co\/index.php\/2026\/01\/23\/borja-se-pronuncio-y-explico-por-que-se-frustro-su-llegada-a-cruz-azul\/#primaryimage"},"thumbnailUrl":"https:\/\/futbolhoy.co\/wp-content\/uploads\/2026\/01\/G_Xw2r8boAAmmpm.jpg","datePublished":"2026-01-23T18:30:38+00:00","dateModified":"2026-01-25T18:45:42+00:00","breadcrumb":{"@id":"https:\/\/futbolhoy.co\/index.php\/2026\/01\/23\/borja-se-pronuncio-y-explico-por-que-se-frustro-su-llegada-a-cruz-azul\/#breadcrumb"},"inLanguage":"es","potentialAction":[{"@type":"ReadAction","target":["https:\/\/futbolhoy.co\/index.php\/2026\/01\/23\/borja-se-pronuncio-y-explico-por-que-se-frustro-su-llegada-a-cruz-azul\/"]}]},{"@type":"ImageObject","inLanguage":"es","@id":"https:\/\/futbolhoy.co\/index.php\/2026\/01\/23\/borja-se-pronuncio-y-explico-por-que-se-frustro-su-llegada-a-cruz-azul\/#primaryimage","url":"https:\/\/futbolhoy.co\/wp-content\/uploads\/2026\/01\/G_Xw2r8boAAmmpm.jpg","contentUrl":"https:\/\/futbolhoy.co\/wp-content\/uploads\/2026\/01\/G_Xw2r8boAAmmpm.jpg","width":2039,"height":1615},{"@type":"BreadcrumbList","@id":"https:\/\/futbolhoy.co\/index.php\/2026\/01\/23\/borja-se-pronuncio-y-explico-por-que-se-frustro-su-llegada-a-cruz-azul\/#breadcrumb","itemListElement":[{"@type":"ListItem","position":1,"name":"Portada","item":"https:\/\/futbolhoy.co\/"},{"@type":"ListItem","position":2,"name":"Borja explic\u00f3 por qu\u00e9 se frustr\u00f3 su llegada a Cruz Azul: fue anunciado en su nuevo equipo"}]},{"@type":"WebSite","@id":"https:\/\/futbolhoy.co\/#website","url":"https:\/\/futbolhoy.co\/","name":"FutbolHoy","description":"","publisher":{"@id":"https:\/\/futbolhoy.co\/#organization"},"potentialAction":[{"@type":"SearchAction","target":{"@type":"EntryPoint","urlTemplate":"https:\/\/futbolhoy.co\/?s={search_term_string}"},"query-input":{"@type":"PropertyValueSpecification","valueRequired":true,"valueName":"search_term_string"}}],"inLanguage":"es"},{"@type":"Organization","@id":"https:\/\/futbolhoy.co\/#organization","name":"Futbolhoy.co","url":"https:\/\/futbolhoy.co\/","logo":{"@type":"ImageObject","inLanguage":"es","@id":"https:\/\/futbolhoy.co\/#\/schema\/logo\/image\/","url":"https:\/\/futbolhoy.co\/wp-content\/uploads\/2018\/08\/17426380_1906371736249227_6326180412931521141_n.jpg","contentUrl":"https:\/\/futbolhoy.co\/wp-content\/uploads\/2018\/08\/17426380_1906371736249227_6326180412931521141_n.jpg","width":960,"height":960,"caption":"Futbolhoy.co"},"image":{"@id":"https:\/\/futbolhoy.co\/#\/schema\/logo\/image\/"},"sameAs":["https:\/\/www.facebook.com\/FutbolHoyCol\/","https:\/\/x.com\/FutbolHoyCol","https:\/\/www.instagram.com\/futbolhoycol\/"]},{"@type":"Person","@id":"https:\/\/futbolhoy.co\/#\/schema\/person\/1721b69355b6623eaff15ac7b92d4cc3","name":"contenido","image":{"@type":"ImageObject","inLanguage":"es","@id":"https:\/\/futbolhoy.co\/#\/schema\/person\/image\/","url":"https:\/\/secure.gravatar.com\/avatar\/4f656d3256f5134f466206e7c3941518?s=96&d=mm&r=g","contentUrl":"https:\/\/secure.gravatar.com\/avatar\/4f656d3256f5134f466206e7c3941518?s=96&d=mm&r=g","caption":"contenido"}}]}},"publishpress_future_action":{"enabled":false,"date":"2026-05-03 05:07:32","action":"change-status","newStatus":"draft","terms":[],"taxonomy":"category","extraData":[]},"publishpress_future_workflow_manual_trigger":{"enabledWorkflows":[]},"_links":{"self":[{"href":"https:\/\/futbolhoy.co\/index.php\/wp-json\/wp\/v2\/posts\/128623","targetHints":{"allow":["GET"]}}],"collection":[{"href":"https:\/\/futbolhoy.co\/index.php\/wp-json\/wp\/v2\/posts"}],"about":[{"href":"https:\/\/futbolhoy.co\/index.php\/wp-json\/wp\/v2\/types\/post"}],"author":[{"embeddable":true,"href":"https:\/\/futbolhoy.co\/index.php\/wp-json\/wp\/v2\/users\/4"}],"replies":[{"embeddable":true,"href":"https:\/\/futbolhoy.co\/index.php\/wp-json\/wp\/v2\/comments?post=128623"}],"version-history":[{"count":4,"href":"https:\/\/futbolhoy.co\/index.php\/wp-json\/wp\/v2\/posts\/128623\/revisions"}],"predecessor-version":[{"id":128672,"href":"https:\/\/futbolhoy.co\/index.php\/wp-json\/wp\/v2\/posts\/128623\/revisions\/128672"}],"wp:featuredmedia":[{"embeddable":true,"href":"https:\/\/futbolhoy.co\/index.php\/wp-json\/wp\/v2\/media\/128626"}],"wp:attachment":[{"href":"https:\/\/futbolhoy.co\/index.php\/wp-json\/wp\/v2\/media?parent=128623"}],"wp:term":[{"taxonomy":"category","embeddable":true,"href":"https:\/\/futbolhoy.co\/index.php\/wp-json\/wp\/v2\/categories?post=128623"},{"taxonomy":"post_tag","embeddable":true,"href":"https:\/\/futbolhoy.co\/index.php\/wp-json\/wp\/v2\/tags?post=128623"}],"curies":[{"name":"wp","href":"https:\/\/api.w.org\/{rel}","templated":true}]}}